{"id":35477,"date":"2024-03-10T20:54:14","date_gmt":"2024-03-10T23:54:14","guid":{"rendered":"https:\/\/larevistadigital.com.ar\/blog\/?p=35477"},"modified":"2024-03-10T20:54:14","modified_gmt":"2024-03-10T23:54:14","slug":"conmocion-en-el-open-door-por-el-femicidio-de-una-joven-madre-con-cuatro-hijos","status":"publish","type":"post","link":"https:\/\/larevistadigital.com.ar\/blog\/conmocion-en-el-open-door-por-el-femicidio-de-una-joven-madre-con-cuatro-hijos\/","title":{"rendered":"CONMOCI\u00d3N EN EL OPEN DOOR POR EL FEMICIDIO DE UNA JOVEN MADRE CON CUATRO HIJOS"},"content":{"rendered":"<h2 class=\"fparrafo ctext fz18 lh25\">Este s\u00e1bado, entre las 4 y las 5 de la madrugada, la localidad de Open Door fue escenario de una tragedia que enluta a la comunidad. Natalia Galardo, de 33 a\u00f1os y madre de cuatro hijos de 7, 8, 12 y 14 a\u00f1os, fue v\u00edctima de un femicidio que deja a sus seres queridos y vecinos consternados.<\/h2>\n<p>10 de marzo de 2024<\/p>\n<p>El brutal hecho de sangre, ocurri\u00f3 en una humilde vivienda ubicada en las calles Buenos Aires y Echeverr\u00eda. <strong>Natalia<\/strong>, quien alquilaba desde hac\u00eda unos meses mientras constru\u00eda su propio hogar a pocas cuadras de distancia, muri\u00f3 asesinada como consecuencia de la violencia de g\u00e9nero.<\/p>\n<blockquote>\n<h3>Seg\u00fan da cuenta El Civismo, el presunto agresor, identificado como Gustavo y oriundo de Mercedes, manten\u00eda una relaci\u00f3n que era reciente y espor\u00e1dica con Natalia. Tras el crimen, se dio a la fuga y, en estos momentos, se encuentra en calidad de pr\u00f3fugo, evadiendo la justicia que busca esclarecer este lamentable episodio.<\/h3>\n<\/blockquote>\n<p>El m\u00f3vil del drama parece haber sido una discusi\u00f3n que escal\u00f3 hasta llegar a la violencia extrema. El femicida habr\u00eda golpeado a <strong>Natalia<\/strong> con pu\u00f1os y un elemento contundente, posiblemente un palo, para luego clavarle tres pu\u00f1aladas mortales: una en el cuello y dos en el t\u00f3rax.<\/p>\n<blockquote>\n<h3>El cuerpo de Natalia qued\u00f3 tendido en la vereda de pasto, empapado por la lluvia de la noche anterior. Fue su hijo de 14 a\u00f1os quien alert\u00f3 a la Polic\u00eda del crimen que hab\u00eda sufrido su madre.<\/h3>\n<\/blockquote>\n<p>Desde horas tempranas, lleg\u00f3 el comisario <strong>Martin Kifer<\/strong> y personal subalterno se hicieron presentes en lugar del hecho. El jefe policial se abstuvo de hacer declaraciones period\u00edsticas a EL CIVISMO, \u00fanico medio presente en el lugar. En tanto, la Comisar\u00eda Luj\u00e1n Tercera, en conjunto con la Fiscal\u00eda en turno, acordon\u00f3 el lugar para preservar la escena del crimen, hasta el arribo de la Polic\u00eda Cient\u00edfica.<\/p>\n<h3><span style=\"color: #ff0000\"><b>Testimonios<\/b><\/span><\/h3>\n<p>Una vecina de mitad de cuadra, propietaria de un peque\u00f1o almac\u00e9n en su vivienda, la recordaba como una buena mujer que, con el poco dinero que ten\u00eda, compraba lo justo y necesario para sus hijos.<\/p>\n<p>Su llegada a este sector de la localidad, limitado por las v\u00edas del ferrocarril San Mart\u00edn, era reciente. <strong><em>\u00abHac\u00eda un mes que estaba viviendo en esa casa, donde cada tanto hay problemas\u00bb<\/em><\/strong>, dijo la se\u00f1ora mientras miraba a distancia los movimientos de peritos y polic\u00edas.<\/p>\n<p><em><strong>\u00abNo se merec\u00eda esto\u00bb<\/strong><\/em>, expres\u00f3 un familiar en medio del estupor, marcando la injusticia y brutalidad de este femicidio. Es doloroso destacar que este horrendo acto tuvo lugar al d\u00eda siguiente de conmemorarse el 8M, el D\u00eda Internacional de la Mujer, subrayando la urgencia de erradicar la violencia de g\u00e9nero y proteger la vida de las mujeres en todas sus formas. (<b>InfoGEI<\/b>)Ac<\/p>\n","protected":false},"excerpt":{"rendered":"<div class=\"mh-excerpt\"><p>Este s\u00e1bado, entre las 4 y las 5 de la madrugada, la localidad de Open Door fue escenario de una tragedia que enluta a la comunidad. Natalia Galardo, de 33 a\u00f1os y madre de cuatro <a class=\"mh-excerpt-more\" href=\"https:\/\/larevistadigital.com.ar\/blog\/conmocion-en-el-open-door-por-el-femicidio-de-una-joven-madre-con-cuatro-hijos\/\" title=\"CONMOCI\u00d3N EN EL OPEN DOOR POR EL FEMICIDIO DE UNA JOVEN MADRE CON CUATRO HIJOS\">[Leer M\u00e1s]<\/a><\/p>\n<\/div>","protected":false},"author":3,"featured_media":35478,"comment_status":"open","ping_status":"open","sticky":false,"template":"","format":"standard","meta":{"_jetpack_memberships_contains_paid_content":false,"footnotes":"","jetpack_publicize_message":"","jetpack_publicize_feature_enabled":true,"jetpack_social_post_already_shared":true,"jetpack_social_options":{"image_generator_settings":{"template":"highway","default_image_id":0,"font":"","enabled":false},"version":2}},"categories":[44,51],"tags":[],"class_list":{"0":"post-35477","1":"post","2":"type-post","3":"status-publish","4":"format-standard","5":"has-post-thumbnail","7":"category-policiales","8":"category-regionales"},"jetpack_publicize_connections":[],"jetpack_featured_media_url":"https:\/\/i0.wp.com\/larevistadigital.com.ar\/blog\/wp-content\/uploads\/20240309154755_femicidio-open-door.jpg?fit=880%2C512&ssl=1","jetpack_sharing_enabled":true,"jetpack_shortlink":"https:\/\/wp.me\/p8qtrQ-9ed","jetpack-related-posts":[{"id":34459,"url":"https:\/\/larevistadigital.com.ar\/blog\/femicidio-en-daireaux-asesino-a-punaladas-a-la-madre-de-sus-hijos-y-se-entrego\/","url_meta":{"origin":35477,"position":0},"title":"FEMICIDIO EN DAIREAUX: ASESIN\u00d3 A PU\u00d1ALADAS A LA MADRE DE SUS HIJOS Y SE ENTREG\u00d3","author":"Alejandro Sosa Ruda","date":"8 noviembre, 2023","format":false,"excerpt":"El hecho fue descubierto cuando un hombre identificado como Juan Adriel (40) se present\u00f3 en la guardia de la Estaci\u00f3n Comunal de Polic\u00eda de Daireaux y confes\u00f3 que hab\u00eda asesinado a su expareja, con quien ten\u00eda cuatro hijos en com\u00fan de entre 1 y 9 a\u00f1os. 8 de Noviembre de\u2026","rel":"","context":"En \u00abPOLICIALES\u00bb","block_context":{"text":"POLICIALES","link":"https:\/\/larevistadigital.com.ar\/blog\/category\/policiales\/"},"img":{"alt_text":"","src":"https:\/\/i0.wp.com\/larevistadigital.com.ar\/blog\/wp-content\/uploads\/20231108144811_dero.jpg?fit=880%2C512&ssl=1&resize=350%2C200","width":350,"height":200,"srcset":"https:\/\/i0.wp.com\/larevistadigital.com.ar\/blog\/wp-content\/uploads\/20231108144811_dero.jpg?fit=880%2C512&ssl=1&resize=350%2C200 1x, https:\/\/i0.wp.com\/larevistadigital.com.ar\/blog\/wp-content\/uploads\/20231108144811_dero.jpg?fit=880%2C512&ssl=1&resize=525%2C300 1.5x, https:\/\/i0.wp.com\/larevistadigital.com.ar\/blog\/wp-content\/uploads\/20231108144811_dero.jpg?fit=880%2C512&ssl=1&resize=700%2C400 2x"},"classes":[]},{"id":33856,"url":"https:\/\/larevistadigital.com.ar\/blog\/la-plata-cayo-el-acusado-por-el-femicidio-de-cecilia-gongora\/","url_meta":{"origin":35477,"position":1},"title":"LA PLATA: CAY\u00d3 EL ACUSADO POR EL FEMICIDIO DE CECILIA G\u00d3NGORA","author":"Alejandro Sosa Ruda","date":"5 octubre, 2023","format":false,"excerpt":"Tras una persecuci\u00f3n, la Polic\u00eda atrap\u00f3 al hombre en un descampado. Es el principal y \u00fanico acusado de asesinar a la mujer frente a sus hijos en La Plata. 05 de octubre de 2023 En medio de los pedidos de justicia por el\u00a0femicidio\u00a0que sacude a\u00a0La Plata, efectivos de la DDI\u2026","rel":"","context":"En \u00abDESTACADAS\u00bb","block_context":{"text":"DESTACADAS","link":"https:\/\/larevistadigital.com.ar\/blog\/category\/destacadas\/"},"img":{"alt_text":"","src":"https:\/\/i0.wp.com\/larevistadigital.com.ar\/blog\/wp-content\/uploads\/Captura-de-pantalla-2023-10-05-191830.png?fit=875%2C495&ssl=1&resize=350%2C200","width":350,"height":200,"srcset":"https:\/\/i0.wp.com\/larevistadigital.com.ar\/blog\/wp-content\/uploads\/Captura-de-pantalla-2023-10-05-191830.png?fit=875%2C495&ssl=1&resize=350%2C200 1x, https:\/\/i0.wp.com\/larevistadigital.com.ar\/blog\/wp-content\/uploads\/Captura-de-pantalla-2023-10-05-191830.png?fit=875%2C495&ssl=1&resize=525%2C300 1.5x, https:\/\/i0.wp.com\/larevistadigital.com.ar\/blog\/wp-content\/uploads\/Captura-de-pantalla-2023-10-05-191830.png?fit=875%2C495&ssl=1&resize=700%2C400 2x"},"classes":[]},{"id":26744,"url":"https:\/\/larevistadigital.com.ar\/blog\/gral-alvarado-declaran-ciudadanos-no-gratos-a-policias-condenados-por-el-crimen-de-natalia-melmann\/","url_meta":{"origin":35477,"position":2},"title":"GRAL. ALVARADO: DECLARAN CIUDADANOS NO GRATOS A POLIC\u00cdAS CONDENADOS POR EL CR\u00cdMEN DE NATALIA MELMANN","author":"Alejandro Sosa Ruda","date":"20 julio, 2022","format":false,"excerpt":"La declaraci\u00f3n del Concejo Deliberante de General Alvarado fue impulsada por la Multisectorial de Mujeres y LGBTIQ+ zonal y un grupo de vecinos comprometidos con la causa. \u201cA pesar de que han pasado m\u00e1s de 20 a\u00f1os, la familia de Natalia Melmann y la comunidad deben salir a luchar para\u2026","rel":"","context":"En \u00abPOLICIALES\u00bb","block_context":{"text":"POLICIALES","link":"https:\/\/larevistadigital.com.ar\/blog\/category\/policiales\/"},"img":{"alt_text":"","src":"https:\/\/i0.wp.com\/larevistadigital.com.ar\/blog\/wp-content\/uploads\/20220719173153_declararon-ciudadanos-no-gratos-a-los-policias-condenados-por-el-femicidio-de-natalia-melmann.jpg?fit=880%2C512&ssl=1&resize=350%2C200","width":350,"height":200,"srcset":"https:\/\/i0.wp.com\/larevistadigital.com.ar\/blog\/wp-content\/uploads\/20220719173153_declararon-ciudadanos-no-gratos-a-los-policias-condenados-por-el-femicidio-de-natalia-melmann.jpg?fit=880%2C512&ssl=1&resize=350%2C200 1x, https:\/\/i0.wp.com\/larevistadigital.com.ar\/blog\/wp-content\/uploads\/20220719173153_declararon-ciudadanos-no-gratos-a-los-policias-condenados-por-el-femicidio-de-natalia-melmann.jpg?fit=880%2C512&ssl=1&resize=525%2C300 1.5x, https:\/\/i0.wp.com\/larevistadigital.com.ar\/blog\/wp-content\/uploads\/20220719173153_declararon-ciudadanos-no-gratos-a-los-policias-condenados-por-el-femicidio-de-natalia-melmann.jpg?fit=880%2C512&ssl=1&resize=700%2C400 2x"},"classes":[]},{"id":33836,"url":"https:\/\/larevistadigital.com.ar\/blog\/la-plata-asesinaron-a-una-mujer-de-varias-punaladas-buscan-al-marido\/","url_meta":{"origin":35477,"position":3},"title":"LA PLATA: ASESINARON A UNA MUJER DE VARIAS PU\u00d1ALADAS. BUSCAN AL MARIDO","author":"Alejandro Sosa Ruda","date":"5 octubre, 2023","format":false,"excerpt":"La v\u00edctima de este femicidio en La Plata ten\u00eda 34 a\u00f1os y recibi\u00f3 lesiones en distintas partes del cuerpo. 05 de Octubre de 2023 LA PLATA -\u00a0 Momentos de conmoci\u00f3n se viven por un nuevo femicidio en La Plata.\u00a0En las \u00faltimas horas encontraron a una mujer asesinada de varias pu\u00f1aladas\u2026","rel":"","context":"En \u00abDESTACADAS\u00bb","block_context":{"text":"DESTACADAS","link":"https:\/\/larevistadigital.com.ar\/blog\/category\/destacadas\/"},"img":{"alt_text":"","src":"https:\/\/i0.wp.com\/larevistadigital.com.ar\/blog\/wp-content\/uploads\/Captura-de-pantalla-2023-10-05-123057.png?fit=887%2C530&ssl=1&resize=350%2C200","width":350,"height":200,"srcset":"https:\/\/i0.wp.com\/larevistadigital.com.ar\/blog\/wp-content\/uploads\/Captura-de-pantalla-2023-10-05-123057.png?fit=887%2C530&ssl=1&resize=350%2C200 1x, https:\/\/i0.wp.com\/larevistadigital.com.ar\/blog\/wp-content\/uploads\/Captura-de-pantalla-2023-10-05-123057.png?fit=887%2C530&ssl=1&resize=525%2C300 1.5x, https:\/\/i0.wp.com\/larevistadigital.com.ar\/blog\/wp-content\/uploads\/Captura-de-pantalla-2023-10-05-123057.png?fit=887%2C530&ssl=1&resize=700%2C400 2x"},"classes":[]},{"id":29946,"url":"https:\/\/larevistadigital.com.ar\/blog\/rechazan-el-beneficio-de-la-libertad-condicional-a-dos-condenados-a-perpetua-por-el-caso-de-natalia-melmann\/","url_meta":{"origin":35477,"position":4},"title":"RECHAZAN EL BENEFICIO DE LA LIBERTAD CONDICIONAL A DOS CONDENADOS A PERPETUA POR EL CASO DE NATALIA MELMANN","author":"Alejandro Sosa Ruda","date":"2 febrero, 2023","format":false,"excerpt":"El fallo de la C\u00e1mara de Apelaciones marplatense recay\u00f3 sobre Oscar Echenique (61) y Ricardo Anselmini (53), culpables de secuestrar, torturar, abusar y asesinar a la menor en 2001. La decisi\u00f3n de la C\u00e1mara fue por mayor\u00eda dado que el juez Esteban Vi\u00f1as vot\u00f3 por otorgarle el beneficio a los\u2026","rel":"","context":"En \u00abINTERES GENERAL\u00bb","block_context":{"text":"INTERES GENERAL","link":"https:\/\/larevistadigital.com.ar\/blog\/category\/interes-general\/"},"img":{"alt_text":"","src":"https:\/\/i0.wp.com\/larevistadigital.com.ar\/blog\/wp-content\/uploads\/20230202165628_nata.jpg?fit=880%2C512&ssl=1&resize=350%2C200","width":350,"height":200,"srcset":"https:\/\/i0.wp.com\/larevistadigital.com.ar\/blog\/wp-content\/uploads\/20230202165628_nata.jpg?fit=880%2C512&ssl=1&resize=350%2C200 1x, https:\/\/i0.wp.com\/larevistadigital.com.ar\/blog\/wp-content\/uploads\/20230202165628_nata.jpg?fit=880%2C512&ssl=1&resize=525%2C300 1.5x, https:\/\/i0.wp.com\/larevistadigital.com.ar\/blog\/wp-content\/uploads\/20230202165628_nata.jpg?fit=880%2C512&ssl=1&resize=700%2C400 2x"},"classes":[]},{"id":11154,"url":"https:\/\/larevistadigital.com.ar\/blog\/terrible-persiguio-a-su-ex-mujer-con-el-auto-la-choco-se-bajo-y-la-mato-a-punaladas\/","url_meta":{"origin":35477,"position":5},"title":"TERRIBLE: PERSIGUI\u00d3 A SU EX MUJER CON EL AUTO, LA CHOC\u00d3, SE BAJ\u00d3 Y LA MAT\u00d3 A PU\u00d1ALADAS","author":"Alejandro Sosa Ruda","date":"9 julio, 2019","format":false,"excerpt":"El femicidio ocurri\u00f3 en Florencio Varela. El atacante intent\u00f3 suicidarse haci\u00e9ndose atropellar por un tren, pero sobrevivi\u00f3 y fue detenido. Una mujer de 42 a\u00f1os fue asesinada por su ex pareja quien la sorprendi\u00f3 con el novio, la persigui\u00f3 con el auto, la choc\u00f3, se baj\u00f3 y la atac\u00f3 a\u2026","rel":"","context":"En \u00abREGIONALES\u00bb","block_context":{"text":"REGIONALES","link":"https:\/\/larevistadigital.com.ar\/blog\/category\/regionales\/"},"img":{"alt_text":"","src":"https:\/\/i0.wp.com\/larevistadigital.com.ar\/blog\/wp-content\/uploads\/20190709_001653.jpg?fit=1080%2C596&ssl=1&resize=350%2C200","width":350,"height":200,"srcset":"https:\/\/i0.wp.com\/larevistadigital.com.ar\/blog\/wp-content\/uploads\/20190709_001653.jpg?fit=1080%2C596&ssl=1&resize=350%2C200 1x, https:\/\/i0.wp.com\/larevistadigital.com.ar\/blog\/wp-content\/uploads\/20190709_001653.jpg?fit=1080%2C596&ssl=1&resize=525%2C300 1.5x, https:\/\/i0.wp.com\/larevistadigital.com.ar\/blog\/wp-content\/uploads\/20190709_001653.jpg?fit=1080%2C596&ssl=1&resize=700%2C400 2x, https:\/\/i0.wp.com\/larevistadigital.com.ar\/blog\/wp-content\/uploads\/20190709_001653.jpg?fit=1080%2C596&ssl=1&resize=1050%2C600 3x"},"classes":[]}],"_links":{"self":[{"href":"https:\/\/larevistadigital.com.ar\/blog\/wp-json\/wp\/v2\/posts\/35477","targetHints":{"allow":["GET"]}}],"collection":[{"href":"https:\/\/larevistadigital.com.ar\/blog\/wp-json\/wp\/v2\/posts"}],"about":[{"href":"https:\/\/larevistadigital.com.ar\/blog\/wp-json\/wp\/v2\/types\/post"}],"author":[{"embeddable":true,"href":"https:\/\/larevistadigital.com.ar\/blog\/wp-json\/wp\/v2\/users\/3"}],"replies":[{"embeddable":true,"href":"https:\/\/larevistadigital.com.ar\/blog\/wp-json\/wp\/v2\/comments?post=35477"}],"version-history":[{"count":1,"href":"https:\/\/larevistadigital.com.ar\/blog\/wp-json\/wp\/v2\/posts\/35477\/revisions"}],"predecessor-version":[{"id":35479,"href":"https:\/\/larevistadigital.com.ar\/blog\/wp-json\/wp\/v2\/posts\/35477\/revisions\/35479"}],"wp:featuredmedia":[{"embeddable":true,"href":"https:\/\/larevistadigital.com.ar\/blog\/wp-json\/wp\/v2\/media\/35478"}],"wp:attachment":[{"href":"https:\/\/larevistadigital.com.ar\/blog\/wp-json\/wp\/v2\/media?parent=35477"}],"wp:term":[{"taxonomy":"category","embeddable":true,"href":"https:\/\/larevistadigital.com.ar\/blog\/wp-json\/wp\/v2\/categories?post=35477"},{"taxonomy":"post_tag","embeddable":true,"href":"https:\/\/larevistadigital.com.ar\/blog\/wp-json\/wp\/v2\/tags?post=35477"}],"curies":[{"name":"wp","href":"https:\/\/api.w.org\/{rel}","templated":true}]}}