{"id":35480,"date":"2024-03-10T21:07:34","date_gmt":"2024-03-11T00:07:34","guid":{"rendered":"https:\/\/larevistadigital.com.ar\/blog\/?p=35480"},"modified":"2024-03-10T21:07:34","modified_gmt":"2024-03-11T00:07:34","slug":"bahia-blanca-denuncian-un-nuevo-derrame-de-hidrocarburos","status":"publish","type":"post","link":"https:\/\/larevistadigital.com.ar\/blog\/bahia-blanca-denuncian-un-nuevo-derrame-de-hidrocarburos\/","title":{"rendered":"BAH\u00cdA BLANCA: DENUNCIAN UN NUEVO DERRAME DE HIDROCARBUROS."},"content":{"rendered":"<h2 class=\"fparrafo ctext fz18 lh25\">Desde fines del 2023 la Estaci\u00f3n de Rescate de Fauna Marina (ERFAM ) viene manifestando p\u00fablicamente su preocupaci\u00f3n por los reiterados derrames de hidrocarburos en el estuario de la bah\u00eda Blanca.<\/h2>\n<p>10 de marzo de 2024<\/p>\n<p><b>BAH\u00cdA BLANCA &#8211;\u00a0<\/b> La composici\u00f3n de im\u00e1genes satelitales elaboradas por el Observatorio de Sismicidad Inducida as\u00ed lo demuestran, al igual que las im\u00e1genes obtenidas en el terreno (ver foto).<\/p>\n<blockquote>\n<h3>Al igual que en el derrame del 14 de febrero, ni las autoridades militares responsables de la Base Naval, ni los propietarios de las empresas privadas que operan con estos elementos contaminantes dentro de la misma, salieron a dar explicaciones a la sociedad.<\/h3>\n<\/blockquote>\n<p>Dada la magnitud y reiteraci\u00f3n de los hechos, consideramos que son su obligaci\u00f3n hacerlo. En este sentido, nos llama poderosamente la atenci\u00f3n que nuevamente no fuera activado el Planacon.<\/p>\n<blockquote>\n<h3><em>\u201cEstos eventos siguen contribuyendo a empobrecer a\u00fan m\u00e1s la ya afectada funcionalidad del ecosistema del estuario de la bah\u00eda Blanca, su biodiversidad y la calidad de vida de todos los que habitamos su costa\u201d<\/em>, sostuvo Pablo Petracci, Director ERFAM.<\/h3>\n<\/blockquote>\n<p>Como diera cuenta InfoGEI el pasado 3 de enero, el jefe comunal de Bah\u00eda Blanca, <strong>Federico Susbielles<\/strong>, present\u00f3 una denuncia penal ante la Justicia Federal, junto con su par de Coronel Rosales, <strong>Rodrigo Aristimu\u00f1o<\/strong>, contra la empresa Oiltanking Ebytem S.A. Terminal Mar\u00edtima Puerto Rosales, responsable de la contaminaci\u00f3n con hidrocarburos de la r\u00eda.<\/p>\n<p>Seg\u00fan consigan el portal CafexMedio,<strong><em> \u201cEl estuario bahiense es un humedal \u00fanico, un vital reservorio de biodiversidad. El petr\u00f3leo derramado sobre el ecosistema local gener\u00f3 severos da\u00f1os. La justicia debe expedirse y delimitar responsabilidades acerca de la posible negligencia empresarial. El ambiente se protege\u201d<\/em><\/strong>, concluye el escrito publicado por el intendente de Uni\u00f3n por la Patria. (<b>InfoGEI<\/b>)Ac<\/p>\n","protected":false},"excerpt":{"rendered":"<div class=\"mh-excerpt\"><p>Desde fines del 2023 la Estaci\u00f3n de Rescate de Fauna Marina (ERFAM ) viene manifestando p\u00fablicamente su preocupaci\u00f3n por los reiterados derrames de hidrocarburos en el estuario de la bah\u00eda Blanca. 10 de marzo de <a class=\"mh-excerpt-more\" href=\"https:\/\/larevistadigital.com.ar\/blog\/bahia-blanca-denuncian-un-nuevo-derrame-de-hidrocarburos\/\" title=\"BAH\u00cdA BLANCA: DENUNCIAN UN NUEVO DERRAME DE HIDROCARBUROS.\">[Leer M\u00e1s]<\/a><\/p>\n<\/div>","protected":false},"author":3,"featured_media":35481,"comment_status":"open","ping_status":"open","sticky":false,"template":"","format":"standard","meta":{"_jetpack_memberships_contains_paid_content":false,"footnotes":"","jetpack_publicize_message":"","jetpack_publicize_feature_enabled":true,"jetpack_social_post_already_shared":true,"jetpack_social_options":{"image_generator_settings":{"template":"highway","default_image_id":0,"font":"","enabled":false},"version":2}},"categories":[51,29],"tags":[],"class_list":{"0":"post-35480","1":"post","2":"type-post","3":"status-publish","4":"format-standard","5":"has-post-thumbnail","7":"category-regionales","8":"category-sociedad"},"jetpack_publicize_connections":[],"jetpack_featured_media_url":"https:\/\/i0.wp.com\/larevistadigital.com.ar\/blog\/wp-content\/uploads\/20240309153850_cuarto-derrame-hidrocarburos-estuario-bahia-blanca.jpg?fit=880%2C512&ssl=1","jetpack_sharing_enabled":true,"jetpack_shortlink":"https:\/\/wp.me\/p8qtrQ-9eg","jetpack-related-posts":[{"id":34961,"url":"https:\/\/larevistadigital.com.ar\/blog\/bahia-blanca-sera-denunciada-una-empresa-por-derrame-de-petroleo-en-la-ria\/","url_meta":{"origin":35480,"position":0},"title":"BAH\u00cdA BLANCA: SER\u00c1 DENUNCIADA UNA EMPRESA POR DERRAME DE PETR\u00d3LEO EN LA R\u00cdA.","author":"Alejandro Sosa Ruda","date":"3 enero, 2024","format":false,"excerpt":"|La Municipalidad de Bah\u00eda Blanca denunciar\u00e1 a una empresa, que opera en Puerto Rosales, cercano a la localidad de Punta Alta, tras un derrame de petr\u00f3leo que ocurri\u00f3 el pasado 27 de diciembre en la r\u00eda local. 3 de enero de 2023 BAH\u00cdA BLANCA -\u00a0 \"Como es sabido, para todos\u2026","rel":"","context":"En \u00abREGIONALES\u00bb","block_context":{"text":"REGIONALES","link":"https:\/\/larevistadigital.com.ar\/blog\/category\/regionales\/"},"img":{"alt_text":"","src":"https:\/\/i0.wp.com\/larevistadigital.com.ar\/blog\/wp-content\/uploads\/20240103085547_derrame-petroleo-bahia-blanca-denuncia.jpg?fit=880%2C512&ssl=1&resize=350%2C200","width":350,"height":200,"srcset":"https:\/\/i0.wp.com\/larevistadigital.com.ar\/blog\/wp-content\/uploads\/20240103085547_derrame-petroleo-bahia-blanca-denuncia.jpg?fit=880%2C512&ssl=1&resize=350%2C200 1x, https:\/\/i0.wp.com\/larevistadigital.com.ar\/blog\/wp-content\/uploads\/20240103085547_derrame-petroleo-bahia-blanca-denuncia.jpg?fit=880%2C512&ssl=1&resize=525%2C300 1.5x, https:\/\/i0.wp.com\/larevistadigital.com.ar\/blog\/wp-content\/uploads\/20240103085547_derrame-petroleo-bahia-blanca-denuncia.jpg?fit=880%2C512&ssl=1&resize=700%2C400 2x"},"classes":[]},{"id":42595,"url":"https:\/\/larevistadigital.com.ar\/blog\/chascomus-accidente-en-alfonsin-y-bahia-blanca-entre-una-moto-y-una-camioneta\/","url_meta":{"origin":35480,"position":1},"title":"Chascom\u00fas: Accidente en Alfons\u00edn y Bah\u00eda Blanca entre una moto y una camioneta","author":"Alejandro Sosa Ruda","date":"24 noviembre, 2025","format":false,"excerpt":"Ocurri\u00f3 cerca de las 22 hs. Debi\u00f3 intervenir una ambulancia. 24 de Noviembre de 2025 CHASCOM\u00daS-\u00a0\u00a0Nos llegan imagenes de un accidente ocurrido ayer, en la intersecci\u00f3n de Av. Alfons\u00edn y Bah\u00eda Blanca entre una camioneta y una motocicleta. Intervino personal de Inspector\u00eda y lleg\u00f3 al lugar una ambulancia del Hospital\u2026","rel":"","context":"En \u00abINTERES GENERAL\u00bb","block_context":{"text":"INTERES GENERAL","link":"https:\/\/larevistadigital.com.ar\/blog\/category\/interes-general\/"},"img":{"alt_text":"","src":"https:\/\/i0.wp.com\/larevistadigital.com.ar\/blog\/wp-content\/uploads\/ACC-ALFONSIN-Y-B-BLANCA-scaled.jpg?fit=1200%2C978&ssl=1&resize=350%2C200","width":350,"height":200,"srcset":"https:\/\/i0.wp.com\/larevistadigital.com.ar\/blog\/wp-content\/uploads\/ACC-ALFONSIN-Y-B-BLANCA-scaled.jpg?fit=1200%2C978&ssl=1&resize=350%2C200 1x, https:\/\/i0.wp.com\/larevistadigital.com.ar\/blog\/wp-content\/uploads\/ACC-ALFONSIN-Y-B-BLANCA-scaled.jpg?fit=1200%2C978&ssl=1&resize=525%2C300 1.5x, https:\/\/i0.wp.com\/larevistadigital.com.ar\/blog\/wp-content\/uploads\/ACC-ALFONSIN-Y-B-BLANCA-scaled.jpg?fit=1200%2C978&ssl=1&resize=700%2C400 2x, https:\/\/i0.wp.com\/larevistadigital.com.ar\/blog\/wp-content\/uploads\/ACC-ALFONSIN-Y-B-BLANCA-scaled.jpg?fit=1200%2C978&ssl=1&resize=1050%2C600 3x"},"classes":[]},{"id":20451,"url":"https:\/\/larevistadigital.com.ar\/blog\/vuelan-un-local-de-la-campora-en-bahia-blanca\/","url_meta":{"origin":35480,"position":2},"title":"VUELAN UN LOCAL DE LA CAMPORA EN BAH\u00cdA BLANCA","author":"Alejandro Sosa Ruda","date":"25 mayo, 2021","format":false,"excerpt":"El hecho ocurri\u00f3 a las 3, en Bah\u00eda Blanca. Los atacantes dejaron amenazas contra militantes, periodistas, sindicalistas y jueces. No hubo heridos. BAH\u00cdA BLANCA - Un local de la agrupaci\u00f3n pol\u00edtica oficialista La C\u00e1mpora fue parcialmente destruido en la ciudad bonaerense de Bah\u00eda Blanca por medio de un artefacto explosivo\u2026","rel":"","context":"En \u00abINTERES GENERAL\u00bb","block_context":{"text":"INTERES GENERAL","link":"https:\/\/larevistadigital.com.ar\/blog\/category\/interes-general\/"},"img":{"alt_text":"","src":"https:\/\/i0.wp.com\/larevistadigital.com.ar\/blog\/wp-content\/uploads\/WhatsApp-Image-2021-05-25-at-12.01.35.jpeg?fit=675%2C1200&ssl=1&resize=350%2C200","width":350,"height":200,"srcset":"https:\/\/i0.wp.com\/larevistadigital.com.ar\/blog\/wp-content\/uploads\/WhatsApp-Image-2021-05-25-at-12.01.35.jpeg?fit=675%2C1200&ssl=1&resize=350%2C200 1x, https:\/\/i0.wp.com\/larevistadigital.com.ar\/blog\/wp-content\/uploads\/WhatsApp-Image-2021-05-25-at-12.01.35.jpeg?fit=675%2C1200&ssl=1&resize=525%2C300 1.5x"},"classes":[]},{"id":27878,"url":"https:\/\/larevistadigital.com.ar\/blog\/bahia-blanca-informan-que-no-se-estan-realizando-cargas-de-la-tarjeta-sube\/","url_meta":{"origin":35480,"position":3},"title":"BAH\u00cdA BLANCA: INFORMAN QUE NO SE EST\u00c1N REALIZANDO CARGAS DE LA TARJETA SUBE","author":"Alejandro Sosa Ruda","date":"19 septiembre, 2022","format":false,"excerpt":"Nos env\u00edan la informaci\u00f3n, ya que es de inter\u00e9s general para los bahienses. 19 de septiembre de 2022 Bah\u00eda Transporte SAPEM informa que a ra\u00edz de una ca\u00edda en el sistema de ARSAT, no se est\u00e1n realizando cargas en las tarjetas SUBE Recomiendan utilizar las aplicaciones de los Bancos Provincia\u2026","rel":"","context":"En \u00abSOCIEDAD\u00bb","block_context":{"text":"SOCIEDAD","link":"https:\/\/larevistadigital.com.ar\/blog\/category\/sociedad\/"},"img":{"alt_text":"","src":"https:\/\/i0.wp.com\/larevistadigital.com.ar\/blog\/wp-content\/uploads\/WhatsApp-Image-2022-09-19-at-14.13.59.jpeg?fit=720%2C463&ssl=1&resize=350%2C200","width":350,"height":200,"srcset":"https:\/\/i0.wp.com\/larevistadigital.com.ar\/blog\/wp-content\/uploads\/WhatsApp-Image-2022-09-19-at-14.13.59.jpeg?fit=720%2C463&ssl=1&resize=350%2C200 1x, https:\/\/i0.wp.com\/larevistadigital.com.ar\/blog\/wp-content\/uploads\/WhatsApp-Image-2022-09-19-at-14.13.59.jpeg?fit=720%2C463&ssl=1&resize=525%2C300 1.5x, https:\/\/i0.wp.com\/larevistadigital.com.ar\/blog\/wp-content\/uploads\/WhatsApp-Image-2022-09-19-at-14.13.59.jpeg?fit=720%2C463&ssl=1&resize=700%2C400 2x"},"classes":[]},{"id":41566,"url":"https:\/\/larevistadigital.com.ar\/blog\/bahia-blanca-un-hombre-fue-detenido-tras-agredir-a-su-expareja-y-amenazarla-con-un-hacha\/","url_meta":{"origin":35480,"position":4},"title":"Bah\u00eda Blanca: Un hombre fue detenido tras agredir a su expareja y amenazarla con un hacha","author":"Alejandro Sosa Ruda","date":"20 septiembre, 2025","format":false,"excerpt":"El episodio ocurri\u00f3 anoche en la zona de Herminia Abat al 3500; el agresor de 43 a\u00f1os fue arrestado luego de resistirse al procedimiento policial. 20 de Septiembre de 2025 BAH\u00cdA BLANCA -\u00a0 \u00a0Un violento episodio de violencia de g\u00e9nero ocurri\u00f3 anoche en la ciudad, cuando un hombre de 43\u2026","rel":"","context":"En \u00abPOLICIALES\u00bb","block_context":{"text":"POLICIALES","link":"https:\/\/larevistadigital.com.ar\/blog\/category\/policiales\/"},"img":{"alt_text":"","src":"https:\/\/i0.wp.com\/larevistadigital.com.ar\/blog\/wp-content\/uploads\/Polic%C3%ADa-Bonaerense-Patrulleros-3.jpg?fit=772%2C434&ssl=1&resize=350%2C200","width":350,"height":200,"srcset":"https:\/\/i0.wp.com\/larevistadigital.com.ar\/blog\/wp-content\/uploads\/Polic%C3%ADa-Bonaerense-Patrulleros-3.jpg?fit=772%2C434&ssl=1&resize=350%2C200 1x, https:\/\/i0.wp.com\/larevistadigital.com.ar\/blog\/wp-content\/uploads\/Polic%C3%ADa-Bonaerense-Patrulleros-3.jpg?fit=772%2C434&ssl=1&resize=525%2C300 1.5x, https:\/\/i0.wp.com\/larevistadigital.com.ar\/blog\/wp-content\/uploads\/Polic%C3%ADa-Bonaerense-Patrulleros-3.jpg?fit=772%2C434&ssl=1&resize=700%2C400 2x"},"classes":[]},{"id":29245,"url":"https:\/\/larevistadigital.com.ar\/blog\/bahia-blanca-investigan-si-el-autor-del-crimen-de-la-militar-tuvo-un-complice\/","url_meta":{"origin":35480,"position":5},"title":"BAH\u00cdA BLANCA: INVESTIGAN SI EL AUTOR DEL CRIMEN DE LA MILITAR TUVO UN C\u00d3MPLICE","author":"Alejandro Sosa Ruda","date":"4 diciembre, 2022","format":false,"excerpt":"Las investigaciones sobre el femicidio de Yoselie Agustina Herrera Nadal apuntan a determinar si hay otra persona involucrada que haya colaborado con Jorge Rojas, el detenido que admiti\u00f3 haberla asesinado. 4 de diciembre de 2022 BAH\u00cdA BLANCA -\u00a0 El fiscal que instruye la causa, Rodolfo De Luc\u00eda, se\u00f1al\u00f3: \u201chasta donde\u2026","rel":"","context":"En \u00abINTERES GENERAL\u00bb","block_context":{"text":"INTERES GENERAL","link":"https:\/\/larevistadigital.com.ar\/blog\/category\/interes-general\/"},"img":{"alt_text":"","src":"https:\/\/i0.wp.com\/larevistadigital.com.ar\/blog\/wp-content\/uploads\/20221203105328_crimen-militar-bahia.jpg?fit=880%2C512&ssl=1&resize=350%2C200","width":350,"height":200,"srcset":"https:\/\/i0.wp.com\/larevistadigital.com.ar\/blog\/wp-content\/uploads\/20221203105328_crimen-militar-bahia.jpg?fit=880%2C512&ssl=1&resize=350%2C200 1x, https:\/\/i0.wp.com\/larevistadigital.com.ar\/blog\/wp-content\/uploads\/20221203105328_crimen-militar-bahia.jpg?fit=880%2C512&ssl=1&resize=525%2C300 1.5x, https:\/\/i0.wp.com\/larevistadigital.com.ar\/blog\/wp-content\/uploads\/20221203105328_crimen-militar-bahia.jpg?fit=880%2C512&ssl=1&resize=700%2C400 2x"},"classes":[]}],"_links":{"self":[{"href":"https:\/\/larevistadigital.com.ar\/blog\/wp-json\/wp\/v2\/posts\/35480","targetHints":{"allow":["GET"]}}],"collection":[{"href":"https:\/\/larevistadigital.com.ar\/blog\/wp-json\/wp\/v2\/posts"}],"about":[{"href":"https:\/\/larevistadigital.com.ar\/blog\/wp-json\/wp\/v2\/types\/post"}],"author":[{"embeddable":true,"href":"https:\/\/larevistadigital.com.ar\/blog\/wp-json\/wp\/v2\/users\/3"}],"replies":[{"embeddable":true,"href":"https:\/\/larevistadigital.com.ar\/blog\/wp-json\/wp\/v2\/comments?post=35480"}],"version-history":[{"count":1,"href":"https:\/\/larevistadigital.com.ar\/blog\/wp-json\/wp\/v2\/posts\/35480\/revisions"}],"predecessor-version":[{"id":35482,"href":"https:\/\/larevistadigital.com.ar\/blog\/wp-json\/wp\/v2\/posts\/35480\/revisions\/35482"}],"wp:featuredmedia":[{"embeddable":true,"href":"https:\/\/larevistadigital.com.ar\/blog\/wp-json\/wp\/v2\/media\/35481"}],"wp:attachment":[{"href":"https:\/\/larevistadigital.com.ar\/blog\/wp-json\/wp\/v2\/media?parent=35480"}],"wp:term":[{"taxonomy":"category","embeddable":true,"href":"https:\/\/larevistadigital.com.ar\/blog\/wp-json\/wp\/v2\/categories?post=35480"},{"taxonomy":"post_tag","embeddable":true,"href":"https:\/\/larevistadigital.com.ar\/blog\/wp-json\/wp\/v2\/tags?post=35480"}],"curies":[{"name":"wp","href":"https:\/\/api.w.org\/{rel}","templated":true}]}}