{"id":35485,"date":"2024-03-10T21:40:45","date_gmt":"2024-03-11T00:40:45","guid":{"rendered":"https:\/\/larevistadigital.com.ar\/blog\/?p=35485"},"modified":"2024-03-10T21:44:55","modified_gmt":"2024-03-11T00:44:55","slug":"ruta-2-cuatro-heridos-en-un-fuerte-accidente","status":"publish","type":"post","link":"https:\/\/larevistadigital.com.ar\/blog\/ruta-2-cuatro-heridos-en-un-fuerte-accidente\/","title":{"rendered":"RUTA 2: CUATRO HERIDOS EN UN FUERTE ACCIDENTE"},"content":{"rendered":"<h2 class=\"nota__hero__summary\">El accidente ocurri\u00f3 a la altura del punte de Guerrero. Afortunadamente no se registraron v\u00edctimas fatales.<\/h2>\n<p><strong>CASTELLI &#8211;\u00a0\u00a0<\/strong>El terrible siniestro, ocurri\u00f3 entre las localidades de Castelli y Lezama, m\u00e1s espec\u00edficamente a la altura del kil\u00f3metro 156 de la ruta 2, en la zona del puente Guerrero, donde impactaron dos veh\u00edculos. En uno de ellos, viajaba una familia de San Mart\u00edn, y otro era conducido por un hombre oriundo de Tigre.<\/p>\n<blockquote><p>Por el impacto, los cuatro integrantes de la familia resultaron heridos,\u00a0<strong>\u200b\u200bdos de ellos de gravedad y debieron ser trasladados para su atenci\u00f3n m\u00e9dica al UPA trauma de Lezama.<\/strong><\/p><\/blockquote>\n<p>Trabajaron en el lugar ambulancias de AUBASA, de Lezama y Castelli, Polic\u00eda Vial y Bomberos Voluntarios, tambi\u00e9n de ambas localidades.<\/p>\n<p>fuente: entrel\u00edneas.info<\/p>\n","protected":false},"excerpt":{"rendered":"<div class=\"mh-excerpt\"><p>El accidente ocurri\u00f3 a la altura del punte de Guerrero. Afortunadamente no se registraron v\u00edctimas fatales. CASTELLI &#8211;\u00a0\u00a0El terrible siniestro, ocurri\u00f3 entre las localidades de Castelli y Lezama, m\u00e1s espec\u00edficamente a la altura del kil\u00f3metro <a class=\"mh-excerpt-more\" href=\"https:\/\/larevistadigital.com.ar\/blog\/ruta-2-cuatro-heridos-en-un-fuerte-accidente\/\" title=\"RUTA 2: CUATRO HERIDOS EN UN FUERTE ACCIDENTE\">[Leer M\u00e1s]<\/a><\/p>\n<\/div>","protected":false},"author":3,"featured_media":35486,"comment_status":"open","ping_status":"open","sticky":false,"template":"","format":"standard","meta":{"_jetpack_memberships_contains_paid_content":false,"footnotes":"","jetpack_publicize_message":"","jetpack_publicize_feature_enabled":true,"jetpack_social_post_already_shared":true,"jetpack_social_options":{"image_generator_settings":{"template":"highway","default_image_id":0,"font":"","enabled":false},"version":2}},"categories":[44,51],"tags":[],"class_list":{"0":"post-35485","1":"post","2":"type-post","3":"status-publish","4":"format-standard","5":"has-post-thumbnail","7":"category-policiales","8":"category-regionales"},"jetpack_publicize_connections":[],"jetpack_featured_media_url":"https:\/\/i0.wp.com\/larevistadigital.com.ar\/blog\/wp-content\/uploads\/Captura-de-pantalla-2024-03-10-211739.png?fit=1136%2C493&ssl=1","jetpack_sharing_enabled":true,"jetpack_shortlink":"https:\/\/wp.me\/p8qtrQ-9el","jetpack-related-posts":[{"id":19141,"url":"https:\/\/larevistadigital.com.ar\/blog\/ruta-2-accidente-a-la-altura-de-castelli-con-cinco-heridos\/","url_meta":{"origin":35485,"position":0},"title":"RUTA 2: ACCIDENTE A LA ALTURA DE CASTELLI CON CINCO HERIDOS","author":"Alejandro Sosa Ruda","date":"2 marzo, 2021","format":false,"excerpt":"El choque fue protagonizado por un cami\u00f3n y una camioneta. Los servicios de emergencia debieron asistir a los ocupantes de los veh\u00edculos. Un total de cinco personas resultaron heridas como consecuencia de un accidente de tr\u00e1nsito ocurrido en el kil\u00f3metro 193 de la Ruta 2, en jurisdicci\u00f3n del partido de\u2026","rel":"","context":"En \u00abINTERES GENERAL\u00bb","block_context":{"text":"INTERES GENERAL","link":"https:\/\/larevistadigital.com.ar\/blog\/category\/interes-general\/"},"img":{"alt_text":"","src":"https:\/\/i0.wp.com\/larevistadigital.com.ar\/blog\/wp-content\/uploads\/baddb3d915a1a844eab9dab86c67cb371d190bb7.jpg?fit=1140%2C699&ssl=1&resize=350%2C200","width":350,"height":200,"srcset":"https:\/\/i0.wp.com\/larevistadigital.com.ar\/blog\/wp-content\/uploads\/baddb3d915a1a844eab9dab86c67cb371d190bb7.jpg?fit=1140%2C699&ssl=1&resize=350%2C200 1x, https:\/\/i0.wp.com\/larevistadigital.com.ar\/blog\/wp-content\/uploads\/baddb3d915a1a844eab9dab86c67cb371d190bb7.jpg?fit=1140%2C699&ssl=1&resize=525%2C300 1.5x, https:\/\/i0.wp.com\/larevistadigital.com.ar\/blog\/wp-content\/uploads\/baddb3d915a1a844eab9dab86c67cb371d190bb7.jpg?fit=1140%2C699&ssl=1&resize=700%2C400 2x, https:\/\/i0.wp.com\/larevistadigital.com.ar\/blog\/wp-content\/uploads\/baddb3d915a1a844eab9dab86c67cb371d190bb7.jpg?fit=1140%2C699&ssl=1&resize=1050%2C600 3x"},"classes":[]},{"id":33761,"url":"https:\/\/larevistadigital.com.ar\/blog\/ruta-2-fuerte-choque-con-cinco-heridos-a-la-altura-de-castelli\/","url_meta":{"origin":35485,"position":1},"title":"RUTA 2: FUERTE CHOQUE CON CINCO HERIDOS A LA ALTURA DE CASTELLI","author":"Alejandro Sosa Ruda","date":"4 octubre, 2023","format":false,"excerpt":"Ocurri\u00f3 en la intersecci\u00f3n de las Ruta 2 y 41. Los detalles. 4 de Octubre de 2023 CASTELLI -\u00a0 Cinco personas resultaron heridas tras protagonizar un fuerte\u00a0accidente en la Ruta 2 en jurisdicci\u00f3n de Castelli, donde el autom\u00f3vil volc\u00f3. El accidente se registr\u00f3 esta ma\u00f1ana, m\u00e1s precisamente en\u00a0el cruce de\u2026","rel":"","context":"En \u00abREGIONALES\u00bb","block_context":{"text":"REGIONALES","link":"https:\/\/larevistadigital.com.ar\/blog\/category\/regionales\/"},"img":{"alt_text":"","src":"https:\/\/i0.wp.com\/larevistadigital.com.ar\/blog\/wp-content\/uploads\/927fa38fb060cc0b78bd858ed2d4aeb29da05ad9.jpg?fit=1140%2C855&ssl=1&resize=350%2C200","width":350,"height":200,"srcset":"https:\/\/i0.wp.com\/larevistadigital.com.ar\/blog\/wp-content\/uploads\/927fa38fb060cc0b78bd858ed2d4aeb29da05ad9.jpg?fit=1140%2C855&ssl=1&resize=350%2C200 1x, https:\/\/i0.wp.com\/larevistadigital.com.ar\/blog\/wp-content\/uploads\/927fa38fb060cc0b78bd858ed2d4aeb29da05ad9.jpg?fit=1140%2C855&ssl=1&resize=525%2C300 1.5x, https:\/\/i0.wp.com\/larevistadigital.com.ar\/blog\/wp-content\/uploads\/927fa38fb060cc0b78bd858ed2d4aeb29da05ad9.jpg?fit=1140%2C855&ssl=1&resize=700%2C400 2x, https:\/\/i0.wp.com\/larevistadigital.com.ar\/blog\/wp-content\/uploads\/927fa38fb060cc0b78bd858ed2d4aeb29da05ad9.jpg?fit=1140%2C855&ssl=1&resize=1050%2C600 3x"},"classes":[]},{"id":36065,"url":"https:\/\/larevistadigital.com.ar\/blog\/ruta-2-camion-volco-a-la-altura-de-castelli-hubo-seis-heridos\/","url_meta":{"origin":35485,"position":2},"title":"RUTA 2: CAMI\u00d3N VOLC\u00d3 A LA ALTURA DE CASTELLI. HUBO SEIS HERIDOS","author":"Alejandro Sosa Ruda","date":"18 mayo, 2024","format":false,"excerpt":"CASTELLI -\u00a0 \u00a0En las primeras horas de este viernes se produjo un accidente en la Ruta 2, a la altura del partido de\u00a0Castelli, que dej\u00f3 como saldo\u00a06 personas heridas, afortunadamente ninguna de gravedad. Ocurri\u00f3 cuando, por cuestiones que a\u00fan se tratan de establecer, el conductor de un cami\u00f3n que transportaba\u2026","rel":"","context":"En \u00abPOLICIALES\u00bb","block_context":{"text":"POLICIALES","link":"https:\/\/larevistadigital.com.ar\/blog\/category\/policiales\/"},"img":{"alt_text":"","src":"https:\/\/i0.wp.com\/larevistadigital.com.ar\/blog\/wp-content\/uploads\/d6c644c411a0407f97d8969aed8687aba153cefc.jpg?fit=1140%2C713&ssl=1&resize=350%2C200","width":350,"height":200,"srcset":"https:\/\/i0.wp.com\/larevistadigital.com.ar\/blog\/wp-content\/uploads\/d6c644c411a0407f97d8969aed8687aba153cefc.jpg?fit=1140%2C713&ssl=1&resize=350%2C200 1x, https:\/\/i0.wp.com\/larevistadigital.com.ar\/blog\/wp-content\/uploads\/d6c644c411a0407f97d8969aed8687aba153cefc.jpg?fit=1140%2C713&ssl=1&resize=525%2C300 1.5x, https:\/\/i0.wp.com\/larevistadigital.com.ar\/blog\/wp-content\/uploads\/d6c644c411a0407f97d8969aed8687aba153cefc.jpg?fit=1140%2C713&ssl=1&resize=700%2C400 2x, https:\/\/i0.wp.com\/larevistadigital.com.ar\/blog\/wp-content\/uploads\/d6c644c411a0407f97d8969aed8687aba153cefc.jpg?fit=1140%2C713&ssl=1&resize=1050%2C600 3x"},"classes":[]},{"id":37577,"url":"https:\/\/larevistadigital.com.ar\/blog\/tragedia-en-castelli-un-muerto-y-cuatro-heridos-tras-el-despiste-de-un-micro-en-la-ruta-2\/","url_meta":{"origin":35485,"position":3},"title":"Tragedia en Castelli: un muerto y cuatro heridos tras el despiste de un micro en la ruta 2","author":"Alejandro Sosa Ruda","date":"20 octubre, 2024","format":false,"excerpt":"Accidente fatal, se desconocen a\u00fan las causas que lo originaron. 20 de Octubre de 2024 CASTELLI -\u00a0 \u00a0En un fatal accidente un colectivo de la empresa PlataBus,\u00a0\u200bdespist\u00f3 a la altura del kil\u00f3metro 185 de la Autov\u00eda 2\u00a0en la mano hacia\u00a0 Mar del Plata.\u00a0 La causa del siniestro, habr\u00eda sido una\u2026","rel":"","context":"En \u00abCASTELLI\u00bb","block_context":{"text":"CASTELLI","link":"https:\/\/larevistadigital.com.ar\/blog\/category\/castelli\/"},"img":{"alt_text":"","src":"https:\/\/i0.wp.com\/larevistadigital.com.ar\/blog\/wp-content\/uploads\/fb6419854f90c4174408b94ad6806f38f4326539.jpg?fit=1140%2C630&ssl=1&resize=350%2C200","width":350,"height":200,"srcset":"https:\/\/i0.wp.com\/larevistadigital.com.ar\/blog\/wp-content\/uploads\/fb6419854f90c4174408b94ad6806f38f4326539.jpg?fit=1140%2C630&ssl=1&resize=350%2C200 1x, https:\/\/i0.wp.com\/larevistadigital.com.ar\/blog\/wp-content\/uploads\/fb6419854f90c4174408b94ad6806f38f4326539.jpg?fit=1140%2C630&ssl=1&resize=525%2C300 1.5x, https:\/\/i0.wp.com\/larevistadigital.com.ar\/blog\/wp-content\/uploads\/fb6419854f90c4174408b94ad6806f38f4326539.jpg?fit=1140%2C630&ssl=1&resize=700%2C400 2x, https:\/\/i0.wp.com\/larevistadigital.com.ar\/blog\/wp-content\/uploads\/fb6419854f90c4174408b94ad6806f38f4326539.jpg?fit=1140%2C630&ssl=1&resize=1050%2C600 3x"},"classes":[]},{"id":7417,"url":"https:\/\/larevistadigital.com.ar\/blog\/castelli-dos-ciclistas-heridos-por-choque-con-camioneta-en-la-ruta-2\/","url_meta":{"origin":35485,"position":4},"title":"CASTELLI: DOS CICLISTAS HERIDOS POR CHOQUE CON CAMIONETA EN LA RUTA 2","author":"Alejandro Sosa Ruda","date":"28 diciembre, 2018","format":false,"excerpt":"Dos ciclistas de Castelli resultaron con lesiones tras colisionar con una camioneta que estaba parada en la autov\u00eda 2 Seg\u00fan se supo y public\u00f3 en Castelli diario se trata de los pedalistas Carlos Brivio y Hugo Martinez, quienes a\u00a0 bordo de sus bicicletas, impactaron con una camioneta Ford Eco Sport\u2026","rel":"","context":"En \u00abCASTELLI\u00bb","block_context":{"text":"CASTELLI","link":"https:\/\/larevistadigital.com.ar\/blog\/category\/castelli\/"},"img":{"alt_text":"","src":"https:\/\/i0.wp.com\/larevistadigital.com.ar\/blog\/wp-content\/uploads\/2018\/12\/bici-1.jpg?fit=600%2C800&ssl=1&resize=350%2C200","width":350,"height":200,"srcset":"https:\/\/i0.wp.com\/larevistadigital.com.ar\/blog\/wp-content\/uploads\/2018\/12\/bici-1.jpg?fit=600%2C800&ssl=1&resize=350%2C200 1x, https:\/\/i0.wp.com\/larevistadigital.com.ar\/blog\/wp-content\/uploads\/2018\/12\/bici-1.jpg?fit=600%2C800&ssl=1&resize=525%2C300 1.5x"},"classes":[]},{"id":43057,"url":"https:\/\/larevistadigital.com.ar\/blog\/lezama-accidente-fatal-con-un-muerto-y-dos-heridos\/","url_meta":{"origin":35485,"position":5},"title":"Lezama: Accidente fatal con un muerto y dos heridos","author":"Alejandro Sosa Ruda","date":"30 diciembre, 2025","format":false,"excerpt":"Ocurri\u00f3 anoche, donde un auto volc\u00f3 con violencia en jurisdicci\u00f3n del partido de Lezama. 30 De diciembre de 2025 LEZAMA -\u00a0 \u00a0Un grave y tr\u00e1gico accidente de tr\u00e1nsito se registr\u00f3 en las \u00faltimas horas de la v\u00edspera sobre la Ruta 2, a la altura del kil\u00f3metro 143, en el carril\u2026","rel":"","context":"En \u00abLEZAMA\u00bb","block_context":{"text":"LEZAMA","link":"https:\/\/larevistadigital.com.ar\/blog\/category\/lezama\/"},"img":{"alt_text":"","src":"https:\/\/i0.wp.com\/larevistadigital.com.ar\/blog\/wp-content\/uploads\/AMBULANCIA-SAME-.jpg?fit=1200%2C800&ssl=1&resize=350%2C200","width":350,"height":200,"srcset":"https:\/\/i0.wp.com\/larevistadigital.com.ar\/blog\/wp-content\/uploads\/AMBULANCIA-SAME-.jpg?fit=1200%2C800&ssl=1&resize=350%2C200 1x, https:\/\/i0.wp.com\/larevistadigital.com.ar\/blog\/wp-content\/uploads\/AMBULANCIA-SAME-.jpg?fit=1200%2C800&ssl=1&resize=525%2C300 1.5x, https:\/\/i0.wp.com\/larevistadigital.com.ar\/blog\/wp-content\/uploads\/AMBULANCIA-SAME-.jpg?fit=1200%2C800&ssl=1&resize=700%2C400 2x, https:\/\/i0.wp.com\/larevistadigital.com.ar\/blog\/wp-content\/uploads\/AMBULANCIA-SAME-.jpg?fit=1200%2C800&ssl=1&resize=1050%2C600 3x"},"classes":[]}],"_links":{"self":[{"href":"https:\/\/larevistadigital.com.ar\/blog\/wp-json\/wp\/v2\/posts\/35485","targetHints":{"allow":["GET"]}}],"collection":[{"href":"https:\/\/larevistadigital.com.ar\/blog\/wp-json\/wp\/v2\/posts"}],"about":[{"href":"https:\/\/larevistadigital.com.ar\/blog\/wp-json\/wp\/v2\/types\/post"}],"author":[{"embeddable":true,"href":"https:\/\/larevistadigital.com.ar\/blog\/wp-json\/wp\/v2\/users\/3"}],"replies":[{"embeddable":true,"href":"https:\/\/larevistadigital.com.ar\/blog\/wp-json\/wp\/v2\/comments?post=35485"}],"version-history":[{"count":2,"href":"https:\/\/larevistadigital.com.ar\/blog\/wp-json\/wp\/v2\/posts\/35485\/revisions"}],"predecessor-version":[{"id":35488,"href":"https:\/\/larevistadigital.com.ar\/blog\/wp-json\/wp\/v2\/posts\/35485\/revisions\/35488"}],"wp:featuredmedia":[{"embeddable":true,"href":"https:\/\/larevistadigital.com.ar\/blog\/wp-json\/wp\/v2\/media\/35486"}],"wp:attachment":[{"href":"https:\/\/larevistadigital.com.ar\/blog\/wp-json\/wp\/v2\/media?parent=35485"}],"wp:term":[{"taxonomy":"category","embeddable":true,"href":"https:\/\/larevistadigital.com.ar\/blog\/wp-json\/wp\/v2\/categories?post=35485"},{"taxonomy":"post_tag","embeddable":true,"href":"https:\/\/larevistadigital.com.ar\/blog\/wp-json\/wp\/v2\/tags?post=35485"}],"curies":[{"name":"wp","href":"https:\/\/api.w.org\/{rel}","templated":true}]}}