{"id":35534,"date":"2024-03-13T09:33:46","date_gmt":"2024-03-13T12:33:46","guid":{"rendered":"https:\/\/larevistadigital.com.ar\/blog\/?p=35534"},"modified":"2024-03-13T09:33:46","modified_gmt":"2024-03-13T12:33:46","slug":"el-lunes-se-presentaran-los-nuevos-lineamientos-de-politicas-comunitarias","status":"publish","type":"post","link":"https:\/\/larevistadigital.com.ar\/blog\/el-lunes-se-presentaran-los-nuevos-lineamientos-de-politicas-comunitarias\/","title":{"rendered":"EL LUNES SE PRESENTAR\u00c1N LOS NUEVOS LINEAMIENTOS DE POL\u00cdTICAS COMUNITARIAS"},"content":{"rendered":"<h2 class=\"notaIntro\"><em>Ser\u00e1 a trav\u00e9s de una charla abierta a toda la comunidad, que se realizar\u00e1 en el SUM del barrio San Luis, a partir de las 9,30 horas.<\/em><\/h2>\n<p>13 de marzo de 2024<\/p>\n<p class=\"notaTexto\"><strong>CHASCOM\u00daS &#8211;\u00a0<\/strong> Se trata de una reuni\u00f3n donde se presentar\u00e1 el \u00e1rea de Pol\u00edticas Comunitarias y brindar\u00e1 informaci\u00f3n acerca de la nueva modalidad de atenci\u00f3n, la localizaci\u00f3n de las Unidades Descentralizadas de Atenci\u00f3n (UDA) en territorio, los servicios y programas que se trabajan desde la Direcci\u00f3n.<\/p>\n<p class=\"notaTexto\">Desde la direcci\u00f3n de Pol\u00edticas Sociales, convocan tambi\u00e9n a la participaci\u00f3n de las instituciones que intervienen en el campo social: <strong><em>\u201cCreemos que la participaci\u00f3n de organizaciones que se encuentran en la comunidad es important\u00edsima, para conocer los recursos y trabajar articuladamente\u201d<\/em><\/strong>, mencion\u00f3 la directora de Pol\u00edticas Sociales, <strong>Romina Fontana<\/strong>.<\/p>\n<p class=\"notaTexto\">Por su parte, la secretaria de Desarrollo Social, <strong>Yanina Gazzaniga<\/strong>, explic\u00f3 que <strong><em>\u201cel objetivo de esta charla es que la comunidad, las organizaciones y el Estado se conozcan y trabajen articuladamente, para garantizar el acceso a los recursos de manera eficiente\u201d.<\/em><\/strong><\/p>\n","protected":false},"excerpt":{"rendered":"<div class=\"mh-excerpt\"><p>Ser\u00e1 a trav\u00e9s de una charla abierta a toda la comunidad, que se realizar\u00e1 en el SUM del barrio San Luis, a partir de las 9,30 horas. 13 de marzo de 2024 CHASCOM\u00daS &#8211;\u00a0 Se <a class=\"mh-excerpt-more\" href=\"https:\/\/larevistadigital.com.ar\/blog\/el-lunes-se-presentaran-los-nuevos-lineamientos-de-politicas-comunitarias\/\" title=\"EL LUNES SE PRESENTAR\u00c1N LOS NUEVOS LINEAMIENTOS DE POL\u00cdTICAS COMUNITARIAS\">[Leer M\u00e1s]<\/a><\/p>\n<\/div>","protected":false},"author":3,"featured_media":35535,"comment_status":"open","ping_status":"open","sticky":false,"template":"","format":"standard","meta":{"_jetpack_memberships_contains_paid_content":false,"footnotes":"","jetpack_publicize_message":"","jetpack_publicize_feature_enabled":true,"jetpack_social_post_already_shared":true,"jetpack_social_options":{"image_generator_settings":{"template":"highway","default_image_id":0,"font":"","enabled":false},"version":2}},"categories":[50,23],"tags":[],"class_list":{"0":"post-35534","1":"post","2":"type-post","3":"status-publish","4":"format-standard","5":"has-post-thumbnail","7":"category-interes-general","8":"category-politica-local"},"jetpack_publicize_connections":[],"jetpack_featured_media_url":"https:\/\/i0.wp.com\/larevistadigital.com.ar\/blog\/wp-content\/uploads\/DESARROLLO-SOCIAL-1.jpg?fit=700%2C468&ssl=1","jetpack_sharing_enabled":true,"jetpack_shortlink":"https:\/\/wp.me\/p8qtrQ-9f8","jetpack-related-posts":[{"id":36650,"url":"https:\/\/larevistadigital.com.ar\/blog\/chascomus-las-unidades-descentralizadas-de-atencion-para-dar-respuesta-a-la-creciente-demanda-social\/","url_meta":{"origin":35534,"position":0},"title":"CHASCOM\u00daS: LAS UNIDADES DESCENTRALIZADAS DE ATENCI\u00d3N PARA DAR RESPUESTA A LA CRECIENTE DEMANDA SOCIAL","author":"Alejandro Sosa Ruda","date":"12 julio, 2024","format":false,"excerpt":"Estas unidades estar\u00e1n ubicadas en sedes barriales y espacios comunitarios, donde el equipo de trabajadores sociales de la Direcci\u00f3n de Pol\u00edticas Comunitarias brindar\u00e1 atenci\u00f3n directa a los vecinos. 10 de Julio de 2024 CHASCOM\u00daS -\u00a0 La Secretar\u00eda de Desarrollo Social brinda el acompa\u00f1amiento a las familias de las distintas comunidades\u2026","rel":"","context":"En \u00abCHASCOM\u00daS\u00bb","block_context":{"text":"CHASCOM\u00daS","link":"https:\/\/larevistadigital.com.ar\/blog\/category\/chascomus\/"},"img":{"alt_text":"","src":"https:\/\/i0.wp.com\/larevistadigital.com.ar\/blog\/wp-content\/uploads\/2024_07_12_01_09_16_9673909.jpg?fit=600%2C401&ssl=1&resize=350%2C200","width":350,"height":200,"srcset":"https:\/\/i0.wp.com\/larevistadigital.com.ar\/blog\/wp-content\/uploads\/2024_07_12_01_09_16_9673909.jpg?fit=600%2C401&ssl=1&resize=350%2C200 1x, https:\/\/i0.wp.com\/larevistadigital.com.ar\/blog\/wp-content\/uploads\/2024_07_12_01_09_16_9673909.jpg?fit=600%2C401&ssl=1&resize=525%2C300 1.5x"},"classes":[]},{"id":25383,"url":"https:\/\/larevistadigital.com.ar\/blog\/provincia-de-buenos-aires-aumentan-60-el-valor-de-los-programas-sociales\/","url_meta":{"origin":35534,"position":1},"title":"PROVINCIA DE BUENOS AIRES: AUMENTAN 60% EL VALOR DE LOS PROGRAMAS SOCIALES","author":"Alejandro Sosa Ruda","date":"24 mayo, 2022","format":false,"excerpt":"El gobernador de la provincia de Buenos Aires, Axel Kicillof, y el ministro de Desarrollo de la Comunidad, Andr\u00e9s Larroque, anunciaron este lunes aumentos del 60% en programas sociales que est\u00e1n bajo la \u00f3rbita del Ministerio de Desarrollo de la Comunidad. Listado completo de Programas alcanzados por el aumento. El\u2026","rel":"","context":"En \u00abPOLITICA PROVINCIAL\u00bb","block_context":{"text":"POLITICA PROVINCIAL","link":"https:\/\/larevistadigital.com.ar\/blog\/category\/politica\/politica-provincial\/"},"img":{"alt_text":"","src":"https:\/\/i0.wp.com\/larevistadigital.com.ar\/blog\/wp-content\/uploads\/20220523174122_kicillof-larroque-aumento-prestaciones.jpg?fit=880%2C512&ssl=1&resize=350%2C200","width":350,"height":200,"srcset":"https:\/\/i0.wp.com\/larevistadigital.com.ar\/blog\/wp-content\/uploads\/20220523174122_kicillof-larroque-aumento-prestaciones.jpg?fit=880%2C512&ssl=1&resize=350%2C200 1x, https:\/\/i0.wp.com\/larevistadigital.com.ar\/blog\/wp-content\/uploads\/20220523174122_kicillof-larroque-aumento-prestaciones.jpg?fit=880%2C512&ssl=1&resize=525%2C300 1.5x, https:\/\/i0.wp.com\/larevistadigital.com.ar\/blog\/wp-content\/uploads\/20220523174122_kicillof-larroque-aumento-prestaciones.jpg?fit=880%2C512&ssl=1&resize=700%2C400 2x"},"classes":[]},{"id":37042,"url":"https:\/\/larevistadigital.com.ar\/blog\/chascomus-en-el-barrio-ipora-se-inscribira-en-el-registro-de-acceso-a-los-subsidios-de-energia\/","url_meta":{"origin":35534,"position":2},"title":"CHASCOM\u00daS: EN EL BARRIO IPOR\u00c1 SE INSCRIBIR\u00c1 EN EL REGISTRO DE ACCESO A LOS SUBSIDIOS DE ENERG\u00cdA","author":"Alejandro Sosa Ruda","date":"23 agosto, 2024","format":false,"excerpt":"Este s\u00e1bado de 9 a 12 horas, el equipo de Pol\u00edticas Comunitarias municipal realizar\u00e1 un operativo especial en el SUM barrial, ubicado en Sargento Cabral y Per\u00fa. 23 de Agosto de 2024 CHASCOM\u00daS -\u00a0 Este s\u00e1bado de 9 a 12 horas, el equipo de Pol\u00edticas Comunitarias municipal realizar\u00e1 un operativo\u2026","rel":"","context":"En \u00abCHASCOM\u00daS\u00bb","block_context":{"text":"CHASCOM\u00daS","link":"https:\/\/larevistadigital.com.ar\/blog\/category\/chascomus\/"},"img":{"alt_text":"","src":"https:\/\/i0.wp.com\/larevistadigital.com.ar\/blog\/wp-content\/uploads\/66c8c102be257.png?fit=668%2C445&ssl=1&resize=350%2C200","width":350,"height":200,"srcset":"https:\/\/i0.wp.com\/larevistadigital.com.ar\/blog\/wp-content\/uploads\/66c8c102be257.png?fit=668%2C445&ssl=1&resize=350%2C200 1x, https:\/\/i0.wp.com\/larevistadigital.com.ar\/blog\/wp-content\/uploads\/66c8c102be257.png?fit=668%2C445&ssl=1&resize=525%2C300 1.5x"},"classes":[]},{"id":37581,"url":"https:\/\/larevistadigital.com.ar\/blog\/taller-de-digitalizacion-para-personas-mayores\/","url_meta":{"origin":35534,"position":3},"title":"Taller de digitalizaci\u00f3n para personas mayores","author":"Alejandro Sosa Ruda","date":"23 octubre, 2024","format":false,"excerpt":"Una excelente oportunidad para aprender sobre las redes sociales y aplicaciones digitales, que se realizar\u00e1 en el barrio San Luis 23 de octubre de 2024 CHASCOM\u00daS\u00a0 -\u00a0 Este lunes 28 de octubre, a las 10 horas, comienza el Taller de Digitalizaci\u00f3n, en el SUM del barrio San Luis, y se\u2026","rel":"","context":"En \u00abCHASCOM\u00daS\u00bb","block_context":{"text":"CHASCOM\u00daS","link":"https:\/\/larevistadigital.com.ar\/blog\/category\/chascomus\/"},"img":{"alt_text":"","src":"https:\/\/i0.wp.com\/larevistadigital.com.ar\/blog\/wp-content\/uploads\/taller-de-digitalizacion.png?fit=668%2C445&ssl=1&resize=350%2C200","width":350,"height":200,"srcset":"https:\/\/i0.wp.com\/larevistadigital.com.ar\/blog\/wp-content\/uploads\/taller-de-digitalizacion.png?fit=668%2C445&ssl=1&resize=350%2C200 1x, https:\/\/i0.wp.com\/larevistadigital.com.ar\/blog\/wp-content\/uploads\/taller-de-digitalizacion.png?fit=668%2C445&ssl=1&resize=525%2C300 1.5x"},"classes":[]},{"id":41421,"url":"https:\/\/larevistadigital.com.ar\/blog\/la-municipalidad-de-chascomus-refuerza-el-cuidado-integral-de-embarazadas-y-bebes\/","url_meta":{"origin":35534,"position":4},"title":"La Municipalidad de Chascom\u00fas refuerza el cuidado integral de embarazadas y beb\u00e9s","author":"Alejandro Sosa Ruda","date":"12 septiembre, 2025","format":false,"excerpt":"A trav\u00e9s del programa \u201cCuidar Junt@s\u201d se har\u00e1n controles m\u00e9dicos y se entregar\u00e1n refuerzos nutricionales, sin turno previo, en los CAPS barriales. 12 de septiembre de 20254 CHASCOM\u00daS -\u00a0 \u00a0Este viernes se llev\u00f3 a cabo una reuni\u00f3n destinada a coordinar las acciones del programa municipal \u201cCuidar Junt@s\u201d, que promueve el\u2026","rel":"","context":"En \u00abCHASCOM\u00daS\u00bb","block_context":{"text":"CHASCOM\u00daS","link":"https:\/\/larevistadigital.com.ar\/blog\/category\/chascomus\/"},"img":{"alt_text":"","src":"https:\/\/i0.wp.com\/larevistadigital.com.ar\/blog\/wp-content\/uploads\/68c451feb467a.png?fit=668%2C445&ssl=1&resize=350%2C200","width":350,"height":200,"srcset":"https:\/\/i0.wp.com\/larevistadigital.com.ar\/blog\/wp-content\/uploads\/68c451feb467a.png?fit=668%2C445&ssl=1&resize=350%2C200 1x, https:\/\/i0.wp.com\/larevistadigital.com.ar\/blog\/wp-content\/uploads\/68c451feb467a.png?fit=668%2C445&ssl=1&resize=525%2C300 1.5x"},"classes":[]},{"id":43136,"url":"https:\/\/larevistadigital.com.ar\/blog\/chascomus-el-area-de-politicas-de-genero-municipal-realizo-mas-de-1300-intervenciones-durante-el-2025\/","url_meta":{"origin":35534,"position":5},"title":"Chascom\u00fas: El \u00e1rea de Pol\u00edticas de G\u00e9nero Municipal realiz\u00f3 m\u00e1s de 1300 intervenciones durante el 2025","author":"Alejandro Sosa Ruda","date":"5 enero, 2026","format":false,"excerpt":"Este espacio aborda las situaciones de violencia por razones de g\u00e9nero y familiar, brindando acompa\u00f1amiento psicol\u00f3gico, social y\/o asesoramiento legal, a trav\u00e9s de un equipo interdisciplinario. 05 de enero de 2026 CHASCOM\u00daS -\u00a0 \u00a0La Municipalidad de Chascom\u00fas ofrece acompa\u00f1amiento a personas que se encuentran en situaci\u00f3n de violencia, a trav\u00e9s\u2026","rel":"","context":"En \u00abCHASCOM\u00daS\u00bb","block_context":{"text":"CHASCOM\u00daS","link":"https:\/\/larevistadigital.com.ar\/blog\/category\/chascomus\/"},"img":{"alt_text":"","src":"https:\/\/i0.wp.com\/larevistadigital.com.ar\/blog\/wp-content\/uploads\/695bf01532e2e.png?fit=668%2C445&ssl=1&resize=350%2C200","width":350,"height":200,"srcset":"https:\/\/i0.wp.com\/larevistadigital.com.ar\/blog\/wp-content\/uploads\/695bf01532e2e.png?fit=668%2C445&ssl=1&resize=350%2C200 1x, https:\/\/i0.wp.com\/larevistadigital.com.ar\/blog\/wp-content\/uploads\/695bf01532e2e.png?fit=668%2C445&ssl=1&resize=525%2C300 1.5x"},"classes":[]}],"_links":{"self":[{"href":"https:\/\/larevistadigital.com.ar\/blog\/wp-json\/wp\/v2\/posts\/35534","targetHints":{"allow":["GET"]}}],"collection":[{"href":"https:\/\/larevistadigital.com.ar\/blog\/wp-json\/wp\/v2\/posts"}],"about":[{"href":"https:\/\/larevistadigital.com.ar\/blog\/wp-json\/wp\/v2\/types\/post"}],"author":[{"embeddable":true,"href":"https:\/\/larevistadigital.com.ar\/blog\/wp-json\/wp\/v2\/users\/3"}],"replies":[{"embeddable":true,"href":"https:\/\/larevistadigital.com.ar\/blog\/wp-json\/wp\/v2\/comments?post=35534"}],"version-history":[{"count":1,"href":"https:\/\/larevistadigital.com.ar\/blog\/wp-json\/wp\/v2\/posts\/35534\/revisions"}],"predecessor-version":[{"id":35536,"href":"https:\/\/larevistadigital.com.ar\/blog\/wp-json\/wp\/v2\/posts\/35534\/revisions\/35536"}],"wp:featuredmedia":[{"embeddable":true,"href":"https:\/\/larevistadigital.com.ar\/blog\/wp-json\/wp\/v2\/media\/35535"}],"wp:attachment":[{"href":"https:\/\/larevistadigital.com.ar\/blog\/wp-json\/wp\/v2\/media?parent=35534"}],"wp:term":[{"taxonomy":"category","embeddable":true,"href":"https:\/\/larevistadigital.com.ar\/blog\/wp-json\/wp\/v2\/categories?post=35534"},{"taxonomy":"post_tag","embeddable":true,"href":"https:\/\/larevistadigital.com.ar\/blog\/wp-json\/wp\/v2\/tags?post=35534"}],"curies":[{"name":"wp","href":"https:\/\/api.w.org\/{rel}","templated":true}]}}