{"id":35540,"date":"2024-03-14T08:42:47","date_gmt":"2024-03-14T11:42:47","guid":{"rendered":"https:\/\/larevistadigital.com.ar\/blog\/?p=35540"},"modified":"2024-03-14T08:42:47","modified_gmt":"2024-03-14T11:42:47","slug":"chascomus-detienen-a-dos-sujetos-que-dispararon-contra-un-delibery-e-impactaron-contra-un-automovil-en-el-que-se-movilizaban-una-mama-con-sus-hijas-que-afortunadamente-resultaron-ilesas","status":"publish","type":"post","link":"https:\/\/larevistadigital.com.ar\/blog\/chascomus-detienen-a-dos-sujetos-que-dispararon-contra-un-delibery-e-impactaron-contra-un-automovil-en-el-que-se-movilizaban-una-mama-con-sus-hijas-que-afortunadamente-resultaron-ilesas\/","title":{"rendered":"CHASCOM\u00daS: DETIENEN A DOS SUJETOS QUE DISPARARON CONTRA UN DELIBERY E IMPACTARON CONTRA UN AUTOM\u00d3VIL, EN EL QUE SE MOVILIZABAN UNA MAM\u00c1 CON SUS HIJAS, QUE AFORTUNADAMENTE RESULTARON ILESAS."},"content":{"rendered":"<h2>De milagro no hirieron a nadie. Eran oriundos de La Plata y ahora est\u00e1n presos en la Comisar\u00eda Local.<\/h2>\n<p>14 de marzo de 2024<\/p>\n<p><strong>CHASCOM\u00daS &#8211;\u00a0<\/strong> Inform\u00f3 la Polic\u00eda Comunal, que en el dia de ayer Mi\u00e9rcoles 13 de Marzo, personal policial tomo conocimiento que dos personas masculinas habian intentado abordar con intenciones de robo y con un arma de fuego a una motocicleta que se retiraba de la interseccion de Chile y Presidente Per\u00f3n.<\/p>\n<p>Al no lograr su cometido, uno de los delincuentes dispar\u00f3 con el arma de fuego para el lado en que se escapaba el conductor de la motocicleta con su veh\u00edculo, impactando el disparo en un veh\u00edculo VW GOL TREND que circulaba por Presidente Peron con sentido hacia la Costanera sin lesionar a ninguna persona.<\/p>\n<blockquote>\n<h3>Inmediatamente personal policial de E.P.C Chascomus 1ra. en el lugar comenzaron con la b\u00fasqueda de los autores del hecho, advirtiendo minutos despues que los mismos circulaban caminando por Marin y Malvinas Argentinas.<\/h3>\n<\/blockquote>\n<p>Los sujetos al detectar la presencia policial emprenden fuga efectuando disparos hacia el suelo con fines de intimidar al personal policial, no obstante ello y sin lograrlo, el personal continuo la persecuci\u00f3n y uno de los delincuentes, al sentirse rodeado arrojo el arma en una zanja, tir\u00e1ndose\u00a0 al suelo, por lo que fue aprehendido inmediatamente.<\/p>\n<blockquote>\n<h3>Si bien el otro sujeto logro fugarse en ese momento, fue aprehendido en horas de madrugada del dia de la fecha por personal de E.P.C. Chascomus 1ra. en conjunto con personal de la sub ddi de este medio.<\/h3>\n<\/blockquote>\n<p>Ambos sujetos oriundos de la localidad de La Plata desempe\u00f1ando tareas de alba\u00f1il en esta localidad, se encuentran aprehendidos por los delitos de <strong>ROBO CALIFICADO POR EL USO DE ARMA DE FUEGO EN GRADO DE TENTATIVA &#8211; HOMICIDIO CRIMINIS CAUSA EN TENTATIVA &#8211; PORTACI\u00d3N ILEGAL DE ARMA DE GUERRA<\/strong>, interviniendo en la investigaci\u00f3n la Unidad Funcional de Instrucci\u00f3n N\u00b0 09 a cargo de la <strong>Dra. Daniela Bartoletti<\/strong>, quedando los mismos alojados en el sector de calabozos de la Estaci\u00f3n de Policia de Chascom\u00fas 1ra.<\/p>\n","protected":false},"excerpt":{"rendered":"<div class=\"mh-excerpt\"><p>De milagro no hirieron a nadie. Eran oriundos de La Plata y ahora est\u00e1n presos en la Comisar\u00eda Local. 14 de marzo de 2024 CHASCOM\u00daS &#8211;\u00a0 Inform\u00f3 la Polic\u00eda Comunal, que en el dia de <a class=\"mh-excerpt-more\" href=\"https:\/\/larevistadigital.com.ar\/blog\/chascomus-detienen-a-dos-sujetos-que-dispararon-contra-un-delibery-e-impactaron-contra-un-automovil-en-el-que-se-movilizaban-una-mama-con-sus-hijas-que-afortunadamente-resultaron-ilesas\/\" title=\"CHASCOM\u00daS: DETIENEN A DOS SUJETOS QUE DISPARARON CONTRA UN DELIBERY E IMPACTARON CONTRA UN AUTOM\u00d3VIL, EN EL QUE SE MOVILIZABAN UNA MAM\u00c1 CON SUS HIJAS, QUE AFORTUNADAMENTE RESULTARON ILESAS.\">[Leer M\u00e1s]<\/a><\/p>\n<\/div>","protected":false},"author":3,"featured_media":1596,"comment_status":"open","ping_status":"open","sticky":false,"template":"","format":"standard","meta":{"_jetpack_memberships_contains_paid_content":false,"footnotes":"","jetpack_publicize_message":"","jetpack_publicize_feature_enabled":true,"jetpack_social_post_already_shared":true,"jetpack_social_options":{"image_generator_settings":{"template":"highway","default_image_id":0,"font":"","enabled":false},"version":2}},"categories":[41,44],"tags":[],"class_list":{"0":"post-35540","1":"post","2":"type-post","3":"status-publish","4":"format-standard","5":"has-post-thumbnail","7":"category-destacadas","8":"category-policiales"},"jetpack_publicize_connections":[],"jetpack_featured_media_url":"https:\/\/i0.wp.com\/larevistadigital.com.ar\/blog\/wp-content\/uploads\/2017\/03\/policia-nino-mata.jpg?fit=745%2C574&ssl=1","jetpack_sharing_enabled":true,"jetpack_shortlink":"https:\/\/wp.me\/p8qtrQ-9fe","jetpack-related-posts":[{"id":41703,"url":"https:\/\/larevistadigital.com.ar\/blog\/chascomus-un-hombre-fue-detenido-tras-tiroteo-y-persecucion\/","url_meta":{"origin":35540,"position":0},"title":"Chascom\u00fas: Un hombre fue detenido tras tiroteo y persecuci\u00f3n","author":"Alejandro Sosa Ruda","date":"2 octubre, 2025","format":false,"excerpt":"El individuo portaba un arma con pedido de secuestro y llevaba coca\u00edna fraccionada. Qued\u00f3 detenido por m\u00faltiples delitos. 02 de Octubre de 2025 CHASCOM\u00daS -\u00a0 \u00a0Un operativo policial desarrollado en la madrugada de este jueves en Chascom\u00fas termin\u00f3 con la detenci\u00f3n de un hombre armado, luego de una persecuci\u00f3n y\u2026","rel":"","context":"En \u00abDESTACADAS\u00bb","block_context":{"text":"DESTACADAS","link":"https:\/\/larevistadigital.com.ar\/blog\/category\/destacadas\/"},"img":{"alt_text":"","src":"https:\/\/i0.wp.com\/larevistadigital.com.ar\/blog\/wp-content\/uploads\/WhatsApp-Image-2025-10-02-at-20.20.27.jpg?fit=996%2C1200&ssl=1&resize=350%2C200","width":350,"height":200,"srcset":"https:\/\/i0.wp.com\/larevistadigital.com.ar\/blog\/wp-content\/uploads\/WhatsApp-Image-2025-10-02-at-20.20.27.jpg?fit=996%2C1200&ssl=1&resize=350%2C200 1x, https:\/\/i0.wp.com\/larevistadigital.com.ar\/blog\/wp-content\/uploads\/WhatsApp-Image-2025-10-02-at-20.20.27.jpg?fit=996%2C1200&ssl=1&resize=525%2C300 1.5x, https:\/\/i0.wp.com\/larevistadigital.com.ar\/blog\/wp-content\/uploads\/WhatsApp-Image-2025-10-02-at-20.20.27.jpg?fit=996%2C1200&ssl=1&resize=700%2C400 2x"},"classes":[]},{"id":33672,"url":"https:\/\/larevistadigital.com.ar\/blog\/roban-dos-motos-a-dos-jovenes-lezamenses-y-la-policia-detuvo-a-los-responsables-y-recupero-los-vehiculos-solamente-en-dos-dias\/","url_meta":{"origin":35540,"position":1},"title":"ROBAN DOS MOTOS A DOS JOVENES LEZAMENSES Y LA POLIC\u00cdA DETUVO A LOS RESPONSABLES Y RECUPER\u00d3 LOS VEH\u00cdCULOS SOLAMENTE EN DOS D\u00cdAS.","author":"Alejandro Sosa Ruda","date":"29 septiembre, 2023","format":false,"excerpt":"En otro muy r\u00e1pido trabajo de la polic\u00eda se logr\u00f3 esclarecer un robo a mano armada en solamente 48 hs. recuperando los veh\u00edculos sustra\u00eddos. 29 de Septiembre de 2023 CHASCOM\u00daS -\u00a0 El d\u00eda 26 del corriente, personal de EPC Chascom\u00fas 1ra se traslad\u00f3 hasta la sociedad rural, dado a qu\u00e9\u2026","rel":"","context":"En \u00abINTERES GENERAL\u00bb","block_context":{"text":"INTERES GENERAL","link":"https:\/\/larevistadigital.com.ar\/blog\/category\/interes-general\/"},"img":{"alt_text":"","src":"https:\/\/i0.wp.com\/larevistadigital.com.ar\/blog\/wp-content\/uploads\/WhatsApp-Image-2023-09-28-at-11.16.35-e1696009952704.jpeg?fit=857%2C749&ssl=1&resize=350%2C200","width":350,"height":200,"srcset":"https:\/\/i0.wp.com\/larevistadigital.com.ar\/blog\/wp-content\/uploads\/WhatsApp-Image-2023-09-28-at-11.16.35-e1696009952704.jpeg?fit=857%2C749&ssl=1&resize=350%2C200 1x, https:\/\/i0.wp.com\/larevistadigital.com.ar\/blog\/wp-content\/uploads\/WhatsApp-Image-2023-09-28-at-11.16.35-e1696009952704.jpeg?fit=857%2C749&ssl=1&resize=525%2C300 1.5x, https:\/\/i0.wp.com\/larevistadigital.com.ar\/blog\/wp-content\/uploads\/WhatsApp-Image-2023-09-28-at-11.16.35-e1696009952704.jpeg?fit=857%2C749&ssl=1&resize=700%2C400 2x"},"classes":[]},{"id":31997,"url":"https:\/\/larevistadigital.com.ar\/blog\/chascomus-interceptan-y-aprehenden-a-4-personas-por-tenencia-ilegal-de-arma-de-fuego-de-uso-civil\/","url_meta":{"origin":35540,"position":2},"title":"CHASCOM\u00daS: INTERCEPTAN Y APREHENDEN A 4 PERSONAS POR \u00abTENENCIA ILEGAL DE ARMA DE FUEGO DE USO CIVIL\u00bb","author":"Alejandro Sosa Ruda","date":"14 junio, 2023","format":false,"excerpt":"Se trat\u00f3 de cuatro individuos que se movilizaban en un FIAT UNO, con una carabina 22 en su poder. 14 de junio de 2023 CHASCOM\u00daS -\u00a0 Anoche,\u00a0 personal del CPR (Comando de Prevenci\u00f3n Rural) de Chascom\u00fas,\u00a0 mientras se encontraba de recorrida en la jurisdicci\u00f3n en cuartel X, m\u00e1s precisamente zona\u2026","rel":"","context":"En \u00abINTERES GENERAL\u00bb","block_context":{"text":"INTERES GENERAL","link":"https:\/\/larevistadigital.com.ar\/blog\/category\/interes-general\/"},"img":{"alt_text":"","src":"https:\/\/i0.wp.com\/larevistadigital.com.ar\/blog\/wp-content\/uploads\/2018\/12\/Patrulla-Rural-4.jpg?fit=1200%2C675&ssl=1&resize=350%2C200","width":350,"height":200,"srcset":"https:\/\/i0.wp.com\/larevistadigital.com.ar\/blog\/wp-content\/uploads\/2018\/12\/Patrulla-Rural-4.jpg?fit=1200%2C675&ssl=1&resize=350%2C200 1x, https:\/\/i0.wp.com\/larevistadigital.com.ar\/blog\/wp-content\/uploads\/2018\/12\/Patrulla-Rural-4.jpg?fit=1200%2C675&ssl=1&resize=525%2C300 1.5x, https:\/\/i0.wp.com\/larevistadigital.com.ar\/blog\/wp-content\/uploads\/2018\/12\/Patrulla-Rural-4.jpg?fit=1200%2C675&ssl=1&resize=700%2C400 2x, https:\/\/i0.wp.com\/larevistadigital.com.ar\/blog\/wp-content\/uploads\/2018\/12\/Patrulla-Rural-4.jpg?fit=1200%2C675&ssl=1&resize=1050%2C600 3x"},"classes":[]},{"id":27832,"url":"https:\/\/larevistadigital.com.ar\/blog\/27832-2\/","url_meta":{"origin":35540,"position":3},"title":"CHASCOM\u00daS: AGREDEN A UN MENOR CON ARMA DE FUEGO Y LE ROBAN LA MOTO. LA POLIC\u00cdA LOS IDENTIFIC\u00d3 Y RECUPER\u00d3 EL VEH\u00cdCULO","author":"Alejandro Sosa Ruda","date":"18 septiembre, 2022","format":false,"excerpt":"Sucedi\u00f3 ayer, en la Costanera. El menor que hab\u00eda sido internado, afortunadamente ya recibi\u00f3 el alta 18 de septiembre de 2022 CHASCOM\u00daS -\u00a0 El d\u00eda de ayer, la Polic\u00eda Comunal tom\u00f3 conocimiento de una persona herida en la Costanera, por lo que se dirigi\u00f3 al lugar, y se encontr\u00f3 con\u2026","rel":"","context":"En \u00abINTERES GENERAL\u00bb","block_context":{"text":"INTERES GENERAL","link":"https:\/\/larevistadigital.com.ar\/blog\/category\/interes-general\/"},"img":{"alt_text":"","src":"https:\/\/i0.wp.com\/larevistadigital.com.ar\/blog\/wp-content\/uploads\/WhatsApp-Image-2022-09-17-at-16.33.46.jpeg?fit=1200%2C900&ssl=1&resize=350%2C200","width":350,"height":200,"srcset":"https:\/\/i0.wp.com\/larevistadigital.com.ar\/blog\/wp-content\/uploads\/WhatsApp-Image-2022-09-17-at-16.33.46.jpeg?fit=1200%2C900&ssl=1&resize=350%2C200 1x, https:\/\/i0.wp.com\/larevistadigital.com.ar\/blog\/wp-content\/uploads\/WhatsApp-Image-2022-09-17-at-16.33.46.jpeg?fit=1200%2C900&ssl=1&resize=525%2C300 1.5x, https:\/\/i0.wp.com\/larevistadigital.com.ar\/blog\/wp-content\/uploads\/WhatsApp-Image-2022-09-17-at-16.33.46.jpeg?fit=1200%2C900&ssl=1&resize=700%2C400 2x, https:\/\/i0.wp.com\/larevistadigital.com.ar\/blog\/wp-content\/uploads\/WhatsApp-Image-2022-09-17-at-16.33.46.jpeg?fit=1200%2C900&ssl=1&resize=1050%2C600 3x"},"classes":[]},{"id":34174,"url":"https:\/\/larevistadigital.com.ar\/blog\/chascomus-la-policia-recupero-un-vehiculo-robado-con-arma-de-fuego\/","url_meta":{"origin":35540,"position":4},"title":"CHASCOM\u00daS: LA POLIC\u00cdA RECUPER\u00d3 UN VEH\u00cdCULO ROBADO CON ARMA DE FUEGO","author":"Alejandro Sosa Ruda","date":"23 octubre, 2023","format":false,"excerpt":"La investigaci\u00f3n para dar con los autores est\u00e1 avanzada y en curso 23 de Octubre de 2023 CHASCOM\u00daS -\u00a0 En horas de la tarde, se tom\u00f3 conocimiento de un hecho delictivo en el que autores ignorados tras la utilizaci\u00f3n de arma de fuego lograron sustraer un veh\u00edculo y elementos a\u2026","rel":"","context":"En \u00abCHASCOM\u00daS\u00bb","block_context":{"text":"CHASCOM\u00daS","link":"https:\/\/larevistadigital.com.ar\/blog\/category\/chascomus\/"},"img":{"alt_text":"","src":"https:\/\/i0.wp.com\/larevistadigital.com.ar\/blog\/wp-content\/uploads\/Polic%C3%ADa-Bonaerense-Patrulleros-3.jpg?fit=772%2C434&ssl=1&resize=350%2C200","width":350,"height":200,"srcset":"https:\/\/i0.wp.com\/larevistadigital.com.ar\/blog\/wp-content\/uploads\/Polic%C3%ADa-Bonaerense-Patrulleros-3.jpg?fit=772%2C434&ssl=1&resize=350%2C200 1x, https:\/\/i0.wp.com\/larevistadigital.com.ar\/blog\/wp-content\/uploads\/Polic%C3%ADa-Bonaerense-Patrulleros-3.jpg?fit=772%2C434&ssl=1&resize=525%2C300 1.5x, https:\/\/i0.wp.com\/larevistadigital.com.ar\/blog\/wp-content\/uploads\/Polic%C3%ADa-Bonaerense-Patrulleros-3.jpg?fit=772%2C434&ssl=1&resize=700%2C400 2x"},"classes":[]},{"id":35181,"url":"https:\/\/larevistadigital.com.ar\/blog\/chascomus-choque-entre-moto-y-automovil-un-herido-de-consideracion\/","url_meta":{"origin":35540,"position":5},"title":"CHASCOM\u00daS: CHOQUE ENTRE MOTO Y AUTOM\u00d3VIL. UN HERIDO DE CONSIDERACI\u00d3N","author":"Alejandro Sosa Ruda","date":"6 febrero, 2024","format":false,"excerpt":"El muchacho que conduc\u00eda la motocicleta, se encuentra en estado muy delicado en la Terapia Intensiva del Hospital Municipal. 6 de enero de 2023 CHASCOM\u00daS -\u00a0 \u00a0En el dia de la fecha y siendo Alrededor de las 15:00 hs. personal policial se traslad\u00f3 hasta la intersecci\u00f3n de la calle Jorge\u2026","rel":"","context":"En \u00abINTERES GENERAL\u00bb","block_context":{"text":"INTERES GENERAL","link":"https:\/\/larevistadigital.com.ar\/blog\/category\/interes-general\/"},"img":{"alt_text":"","src":"https:\/\/i0.wp.com\/larevistadigital.com.ar\/blog\/wp-content\/uploads\/2017\/08\/ambulancia-chascomus.jpg?fit=960%2C540&ssl=1&resize=350%2C200","width":350,"height":200,"srcset":"https:\/\/i0.wp.com\/larevistadigital.com.ar\/blog\/wp-content\/uploads\/2017\/08\/ambulancia-chascomus.jpg?fit=960%2C540&ssl=1&resize=350%2C200 1x, https:\/\/i0.wp.com\/larevistadigital.com.ar\/blog\/wp-content\/uploads\/2017\/08\/ambulancia-chascomus.jpg?fit=960%2C540&ssl=1&resize=525%2C300 1.5x, https:\/\/i0.wp.com\/larevistadigital.com.ar\/blog\/wp-content\/uploads\/2017\/08\/ambulancia-chascomus.jpg?fit=960%2C540&ssl=1&resize=700%2C400 2x"},"classes":[]}],"_links":{"self":[{"href":"https:\/\/larevistadigital.com.ar\/blog\/wp-json\/wp\/v2\/posts\/35540","targetHints":{"allow":["GET"]}}],"collection":[{"href":"https:\/\/larevistadigital.com.ar\/blog\/wp-json\/wp\/v2\/posts"}],"about":[{"href":"https:\/\/larevistadigital.com.ar\/blog\/wp-json\/wp\/v2\/types\/post"}],"author":[{"embeddable":true,"href":"https:\/\/larevistadigital.com.ar\/blog\/wp-json\/wp\/v2\/users\/3"}],"replies":[{"embeddable":true,"href":"https:\/\/larevistadigital.com.ar\/blog\/wp-json\/wp\/v2\/comments?post=35540"}],"version-history":[{"count":2,"href":"https:\/\/larevistadigital.com.ar\/blog\/wp-json\/wp\/v2\/posts\/35540\/revisions"}],"predecessor-version":[{"id":35542,"href":"https:\/\/larevistadigital.com.ar\/blog\/wp-json\/wp\/v2\/posts\/35540\/revisions\/35542"}],"wp:featuredmedia":[{"embeddable":true,"href":"https:\/\/larevistadigital.com.ar\/blog\/wp-json\/wp\/v2\/media\/1596"}],"wp:attachment":[{"href":"https:\/\/larevistadigital.com.ar\/blog\/wp-json\/wp\/v2\/media?parent=35540"}],"wp:term":[{"taxonomy":"category","embeddable":true,"href":"https:\/\/larevistadigital.com.ar\/blog\/wp-json\/wp\/v2\/categories?post=35540"},{"taxonomy":"post_tag","embeddable":true,"href":"https:\/\/larevistadigital.com.ar\/blog\/wp-json\/wp\/v2\/tags?post=35540"}],"curies":[{"name":"wp","href":"https:\/\/api.w.org\/{rel}","templated":true}]}}