{"id":35543,"date":"2024-03-14T09:40:50","date_gmt":"2024-03-14T12:40:50","guid":{"rendered":"https:\/\/larevistadigital.com.ar\/blog\/?p=35543"},"modified":"2024-03-14T09:40:50","modified_gmt":"2024-03-14T12:40:50","slug":"chascomus-tres-propuestas-para-la-explotacion-de-la-parcela-riberena-n","status":"publish","type":"post","link":"https:\/\/larevistadigital.com.ar\/blog\/chascomus-tres-propuestas-para-la-explotacion-de-la-parcela-riberena-n\/","title":{"rendered":"CHASCOM\u00daS: TRES PROPUESTAS PARA LA EXPLOTACI\u00d3N DE LA \u00abPARCELA RIBERE\u00d1A N\u00b0"},"content":{"rendered":"<h2 class=\"notaIntro\">En la ma\u00f1ana de hoy fueron abiertos los sobres con los antecedentes de los interesados en la Licitaci\u00f3n P\u00fablica N\u00b0 02\/24.<\/h2>\n<p>14 de marzo de 2024<\/p>\n<p class=\"notaTexto\"><strong>CHASCOM\u00daS &#8211;\u00a0<\/strong> El predio est\u00e1 situado en el kil\u00f3metro 7,7 del Camino de Circunvalaci\u00f3n, junto a la laguna, y tiene una superficie de 293 metros de frente, por 181 metros en el lateral oeste y 66 metros en el lateral este.<br \/>\nDe acuerdo con los pliegos de bases y condiciones, se debe destinar a la modalidad de camping o campamento tur\u00edstico y recreacional organizado.<br \/>\nEl canon m\u00ednimo sugerido es de 24.000 m\u00f3dulos municipales anuales y el plazo de concesi\u00f3n ser\u00e1 de 12 a\u00f1os, con opci\u00f3n a una \u00fanica pr\u00f3rroga de hasta cuatro a\u00f1os.<\/p>\n<blockquote>\n<h3 class=\"notaTexto\">Las propuestas fueron presentadas por Carlos Alberto Lolli, Pemode SRL y la uni\u00f3n de empresas conformada por GyC Construcciones S.A. y La Continuidad S.A.<\/h3>\n<\/blockquote>\n<p class=\"notaTexto\">La apertura estuvo a cargo del contador municipal <strong>Gast\u00f3n Gualazzini<\/strong> y el jefe de Compras <strong>Sebasti\u00e1n Alfons\u00edn<\/strong>.<\/p>\n<p class=\"notaTexto\">El segundo sobre, con las ofertas correspondientes, se dar\u00e1 a conocer luego de que la Comisi\u00f3n Evaluadora verifique los antecedentes de los interesados, el 21 de marzo a las 10<\/p>\n","protected":false},"excerpt":{"rendered":"<div class=\"mh-excerpt\"><p>En la ma\u00f1ana de hoy fueron abiertos los sobres con los antecedentes de los interesados en la Licitaci\u00f3n P\u00fablica N\u00b0 02\/24. 14 de marzo de 2024 CHASCOM\u00daS &#8211;\u00a0 El predio est\u00e1 situado en el kil\u00f3metro <a class=\"mh-excerpt-more\" href=\"https:\/\/larevistadigital.com.ar\/blog\/chascomus-tres-propuestas-para-la-explotacion-de-la-parcela-riberena-n\/\" title=\"CHASCOM\u00daS: TRES PROPUESTAS PARA LA EXPLOTACI\u00d3N DE LA \u00abPARCELA RIBERE\u00d1A N\u00b0\">[Leer M\u00e1s]<\/a><\/p>\n<\/div>","protected":false},"author":3,"featured_media":35544,"comment_status":"open","ping_status":"open","sticky":false,"template":"","format":"standard","meta":{"_jetpack_memberships_contains_paid_content":false,"footnotes":"","jetpack_publicize_message":"","jetpack_publicize_feature_enabled":true,"jetpack_social_post_already_shared":true,"jetpack_social_options":{"image_generator_settings":{"template":"highway","default_image_id":0,"font":"","enabled":false},"version":2}},"categories":[50],"tags":[],"class_list":{"0":"post-35543","1":"post","2":"type-post","3":"status-publish","4":"format-standard","5":"has-post-thumbnail","7":"category-interes-general"},"jetpack_publicize_connections":[],"jetpack_featured_media_url":"https:\/\/i0.wp.com\/larevistadigital.com.ar\/blog\/wp-content\/uploads\/2024_03_14_00_41_42_3432032.jpg?fit=700%2C467&ssl=1","jetpack_sharing_enabled":true,"jetpack_shortlink":"https:\/\/wp.me\/p8qtrQ-9fh","jetpack-related-posts":[{"id":33298,"url":"https:\/\/larevistadigital.com.ar\/blog\/chascomus-la-policia-comunal-frustro-un-robo-al-hotel-los-vascos-hay-dos-aprehendidos\/","url_meta":{"origin":35543,"position":0},"title":"CHASCOM\u00daS: LA POLIC\u00cdA COMUNAL FRUSTR\u00d3 UN ROBO AL HOTEL \u00abLOS VASCOS\u00bb, HAY DOS APREHENDIDOS.","author":"Alejandro Sosa Ruda","date":"5 septiembre, 2023","format":false,"excerpt":"Los sorprendieron luego de saltar el port\u00f3n. Se trata de dos personas con antecedentes. 5 de Septiembre de 2023 CHASCOM\u00daS -\u00a0 Personal policial de EPC Chascomus Primera, procedi\u00f3 a la aprehensi\u00f3n de dos personas masculinas mayores de edad y con antecedentes delictivos, luego de que los mismos tras trepar un\u2026","rel":"","context":"En \u00abDESTACADAS\u00bb","block_context":{"text":"DESTACADAS","link":"https:\/\/larevistadigital.com.ar\/blog\/category\/destacadas\/"},"img":{"alt_text":"","src":"https:\/\/i0.wp.com\/larevistadigital.com.ar\/blog\/wp-content\/uploads\/Captura-de-pantalla-2023-09-05-195909.png?fit=685%2C440&ssl=1&resize=350%2C200","width":350,"height":200,"srcset":"https:\/\/i0.wp.com\/larevistadigital.com.ar\/blog\/wp-content\/uploads\/Captura-de-pantalla-2023-09-05-195909.png?fit=685%2C440&ssl=1&resize=350%2C200 1x, https:\/\/i0.wp.com\/larevistadigital.com.ar\/blog\/wp-content\/uploads\/Captura-de-pantalla-2023-09-05-195909.png?fit=685%2C440&ssl=1&resize=525%2C300 1.5x"},"classes":[]},{"id":40044,"url":"https:\/\/larevistadigital.com.ar\/blog\/chascomus-son-cuatro-las-empresas-interesadas-en-la-obra-de-asfaltado-del-barrio-escribano\/","url_meta":{"origin":35543,"position":1},"title":"Chascom\u00fas: Son cuatro, las empresas interesadas en la obra de asfaltado del barrio Escribano","author":"Alejandro Sosa Ruda","date":"12 junio, 2025","format":false,"excerpt":"La obra consiste en la pavimentaci\u00f3n de 28 cuadras que incluyen Orzali, Tierra del Fuego, Santa Cruz, Dorrego, Ju\u00e1rez, Arenaza y 26 de Julio. 12 de Junio de 2025 CHASCOM\u00daS -\u00a0 \u00a0Este martes fueron abiertos los sobres correspondientes a la Licitaci\u00f3n P\u00fablica N\u00ba 02\/2025 para la obra \u201cAsfalto barrio Escribano\u201d.\u2026","rel":"","context":"En \u00abCHASCOM\u00daS\u00bb","block_context":{"text":"CHASCOM\u00daS","link":"https:\/\/larevistadigital.com.ar\/blog\/category\/chascomus\/"},"img":{"alt_text":"","src":"https:\/\/i0.wp.com\/larevistadigital.com.ar\/blog\/wp-content\/uploads\/6849b96279d8f.png?fit=668%2C445&ssl=1&resize=350%2C200","width":350,"height":200,"srcset":"https:\/\/i0.wp.com\/larevistadigital.com.ar\/blog\/wp-content\/uploads\/6849b96279d8f.png?fit=668%2C445&ssl=1&resize=350%2C200 1x, https:\/\/i0.wp.com\/larevistadigital.com.ar\/blog\/wp-content\/uploads\/6849b96279d8f.png?fit=668%2C445&ssl=1&resize=525%2C300 1.5x"},"classes":[]},{"id":34727,"url":"https:\/\/larevistadigital.com.ar\/blog\/chascomus-fue-declarada-desierta-la-licitacion-de-punta-norte\/","url_meta":{"origin":35543,"position":2},"title":"CHASCOM\u00daS: FUE DECLARADA DESIERTA LA LICITACI\u00d3N DE PUNTA NORTE","author":"Alejandro Sosa Ruda","date":"4 diciembre, 2023","format":false,"excerpt":"Vencido el plazo oficial, no se presentaron ofertas para la explotaci\u00f3n comercial del parador Punta Norte. 4 de Diciembre de 2023 CHASCOM\u00daS -\u00a0 El llamado a los interesados en la Licitaci\u00f3n P\u00fablica N\u00ba 12\/2023, \u201cConcesi\u00f3n de la Unidad de Servicios Tur\u00edsticos Punta Norte\u201d, se realiz\u00f3 entre el 25 de septiembre\u2026","rel":"","context":"En \u00abCHASCOM\u00daS\u00bb","block_context":{"text":"CHASCOM\u00daS","link":"https:\/\/larevistadigital.com.ar\/blog\/category\/chascomus\/"},"img":{"alt_text":"","src":"https:\/\/i0.wp.com\/larevistadigital.com.ar\/blog\/wp-content\/uploads\/2023_12_01_22_54_32_660281.jpg?fit=800%2C514&ssl=1&resize=350%2C200","width":350,"height":200,"srcset":"https:\/\/i0.wp.com\/larevistadigital.com.ar\/blog\/wp-content\/uploads\/2023_12_01_22_54_32_660281.jpg?fit=800%2C514&ssl=1&resize=350%2C200 1x, https:\/\/i0.wp.com\/larevistadigital.com.ar\/blog\/wp-content\/uploads\/2023_12_01_22_54_32_660281.jpg?fit=800%2C514&ssl=1&resize=525%2C300 1.5x, https:\/\/i0.wp.com\/larevistadigital.com.ar\/blog\/wp-content\/uploads\/2023_12_01_22_54_32_660281.jpg?fit=800%2C514&ssl=1&resize=700%2C400 2x"},"classes":[]},{"id":19350,"url":"https:\/\/larevistadigital.com.ar\/blog\/gravisimo-accidente-en-chascomus-con-un-chico-que-lucha-por-su-vida\/","url_meta":{"origin":35543,"position":3},"title":"GRAVISIMO ACCIDENTE EN CHASCOM\u00daS, CON UN CHICO QUE LUCHA POR SU VIDA","author":"Alejandro Sosa Ruda","date":"21 marzo, 2021","format":false,"excerpt":"CHASCOM\u00daS - Durante las primeras horas de la ma\u00f1ana del d\u00eda s\u00e1bado, se produjo un impactante vuelco de un autom\u00f3vil en el que viajaban seis personas y quedando el mismo dentro de una zanja. Los ocupantes del veh\u00edculo eran cuatro varones, y dos mujeres, siendo tres de ellos menores de\u2026","rel":"","context":"En \u00abCHASCOM\u00daS\u00bb","block_context":{"text":"CHASCOM\u00daS","link":"https:\/\/larevistadigital.com.ar\/blog\/category\/chascomus\/"},"img":{"alt_text":"","src":"https:\/\/i0.wp.com\/larevistadigital.com.ar\/blog\/wp-content\/uploads\/WhatsApp-Image-2021-03-20-at-12.06.42.jpeg?fit=900%2C1200&ssl=1&resize=350%2C200","width":350,"height":200,"srcset":"https:\/\/i0.wp.com\/larevistadigital.com.ar\/blog\/wp-content\/uploads\/WhatsApp-Image-2021-03-20-at-12.06.42.jpeg?fit=900%2C1200&ssl=1&resize=350%2C200 1x, https:\/\/i0.wp.com\/larevistadigital.com.ar\/blog\/wp-content\/uploads\/WhatsApp-Image-2021-03-20-at-12.06.42.jpeg?fit=900%2C1200&ssl=1&resize=525%2C300 1.5x, https:\/\/i0.wp.com\/larevistadigital.com.ar\/blog\/wp-content\/uploads\/WhatsApp-Image-2021-03-20-at-12.06.42.jpeg?fit=900%2C1200&ssl=1&resize=700%2C400 2x"},"classes":[]},{"id":7559,"url":"https:\/\/larevistadigital.com.ar\/blog\/chascomus-la-asociacion-rural-desconforme-con-la-ordenanza-de-fitosanitarios\/","url_meta":{"origin":35543,"position":4},"title":"CHASCOM\u00daS: LA ASOCIACI\u00d3N RURAL DESCONFORME CON LA ORDENANZA DE FITOSANITARIOS","author":"Alejandro Sosa Ruda","date":"3 enero, 2019","format":false,"excerpt":"Desde la Asociaci\u00f3n Rural de Chascom\u00fas, se manifestaron desconformes con el alcance de la ordenanza votada en el Concejo Deliberante que regula el uso de fitosanitarios en el distrito. As\u00ed lo hizo saber el presidente de la misma, Ra\u00fal Naufel, quien asegur\u00f3 que\u00a0\u201cEs una norma retr\u00f3grada, hoy existen m\u00e9todos m\u00e1s\u2026","rel":"","context":"En \u00abCHASCOM\u00daS\u00bb","block_context":{"text":"CHASCOM\u00daS","link":"https:\/\/larevistadigital.com.ar\/blog\/category\/chascomus\/"},"img":{"alt_text":"","src":"https:\/\/i0.wp.com\/larevistadigital.com.ar\/blog\/wp-content\/uploads\/2019\/01\/fitosanitarios.jpg?fit=1200%2C698&ssl=1&resize=350%2C200","width":350,"height":200,"srcset":"https:\/\/i0.wp.com\/larevistadigital.com.ar\/blog\/wp-content\/uploads\/2019\/01\/fitosanitarios.jpg?fit=1200%2C698&ssl=1&resize=350%2C200 1x, https:\/\/i0.wp.com\/larevistadigital.com.ar\/blog\/wp-content\/uploads\/2019\/01\/fitosanitarios.jpg?fit=1200%2C698&ssl=1&resize=525%2C300 1.5x, https:\/\/i0.wp.com\/larevistadigital.com.ar\/blog\/wp-content\/uploads\/2019\/01\/fitosanitarios.jpg?fit=1200%2C698&ssl=1&resize=700%2C400 2x, https:\/\/i0.wp.com\/larevistadigital.com.ar\/blog\/wp-content\/uploads\/2019\/01\/fitosanitarios.jpg?fit=1200%2C698&ssl=1&resize=1050%2C600 3x"},"classes":[]},{"id":7953,"url":"https:\/\/larevistadigital.com.ar\/blog\/chascomus-accidente-en-la-autovia-2-a-metros-del-peaje\/","url_meta":{"origin":35543,"position":5},"title":"CHASCOM\u00daS: ACCIDENTE EN LA AUTOV\u00cdA 2 A METROS DEL PEAJE","author":"Alejandro Sosa Ruda","date":"25 enero, 2019","format":false,"excerpt":"Inform\u00f3 la FM \"Por Siempre\" 97,3 mhtz. que durante la ma\u00f1ana de hoy se produjo un accidente en el kil\u00f3metro 92 de la Autov\u00eda 2. A ra\u00edz del mismo, se solicit\u00f3 la ayuda de los Bomberos Voluntarios de Chascom\u00fas, que acudieron prontamente al lugar de los hechos. Aparentemente habr\u00eda ocurrido\u2026","rel":"","context":"En \u00abCHASCOM\u00daS\u00bb","block_context":{"text":"CHASCOM\u00daS","link":"https:\/\/larevistadigital.com.ar\/blog\/category\/chascomus\/"},"img":{"alt_text":"","src":"https:\/\/i0.wp.com\/larevistadigital.com.ar\/blog\/wp-content\/uploads\/2019\/01\/51061401_2143814462305319_4112051257407963136_n.jpg?fit=720%2C960&ssl=1&resize=350%2C200","width":350,"height":200,"srcset":"https:\/\/i0.wp.com\/larevistadigital.com.ar\/blog\/wp-content\/uploads\/2019\/01\/51061401_2143814462305319_4112051257407963136_n.jpg?fit=720%2C960&ssl=1&resize=350%2C200 1x, https:\/\/i0.wp.com\/larevistadigital.com.ar\/blog\/wp-content\/uploads\/2019\/01\/51061401_2143814462305319_4112051257407963136_n.jpg?fit=720%2C960&ssl=1&resize=525%2C300 1.5x, https:\/\/i0.wp.com\/larevistadigital.com.ar\/blog\/wp-content\/uploads\/2019\/01\/51061401_2143814462305319_4112051257407963136_n.jpg?fit=720%2C960&ssl=1&resize=700%2C400 2x"},"classes":[]}],"_links":{"self":[{"href":"https:\/\/larevistadigital.com.ar\/blog\/wp-json\/wp\/v2\/posts\/35543","targetHints":{"allow":["GET"]}}],"collection":[{"href":"https:\/\/larevistadigital.com.ar\/blog\/wp-json\/wp\/v2\/posts"}],"about":[{"href":"https:\/\/larevistadigital.com.ar\/blog\/wp-json\/wp\/v2\/types\/post"}],"author":[{"embeddable":true,"href":"https:\/\/larevistadigital.com.ar\/blog\/wp-json\/wp\/v2\/users\/3"}],"replies":[{"embeddable":true,"href":"https:\/\/larevistadigital.com.ar\/blog\/wp-json\/wp\/v2\/comments?post=35543"}],"version-history":[{"count":1,"href":"https:\/\/larevistadigital.com.ar\/blog\/wp-json\/wp\/v2\/posts\/35543\/revisions"}],"predecessor-version":[{"id":35545,"href":"https:\/\/larevistadigital.com.ar\/blog\/wp-json\/wp\/v2\/posts\/35543\/revisions\/35545"}],"wp:featuredmedia":[{"embeddable":true,"href":"https:\/\/larevistadigital.com.ar\/blog\/wp-json\/wp\/v2\/media\/35544"}],"wp:attachment":[{"href":"https:\/\/larevistadigital.com.ar\/blog\/wp-json\/wp\/v2\/media?parent=35543"}],"wp:term":[{"taxonomy":"category","embeddable":true,"href":"https:\/\/larevistadigital.com.ar\/blog\/wp-json\/wp\/v2\/categories?post=35543"},{"taxonomy":"post_tag","embeddable":true,"href":"https:\/\/larevistadigital.com.ar\/blog\/wp-json\/wp\/v2\/tags?post=35543"}],"curies":[{"name":"wp","href":"https:\/\/api.w.org\/{rel}","templated":true}]}}