{"id":35550,"date":"2024-03-14T21:36:16","date_gmt":"2024-03-15T00:36:16","guid":{"rendered":"https:\/\/larevistadigital.com.ar\/blog\/?p=35550"},"modified":"2024-03-14T21:36:16","modified_gmt":"2024-03-15T00:36:16","slug":"la-municipalidad-ofrece-el-servicio-de-mediacion-comunitaria-para-la-resolucion-de-conflictos-vecinales","status":"publish","type":"post","link":"https:\/\/larevistadigital.com.ar\/blog\/la-municipalidad-ofrece-el-servicio-de-mediacion-comunitaria-para-la-resolucion-de-conflictos-vecinales\/","title":{"rendered":"LA MUNICIPALIDAD OFRECE EL SERVICIO DE MEDIACI\u00d3N COMUNITARIA PARA LA RESOLUCI\u00d3N DE CONFLICTOS VECINALES"},"content":{"rendered":"<h2 class=\"notaIntro\"><em>El servicio que est\u00e1 a cargo de la Direcci\u00f3n de Pol\u00edticas Comunitarias se brinda sin cargo y es abierto a toda la comunidad.<\/em><\/h2>\n<p>14 de marzo de 2024<\/p>\n<p class=\"notaTexto\"><strong>CHASCOM\u00daS &#8211;<\/strong>\u00a0 La mediaci\u00f3n comunitaria es un espacio propicio para resolver de manera pac\u00edfica disputas relacionadas estrictamente con la convivencia vecinal y comunitaria.<\/p>\n<p class=\"notaTexto\">En este \u00e1mbito, las personas pueden expresarse libremente en un entorno de contenci\u00f3n para alcanzar acuerdos que beneficien a todos los participantes.<br \/>\nLa propuesta est\u00e1 destinada a tratar conflictos personales por situaciones como ruidos molestos, da\u00f1os por construcciones, obras no autorizadas, apoyos indebidos por ruidos molestos, situaciones ocasionadas por filtraciones y humedad, arbolado, tenencia irresponsable, indebida o prohibida de animales, tem\u00e1ticas relacionadas con higiene (malos olores, uso de dep\u00f3sitos de basura, reciclaje de desechos, residuos contaminantes o que pongan en riesgo la integridad o seguridad de los vecinos) o uso inadecuado de espacios comunes.<\/p>\n<p class=\"notaTexto\">Tambi\u00e9n est\u00e1 abierto a problemas con administraciones de edificios y complejos habitacionales relacionados con incumplimiento de sus funciones, por falta de mantenimiento del espacio, por modificaci\u00f3n o reparaci\u00f3n.<\/p>\n<p class=\"notaTexto\">En la mediaci\u00f3n no se incluyen los siguientes temas: causas penales, cuestiones vinculadas con el derecho de familia y derecho sucesorio que se encuentran judicializadas; asuntos relacionados con el derecho laboral, concursos preventivos y quiebras, causas que tramitan ante la Justicia Federal o en las que el Estado nacional, provincial o municipal sea parte; amparos, h\u00e1beas corpus, h\u00e1beas data e interdictos, medidas cautelares, violencia de familia y violencia de g\u00e9nero y otras cuestiones en que est\u00e9 comprometido el orden p\u00fablico.<\/p>\n<p class=\"notaTexto\">El proceso permite que las partes puedan dialogar y transmitir en forma pac\u00edfica su visi\u00f3n sobre el problema que los afecta, guiados por un mediador imparcial y sin intereses personales en el conflicto. En ese sentido, no es necesario contar con un abogado, los mediadores ser\u00e1n los encargados de bridar toda la informaci\u00f3n necesaria para tomar las decisiones.<\/p>\n<p class=\"notaTexto\">Para utilizar el servicio gratuito se debe completar un formulario que se puede solicitar a trav\u00e9s del correo electr\u00f3nico mediacioncomunitaria@chascomus.gob.ar o personalmente en la Direcci\u00f3n de Pol\u00edticas Comunitarias, Sarmiento 42, de lunes a viernes de 8 a 14.<\/p>\n","protected":false},"excerpt":{"rendered":"<div class=\"mh-excerpt\"><p>El servicio que est\u00e1 a cargo de la Direcci\u00f3n de Pol\u00edticas Comunitarias se brinda sin cargo y es abierto a toda la comunidad. 14 de marzo de 2024 CHASCOM\u00daS &#8211;\u00a0 La mediaci\u00f3n comunitaria es un <a class=\"mh-excerpt-more\" href=\"https:\/\/larevistadigital.com.ar\/blog\/la-municipalidad-ofrece-el-servicio-de-mediacion-comunitaria-para-la-resolucion-de-conflictos-vecinales\/\" title=\"LA MUNICIPALIDAD OFRECE EL SERVICIO DE MEDIACI\u00d3N COMUNITARIA PARA LA RESOLUCI\u00d3N DE CONFLICTOS VECINALES\">[Leer M\u00e1s]<\/a><\/p>\n<\/div>","protected":false},"author":3,"featured_media":35551,"comment_status":"open","ping_status":"open","sticky":false,"template":"","format":"standard","meta":{"_jetpack_memberships_contains_paid_content":false,"footnotes":"","jetpack_publicize_message":"","jetpack_publicize_feature_enabled":true,"jetpack_social_post_already_shared":true,"jetpack_social_options":{"image_generator_settings":{"template":"highway","default_image_id":0,"font":"","enabled":false},"version":2}},"categories":[6],"tags":[],"class_list":{"0":"post-35550","1":"post","2":"type-post","3":"status-publish","4":"format-standard","5":"has-post-thumbnail","7":"category-chascomus"},"jetpack_publicize_connections":[],"jetpack_featured_media_url":"https:\/\/i0.wp.com\/larevistadigital.com.ar\/blog\/wp-content\/uploads\/2024_03_15_01_18_50_1602288.jpg?fit=600%2C400&ssl=1","jetpack_sharing_enabled":true,"jetpack_shortlink":"https:\/\/wp.me\/p8qtrQ-9fo","jetpack-related-posts":[{"id":7801,"url":"https:\/\/larevistadigital.com.ar\/blog\/chascomus-vecinos-del-boliche-garden-elevan-nota-repudiando-manifestaciones-del-secretario-de-gobierno\/","url_meta":{"origin":35550,"position":0},"title":"CHASCOM\u00daS: VECINOS DEL BOLICHE GARDEN ELEVAN NOTA REPUDIANDO MANIFESTACIONES DEL SECRETARIO DE GOBIERNO","author":"Alejandro Sosa Ruda","date":"19 enero, 2019","format":false,"excerpt":"Hace bastante tiempo que los vecinos que padecen la cercan\u00eda con el boliche bailable \"Garden\", han tratado por todos los medios de ser escuchados, elevando quejas, reclamos, mediciones de decibeles y han hablado con distintos dirigentes del gobierno local, sin encontrar respuesta alguna. Hoy, est\u00e1n indignados por dichos del Secretario\u2026","rel":"","context":"En \u00abDESTACADAS\u00bb","block_context":{"text":"DESTACADAS","link":"https:\/\/larevistadigital.com.ar\/blog\/category\/destacadas\/"},"img":{"alt_text":"","src":"https:\/\/i0.wp.com\/larevistadigital.com.ar\/blog\/wp-content\/uploads\/2019\/01\/2369442246950166_1.jpg?fit=1200%2C952&ssl=1&resize=350%2C200","width":350,"height":200,"srcset":"https:\/\/i0.wp.com\/larevistadigital.com.ar\/blog\/wp-content\/uploads\/2019\/01\/2369442246950166_1.jpg?fit=1200%2C952&ssl=1&resize=350%2C200 1x, https:\/\/i0.wp.com\/larevistadigital.com.ar\/blog\/wp-content\/uploads\/2019\/01\/2369442246950166_1.jpg?fit=1200%2C952&ssl=1&resize=525%2C300 1.5x, https:\/\/i0.wp.com\/larevistadigital.com.ar\/blog\/wp-content\/uploads\/2019\/01\/2369442246950166_1.jpg?fit=1200%2C952&ssl=1&resize=700%2C400 2x, https:\/\/i0.wp.com\/larevistadigital.com.ar\/blog\/wp-content\/uploads\/2019\/01\/2369442246950166_1.jpg?fit=1200%2C952&ssl=1&resize=1050%2C600 3x"},"classes":[]},{"id":37894,"url":"https:\/\/larevistadigital.com.ar\/blog\/reunion-con-propietarios-de-locales-nocturnos-para-definir-pautas-de-trabajo\/","url_meta":{"origin":35550,"position":1},"title":"Reuni\u00f3n con propietarios de locales nocturnos para definir pautas de trabajo","author":"Alejandro Sosa Ruda","date":"15 noviembre, 2024","format":false,"excerpt":"Autoridades municipales ajustan criterios para fortalecer la seguridad en la temporada estival. 15 de Noviembre de 2024 CHASCOM\u00daS -\u00a0 \u00a0La secretaria de Seguridad Ciudadana Mariela Moscarella encabez\u00f3 una reuni\u00f3n con due\u00f1os de bares, boliches y espacios de esparcimiento en el Centro Cultural Municipal Vieja Estaci\u00f3n. El encuentro tuvo como objetivo\u2026","rel":"","context":"En \u00abCHASCOM\u00daS\u00bb","block_context":{"text":"CHASCOM\u00daS","link":"https:\/\/larevistadigital.com.ar\/blog\/category\/chascomus\/"},"img":{"alt_text":"","src":"https:\/\/i0.wp.com\/larevistadigital.com.ar\/blog\/wp-content\/uploads\/67362f4672624.png?fit=668%2C445&ssl=1&resize=350%2C200","width":350,"height":200,"srcset":"https:\/\/i0.wp.com\/larevistadigital.com.ar\/blog\/wp-content\/uploads\/67362f4672624.png?fit=668%2C445&ssl=1&resize=350%2C200 1x, https:\/\/i0.wp.com\/larevistadigital.com.ar\/blog\/wp-content\/uploads\/67362f4672624.png?fit=668%2C445&ssl=1&resize=525%2C300 1.5x"},"classes":[]},{"id":43475,"url":"https:\/\/larevistadigital.com.ar\/blog\/salud-comunitaria-nueva-campana-de-vacunacion-en-los-barrios\/","url_meta":{"origin":35550,"position":2},"title":"Salud Comunitaria: Nueva campa\u00f1a de vacunaci\u00f3n en los barrios","author":"Alejandro Sosa Ruda","date":"19 enero, 2026","format":false,"excerpt":"Este mi\u00e9rcoles y viernes, habr\u00e1 jornadas gratuitas, en el CAPS de San Cayetano y en el CIC 30 de Mayo, respectivamente. De esta manera se favorece el acceso a la salud, m\u00e1s cerca de casa La Municipalidad de Chascom\u00fas ofrece una campa\u00f1a de vacunaci\u00f3n m\u00e1s cerca de casa, realiz\u00e1ndose en\u2026","rel":"","context":"En \u00abCHASCOM\u00daS\u00bb","block_context":{"text":"CHASCOM\u00daS","link":"https:\/\/larevistadigital.com.ar\/blog\/category\/chascomus\/"},"img":{"alt_text":"","src":"https:\/\/i0.wp.com\/larevistadigital.com.ar\/blog\/wp-content\/uploads\/696e727eed5dd.png?fit=668%2C445&ssl=1&resize=350%2C200","width":350,"height":200,"srcset":"https:\/\/i0.wp.com\/larevistadigital.com.ar\/blog\/wp-content\/uploads\/696e727eed5dd.png?fit=668%2C445&ssl=1&resize=350%2C200 1x, https:\/\/i0.wp.com\/larevistadigital.com.ar\/blog\/wp-content\/uploads\/696e727eed5dd.png?fit=668%2C445&ssl=1&resize=525%2C300 1.5x"},"classes":[]},{"id":44706,"url":"https:\/\/larevistadigital.com.ar\/blog\/allanamientos-en-castelli-por-motos-ilegales-secuestraron-vehiculos-por-ruidos-y-maniobras-peligrosas\/","url_meta":{"origin":35550,"position":3},"title":"Allanamientos en Castelli por motos ilegales: secuestraron veh\u00edculos por ruidos y maniobras peligrosas","author":"Alejandro Sosa Ruda","date":"25 marzo, 2026","format":false,"excerpt":"Los operativos se realizaron tras denuncias de vecinos. Detectaron escapes adulterados, falta de documentaci\u00f3n y condiciones irregulares para circular. 25 de marzo de 2025 CASTELLI -\u00a0 \u00a0Durante la jornada de este viernes, personal policial llev\u00f3 adelante distintos allanamientos en viviendas de la ciudad de Castelli, en el marco de la\u2026","rel":"","context":"En \u00abCASTELLI\u00bb","block_context":{"text":"CASTELLI","link":"https:\/\/larevistadigital.com.ar\/blog\/category\/castelli\/"},"img":{"alt_text":"","src":"https:\/\/i0.wp.com\/larevistadigital.com.ar\/blog\/wp-content\/uploads\/WhatsApp-Image-2026-03-13-at-11.24.27.jpeg?fit=675%2C1200&ssl=1&resize=350%2C200","width":350,"height":200,"srcset":"https:\/\/i0.wp.com\/larevistadigital.com.ar\/blog\/wp-content\/uploads\/WhatsApp-Image-2026-03-13-at-11.24.27.jpeg?fit=675%2C1200&ssl=1&resize=350%2C200 1x, https:\/\/i0.wp.com\/larevistadigital.com.ar\/blog\/wp-content\/uploads\/WhatsApp-Image-2026-03-13-at-11.24.27.jpeg?fit=675%2C1200&ssl=1&resize=525%2C300 1.5x"},"classes":[]},{"id":5622,"url":"https:\/\/larevistadigital.com.ar\/blog\/chascomus-vecinos-molestos-por-la-falta-de-recoleccion-de-ramas-y-residuos\/","url_meta":{"origin":35550,"position":4},"title":"CHASCOM\u00daS: VECINOS MOLESTOS POR LA FALTA DE RECOLECCI\u00d3N DE RAMAS Y RESIDUOS","author":"Alejandro Sosa Ruda","date":"22 mayo, 2018","format":false,"excerpt":"Vecinos de Chascom\u00fas que viven en las proximidades del hotel Howard Jhonson, nos han hecho llegar un reclamo por la falta de recolecci\u00f3n de las ramas y residuos en la zona. Nos refieren que hace m\u00e1s de un mes que se reclama que se atienda la demanda y se cumpla\u2026","rel":"","context":"En \u00abDESTACADAS\u00bb","block_context":{"text":"DESTACADAS","link":"https:\/\/larevistadigital.com.ar\/blog\/category\/destacadas\/"},"img":{"alt_text":"","src":"https:\/\/i0.wp.com\/larevistadigital.com.ar\/blog\/wp-content\/uploads\/2018\/05\/33158310_2079317042334647_2969338477746847744_n.jpg?fit=720%2C960&ssl=1&resize=350%2C200","width":350,"height":200,"srcset":"https:\/\/i0.wp.com\/larevistadigital.com.ar\/blog\/wp-content\/uploads\/2018\/05\/33158310_2079317042334647_2969338477746847744_n.jpg?fit=720%2C960&ssl=1&resize=350%2C200 1x, https:\/\/i0.wp.com\/larevistadigital.com.ar\/blog\/wp-content\/uploads\/2018\/05\/33158310_2079317042334647_2969338477746847744_n.jpg?fit=720%2C960&ssl=1&resize=525%2C300 1.5x, https:\/\/i0.wp.com\/larevistadigital.com.ar\/blog\/wp-content\/uploads\/2018\/05\/33158310_2079317042334647_2969338477746847744_n.jpg?fit=720%2C960&ssl=1&resize=700%2C400 2x"},"classes":[]},{"id":43654,"url":"https:\/\/larevistadigital.com.ar\/blog\/chascomus-canales-para-prevenir-y-alertar-sobre-situaciones-de-seguridad\/","url_meta":{"origin":35550,"position":5},"title":"Chascom\u00fas: Canales para prevenir y alertar sobre situaciones de seguridad","author":"Alejandro Sosa Ruda","date":"30 enero, 2026","format":false,"excerpt":"La Municipalidad de Chascom\u00fas ofrece a la comunidad diversas herramientas para fortalecer la prevenci\u00f3n del delito. 29 de enero de 2026 CHASCOM\u00daS -\u00a0 \u00a0En el marco del Plan Integral de Seguridad, los vecinos y vecinas tienen a su disposici\u00f3n herramientas tecnol\u00f3gicas y de participaci\u00f3n comunitaria para prevenir y alertar sobre\u2026","rel":"","context":"En \u00abCHASCOM\u00daS\u00bb","block_context":{"text":"CHASCOM\u00daS","link":"https:\/\/larevistadigital.com.ar\/blog\/category\/chascomus\/"},"img":{"alt_text":"","src":"https:\/\/i0.wp.com\/larevistadigital.com.ar\/blog\/wp-content\/uploads\/697b909b5c5d4.png?fit=668%2C445&ssl=1&resize=350%2C200","width":350,"height":200,"srcset":"https:\/\/i0.wp.com\/larevistadigital.com.ar\/blog\/wp-content\/uploads\/697b909b5c5d4.png?fit=668%2C445&ssl=1&resize=350%2C200 1x, https:\/\/i0.wp.com\/larevistadigital.com.ar\/blog\/wp-content\/uploads\/697b909b5c5d4.png?fit=668%2C445&ssl=1&resize=525%2C300 1.5x"},"classes":[]}],"_links":{"self":[{"href":"https:\/\/larevistadigital.com.ar\/blog\/wp-json\/wp\/v2\/posts\/35550","targetHints":{"allow":["GET"]}}],"collection":[{"href":"https:\/\/larevistadigital.com.ar\/blog\/wp-json\/wp\/v2\/posts"}],"about":[{"href":"https:\/\/larevistadigital.com.ar\/blog\/wp-json\/wp\/v2\/types\/post"}],"author":[{"embeddable":true,"href":"https:\/\/larevistadigital.com.ar\/blog\/wp-json\/wp\/v2\/users\/3"}],"replies":[{"embeddable":true,"href":"https:\/\/larevistadigital.com.ar\/blog\/wp-json\/wp\/v2\/comments?post=35550"}],"version-history":[{"count":1,"href":"https:\/\/larevistadigital.com.ar\/blog\/wp-json\/wp\/v2\/posts\/35550\/revisions"}],"predecessor-version":[{"id":35552,"href":"https:\/\/larevistadigital.com.ar\/blog\/wp-json\/wp\/v2\/posts\/35550\/revisions\/35552"}],"wp:featuredmedia":[{"embeddable":true,"href":"https:\/\/larevistadigital.com.ar\/blog\/wp-json\/wp\/v2\/media\/35551"}],"wp:attachment":[{"href":"https:\/\/larevistadigital.com.ar\/blog\/wp-json\/wp\/v2\/media?parent=35550"}],"wp:term":[{"taxonomy":"category","embeddable":true,"href":"https:\/\/larevistadigital.com.ar\/blog\/wp-json\/wp\/v2\/categories?post=35550"},{"taxonomy":"post_tag","embeddable":true,"href":"https:\/\/larevistadigital.com.ar\/blog\/wp-json\/wp\/v2\/tags?post=35550"}],"curies":[{"name":"wp","href":"https:\/\/api.w.org\/{rel}","templated":true}]}}