{"id":35553,"date":"2024-03-14T21:43:51","date_gmt":"2024-03-15T00:43:51","guid":{"rendered":"https:\/\/larevistadigital.com.ar\/blog\/?p=35553"},"modified":"2024-03-14T21:43:51","modified_gmt":"2024-03-15T00:43:51","slug":"interesantes-propuestas-para-vivir-el-finde-en-chascomus","status":"publish","type":"post","link":"https:\/\/larevistadigital.com.ar\/blog\/interesantes-propuestas-para-vivir-el-finde-en-chascomus\/","title":{"rendered":"INTERESANTES PROPUESTAS PARA VIVIR EL FINDE EN CHASCOM\u00daS"},"content":{"rendered":"<h2 class=\"notaIntro\"><em>La Municipalidad de Chascom\u00fas da a conocer la agenda de actividades para disfrutar de nuestra ciudad, con muestras, paseos, islas gastron\u00f3micas, visitas guiadas y mucho m\u00e1s.<\/em><\/h2>\n<p class=\"notaTexto\"><strong>-Viernes 15<\/strong><br \/>\n<strong>-PASEO POR LA HISTORIA \u00abMUSEO PAMPEANO\u00bb<\/strong>. A las 10 horas. Actividad sin cargo. Previa inscripci\u00f3n, solicitando el link v\u00eda whatsApp al 2241-603414 o ingresando en el siguiente link: https:\/\/linktr.ee\/visitasguiadas.turismoch<br \/>\n<strong>-APERTURA MUESTRA 2024 \u201cNO TE PASES DE LA RAYA\u201d<\/strong> (En el marco del \u201cD\u00eda de la Mujer\u201d). A las 13 horas. En el Centro Cultural Municipal \u201cVieja Estaci\u00f3n\u201d. Podr\u00e1 visitarse hasta el 2 de abril de 2024, de lunes a viernes, de 9 a 15 hs. y s\u00e1bados, domingos y feriados, de 10 a 16 hs.<br \/>\n<strong>-\u00abECO GU\u00cdA DE LAS ENCADENADAS\u00bb<\/strong> (Pto. de encuentro Oficina de Informes Tur\u00edsticos). A las 15 horas. Actividad sin cargo. Previa inscripci\u00f3n, solicitando el link v\u00eda whatsApp al 2241-603414 o ingresando en el siguiente link: https:\/\/linktr.ee\/visitasguiadas.turismoch<br \/>\n<strong>-APERTURA MUESTRA PICT\u00d3RICA \u201cARROCEROS\u201d<\/strong> de Carolina Etchepare. A las 18 horas. En el Museo Pampeano.<\/p>\n<p><strong>-S\u00e1bado 16<\/strong><br \/>\n<strong>-MUESTRA PICT\u00d3RICA \u201cARROCEROS\u201d<\/strong> de Carolina Etchepare. De 10 a 16 horas. En el Museo Pampeano.<br \/>\n<strong>-MUESTRA 2024 \u201cNO TE PASES DE LA RAYA\u201d<\/strong>. De 10 a 16 horas. En el Centro Cultural Municipal \u201cVieja Estaci\u00f3n\u201d.<br \/>\n<strong>-VISITA GUIADA \u00abCASCO HIST\u00d3RICO\u201d<\/strong>. A las 11 horas. Actividad sin cargo. Previa inscripci\u00f3n, solicitando el link v\u00eda whatsApp al 2241-603414 o ingresando en el siguiente link: https:\/\/linktr.ee\/visitasguiadas.turismoch<br \/>\n<strong>-VISITA GUIADA \u201cCAMINO DE SANTIAGO\u201d<\/strong>. A las 17 horas. \u00a1Se invita a experimentar la espiritualidad y la belleza de una de las rutas de peregrinaci\u00f3n m\u00e1s importantes del mundo! Recorremos la ciudad en busca del Moj\u00f3n del Camino de Santiago, s\u00edmbolo del hermanamiento entre Chascom\u00fas y Lal\u00edn.<br \/>\nActividad sin cargo. Previa inscripci\u00f3n, solicitando el link v\u00eda whatsApp al 2241-603414 o ingresando en el siguiente link: https:\/\/linktr.ee\/visitasguiadas.turismoch<br \/>\n<strong>-MUESTRA FOTOGR\u00c1FICA PERMANENTE \u201cHISTORIA DEL MUSEO FERROVIARIO CHASCOM\u00daS\u00bb<\/strong>. De 10 a 16hs. En el Centro Cultural Municipal Vieja Estaci\u00f3n. (Calle Belgrano 344). Se trata de una exposici\u00f3n de fotos, donde se encuentra la imagen m\u00e1s antigua que data del 1875.<br \/>\n<strong>&#8211; ISLA GASTRON\u00d3MICA \u201cLA CASUARINA\u201d<\/strong>. De 10 a 24 hs. en Av. Costanera Espa\u00f1a y Azul.<br \/>\n<strong>&#8211; ISLA GASTRON\u00d3MICA \u201cLAS PALMERAS\u201d<\/strong>. De 10 a 24 hs. Av. Costanera Espa\u00f1a y Carmen de Areco.<br \/>\n<strong>&#8211; PASEO DE ARTESANOS Y EMPRENDEDORES<\/strong>. De 10 a 22 hs. Artesan\u00edas y productos locales. Pte. Per\u00f3n y Costanera Espa\u00f1a.<\/p>\n<p><strong>-Domingo 17<\/strong><br \/>\n<strong>-MUESTRA PICT\u00d3RICA \u201cARROCEROS\u201d<\/strong> de Carolina Etchepare. De 10 a 16 horas. En el Museo Pampeano.<br \/>\n<strong>-MUESTRA 2024 \u201cNO TE PASES DE LA RAYA\u201d<\/strong>. De 10 a 16 horas. En el Centro Cultural Municipal \u201cVieja Estaci\u00f3n\u201d.<br \/>\n<strong>-PASEO POR LA HISTORIA \u00abMUSEO FERROVIARIO\u00bb<\/strong>. A las 11 horas. Actividad sin cargo. Previa inscripci\u00f3n, solicitando el link v\u00eda whatsApp al 2241-603414 o ingresando en el siguiente link: https:\/\/linktr.ee\/visitasguiadas.turismoch<br \/>\n<strong>-VISITA ECO GUIA DE LAS ENCADENADAS<\/strong>. A las 17 horas. Actividad sin cargo. Previa inscripci\u00f3n, solicitando el link v\u00eda whatsApp al 2241-603414 o ingresando en el siguiente link: https:\/\/linktr.ee\/visitasguiadas.turismoch<br \/>\n<strong>-MUESTRA FOTOGR\u00c1FICA PERMANENTE \u201cHISTORIA DEL MUSEO FERROVIARIO CHASCOM\u00daS\u00bb<\/strong>. De 10 a 16hs. En el Centro Cultural Municipal Vieja Estaci\u00f3n. (Calle Belgrano 344). Se trata de una exposici\u00f3n de fotos, donde se encuentra la imagen m\u00e1s antigua que data del 1875.<br \/>\n<strong>&#8211; ISLA GASTRON\u00d3MICA \u201cLA CASUARINA\u201d.<\/strong> De 10 a 24 hs. en Av. Costanera Espa\u00f1a y Azul.<br \/>\n<strong>&#8211; ISLA GASTRON\u00d3MICA \u201cLAS PALMERAS\u201d<\/strong>. De 10 a 24 hs. Av. Costanera Espa\u00f1a y Carmen de Areco.<br \/>\n<strong>&#8211; PASEO DE ARTESANOS Y EMPRENDEDORES<\/strong>. De 10 a 22 hs. Artesan\u00edas y productos locales. Pte. Per\u00f3n y Costanera Espa\u00f1a.<\/p>\n","protected":false},"excerpt":{"rendered":"<div class=\"mh-excerpt\"><p>La Municipalidad de Chascom\u00fas da a conocer la agenda de actividades para disfrutar de nuestra ciudad, con muestras, paseos, islas gastron\u00f3micas, visitas guiadas y mucho m\u00e1s. -Viernes 15 -PASEO POR LA HISTORIA \u00abMUSEO PAMPEANO\u00bb. A <a class=\"mh-excerpt-more\" href=\"https:\/\/larevistadigital.com.ar\/blog\/interesantes-propuestas-para-vivir-el-finde-en-chascomus\/\" title=\"INTERESANTES PROPUESTAS PARA VIVIR EL FINDE EN CHASCOM\u00daS\">[Leer M\u00e1s]<\/a><\/p>\n<\/div>","protected":false},"author":3,"featured_media":35554,"comment_status":"open","ping_status":"open","sticky":false,"template":"","format":"standard","meta":{"_jetpack_memberships_contains_paid_content":false,"footnotes":"","jetpack_publicize_message":"","jetpack_publicize_feature_enabled":true,"jetpack_social_post_already_shared":true,"jetpack_social_options":{"image_generator_settings":{"template":"highway","default_image_id":0,"font":"","enabled":false},"version":2}},"categories":[50],"tags":[],"class_list":{"0":"post-35553","1":"post","2":"type-post","3":"status-publish","4":"format-standard","5":"has-post-thumbnail","7":"category-interes-general"},"jetpack_publicize_connections":[],"jetpack_featured_media_url":"https:\/\/i0.wp.com\/larevistadigital.com.ar\/blog\/wp-content\/uploads\/2024_03_15_01_11_42_609549.jpg?fit=600%2C401&ssl=1","jetpack_sharing_enabled":true,"jetpack_shortlink":"https:\/\/wp.me\/p8qtrQ-9fr","jetpack-related-posts":[{"id":36261,"url":"https:\/\/larevistadigital.com.ar\/blog\/propuestas-para-disfrutar-el-finde-en-chascomus\/","url_meta":{"origin":35553,"position":0},"title":"PROPUESTAS PARA DISFRUTAR EL FINDE EN CHASCOM\u00daS","author":"Alejandro Sosa Ruda","date":"7 junio, 2024","format":false,"excerpt":"Este fin de semana suben al escenario del Teatro Municipal Brazzola, los afamados actores Pablo Echarri, Fern\u00e1n Miras y Martin Slipak, bajo la direcci\u00f3n de Ricardo Dar\u00edn y Germ\u00e1n Palacios, con la obra \u201cART\u201d, entre otras atractivas propuestas. Viernes 7 -EXPOSICI\u00d3N DE OBRAS GANADORAS Y CON MENCI\u00d3N ESPECIAL DEL CONCURSO\u2026","rel":"","context":"En \u00abINTERES GENERAL\u00bb","block_context":{"text":"INTERES GENERAL","link":"https:\/\/larevistadigital.com.ar\/blog\/category\/interes-general\/"},"img":{"alt_text":"","src":"https:\/\/i0.wp.com\/larevistadigital.com.ar\/blog\/wp-content\/uploads\/2024_06_07_01_26_06_6914177.jpg?fit=600%2C377&ssl=1&resize=350%2C200","width":350,"height":200,"srcset":"https:\/\/i0.wp.com\/larevistadigital.com.ar\/blog\/wp-content\/uploads\/2024_06_07_01_26_06_6914177.jpg?fit=600%2C377&ssl=1&resize=350%2C200 1x, https:\/\/i0.wp.com\/larevistadigital.com.ar\/blog\/wp-content\/uploads\/2024_06_07_01_26_06_6914177.jpg?fit=600%2C377&ssl=1&resize=525%2C300 1.5x"},"classes":[]},{"id":36471,"url":"https:\/\/larevistadigital.com.ar\/blog\/mucho-arte-y-cultura-para-un-finde-que-se-anuncia-fresco-en-chascomus\/","url_meta":{"origin":35553,"position":1},"title":"MUCHO ARTE Y CULTURA PARA UN FINDE QUE SE ANUNCIA FRESCO EN CHASCOM\u00daS","author":"Alejandro Sosa Ruda","date":"28 junio, 2024","format":false,"excerpt":"Este finde podr\u00e1s disfrutar de distintas propuestas culturales y recreativas, en el marco de \u201cChascom\u00fas todo el a\u00f1o\u201d. 28 De Junio de 2024 CHASCOM\u00daS -\u00a0 El s\u00e1bado, particularmente, tendremos oportunidad de deleitarnos con Concierto de M\u00fasica de C\u00e1mara que brindar\u00e1n integrantes del Programa de Formaci\u00f3n Profesional, que se desarrolla en\u2026","rel":"","context":"En \u00abINTERES GENERAL\u00bb","block_context":{"text":"INTERES GENERAL","link":"https:\/\/larevistadigital.com.ar\/blog\/category\/interes-general\/"},"img":{"alt_text":"","src":"https:\/\/i0.wp.com\/larevistadigital.com.ar\/blog\/wp-content\/uploads\/2024_06_28_02_05_51_6859549.jpeg?fit=600%2C400&ssl=1&resize=350%2C200","width":350,"height":200,"srcset":"https:\/\/i0.wp.com\/larevistadigital.com.ar\/blog\/wp-content\/uploads\/2024_06_28_02_05_51_6859549.jpeg?fit=600%2C400&ssl=1&resize=350%2C200 1x, https:\/\/i0.wp.com\/larevistadigital.com.ar\/blog\/wp-content\/uploads\/2024_06_28_02_05_51_6859549.jpeg?fit=600%2C400&ssl=1&resize=525%2C300 1.5x"},"classes":[]},{"id":36572,"url":"https:\/\/larevistadigital.com.ar\/blog\/atractivas-propuestas-para-este-fin-de-semana\/","url_meta":{"origin":35553,"position":2},"title":"ATRACTIVAS PROPUESTAS PARA ESTE FIN DE SEMANA","author":"Alejandro Sosa Ruda","date":"3 julio, 2024","format":false,"excerpt":"As\u00ed se puede disfrutar de \u201cChascom\u00fas, todo el a\u00f1o\u201d, con una variada agenda de actividades recreativas y culturales para toda la familia. 03 de Julio de 2024 CHASCOM\u00daS -\u00a0 Para iniciar el fin de semana, los chascomunenses recibiremos la visita del reconocido actor Luis Mach\u00edn, quien en el personaje del\u2026","rel":"","context":"En \u00abINTERES GENERAL\u00bb","block_context":{"text":"INTERES GENERAL","link":"https:\/\/larevistadigital.com.ar\/blog\/category\/interes-general\/"},"img":{"alt_text":"","src":"https:\/\/i0.wp.com\/larevistadigital.com.ar\/blog\/wp-content\/uploads\/2024_07_04_01_22_34_9909451.jpg?fit=600%2C401&ssl=1&resize=350%2C200","width":350,"height":200,"srcset":"https:\/\/i0.wp.com\/larevistadigital.com.ar\/blog\/wp-content\/uploads\/2024_07_04_01_22_34_9909451.jpg?fit=600%2C401&ssl=1&resize=350%2C200 1x, https:\/\/i0.wp.com\/larevistadigital.com.ar\/blog\/wp-content\/uploads\/2024_07_04_01_22_34_9909451.jpg?fit=600%2C401&ssl=1&resize=525%2C300 1.5x"},"classes":[]},{"id":36132,"url":"https:\/\/larevistadigital.com.ar\/blog\/para-disfrutar-chascomus-todo-el-ano-se-viene-otro-finde-con-muchas-propuestas\/","url_meta":{"origin":35553,"position":3},"title":"PARA DISFRUTAR CHASCOM\u00daS TODO EL A\u00d1O, SE VIENE OTRO FINDE CON MUCHAS PROPUESTAS","author":"Alejandro Sosa Ruda","date":"24 mayo, 2024","format":false,"excerpt":"Los chascomunenses y quienes visiten la ciudad, tendr\u00e1n oportunidad de vivir un fin de semana matizado por los colores patrios, con variadas propuestas para entretenerse a lo grande. 24 de Mayo de 2024 CHASCOM\u00daS -\u00a0 Los que gustan del arte pict\u00f3rico, podr\u00e1n recorrer muestras en distintos espacios patrimoniales como la\u2026","rel":"","context":"En \u00abCHASCOM\u00daS\u00bb","block_context":{"text":"CHASCOM\u00daS","link":"https:\/\/larevistadigital.com.ar\/blog\/category\/chascomus\/"},"img":{"alt_text":"","src":"https:\/\/i0.wp.com\/larevistadigital.com.ar\/blog\/wp-content\/uploads\/2024_05_24_01_33_55_6258994.jpg?fit=600%2C400&ssl=1&resize=350%2C200","width":350,"height":200,"srcset":"https:\/\/i0.wp.com\/larevistadigital.com.ar\/blog\/wp-content\/uploads\/2024_05_24_01_33_55_6258994.jpg?fit=600%2C400&ssl=1&resize=350%2C200 1x, https:\/\/i0.wp.com\/larevistadigital.com.ar\/blog\/wp-content\/uploads\/2024_05_24_01_33_55_6258994.jpg?fit=600%2C400&ssl=1&resize=525%2C300 1.5x"},"classes":[]},{"id":42181,"url":"https:\/\/larevistadigital.com.ar\/blog\/este-finde-chascomus-te-espera-con-muchas-propuestas\/","url_meta":{"origin":35553,"position":4},"title":"Este finde Chascom\u00fas te espera con muchas propuestas","author":"Alejandro Sosa Ruda","date":"23 octubre, 2025","format":false,"excerpt":"Adem\u00e1s de disfrutar de sus hermosos espacios verdes y de la naturaleza tom\u00e1ndose unos mates a orillas de la laguna, Chascom\u00fas tambi\u00e9n te espera con una amplia y variada agenda de actividades y espect\u00e1culos. Jueves 23 de octubre -MUESTRA FOTOGR\u00c1FICA - IM\u00c1GENES ANTIGUAS DE DIFERENTES SITIOS HIST\u00d3RICOS DE CHASCOM\u00daS. De\u2026","rel":"","context":"En \u00abCHASCOM\u00daS\u00bb","block_context":{"text":"CHASCOM\u00daS","link":"https:\/\/larevistadigital.com.ar\/blog\/category\/chascomus\/"},"img":{"alt_text":"","src":"https:\/\/i0.wp.com\/larevistadigital.com.ar\/blog\/wp-content\/uploads\/68fa58734b1bc.png?fit=668%2C445&ssl=1&resize=350%2C200","width":350,"height":200,"srcset":"https:\/\/i0.wp.com\/larevistadigital.com.ar\/blog\/wp-content\/uploads\/68fa58734b1bc.png?fit=668%2C445&ssl=1&resize=350%2C200 1x, https:\/\/i0.wp.com\/larevistadigital.com.ar\/blog\/wp-content\/uploads\/68fa58734b1bc.png?fit=668%2C445&ssl=1&resize=525%2C300 1.5x"},"classes":[]},{"id":37217,"url":"https:\/\/larevistadigital.com.ar\/blog\/chascomus-fin-de-semana-con-muchas-propuestas-y-actividades\/","url_meta":{"origin":35553,"position":5},"title":"Chascom\u00fas: Fin de semana con muchas propuestas y actividades","author":"Alejandro Sosa Ruda","date":"13 septiembre, 2024","format":false,"excerpt":"Una nueva oportunidad para disfrutar Chascom\u00fas, todo el a\u00f1o. 13 de Septiembre de 2024 CHASCOM\u00daS -\u00a0 Los chascomunenses y quienes visiten la ciudad, tendr\u00e1n oportunidad de vivir un fin de semana, con variadas propuestas para entretenerse a lo grande. Los que gustan del arte, podr\u00e1n recorrer muestras en distintos espacios\u2026","rel":"","context":"En \u00abINTERES GENERAL\u00bb","block_context":{"text":"INTERES GENERAL","link":"https:\/\/larevistadigital.com.ar\/blog\/category\/interes-general\/"},"img":{"alt_text":"","src":"https:\/\/i0.wp.com\/larevistadigital.com.ar\/blog\/wp-content\/uploads\/66e31f77a25c9.png?fit=668%2C445&ssl=1&resize=350%2C200","width":350,"height":200,"srcset":"https:\/\/i0.wp.com\/larevistadigital.com.ar\/blog\/wp-content\/uploads\/66e31f77a25c9.png?fit=668%2C445&ssl=1&resize=350%2C200 1x, https:\/\/i0.wp.com\/larevistadigital.com.ar\/blog\/wp-content\/uploads\/66e31f77a25c9.png?fit=668%2C445&ssl=1&resize=525%2C300 1.5x"},"classes":[]}],"_links":{"self":[{"href":"https:\/\/larevistadigital.com.ar\/blog\/wp-json\/wp\/v2\/posts\/35553","targetHints":{"allow":["GET"]}}],"collection":[{"href":"https:\/\/larevistadigital.com.ar\/blog\/wp-json\/wp\/v2\/posts"}],"about":[{"href":"https:\/\/larevistadigital.com.ar\/blog\/wp-json\/wp\/v2\/types\/post"}],"author":[{"embeddable":true,"href":"https:\/\/larevistadigital.com.ar\/blog\/wp-json\/wp\/v2\/users\/3"}],"replies":[{"embeddable":true,"href":"https:\/\/larevistadigital.com.ar\/blog\/wp-json\/wp\/v2\/comments?post=35553"}],"version-history":[{"count":1,"href":"https:\/\/larevistadigital.com.ar\/blog\/wp-json\/wp\/v2\/posts\/35553\/revisions"}],"predecessor-version":[{"id":35555,"href":"https:\/\/larevistadigital.com.ar\/blog\/wp-json\/wp\/v2\/posts\/35553\/revisions\/35555"}],"wp:featuredmedia":[{"embeddable":true,"href":"https:\/\/larevistadigital.com.ar\/blog\/wp-json\/wp\/v2\/media\/35554"}],"wp:attachment":[{"href":"https:\/\/larevistadigital.com.ar\/blog\/wp-json\/wp\/v2\/media?parent=35553"}],"wp:term":[{"taxonomy":"category","embeddable":true,"href":"https:\/\/larevistadigital.com.ar\/blog\/wp-json\/wp\/v2\/categories?post=35553"},{"taxonomy":"post_tag","embeddable":true,"href":"https:\/\/larevistadigital.com.ar\/blog\/wp-json\/wp\/v2\/tags?post=35553"}],"curies":[{"name":"wp","href":"https:\/\/api.w.org\/{rel}","templated":true}]}}