{"id":35558,"date":"2024-03-15T09:11:02","date_gmt":"2024-03-15T12:11:02","guid":{"rendered":"https:\/\/larevistadigital.com.ar\/blog\/?p=35558"},"modified":"2024-03-15T09:11:02","modified_gmt":"2024-03-15T12:11:02","slug":"historia-que-se-repite-feroz-ataque-de-pitbull-a-una-abuela","status":"publish","type":"post","link":"https:\/\/larevistadigital.com.ar\/blog\/historia-que-se-repite-feroz-ataque-de-pitbull-a-una-abuela\/","title":{"rendered":"HISTORIA QUE SE REPITE: FEROZ ATAQUE DE PITBULL A UNA ABUELA"},"content":{"rendered":"<h2 class=\"fparrafo ctext fz18 lh25\">En un hecho verdaderamente conmocionante, en el barrio San Francisco de Florencio Varela, la vida de Norma Montenegro, de 77 a\u00f1os, cambi\u00f3 para siempre. A metros de su hogar, fue atacada brutalmente por cinco feroces perros pitbull, y qued\u00f3 al borde de la muerte.<\/h2>\n<p>15 de Marzo de 2024<\/p>\n<p><strong>FLORENCIO VARELA &#8211;<\/strong>\u00a0 Seg\u00fan el relato desgarrador de su hija,\u00a0<strong>Vanesa Montenegro<\/strong>, <strong>Norma<\/strong> se encontraba realizando una tarea cotidiana: cortar pasto para sus gallinas en la vereda de enfrente del domicilio donde habitan estos peligrosos perros. Sin previo aviso, uno de ellos sali\u00f3 del hogar y la embisti\u00f3, seguido por otros cuatro. El ataque fue salvaje, dejando a <strong>Norma<\/strong> con m\u00faltiples fracturas, incluidos brazos quebrados con fractura expuesta, heridas en la cabeza y un hombro dislocado.<\/p>\n<blockquote>\n<h3>Vanesa, visiblemente afectada por la tragedia que golpe\u00f3 a su familia, en di\u00e1logo con Infosur, expres\u00f3: <em>\u00abMi mam\u00e1 tiene sus brazos quebrados con fractura expuesta, le reconstruyeron la boca, le aplicaron puntos en la cabeza detr\u00e1s de la oreja y le sacaron un hombro de lugar\u00bb.<\/em><\/h3>\n<\/blockquote>\n<p>La situaci\u00f3n ya fue puesta en manos de la fiscal\u00eda local, con el firme pedido de que se tomen medidas urgentes para evitar futuros incidentes similares.<\/p>\n<blockquote>\n<h3>Sin embargo, el drama no termina all\u00ed. Vanesa tambi\u00e9n se\u00f1al\u00f3 la falta de ayuda por parte de los propietarios de los canes en cuanto a medicamentos y asistencia para su madre, sumando una capa de desesperaci\u00f3n a la ya angustiante situaci\u00f3n.<\/h3>\n<\/blockquote>\n<p><strong>Norma<\/strong> se encuentra internada en el hospital local recuper\u00e1ndose de las heridas que recibi\u00f3.<\/p>\n<p>La poblaci\u00f3n de San Francisco se encuentra consternada por el suceso, mostrando solidaridad con Norma y su familia en estos momentos dif\u00edciles. (<b>InfoGEI<\/b>)Ac<\/p>\n","protected":false},"excerpt":{"rendered":"<div class=\"mh-excerpt\"><p>En un hecho verdaderamente conmocionante, en el barrio San Francisco de Florencio Varela, la vida de Norma Montenegro, de 77 a\u00f1os, cambi\u00f3 para siempre. A metros de su hogar, fue atacada brutalmente por cinco feroces <a class=\"mh-excerpt-more\" href=\"https:\/\/larevistadigital.com.ar\/blog\/historia-que-se-repite-feroz-ataque-de-pitbull-a-una-abuela\/\" title=\"HISTORIA QUE SE REPITE: FEROZ ATAQUE DE PITBULL A UNA ABUELA\">[Leer M\u00e1s]<\/a><\/p>\n<\/div>","protected":false},"author":3,"featured_media":35559,"comment_status":"open","ping_status":"open","sticky":false,"template":"","format":"standard","meta":{"_jetpack_memberships_contains_paid_content":false,"footnotes":"","jetpack_publicize_message":"","jetpack_publicize_feature_enabled":true,"jetpack_social_post_already_shared":true,"jetpack_social_options":{"image_generator_settings":{"template":"highway","default_image_id":0,"font":"","enabled":false},"version":2}},"categories":[44,51],"tags":[],"class_list":{"0":"post-35558","1":"post","2":"type-post","3":"status-publish","4":"format-standard","5":"has-post-thumbnail","7":"category-policiales","8":"category-regionales"},"jetpack_publicize_connections":[],"jetpack_featured_media_url":"https:\/\/i0.wp.com\/larevistadigital.com.ar\/blog\/wp-content\/uploads\/20240314150019_ataque-perros-pitbull.jpg?fit=880%2C512&ssl=1","jetpack_sharing_enabled":true,"jetpack_shortlink":"https:\/\/wp.me\/p8qtrQ-9fw","jetpack-related-posts":[{"id":11154,"url":"https:\/\/larevistadigital.com.ar\/blog\/terrible-persiguio-a-su-ex-mujer-con-el-auto-la-choco-se-bajo-y-la-mato-a-punaladas\/","url_meta":{"origin":35558,"position":0},"title":"TERRIBLE: PERSIGUI\u00d3 A SU EX MUJER CON EL AUTO, LA CHOC\u00d3, SE BAJ\u00d3 Y LA MAT\u00d3 A PU\u00d1ALADAS","author":"Alejandro Sosa Ruda","date":"9 julio, 2019","format":false,"excerpt":"El femicidio ocurri\u00f3 en Florencio Varela. El atacante intent\u00f3 suicidarse haci\u00e9ndose atropellar por un tren, pero sobrevivi\u00f3 y fue detenido. Una mujer de 42 a\u00f1os fue asesinada por su ex pareja quien la sorprendi\u00f3 con el novio, la persigui\u00f3 con el auto, la choc\u00f3, se baj\u00f3 y la atac\u00f3 a\u2026","rel":"","context":"En \u00abREGIONALES\u00bb","block_context":{"text":"REGIONALES","link":"https:\/\/larevistadigital.com.ar\/blog\/category\/regionales\/"},"img":{"alt_text":"","src":"https:\/\/i0.wp.com\/larevistadigital.com.ar\/blog\/wp-content\/uploads\/20190709_001653.jpg?fit=1080%2C596&ssl=1&resize=350%2C200","width":350,"height":200,"srcset":"https:\/\/i0.wp.com\/larevistadigital.com.ar\/blog\/wp-content\/uploads\/20190709_001653.jpg?fit=1080%2C596&ssl=1&resize=350%2C200 1x, https:\/\/i0.wp.com\/larevistadigital.com.ar\/blog\/wp-content\/uploads\/20190709_001653.jpg?fit=1080%2C596&ssl=1&resize=525%2C300 1.5x, https:\/\/i0.wp.com\/larevistadigital.com.ar\/blog\/wp-content\/uploads\/20190709_001653.jpg?fit=1080%2C596&ssl=1&resize=700%2C400 2x, https:\/\/i0.wp.com\/larevistadigital.com.ar\/blog\/wp-content\/uploads\/20190709_001653.jpg?fit=1080%2C596&ssl=1&resize=1050%2C600 3x"},"classes":[]},{"id":33054,"url":"https:\/\/larevistadigital.com.ar\/blog\/la-plata-una-joven-fue-salvajemente-atacado-por-tres-perros-pitbull\/","url_meta":{"origin":35558,"position":1},"title":"LA PLATA: UNA JOVEN FUE SALVAJEMENTE ATACADO POR TRES PERROS P\u00cdTBULL","author":"Alejandro Sosa Ruda","date":"27 agosto, 2023","format":false,"excerpt":"La v\u00edctima debi\u00f3 ser asistida por personal del SAME. La joven herida est\u00e1 fuera de peligro, aunque tiene heridas en diferentes partes de su cuerpo. 27 de agosto de 2023 LA PLATA -\u00a0 Una joven de 19 a\u00f1os fue v\u00edctima este s\u00e1bado al mediod\u00eda de un salvaje ataque por parte\u2026","rel":"","context":"En \u00abREGIONALES\u00bb","block_context":{"text":"REGIONALES","link":"https:\/\/larevistadigital.com.ar\/blog\/category\/regionales\/"},"img":{"alt_text":"","src":"https:\/\/i0.wp.com\/larevistadigital.com.ar\/blog\/wp-content\/uploads\/20230826175533_pitbull.jpg?fit=880%2C512&ssl=1&resize=350%2C200","width":350,"height":200,"srcset":"https:\/\/i0.wp.com\/larevistadigital.com.ar\/blog\/wp-content\/uploads\/20230826175533_pitbull.jpg?fit=880%2C512&ssl=1&resize=350%2C200 1x, https:\/\/i0.wp.com\/larevistadigital.com.ar\/blog\/wp-content\/uploads\/20230826175533_pitbull.jpg?fit=880%2C512&ssl=1&resize=525%2C300 1.5x, https:\/\/i0.wp.com\/larevistadigital.com.ar\/blog\/wp-content\/uploads\/20230826175533_pitbull.jpg?fit=880%2C512&ssl=1&resize=700%2C400 2x"},"classes":[]},{"id":34122,"url":"https:\/\/larevistadigital.com.ar\/blog\/varela-dogo-argentino-defendio-a-una-mujer-del-ataque-de-su-pareja\/","url_meta":{"origin":35558,"position":2},"title":"VARELA: DOGO ARGENTINO DEFENDI\u00d3 A UNA MUJER DEL ATAQUE DE SU PAREJA","author":"Alejandro Sosa Ruda","date":"19 octubre, 2023","format":false,"excerpt":"El animal sali\u00f3 en defensa de una mujer que estaba siendo agredida por su pareja, un hombre de 77 a\u00f1os, y lo enfrent\u00f3 mordi\u00e9ndolo en las piernas y brazos. 19 de Octubre de 2023 FLORENCIO VARELA -\u00a0 \u00a0Un perro se convirti\u00f3 en el h\u00e9roe de una situaci\u00f3n violenta en Florencio\u2026","rel":"","context":"En \u00abREGIONALES\u00bb","block_context":{"text":"REGIONALES","link":"https:\/\/larevistadigital.com.ar\/blog\/category\/regionales\/"},"img":{"alt_text":"","src":"https:\/\/i0.wp.com\/larevistadigital.com.ar\/blog\/wp-content\/uploads\/20231019165139_0208dogo-argentino-1124972.jpg?fit=880%2C512&ssl=1&resize=350%2C200","width":350,"height":200,"srcset":"https:\/\/i0.wp.com\/larevistadigital.com.ar\/blog\/wp-content\/uploads\/20231019165139_0208dogo-argentino-1124972.jpg?fit=880%2C512&ssl=1&resize=350%2C200 1x, https:\/\/i0.wp.com\/larevistadigital.com.ar\/blog\/wp-content\/uploads\/20231019165139_0208dogo-argentino-1124972.jpg?fit=880%2C512&ssl=1&resize=525%2C300 1.5x, https:\/\/i0.wp.com\/larevistadigital.com.ar\/blog\/wp-content\/uploads\/20231019165139_0208dogo-argentino-1124972.jpg?fit=880%2C512&ssl=1&resize=700%2C400 2x"},"classes":[]},{"id":8842,"url":"https:\/\/larevistadigital.com.ar\/blog\/terrible-pitbull-mato-a-nena-de-2-anos\/","url_meta":{"origin":35558,"position":3},"title":"TERRIBLE:  PITBULL MAT\u00d3 A NENA DE 2 A\u00d1OS","author":"Alejandro Sosa Ruda","date":"3 marzo, 2019","format":false,"excerpt":"Una verdadera tragedia conmocion\u00f3 a los vecinos de todo el barrio. El animal, que ten\u00eda antecedentes de violencia, estaba encadenado en el fondo de la casa y logr\u00f3 atacar a la peque\u00f1a cuando estaba jugando en el patio. Una desgarradora tragedia conmociona a los vecinos de Florencio Varela, donde un\u2026","rel":"","context":"En \u00abPOLICIALES\u00bb","block_context":{"text":"POLICIALES","link":"https:\/\/larevistadigital.com.ar\/blog\/category\/policiales\/"},"img":{"alt_text":"","src":"https:\/\/i0.wp.com\/larevistadigital.com.ar\/blog\/wp-content\/uploads\/2019\/03\/pitbull-terrier.jpg?fit=800%2C445&ssl=1&resize=350%2C200","width":350,"height":200,"srcset":"https:\/\/i0.wp.com\/larevistadigital.com.ar\/blog\/wp-content\/uploads\/2019\/03\/pitbull-terrier.jpg?fit=800%2C445&ssl=1&resize=350%2C200 1x, https:\/\/i0.wp.com\/larevistadigital.com.ar\/blog\/wp-content\/uploads\/2019\/03\/pitbull-terrier.jpg?fit=800%2C445&ssl=1&resize=525%2C300 1.5x, https:\/\/i0.wp.com\/larevistadigital.com.ar\/blog\/wp-content\/uploads\/2019\/03\/pitbull-terrier.jpg?fit=800%2C445&ssl=1&resize=700%2C400 2x"},"classes":[]},{"id":21714,"url":"https:\/\/larevistadigital.com.ar\/blog\/video-hasta-cuando-van-a-pasar-estas-cosas-violento-ataque-de-tres-pitbull-a-una-muer-que-pasaba-caminando\/","url_meta":{"origin":35558,"position":4},"title":"[VIDEO] \u00bfHASTA CU\u00c1NDO VAN A PASAR ESTAS COSAS?: VIOLENTO ATAQUE DE TRES PITBULL A UNA MUER QUE PASABA CAMINANDO","author":"Alejandro Sosa Ruda","date":"25 agosto, 2021","format":false,"excerpt":"SAN MART\u00cdN - Una mujer\u00a0de unos 50 a\u00f1os sufri\u00f3 un\u00a0feroz ataque\u00a0por parte de\u00a0tres perros de raza pitbull, cuando caminaba por una vereda de la localidad bonaerense de\u00a0San Mart\u00edn.\u00a0La v\u00edctima recibi\u00f3 varios puntos de sutura en sus miembros. Si no fuera por la r\u00e1pida intervenci\u00f3n de los vecinos, que intentaron alejar\u2026","rel":"","context":"En \u00abINTERES GENERAL\u00bb","block_context":{"text":"INTERES GENERAL","link":"https:\/\/larevistadigital.com.ar\/blog\/category\/interes-general\/"},"img":{"alt_text":"","src":"https:\/\/i0.wp.com\/larevistadigital.com.ar\/blog\/wp-content\/uploads\/ataque-pitbull.jpg?fit=748%2C435&ssl=1&resize=350%2C200","width":350,"height":200,"srcset":"https:\/\/i0.wp.com\/larevistadigital.com.ar\/blog\/wp-content\/uploads\/ataque-pitbull.jpg?fit=748%2C435&ssl=1&resize=350%2C200 1x, https:\/\/i0.wp.com\/larevistadigital.com.ar\/blog\/wp-content\/uploads\/ataque-pitbull.jpg?fit=748%2C435&ssl=1&resize=525%2C300 1.5x, https:\/\/i0.wp.com\/larevistadigital.com.ar\/blog\/wp-content\/uploads\/ataque-pitbull.jpg?fit=748%2C435&ssl=1&resize=700%2C400 2x"},"classes":[]},{"id":34352,"url":"https:\/\/larevistadigital.com.ar\/blog\/corrupcion-5-polinarcos-presos-en-florencio-varela\/","url_meta":{"origin":35558,"position":5},"title":"CORRUPCI\u00d3N: 5 \u00abPOLINARCOS\u00bb PRESOS EN FLORENCIO VARELA","author":"Alejandro Sosa Ruda","date":"4 noviembre, 2023","format":false,"excerpt":"Las detenciones se llevaron a cabo en las Comisar\u00edas de Lan\u00fas y Avellaneda, a donde hab\u00edan sido trasladados recientemente los agentes en un intento de reestructuraci\u00f3n de la fuerza. 04 de noviembre de 2023 FLORENCIO VARELA -\u00a0 Cinco agentes de la polic\u00eda de Florencio Varela fueron detenidos \u00a0acusados \u200b\u200bde colaborar\u2026","rel":"","context":"En \u00abDESTACADAS\u00bb","block_context":{"text":"DESTACADAS","link":"https:\/\/larevistadigital.com.ar\/blog\/category\/destacadas\/"},"img":{"alt_text":"","src":"https:\/\/i0.wp.com\/larevistadigital.com.ar\/blog\/wp-content\/uploads\/20231103180037_comisaria.jpg?fit=880%2C512&ssl=1&resize=350%2C200","width":350,"height":200,"srcset":"https:\/\/i0.wp.com\/larevistadigital.com.ar\/blog\/wp-content\/uploads\/20231103180037_comisaria.jpg?fit=880%2C512&ssl=1&resize=350%2C200 1x, https:\/\/i0.wp.com\/larevistadigital.com.ar\/blog\/wp-content\/uploads\/20231103180037_comisaria.jpg?fit=880%2C512&ssl=1&resize=525%2C300 1.5x, https:\/\/i0.wp.com\/larevistadigital.com.ar\/blog\/wp-content\/uploads\/20231103180037_comisaria.jpg?fit=880%2C512&ssl=1&resize=700%2C400 2x"},"classes":[]}],"_links":{"self":[{"href":"https:\/\/larevistadigital.com.ar\/blog\/wp-json\/wp\/v2\/posts\/35558","targetHints":{"allow":["GET"]}}],"collection":[{"href":"https:\/\/larevistadigital.com.ar\/blog\/wp-json\/wp\/v2\/posts"}],"about":[{"href":"https:\/\/larevistadigital.com.ar\/blog\/wp-json\/wp\/v2\/types\/post"}],"author":[{"embeddable":true,"href":"https:\/\/larevistadigital.com.ar\/blog\/wp-json\/wp\/v2\/users\/3"}],"replies":[{"embeddable":true,"href":"https:\/\/larevistadigital.com.ar\/blog\/wp-json\/wp\/v2\/comments?post=35558"}],"version-history":[{"count":1,"href":"https:\/\/larevistadigital.com.ar\/blog\/wp-json\/wp\/v2\/posts\/35558\/revisions"}],"predecessor-version":[{"id":35560,"href":"https:\/\/larevistadigital.com.ar\/blog\/wp-json\/wp\/v2\/posts\/35558\/revisions\/35560"}],"wp:featuredmedia":[{"embeddable":true,"href":"https:\/\/larevistadigital.com.ar\/blog\/wp-json\/wp\/v2\/media\/35559"}],"wp:attachment":[{"href":"https:\/\/larevistadigital.com.ar\/blog\/wp-json\/wp\/v2\/media?parent=35558"}],"wp:term":[{"taxonomy":"category","embeddable":true,"href":"https:\/\/larevistadigital.com.ar\/blog\/wp-json\/wp\/v2\/categories?post=35558"},{"taxonomy":"post_tag","embeddable":true,"href":"https:\/\/larevistadigital.com.ar\/blog\/wp-json\/wp\/v2\/tags?post=35558"}],"curies":[{"name":"wp","href":"https:\/\/api.w.org\/{rel}","templated":true}]}}