{"id":35561,"date":"2024-03-15T09:31:38","date_gmt":"2024-03-15T12:31:38","guid":{"rendered":"https:\/\/larevistadigital.com.ar\/blog\/?p=35561"},"modified":"2024-03-15T09:31:38","modified_gmt":"2024-03-15T12:31:38","slug":"la-plata-el-ex-intendente-garro-se-suma-al-gobierno-de-milei-como-secretario-de-deportes","status":"publish","type":"post","link":"https:\/\/larevistadigital.com.ar\/blog\/la-plata-el-ex-intendente-garro-se-suma-al-gobierno-de-milei-como-secretario-de-deportes\/","title":{"rendered":"LA PLATA: EL EX INTENDENTE GARRO SE SUMA AL GOBIERNO DE MILEI COMO SECRETARIO DE DEPORTES"},"content":{"rendered":"<h2>Con el apoyo de Mauricio Macri, el exintendente de La Plata es el nuevo subsecretario de Deportes de la Naci\u00f3n.<\/h2>\n<p>15 de Marzo de 2024<\/p>\n<p><strong>LA PLATA &#8211;\u00a0<\/strong> El exintendente de La Plata, <strong>Julio Garro<\/strong>,\u00a0 se sum\u00f3 al gobierno nacional de <strong>La Libertad Avanza<\/strong>\u00a0<strong>(LLA)\u00a0<\/strong>y estar\u00e1 al frente de la Subsecretar\u00eda de Deportes de la Naci\u00f3n que dej\u00f3 vacante\u00a0<strong>Ricardo Schlieper<\/strong>. El \u00e1rea depende directamente de la Secretar\u00eda de Turimos, Ambiente y Deportes que conduce el exgobernador y exvicepresidente <b>Daniel Scioli.<\/b><\/p>\n<article class=\"article-body article-body--second-paragraph\">\n<blockquote>\n<h3>La decisi\u00f3n fue oficializada este viernes a trav\u00e9s del Bolet\u00edn Oficial, tras la publicaci\u00f3n del Decreto N\u00b0 249\/2024 del Ministerio del Interior de la Naci\u00f3n.<\/h3>\n<\/blockquote>\n<p><strong>\u00abDes\u00edgnase, a partir del 1\u00b0 de febrero de 2024, en el cargo de Subsecretario de Deportes de la SECRETAR\u00cdA DE TURISMO, AMBIENTE Y DEPORTES del MINISTERIO DEL INTERIOR al abogado Julio C\u00e9sar Garro\u00bb<\/strong>, reza el primer art\u00edculo de la norma, que oficializa de manera retroactiva la designaci\u00f3n del exmandatario platense como subsecretario de Estado.<\/p>\n<blockquote>\n<h3>Cabe recordar que la posibilidad ya resonaba desde hac\u00eda casi un mes, pero en el c\u00edrculo \u00edntimo del exintendente esperaban la confirmaci\u00f3n oficial de su designaci\u00f3n. El propio <strong>Garro<\/strong> hab\u00eda adelantado que <em><strong>\u00abser\u00eda un desaf\u00edo hermoso\u00bb<\/strong><\/em> ocupar ese puesto.<\/h3>\n<\/blockquote>\n<article class=\"article-body article-body--fifth-paragraph\">En la elecci\u00f3n, el v\u00ednculo del exintendente de La Plata con el expresidente de la Naci\u00f3n y figura central de\u00a0<strong>Propuesta Republicana (PRO)<\/strong>, <strong>Mauricio Macri<\/strong>\u00a0fue clave. Tras la salida de Schlieper, horas antes de que Scioli fuera nombrado como secretario de Turismo, Deportes y Ambiente, <strong>Macri<\/strong> comenz\u00f3 a gestionar el desembarco de <strong>Garro<\/strong> en la Rosada.<\/p>\n<\/article>\n<article class=\"article-body article-body--sixth-paragraph\">\n<blockquote>\n<h3>El exmandatario platense tiene un v\u00ednculo cercano a al expresidente gracias a la pol\u00edtica, pero tambi\u00e9n por la pasi\u00f3n por\u00a0<strong>Boca<\/strong>. Garro fue presidente de la filial xeneize de la ciudad y en las elecciones del club, a fines del a\u00f1o pasado, tuvo un rol activo en favor de la f\u00f3rmula\u00a0<strong>Andr\u00e9s Ibarra \u2013 Mauricio Macri<\/strong>\u00a0que termin\u00f3 perdiendo ante el oficialismo.<\/h3>\n<\/blockquote>\n<p>Semanas atr\u00e1s, respecto de su posible nombramiento en la Subscretar\u00eda de Deportes, <strong>Garro<\/strong> hab\u00eda asegurado: <strong><em>\u00abSon trascendidos, no hay nada firme\u00bb<\/em><\/strong>. A la vez que aclar\u00f3 que dicho nombramiento ser\u00eda para <strong><em>\u00abpoder ayudar a los clubes y empujar al deporte\u00bb<\/em><\/strong> en el pa\u00eds.<\/p>\n<p>Respecto de la posibilidad de integrar el gobierno de LLA, el ex intendente ya se hab\u00eda manifestado poco antes del traspaso de mando, o en diciembre de 2023, cuando, ante la pregunta del portal <strong>0221.com.ar<\/strong>\u00a0sobre si estar\u00eda dispuesto, asegur\u00f3: <em><strong>\u00abS\u00ed, pero quiero ser claro en esto: no lo har\u00eda por m\u00ed, lo har\u00eda si desde ese lugar puedo mejorarle algo a la gente\u00bb.<\/strong><\/em><\/p>\n<div id=\"450679-Libre-677639501_wrap\" class=\"embed_cont type_imagen\"><\/div>\n<\/article>\n<div id=\"sm-it-main-container-1710505318112\" class=\"sm-it-main-container\" data-it=\"e960717f-b946-4495-a8bd-96de3c1d2214\" data-device=\"desktop\" data-index=\"0\"><\/div>\n<\/article>\n","protected":false},"excerpt":{"rendered":"<div class=\"mh-excerpt\"><p>Con el apoyo de Mauricio Macri, el exintendente de La Plata es el nuevo subsecretario de Deportes de la Naci\u00f3n. 15 de Marzo de 2024 LA PLATA &#8211;\u00a0 El exintendente de La Plata, Julio Garro,\u00a0 <a class=\"mh-excerpt-more\" href=\"https:\/\/larevistadigital.com.ar\/blog\/la-plata-el-ex-intendente-garro-se-suma-al-gobierno-de-milei-como-secretario-de-deportes\/\" title=\"LA PLATA: EL EX INTENDENTE GARRO SE SUMA AL GOBIERNO DE MILEI COMO SECRETARIO DE DEPORTES\">[Leer M\u00e1s]<\/a><\/p>\n<\/div>","protected":false},"author":3,"featured_media":35562,"comment_status":"open","ping_status":"open","sticky":false,"template":"","format":"standard","meta":{"_jetpack_memberships_contains_paid_content":false,"footnotes":"","jetpack_publicize_message":"","jetpack_publicize_feature_enabled":true,"jetpack_social_post_already_shared":true,"jetpack_social_options":{"image_generator_settings":{"template":"highway","default_image_id":0,"font":"","enabled":false},"version":2}},"categories":[50,12],"tags":[],"class_list":{"0":"post-35561","1":"post","2":"type-post","3":"status-publish","4":"format-standard","5":"has-post-thumbnail","7":"category-interes-general","8":"category-politica"},"jetpack_publicize_connections":[],"jetpack_featured_media_url":"https:\/\/i0.wp.com\/larevistadigital.com.ar\/blog\/wp-content\/uploads\/Captura-de-pantalla-2024-03-15-092557.png?fit=845%2C493&ssl=1","jetpack_sharing_enabled":true,"jetpack_shortlink":"https:\/\/wp.me\/p8qtrQ-9fz","jetpack-related-posts":[{"id":36743,"url":"https:\/\/larevistadigital.com.ar\/blog\/milei-echo-del-gobierno-a-julio-garro-por-sugerirle-a-messi-que-pida-disculpas\/","url_meta":{"origin":35561,"position":0},"title":"MILEI ECH\u00d3 DEL GOBIERNO A JULIO GARRO POR SUGERIRLE A MESSI QUE PIDA DISCULPAS","author":"Alejandro Sosa Ruda","date":"17 julio, 2024","format":false,"excerpt":"Fue anunciado por\u00a0 la Oficina del Presidente a trav\u00e9s de las redes sociales. 17 de Julio de 2024 El subsecretario de Deportes de la Naci\u00f3n, Julio Garro, ha sido destituido de su cargo luego de sugerir que el capit\u00e1n de la selecci\u00f3n argentina, Lionel Messi, deber\u00eda disculparse por los c\u00e1nticos\u2026","rel":"","context":"En \u00abDESTACADAS\u00bb","block_context":{"text":"DESTACADAS","link":"https:\/\/larevistadigital.com.ar\/blog\/category\/destacadas\/"},"img":{"alt_text":"","src":"https:\/\/i0.wp.com\/larevistadigital.com.ar\/blog\/wp-content\/uploads\/Captura-de-pantalla-2024-07-17-210320.png?fit=750%2C522&ssl=1&resize=350%2C200","width":350,"height":200,"srcset":"https:\/\/i0.wp.com\/larevistadigital.com.ar\/blog\/wp-content\/uploads\/Captura-de-pantalla-2024-07-17-210320.png?fit=750%2C522&ssl=1&resize=350%2C200 1x, https:\/\/i0.wp.com\/larevistadigital.com.ar\/blog\/wp-content\/uploads\/Captura-de-pantalla-2024-07-17-210320.png?fit=750%2C522&ssl=1&resize=525%2C300 1.5x, https:\/\/i0.wp.com\/larevistadigital.com.ar\/blog\/wp-content\/uploads\/Captura-de-pantalla-2024-07-17-210320.png?fit=750%2C522&ssl=1&resize=700%2C400 2x"},"classes":[]},{"id":40231,"url":"https:\/\/larevistadigital.com.ar\/blog\/chascomus-sera-sede-del-circuito-buenos-aires-aventura\/","url_meta":{"origin":35561,"position":1},"title":"Chascom\u00fas ser\u00e1 sede del Circuito Buenos Aires Aventura","author":"Alejandro Sosa Ruda","date":"30 junio, 2025","format":false,"excerpt":"Avanzan las gestiones con Deportes PBA para incorporar este evento a la agenda local y lograr la iluminaci\u00f3n del Estadio Municipal. 30 de Junio de 2025 CHASCOM\u00daS -\u00a0 El secretario de Cultura, Deportes y Relaciones Institucionales, Pablo N\u00e1poli; junto al subsecretario de Deportes municipal, Pablo Francese; particip\u00f3 de una reuni\u00f3n\u2026","rel":"","context":"En \u00abCHASCOM\u00daS\u00bb","block_context":{"text":"CHASCOM\u00daS","link":"https:\/\/larevistadigital.com.ar\/blog\/category\/chascomus\/"},"img":{"alt_text":"","src":"https:\/\/i0.wp.com\/larevistadigital.com.ar\/blog\/wp-content\/uploads\/6862c8d6b8bb7.png?fit=668%2C445&ssl=1&resize=350%2C200","width":350,"height":200,"srcset":"https:\/\/i0.wp.com\/larevistadigital.com.ar\/blog\/wp-content\/uploads\/6862c8d6b8bb7.png?fit=668%2C445&ssl=1&resize=350%2C200 1x, https:\/\/i0.wp.com\/larevistadigital.com.ar\/blog\/wp-content\/uploads\/6862c8d6b8bb7.png?fit=668%2C445&ssl=1&resize=525%2C300 1.5x"},"classes":[]},{"id":38001,"url":"https:\/\/larevistadigital.com.ar\/blog\/murio-el-exintendente-de-la-plata-roberto-dromi-figura-clave-del-gobierno-de-carlos-menem\/","url_meta":{"origin":35561,"position":2},"title":"Muri\u00f3 el exintendente de La Plata Roberto Dromi, figura clave del gobierno de Carlos Menem","author":"Alejandro Sosa Ruda","date":"24 noviembre, 2024","format":false,"excerpt":"El exministro de Obras P\u00fablicas de Carlos Menem muri\u00f3 en su domicilio a los 79 a\u00f1os. Fue intendente de La Plata entre 1980 y 1981. 24 De Noviembre de 2024 A los 79 a\u00f1os de edad, falleci\u00f3 Roberto Dromi, ex intendente de La Plata y Ministro de Obras P\u00fablicas de\u2026","rel":"","context":"En \u00abINTERES GENERAL\u00bb","block_context":{"text":"INTERES GENERAL","link":"https:\/\/larevistadigital.com.ar\/blog\/category\/interes-general\/"},"img":{"alt_text":"","src":"https:\/\/i0.wp.com\/larevistadigital.com.ar\/blog\/wp-content\/uploads\/Captura-de-pantalla-2024-11-24-182356.png?fit=848%2C532&ssl=1&resize=350%2C200","width":350,"height":200,"srcset":"https:\/\/i0.wp.com\/larevistadigital.com.ar\/blog\/wp-content\/uploads\/Captura-de-pantalla-2024-11-24-182356.png?fit=848%2C532&ssl=1&resize=350%2C200 1x, https:\/\/i0.wp.com\/larevistadigital.com.ar\/blog\/wp-content\/uploads\/Captura-de-pantalla-2024-11-24-182356.png?fit=848%2C532&ssl=1&resize=525%2C300 1.5x, https:\/\/i0.wp.com\/larevistadigital.com.ar\/blog\/wp-content\/uploads\/Captura-de-pantalla-2024-11-24-182356.png?fit=848%2C532&ssl=1&resize=700%2C400 2x"},"classes":[]},{"id":41947,"url":"https:\/\/larevistadigital.com.ar\/blog\/mar-del-plata-recibe-la-final-de-los-juegos-bonaerenses-2025\/","url_meta":{"origin":35561,"position":3},"title":"Mar del Plata recibe la Final de los Juegos Bonaerenses 2025","author":"Alejandro Sosa Ruda","date":"13 octubre, 2025","format":false,"excerpt":"Con la participaci\u00f3n de m\u00e1s de 30 mil finalistas, la provincia de Buenos Aires celebra una nueva edici\u00f3n de los Juegos Bonaerenses, el evento deportivo y cultural m\u00e1s importante del pa\u00eds. La gran final se desarrollar\u00e1 del 13 al 18 de octubre en la ciudad de Mar del Plata. 13\u2026","rel":"","context":"En \u00abREGIONALES\u00bb","block_context":{"text":"REGIONALES","link":"https:\/\/larevistadigital.com.ar\/blog\/category\/regionales\/"},"img":{"alt_text":"","src":"https:\/\/i0.wp.com\/larevistadigital.com.ar\/blog\/wp-content\/uploads\/20251010162604_final-juegos-bonaerenses-2025-mar-del-plata.jpg?fit=880%2C512&ssl=1&resize=350%2C200","width":350,"height":200,"srcset":"https:\/\/i0.wp.com\/larevistadigital.com.ar\/blog\/wp-content\/uploads\/20251010162604_final-juegos-bonaerenses-2025-mar-del-plata.jpg?fit=880%2C512&ssl=1&resize=350%2C200 1x, https:\/\/i0.wp.com\/larevistadigital.com.ar\/blog\/wp-content\/uploads\/20251010162604_final-juegos-bonaerenses-2025-mar-del-plata.jpg?fit=880%2C512&ssl=1&resize=525%2C300 1.5x, https:\/\/i0.wp.com\/larevistadigital.com.ar\/blog\/wp-content\/uploads\/20251010162604_final-juegos-bonaerenses-2025-mar-del-plata.jpg?fit=880%2C512&ssl=1&resize=700%2C400 2x"},"classes":[]},{"id":36204,"url":"https:\/\/larevistadigital.com.ar\/blog\/chascomus-visita-del-subsecretario-provincial-de-deportes-acompanado-por-el-viceministro-de-cultura-jose-ignacio-cote-rossi\/","url_meta":{"origin":35561,"position":4},"title":"CHASCOM\u00daS: VISITA DEL SUBSECRETARIO PROVINCIAL DE DEPORTES, ACOMPA\u00d1ADO POR EL VICEMINISTRO DE CULTURA JOS\u00c9 IGNACIO \u00abCOTE\u00bb ROSSI","author":"Alejandro Sosa Ruda","date":"4 junio, 2024","format":false,"excerpt":"Durante la visita, el dirigente entreg\u00f3 elementos para los clubes locales. 4 de Junio de 2024 CHASCOM\u00daS -\u00a0 La gesti\u00f3n del gobernador Axel Kicillof ha hecho hincapi\u00e9 en su pol\u00edtica deportiva, lo que llev\u00f3 al actual Subsecretario de Deportes, Leandro Lurati, a visitar la ciudad de Chascom\u00fas. Acompa\u00f1ado por el\u2026","rel":"","context":"En \u00abDESTACADAS\u00bb","block_context":{"text":"DESTACADAS","link":"https:\/\/larevistadigital.com.ar\/blog\/category\/destacadas\/"},"img":{"alt_text":"","src":"https:\/\/i0.wp.com\/larevistadigital.com.ar\/blog\/wp-content\/uploads\/FOTO-2.jpg?fit=600%2C400&ssl=1&resize=350%2C200","width":350,"height":200,"srcset":"https:\/\/i0.wp.com\/larevistadigital.com.ar\/blog\/wp-content\/uploads\/FOTO-2.jpg?fit=600%2C400&ssl=1&resize=350%2C200 1x, https:\/\/i0.wp.com\/larevistadigital.com.ar\/blog\/wp-content\/uploads\/FOTO-2.jpg?fit=600%2C400&ssl=1&resize=525%2C300 1.5x"},"classes":[]},{"id":42157,"url":"https:\/\/larevistadigital.com.ar\/blog\/chascomus-javier-gaston-recibio-a-medallistas-de-los-juegos-bonaerenses\/","url_meta":{"origin":35561,"position":5},"title":"Chascom\u00fas: Javier Gast\u00f3n recibi\u00f3 a medallistas de los Juegos Bonaerenses","author":"Alejandro Sosa Ruda","date":"22 octubre, 2025","format":false,"excerpt":"Una parte de la delegaci\u00f3n fue recibida por el Intendente ayer por la tarde en su despacho. 22 de Octubre de 2025 CHASCOM\u00daS -\u00a0 \u00a0 Tras el regreso de Mar del Plata, donde se disput\u00f3 la gran final provincial de los Juegos Bonaerenses, el intendente Gast\u00f3n recibi\u00f3 a una parte\u2026","rel":"","context":"En \u00abCHASCOM\u00daS\u00bb","block_context":{"text":"CHASCOM\u00daS","link":"https:\/\/larevistadigital.com.ar\/blog\/category\/chascomus\/"},"img":{"alt_text":"","src":"https:\/\/i0.wp.com\/larevistadigital.com.ar\/blog\/wp-content\/uploads\/68f923e305583.png?fit=668%2C445&ssl=1&resize=350%2C200","width":350,"height":200,"srcset":"https:\/\/i0.wp.com\/larevistadigital.com.ar\/blog\/wp-content\/uploads\/68f923e305583.png?fit=668%2C445&ssl=1&resize=350%2C200 1x, https:\/\/i0.wp.com\/larevistadigital.com.ar\/blog\/wp-content\/uploads\/68f923e305583.png?fit=668%2C445&ssl=1&resize=525%2C300 1.5x"},"classes":[]}],"_links":{"self":[{"href":"https:\/\/larevistadigital.com.ar\/blog\/wp-json\/wp\/v2\/posts\/35561","targetHints":{"allow":["GET"]}}],"collection":[{"href":"https:\/\/larevistadigital.com.ar\/blog\/wp-json\/wp\/v2\/posts"}],"about":[{"href":"https:\/\/larevistadigital.com.ar\/blog\/wp-json\/wp\/v2\/types\/post"}],"author":[{"embeddable":true,"href":"https:\/\/larevistadigital.com.ar\/blog\/wp-json\/wp\/v2\/users\/3"}],"replies":[{"embeddable":true,"href":"https:\/\/larevistadigital.com.ar\/blog\/wp-json\/wp\/v2\/comments?post=35561"}],"version-history":[{"count":1,"href":"https:\/\/larevistadigital.com.ar\/blog\/wp-json\/wp\/v2\/posts\/35561\/revisions"}],"predecessor-version":[{"id":35563,"href":"https:\/\/larevistadigital.com.ar\/blog\/wp-json\/wp\/v2\/posts\/35561\/revisions\/35563"}],"wp:featuredmedia":[{"embeddable":true,"href":"https:\/\/larevistadigital.com.ar\/blog\/wp-json\/wp\/v2\/media\/35562"}],"wp:attachment":[{"href":"https:\/\/larevistadigital.com.ar\/blog\/wp-json\/wp\/v2\/media?parent=35561"}],"wp:term":[{"taxonomy":"category","embeddable":true,"href":"https:\/\/larevistadigital.com.ar\/blog\/wp-json\/wp\/v2\/categories?post=35561"},{"taxonomy":"post_tag","embeddable":true,"href":"https:\/\/larevistadigital.com.ar\/blog\/wp-json\/wp\/v2\/tags?post=35561"}],"curies":[{"name":"wp","href":"https:\/\/api.w.org\/{rel}","templated":true}]}}