{"id":35564,"date":"2024-03-15T09:53:07","date_gmt":"2024-03-15T12:53:07","guid":{"rendered":"https:\/\/larevistadigital.com.ar\/blog\/?p=35564"},"modified":"2024-03-15T09:53:29","modified_gmt":"2024-03-15T12:53:29","slug":"amplio-rechazo-del-senado-al-dnu-de-milei","status":"publish","type":"post","link":"https:\/\/larevistadigital.com.ar\/blog\/amplio-rechazo-del-senado-al-dnu-de-milei\/","title":{"rendered":"AMPLIO RECHAZO DEL SENADO AL DNU DE MILEI"},"content":{"rendered":"<h2>El proyecto obtuvo 25 votos a favor, 42 en contra y 4 abstenciones.<\/h2>\n<p>15 de marzo de 2024<\/p>\n<p><strong>BUENOS AIRES &#8211;\u00a0<\/strong> El Decreto de Necesidad y Urgencia (DNU) 70\/2023 fue rechazado hoy por el Senado de la Naci\u00f3n por 42 votos negativos, 25 afirmativos y 4 abstenciones.<\/p>\n<blockquote>\n<h3>De esta manera, el decretazo que dict\u00f3 el presidente Javier Milei, en diciembre pasado, llegar\u00e1 a la C\u00e1mara de Diputados en los pr\u00f3ximos d\u00edas para su tratamiento.<\/h3>\n<\/blockquote>\n<p>Si bien el resultado fue negativo en la C\u00e1mara alta, el DNU continuar\u00e1 en vigencia -a pesar de las trabas jur\u00eddicas que ya cuenta en diversas tem\u00e1ticas- hasta que no sea rechazado tambi\u00e9n por la C\u00e1mara baja.<br \/>\nDe concretarse, reci\u00e9n ah\u00ed quedar\u00eda sin efecto.<\/p>\n<blockquote>\n<h3>Su tratamiento fue motorizado por voluntad de la vicepresidenta de la Naci\u00f3n y titular del Senado, Victoria Villarruel, que lo incluy\u00f3 en el temario oficial el martes pasado a sabiendas de que el rechazo era su destino final en el hemiciclo senatorial.<\/h3>\n<\/blockquote>\n<p><strong>Villarruel<\/strong> ven\u00eda de resistir varios pedidos para tratar el mega-decreto en el recinto, dos por parte del kirchnerismo y uno firmado por bloques federales, entre ellos, un radical.<\/p>\n<p>publicado en La Capital<\/p>\n","protected":false},"excerpt":{"rendered":"<div class=\"mh-excerpt\"><p>El proyecto obtuvo 25 votos a favor, 42 en contra y 4 abstenciones. 15 de marzo de 2024 BUENOS AIRES &#8211;\u00a0 El Decreto de Necesidad y Urgencia (DNU) 70\/2023 fue rechazado hoy por el Senado <a class=\"mh-excerpt-more\" href=\"https:\/\/larevistadigital.com.ar\/blog\/amplio-rechazo-del-senado-al-dnu-de-milei\/\" title=\"AMPLIO RECHAZO DEL SENADO AL DNU DE MILEI\">[Leer M\u00e1s]<\/a><\/p>\n<\/div>","protected":false},"author":3,"featured_media":35565,"comment_status":"open","ping_status":"open","sticky":false,"template":"","format":"standard","meta":{"_jetpack_memberships_contains_paid_content":false,"footnotes":"","jetpack_publicize_message":"","jetpack_publicize_feature_enabled":true,"jetpack_social_post_already_shared":true,"jetpack_social_options":{"image_generator_settings":{"template":"highway","default_image_id":0,"font":"","enabled":false},"version":2}},"categories":[41,12],"tags":[],"class_list":{"0":"post-35564","1":"post","2":"type-post","3":"status-publish","4":"format-standard","5":"has-post-thumbnail","7":"category-destacadas","8":"category-politica"},"jetpack_publicize_connections":[],"jetpack_featured_media_url":"https:\/\/i0.wp.com\/larevistadigital.com.ar\/blog\/wp-content\/uploads\/Captura-de-pantalla-2024-03-15-094940.png?fit=806%2C424&ssl=1","jetpack_sharing_enabled":true,"jetpack_shortlink":"https:\/\/wp.me\/p8qtrQ-9fC","jetpack-related-posts":[{"id":5769,"url":"https:\/\/larevistadigital.com.ar\/blog\/fue-aprobada-en-diputados-la-ley-del-aborto-legal\/","url_meta":{"origin":35564,"position":0},"title":"FUE APROBADA EN DIPUTADOS LA LEY DEL ABORTO LEGAL","author":"Alejandro Sosa Ruda","date":"14 junio, 2018","format":false,"excerpt":"Finalmente fue aprobada en general por los Diputados Nacionales la Ley que aprueba el aborto legal, con lo que consigue de esta manera media sanci\u00f3n. El resultado fue de 131 votos por la afirmativa y 123 por la negativa, quedando de esta manera aprobado en la c\u00e1mara mencionada. Luego de\u2026","rel":"","context":"En \u00abDESTACADAS\u00bb","block_context":{"text":"DESTACADAS","link":"https:\/\/larevistadigital.com.ar\/blog\/category\/destacadas\/"},"img":{"alt_text":"","src":"https:\/\/i0.wp.com\/larevistadigital.com.ar\/blog\/wp-content\/uploads\/2018\/06\/pa%C3%B1uelazo.jpg?fit=930%2C525&ssl=1&resize=350%2C200","width":350,"height":200,"srcset":"https:\/\/i0.wp.com\/larevistadigital.com.ar\/blog\/wp-content\/uploads\/2018\/06\/pa%C3%B1uelazo.jpg?fit=930%2C525&ssl=1&resize=350%2C200 1x, https:\/\/i0.wp.com\/larevistadigital.com.ar\/blog\/wp-content\/uploads\/2018\/06\/pa%C3%B1uelazo.jpg?fit=930%2C525&ssl=1&resize=525%2C300 1.5x, https:\/\/i0.wp.com\/larevistadigital.com.ar\/blog\/wp-content\/uploads\/2018\/06\/pa%C3%B1uelazo.jpg?fit=930%2C525&ssl=1&resize=700%2C400 2x"},"classes":[]},{"id":38679,"url":"https:\/\/larevistadigital.com.ar\/blog\/hubo-dictamen-en-el-senado-para-la-suspension-de-las-paso\/","url_meta":{"origin":35564,"position":1},"title":"Hubo dictamen en el Senado para la suspensi\u00f3n de las PASO","author":"Alejandro Sosa Ruda","date":"13 febrero, 2025","format":false,"excerpt":"El oficialismo libertario logr\u00f3 avanzar en la suspensi\u00f3n de las PASO. Los senadores kirchneristas no tomaron posici\u00f3n y la votaci\u00f3n promete ser ajustada. 13 de Febrero de 2025 El oficialismo libertario dio un paso clave en el Senado al lograr el dictamen de mayor\u00eda para la suspensi\u00f3n de las\u00a0Elecciones Primarias,\u2026","rel":"","context":"En \u00abDESTACADAS\u00bb","block_context":{"text":"DESTACADAS","link":"https:\/\/larevistadigital.com.ar\/blog\/category\/destacadas\/"},"img":{"alt_text":"","src":"https:\/\/i0.wp.com\/larevistadigital.com.ar\/blog\/wp-content\/uploads\/Captura-de-pantalla-2025-02-13-074554.jpg?fit=891%2C502&ssl=1&resize=350%2C200","width":350,"height":200,"srcset":"https:\/\/i0.wp.com\/larevistadigital.com.ar\/blog\/wp-content\/uploads\/Captura-de-pantalla-2025-02-13-074554.jpg?fit=891%2C502&ssl=1&resize=350%2C200 1x, https:\/\/i0.wp.com\/larevistadigital.com.ar\/blog\/wp-content\/uploads\/Captura-de-pantalla-2025-02-13-074554.jpg?fit=891%2C502&ssl=1&resize=525%2C300 1.5x, https:\/\/i0.wp.com\/larevistadigital.com.ar\/blog\/wp-content\/uploads\/Captura-de-pantalla-2025-02-13-074554.jpg?fit=891%2C502&ssl=1&resize=700%2C400 2x"},"classes":[]},{"id":39388,"url":"https:\/\/larevistadigital.com.ar\/blog\/villarruel-mueve-fichas-en-el-senado-y-suma-a-un-viejo-conocido-de-milei\/","url_meta":{"origin":35564,"position":2},"title":"Villarruel mueve fichas en el Senado y suma a un viejo conocido de Milei","author":"Alejandro Sosa Ruda","date":"15 abril, 2025","format":false,"excerpt":"Con la llegada de Mario \"Pato\" Russo, se reconfigura el poder en la C\u00e1mara Alta mientras crecen las sospechas en la Casa Rosada. 15 de Abril de 2025 Victoria Villarruel comenz\u00f3 a redibujar su entorno m\u00e1s cercano en el Senado tras la salida de su secretaria administrativa, Mar\u00eda Laura Izzo.\u2026","rel":"","context":"En \u00abINTERES GENERAL\u00bb","block_context":{"text":"INTERES GENERAL","link":"https:\/\/larevistadigital.com.ar\/blog\/category\/interes-general\/"},"img":{"alt_text":"","src":"https:\/\/i0.wp.com\/larevistadigital.com.ar\/blog\/wp-content\/uploads\/Captura-de-pantalla-2025-04-15-192058.jpg?fit=692%2C462&ssl=1&resize=350%2C200","width":350,"height":200,"srcset":"https:\/\/i0.wp.com\/larevistadigital.com.ar\/blog\/wp-content\/uploads\/Captura-de-pantalla-2025-04-15-192058.jpg?fit=692%2C462&ssl=1&resize=350%2C200 1x, https:\/\/i0.wp.com\/larevistadigital.com.ar\/blog\/wp-content\/uploads\/Captura-de-pantalla-2025-04-15-192058.jpg?fit=692%2C462&ssl=1&resize=525%2C300 1.5x"},"classes":[]},{"id":35894,"url":"https:\/\/larevistadigital.com.ar\/blog\/se-presento-formalmente-el-pedido-de-juicio-politico-a-milei\/","url_meta":{"origin":35564,"position":3},"title":"SE PRESENT\u00d3 FORMALMENTE EL PEDIDO DE JUICIO POL\u00cdTICO A MILEI","author":"Alejandro Sosa Ruda","date":"23 abril, 2024","format":false,"excerpt":"Los firmantes pidieron el juicio pol\u00edtico a Milei por apolog\u00eda del crimen y por la consecuencia del desfinanciamientos en todo el pa\u00eds, entre otras acusaciones. 23 de abril de 2024 BUENOS AIRES -\u00a0 Este lunes, se present\u00f3 en el Congreso\u00a0de la Naci\u00f3n el pedido de\u00a0juicio pol\u00edtico\u00a0formal contra\u00a0Javier Milei\u00a0por mal desempe\u00f1o\u2026","rel":"","context":"En \u00abINTERES GENERAL\u00bb","block_context":{"text":"INTERES GENERAL","link":"https:\/\/larevistadigital.com.ar\/blog\/category\/interes-general\/"},"img":{"alt_text":"","src":"https:\/\/i0.wp.com\/larevistadigital.com.ar\/blog\/wp-content\/uploads\/a22f8bdb-112b-4e12-a814-937c02c79fca_16-9-discover-aspect-ratio_default_0.jpg?fit=1200%2C675&ssl=1&resize=350%2C200","width":350,"height":200,"srcset":"https:\/\/i0.wp.com\/larevistadigital.com.ar\/blog\/wp-content\/uploads\/a22f8bdb-112b-4e12-a814-937c02c79fca_16-9-discover-aspect-ratio_default_0.jpg?fit=1200%2C675&ssl=1&resize=350%2C200 1x, https:\/\/i0.wp.com\/larevistadigital.com.ar\/blog\/wp-content\/uploads\/a22f8bdb-112b-4e12-a814-937c02c79fca_16-9-discover-aspect-ratio_default_0.jpg?fit=1200%2C675&ssl=1&resize=525%2C300 1.5x, https:\/\/i0.wp.com\/larevistadigital.com.ar\/blog\/wp-content\/uploads\/a22f8bdb-112b-4e12-a814-937c02c79fca_16-9-discover-aspect-ratio_default_0.jpg?fit=1200%2C675&ssl=1&resize=700%2C400 2x, https:\/\/i0.wp.com\/larevistadigital.com.ar\/blog\/wp-content\/uploads\/a22f8bdb-112b-4e12-a814-937c02c79fca_16-9-discover-aspect-ratio_default_0.jpg?fit=1200%2C675&ssl=1&resize=1050%2C600 3x"},"classes":[]},{"id":28632,"url":"https:\/\/larevistadigital.com.ar\/blog\/historico-reclamo-del-sector-se-modifica-el-iva-para-las-producciones-periodisticas\/","url_meta":{"origin":35564,"position":4},"title":"HIST\u00d3RICO RECLAMO DEL SECTOR: SE MODIFICA EL IVA PARA LAS PRODUCCIONES PERIOD\u00cdSTICAS","author":"Alejandro Sosa Ruda","date":"27 octubre, 2022","format":false,"excerpt":"La medida beneficia a cientos de peque\u00f1as empresas period\u00edsticas dedicadas a la producci\u00f3n editorial, la locaci\u00f3n de espacios publicitarios y las ediciones period\u00edsticas en l\u00ednea. A finales de 2018 el gobierno hab\u00eda aumentado el IVA del 2,5% al 10,5%, a ese sector lo que provoc\u00f3 cierre de m\u00e1s de 30\u2026","rel":"","context":"En \u00abECONOMIA\u00bb","block_context":{"text":"ECONOMIA","link":"https:\/\/larevistadigital.com.ar\/blog\/category\/economia\/"},"img":{"alt_text":"","src":"https:\/\/i0.wp.com\/larevistadigital.com.ar\/blog\/wp-content\/uploads\/PC8NFL3aH_1300x655__1.jpg?fit=1200%2C605&ssl=1&resize=350%2C200","width":350,"height":200,"srcset":"https:\/\/i0.wp.com\/larevistadigital.com.ar\/blog\/wp-content\/uploads\/PC8NFL3aH_1300x655__1.jpg?fit=1200%2C605&ssl=1&resize=350%2C200 1x, https:\/\/i0.wp.com\/larevistadigital.com.ar\/blog\/wp-content\/uploads\/PC8NFL3aH_1300x655__1.jpg?fit=1200%2C605&ssl=1&resize=525%2C300 1.5x, https:\/\/i0.wp.com\/larevistadigital.com.ar\/blog\/wp-content\/uploads\/PC8NFL3aH_1300x655__1.jpg?fit=1200%2C605&ssl=1&resize=700%2C400 2x, https:\/\/i0.wp.com\/larevistadigital.com.ar\/blog\/wp-content\/uploads\/PC8NFL3aH_1300x655__1.jpg?fit=1200%2C605&ssl=1&resize=1050%2C600 3x"},"classes":[]},{"id":33985,"url":"https:\/\/larevistadigital.com.ar\/blog\/el-oficialismo-logro-aprobar-su-proyecto-en-la-reforma-de-la-ley-de-alquileres\/","url_meta":{"origin":35564,"position":5},"title":"EL OFICIALISMO LOGR\u00d3 APROBAR SU PROYECTO EN LA REFORMA DE LA LEY DE ALQUILERES","author":"Alejandro Sosa Ruda","date":"11 octubre, 2023","format":false,"excerpt":"La C\u00e1mara de Diputados convirti\u00f3 en ley, por 128 contra 114 votos, el proyecto de reforma de alquileres con los cambios incluidos por el Senado impulsados por el Frente de Todos, con lo cual los contratos entre propietarios e inquilinos se mantendr\u00e1n por tres a\u00f1os y tendr\u00e1n una actualizaci\u00f3n semestral,\u2026","rel":"","context":"En \u00abDESTACADAS\u00bb","block_context":{"text":"DESTACADAS","link":"https:\/\/larevistadigital.com.ar\/blog\/category\/destacadas\/"},"img":{"alt_text":"","src":"https:\/\/i0.wp.com\/larevistadigital.com.ar\/blog\/wp-content\/uploads\/Captura-de-pantalla-2023-10-11-123452.png?fit=1093%2C528&ssl=1&resize=350%2C200","width":350,"height":200,"srcset":"https:\/\/i0.wp.com\/larevistadigital.com.ar\/blog\/wp-content\/uploads\/Captura-de-pantalla-2023-10-11-123452.png?fit=1093%2C528&ssl=1&resize=350%2C200 1x, https:\/\/i0.wp.com\/larevistadigital.com.ar\/blog\/wp-content\/uploads\/Captura-de-pantalla-2023-10-11-123452.png?fit=1093%2C528&ssl=1&resize=525%2C300 1.5x, https:\/\/i0.wp.com\/larevistadigital.com.ar\/blog\/wp-content\/uploads\/Captura-de-pantalla-2023-10-11-123452.png?fit=1093%2C528&ssl=1&resize=700%2C400 2x, https:\/\/i0.wp.com\/larevistadigital.com.ar\/blog\/wp-content\/uploads\/Captura-de-pantalla-2023-10-11-123452.png?fit=1093%2C528&ssl=1&resize=1050%2C600 3x"},"classes":[]}],"_links":{"self":[{"href":"https:\/\/larevistadigital.com.ar\/blog\/wp-json\/wp\/v2\/posts\/35564","targetHints":{"allow":["GET"]}}],"collection":[{"href":"https:\/\/larevistadigital.com.ar\/blog\/wp-json\/wp\/v2\/posts"}],"about":[{"href":"https:\/\/larevistadigital.com.ar\/blog\/wp-json\/wp\/v2\/types\/post"}],"author":[{"embeddable":true,"href":"https:\/\/larevistadigital.com.ar\/blog\/wp-json\/wp\/v2\/users\/3"}],"replies":[{"embeddable":true,"href":"https:\/\/larevistadigital.com.ar\/blog\/wp-json\/wp\/v2\/comments?post=35564"}],"version-history":[{"count":2,"href":"https:\/\/larevistadigital.com.ar\/blog\/wp-json\/wp\/v2\/posts\/35564\/revisions"}],"predecessor-version":[{"id":35567,"href":"https:\/\/larevistadigital.com.ar\/blog\/wp-json\/wp\/v2\/posts\/35564\/revisions\/35567"}],"wp:featuredmedia":[{"embeddable":true,"href":"https:\/\/larevistadigital.com.ar\/blog\/wp-json\/wp\/v2\/media\/35565"}],"wp:attachment":[{"href":"https:\/\/larevistadigital.com.ar\/blog\/wp-json\/wp\/v2\/media?parent=35564"}],"wp:term":[{"taxonomy":"category","embeddable":true,"href":"https:\/\/larevistadigital.com.ar\/blog\/wp-json\/wp\/v2\/categories?post=35564"},{"taxonomy":"post_tag","embeddable":true,"href":"https:\/\/larevistadigital.com.ar\/blog\/wp-json\/wp\/v2\/tags?post=35564"}],"curies":[{"name":"wp","href":"https:\/\/api.w.org\/{rel}","templated":true}]}}