{"id":35570,"date":"2024-03-16T09:35:40","date_gmt":"2024-03-16T12:35:40","guid":{"rendered":"https:\/\/larevistadigital.com.ar\/blog\/?p=35570"},"modified":"2024-03-16T09:35:40","modified_gmt":"2024-03-16T12:35:40","slug":"el-viceministro-de-cultura-juan-ignacio-cote-rossi-visito-la-isla-martin-garcia-junto-al-gobernador-kicillof","status":"publish","type":"post","link":"https:\/\/larevistadigital.com.ar\/blog\/el-viceministro-de-cultura-juan-ignacio-cote-rossi-visito-la-isla-martin-garcia-junto-al-gobernador-kicillof\/","title":{"rendered":"EL VICEMINISTRO DE CULTURA, JUAN IGNACIO \u00abCOTE\u00bb ROSSI VISIT\u00d3 LA ISLA MART\u00cdN GARC\u00cdA JUNTO AL GOBERNADOR KICILLOF"},"content":{"rendered":"<p>&nbsp;<\/p>\n<p>16 de marzo de 2024<\/p>\n<p><strong>LRD &#8211;<\/strong> El chascomunense <strong>Juan Ignacio \u00abCote\u00bb Rossi<\/strong>, viceministro de Cultura de la Provincia de Buenos Aires, junto al gobernador <strong>Axel Kicillof<\/strong>\u00a0 y en representaci\u00f3n del Instituto Cultural de la Provincia de Buenos Aires, de un reconocimiento a <strong>Eva Per\u00f3n<\/strong>, abanderada de los humildes y l\u00edder hist\u00f3rica del peronismo.<\/p>\n<p><img data-recalc-dims=\"1\" loading=\"lazy\" decoding=\"async\" class=\"alignnone size-full wp-image-35572\" src=\"https:\/\/i0.wp.com\/larevistadigital.com.ar\/blog\/wp-content\/uploads\/432407900_824620563014821_5484303213325687030_n.jpg?resize=2048%2C2048&#038;ssl=1\" alt=\"\" width=\"2048\" height=\"2048\" srcset=\"https:\/\/i0.wp.com\/larevistadigital.com.ar\/blog\/wp-content\/uploads\/432407900_824620563014821_5484303213325687030_n.jpg?w=2048&amp;ssl=1 2048w, https:\/\/i0.wp.com\/larevistadigital.com.ar\/blog\/wp-content\/uploads\/432407900_824620563014821_5484303213325687030_n.jpg?resize=300%2C300&amp;ssl=1 300w, https:\/\/i0.wp.com\/larevistadigital.com.ar\/blog\/wp-content\/uploads\/432407900_824620563014821_5484303213325687030_n.jpg?resize=1024%2C1024&amp;ssl=1 1024w, https:\/\/i0.wp.com\/larevistadigital.com.ar\/blog\/wp-content\/uploads\/432407900_824620563014821_5484303213325687030_n.jpg?resize=150%2C150&amp;ssl=1 150w, https:\/\/i0.wp.com\/larevistadigital.com.ar\/blog\/wp-content\/uploads\/432407900_824620563014821_5484303213325687030_n.jpg?resize=768%2C768&amp;ssl=1 768w, https:\/\/i0.wp.com\/larevistadigital.com.ar\/blog\/wp-content\/uploads\/432407900_824620563014821_5484303213325687030_n.jpg?resize=1536%2C1536&amp;ssl=1 1536w\" sizes=\"auto, (max-width: 1000px) 100vw, 1000px\" \/>La reuni\u00f3n fue en el marco de los 121 a\u00f1os de la Isla Mart\u00edn Garc\u00eda, y se vivi\u00f3 con un emocionante marco de camarader\u00eda.<\/p>\n<blockquote>\n<h3>Tambi\u00e9n, <strong>Rossi<\/strong> acompa\u00f1\u00f3 a <strong>Daniela Vilar<\/strong>, en la inauguraci\u00f3n del <strong>Centro Ambiental \u00abRub\u00e9n Dar\u00edo\u00bb<\/strong>; un magn\u00edfico espacio reconstruido plenamente por el <a class=\"x1i10hfl xjbqb8w x1ejq31n xd10rxx x1sy0etr x17r0tee x972fbf xcfux6l x1qhh985 xm0m39n x9f619 x1ypdohk xt0psk2 xe8uvvx xdj266r x11i5rnm xat24cr x1mh8g0r xexx8yu x4uap5 x18d9i69 xkhd6sd x16tdsg8 x1hl2dhg xggy1nq x1a2a7pz xt0b8zv x1fey0fg xo1l8bm\" role=\"link\" href=\"https:\/\/www.facebook.com\/ambientepba?__cft__[0]=AZXUEZeMKsFf-Mc5crvwUMPyPM4Tomy3YikAEd_Ith7xLTSaFQdvxxNoGU7IfYGSQMQrSD-AW58S4UVZNTXl7GIruRsq3KOk8oj3yZoCCOm3cvaxhLECcZgLeCtOopFPBwfEJ2UhVjDWHVG4_so9jvlamtBWDjM3ruIMLScJIu1L2uPR20myC2cl6KUCwnYlkc4&amp;__tn__=-]K-R\"><span class=\"xt0psk2\">Ministerio de Ambiente de la Provincia de Buenos Aires<\/span><\/a>.<\/h3>\n<\/blockquote>\n<p>En una de las Reservas Naturales m\u00e1s emblem\u00e1ticas, con <a class=\"x1i10hfl xjbqb8w x1ejq31n xd10rxx x1sy0etr x17r0tee x972fbf xcfux6l x1qhh985 xm0m39n x9f619 x1ypdohk xt0psk2 xe8uvvx xdj266r x11i5rnm xat24cr x1mh8g0r xexx8yu x4uap5 x18d9i69 xkhd6sd x16tdsg8 x1hl2dhg xggy1nq x1a2a7pz xt0b8zv x1fey0fg\" role=\"link\" href=\"https:\/\/www.instagram.com\/_u\/kicillofok?fbclid=IwAR1vMckXRyXg78E-klKqdaI21q2CSBpdpJWSXZh8UE1zHUkVc6L8_lClMb8\" target=\"_blank\" rel=\"nofollow noopener noreferrer\">@kicillofok<\/a> , el viceministro @CoteRossiOk \u00a0y guardaparques, visitaron la restauraci\u00f3n completa del espacio para que los bonerenses puedan disfrutarla al m\u00e1ximo y conocer todo su valor hist\u00f3rico, cultural y natural.<\/p>\n","protected":false},"excerpt":{"rendered":"<div class=\"mh-excerpt\"><p>&nbsp; 16 de marzo de 2024 LRD &#8211; El chascomunense Juan Ignacio \u00abCote\u00bb Rossi, viceministro de Cultura de la Provincia de Buenos Aires, junto al gobernador Axel Kicillof\u00a0 y en representaci\u00f3n del Instituto Cultural de <a class=\"mh-excerpt-more\" href=\"https:\/\/larevistadigital.com.ar\/blog\/el-viceministro-de-cultura-juan-ignacio-cote-rossi-visito-la-isla-martin-garcia-junto-al-gobernador-kicillof\/\" title=\"EL VICEMINISTRO DE CULTURA, JUAN IGNACIO \u00abCOTE\u00bb ROSSI VISIT\u00d3 LA ISLA MART\u00cdN GARC\u00cdA JUNTO AL GOBERNADOR KICILLOF\">[Leer M\u00e1s]<\/a><\/p>\n<\/div>","protected":false},"author":3,"featured_media":35571,"comment_status":"open","ping_status":"open","sticky":false,"template":"","format":"standard","meta":{"_jetpack_memberships_contains_paid_content":false,"footnotes":"","jetpack_publicize_message":"","jetpack_publicize_feature_enabled":true,"jetpack_social_post_already_shared":true,"jetpack_social_options":{"image_generator_settings":{"template":"highway","default_image_id":0,"font":"","enabled":false},"version":2}},"categories":[50,12],"tags":[],"class_list":{"0":"post-35570","1":"post","2":"type-post","3":"status-publish","4":"format-standard","5":"has-post-thumbnail","7":"category-interes-general","8":"category-politica"},"jetpack_publicize_connections":[],"jetpack_featured_media_url":"https:\/\/i0.wp.com\/larevistadigital.com.ar\/blog\/wp-content\/uploads\/432381351_824620576348153_5614084164306149309_n.jpg?fit=2048%2C2048&ssl=1","jetpack_sharing_enabled":true,"jetpack_shortlink":"https:\/\/wp.me\/p8qtrQ-9fI","jetpack-related-posts":[{"id":35080,"url":"https:\/\/larevistadigital.com.ar\/blog\/el-ex-diputado-chascomunense-jose-ignacio-cote-rossi-asumio-como-viceministro-de-cultura-de-la-provincia-de-buenos-aires\/","url_meta":{"origin":35570,"position":0},"title":"EL EX DIPUTADO CHASCOMUNENSE JOSE IGNACIO \u00abCOTE\u00bb ROSSI ASUMI\u00d3 COMO VICEMINISTRO DE CULTURA DE LA PROVINCIA DE BUENOS AIRES","author":"Alejandro Sosa Ruda","date":"22 enero, 2024","format":false,"excerpt":"Otra vez un representante de Chascom\u00fas ocupa una importante posici\u00f3n pol\u00edtica, ahora en el gabinete de Axel Kicillof. 22 de enero de 2023 BUENOS AIRES -\u00a0 Originario de Chascom\u00fas, \"Cote\" Rossi, quien ocup\u00f3 el cargo de legislador provincial hasta el 10 de diciembre, ha sido seleccionado para desempe\u00f1ar el rol\u2026","rel":"","context":"En \u00abINTERES GENERAL\u00bb","block_context":{"text":"INTERES GENERAL","link":"https:\/\/larevistadigital.com.ar\/blog\/category\/interes-general\/"},"img":{"alt_text":"","src":"https:\/\/i0.wp.com\/larevistadigital.com.ar\/blog\/wp-content\/uploads\/WhatsApp-Image-2024-01-22-at-20.23.03.jpeg?fit=600%2C400&ssl=1&resize=350%2C200","width":350,"height":200,"srcset":"https:\/\/i0.wp.com\/larevistadigital.com.ar\/blog\/wp-content\/uploads\/WhatsApp-Image-2024-01-22-at-20.23.03.jpeg?fit=600%2C400&ssl=1&resize=350%2C200 1x, https:\/\/i0.wp.com\/larevistadigital.com.ar\/blog\/wp-content\/uploads\/WhatsApp-Image-2024-01-22-at-20.23.03.jpeg?fit=600%2C400&ssl=1&resize=525%2C300 1.5x"},"classes":[]},{"id":35652,"url":"https:\/\/larevistadigital.com.ar\/blog\/el-viceministro-de-cultura-de-la-provincia-jose-ignacio-cote-rossi-continua-acompanando-las-fiestas-populares\/","url_meta":{"origin":35570,"position":1},"title":"EL VICEMINISTRO DE CULTURA DE LA PROVINCIA, JOS\u00c9 IGNACIO \u00abCOTE\u00bb ROSSI CONTIN\u00daA ACOMPA\u00d1ANDO LAS FIESTAS POPULARES","author":"Alejandro Sosa Ruda","date":"20 marzo, 2024","format":false,"excerpt":"El dirigente provincial nativo de Chascom\u00fas, renueva cada d\u00eda su compromiso con la cultura popular. 20 de marzo de 2024 BUENOS AIRES -\u00a0 El viceministro de Cultura de la Provincia de Buenos Aires, Jos\u00e9 Ignacio \"Cote\" Rossi, quien desde que asumi\u00f3 tiene una agenda que lo lleva a participar y\u2026","rel":"","context":"En \u00abINTERES GENERAL\u00bb","block_context":{"text":"INTERES GENERAL","link":"https:\/\/larevistadigital.com.ar\/blog\/category\/interes-general\/"},"img":{"alt_text":"","src":"https:\/\/i0.wp.com\/larevistadigital.com.ar\/blog\/wp-content\/uploads\/433660757_826319242844953_3075976269529019029_n.jpg?fit=1200%2C800&ssl=1&resize=350%2C200","width":350,"height":200,"srcset":"https:\/\/i0.wp.com\/larevistadigital.com.ar\/blog\/wp-content\/uploads\/433660757_826319242844953_3075976269529019029_n.jpg?fit=1200%2C800&ssl=1&resize=350%2C200 1x, https:\/\/i0.wp.com\/larevistadigital.com.ar\/blog\/wp-content\/uploads\/433660757_826319242844953_3075976269529019029_n.jpg?fit=1200%2C800&ssl=1&resize=525%2C300 1.5x, https:\/\/i0.wp.com\/larevistadigital.com.ar\/blog\/wp-content\/uploads\/433660757_826319242844953_3075976269529019029_n.jpg?fit=1200%2C800&ssl=1&resize=700%2C400 2x, https:\/\/i0.wp.com\/larevistadigital.com.ar\/blog\/wp-content\/uploads\/433660757_826319242844953_3075976269529019029_n.jpg?fit=1200%2C800&ssl=1&resize=1050%2C600 3x"},"classes":[]},{"id":35834,"url":"https:\/\/larevistadigital.com.ar\/blog\/el-viceministro-de-cultura-provincial-cote-rossi-visito-balcarce\/","url_meta":{"origin":35570,"position":2},"title":"EL VICEMINISTRO DE CULTURA PROVINCIAL, JOS\u00c9 IGNACIO\u00bbCOTE\u00bb ROSSI VISIT\u00d3 BALCARCE","author":"Alejandro Sosa Ruda","date":"15 abril, 2024","format":false,"excerpt":"Pese al recorte del gobierno nacional, se sigue trabajando con gran dedicaci\u00f3n en el \u00e1rea cultural de la Provincia de Buenos Aires, con gran cantidad de iniciativas y artistas. 14 de abril de 2024 BUENOS AIRES -\u00a0 El Vice Ministro de Cultura de la Provincia de Buenos Aires, Jos\u00e9 Ignacio\u2026","rel":"","context":"En \u00abDESTACADAS\u00bb","block_context":{"text":"DESTACADAS","link":"https:\/\/larevistadigital.com.ar\/blog\/category\/destacadas\/"},"img":{"alt_text":"","src":"https:\/\/i0.wp.com\/larevistadigital.com.ar\/blog\/wp-content\/uploads\/437768030_843911317752412_3866289522582623179_n.jpg?fit=1200%2C795&ssl=1&resize=350%2C200","width":350,"height":200,"srcset":"https:\/\/i0.wp.com\/larevistadigital.com.ar\/blog\/wp-content\/uploads\/437768030_843911317752412_3866289522582623179_n.jpg?fit=1200%2C795&ssl=1&resize=350%2C200 1x, https:\/\/i0.wp.com\/larevistadigital.com.ar\/blog\/wp-content\/uploads\/437768030_843911317752412_3866289522582623179_n.jpg?fit=1200%2C795&ssl=1&resize=525%2C300 1.5x, https:\/\/i0.wp.com\/larevistadigital.com.ar\/blog\/wp-content\/uploads\/437768030_843911317752412_3866289522582623179_n.jpg?fit=1200%2C795&ssl=1&resize=700%2C400 2x, https:\/\/i0.wp.com\/larevistadigital.com.ar\/blog\/wp-content\/uploads\/437768030_843911317752412_3866289522582623179_n.jpg?fit=1200%2C795&ssl=1&resize=1050%2C600 3x"},"classes":[]},{"id":12768,"url":"https:\/\/larevistadigital.com.ar\/blog\/kicillof-culmina-su-gira-por-la-provincia-junto-al-diputado-cote-rossi-en-lobos-y-brandsen\/","url_meta":{"origin":35570,"position":3},"title":"KICILLOF CULMINA SU GIRA POR LA PROVINCIA JUNTO AL DIPUTADO COTE ROSSI EN LOBOS Y BRANDSEN","author":"Alejandro Sosa Ruda","date":"21 octubre, 2019","format":false,"excerpt":"El candidato a gobernador bonaerense del Frente de Todos concluir\u00e1 su gira el mi\u00e9rcoles por los dos distritos que a\u00fan no visit\u00f3 y la capital provincial. El pr\u00f3ximo mi\u00e9rcoles 23 de octubre antes de las elecciones, Axel Kicillof desembarcar\u00e1 en la estrat\u00e9gica Tercera Secci\u00f3n Electoral donde buscar\u00e1 sumar votos de\u2026","rel":"","context":"En \u00abPOLITICA PROVINCIAL\u00bb","block_context":{"text":"POLITICA PROVINCIAL","link":"https:\/\/larevistadigital.com.ar\/blog\/category\/politica\/politica-provincial\/"},"img":{"alt_text":"","src":"https:\/\/i0.wp.com\/larevistadigital.com.ar\/blog\/wp-content\/uploads\/20191018_153444.jpg?fit=1080%2C696&ssl=1&resize=350%2C200","width":350,"height":200,"srcset":"https:\/\/i0.wp.com\/larevistadigital.com.ar\/blog\/wp-content\/uploads\/20191018_153444.jpg?fit=1080%2C696&ssl=1&resize=350%2C200 1x, https:\/\/i0.wp.com\/larevistadigital.com.ar\/blog\/wp-content\/uploads\/20191018_153444.jpg?fit=1080%2C696&ssl=1&resize=525%2C300 1.5x, https:\/\/i0.wp.com\/larevistadigital.com.ar\/blog\/wp-content\/uploads\/20191018_153444.jpg?fit=1080%2C696&ssl=1&resize=700%2C400 2x, https:\/\/i0.wp.com\/larevistadigital.com.ar\/blog\/wp-content\/uploads\/20191018_153444.jpg?fit=1080%2C696&ssl=1&resize=1050%2C600 3x"},"classes":[]},{"id":8519,"url":"https:\/\/larevistadigital.com.ar\/blog\/el-diputado-chascomunense-jose-cote-rossi-visito-distintas-localidades-acompanando-a-axel-kicillof\/","url_meta":{"origin":35570,"position":4},"title":"EL DIPUTADO CHASCOMUNENSE JOS\u00c9  \u00abCOTE\u00bb ROSSI VISIT\u00d3 DISTINTAS LOCALIDADES ACOMPA\u00d1ANDO A AXEL KICILLOF","author":"Alejandro Sosa Ruda","date":"18 febrero, 2019","format":false,"excerpt":"El dirigente kirchner\u00edsta y ex ministro de econom\u00eda del gobierno de Cristina Fernandez,\u00a0Axel Kicillof visit\u00f3 distintas localidades de la provincia de Buenos Aires, en el marco de una recorrida que tiene que ver con su probable candidatura a gobernador de la Provincia, acompa\u00f1ado por el diputado de Unidad Ciudadana nativo\u2026","rel":"","context":"En \u00abPOLITICA\u00bb","block_context":{"text":"POLITICA","link":"https:\/\/larevistadigital.com.ar\/blog\/category\/politica\/"},"img":{"alt_text":"","src":"https:\/\/i0.wp.com\/larevistadigital.com.ar\/blog\/wp-content\/uploads\/2019\/02\/WhatsApp-Image-2019-02-17-at-22.18.45.jpeg?fit=720%2C479&ssl=1&resize=350%2C200","width":350,"height":200,"srcset":"https:\/\/i0.wp.com\/larevistadigital.com.ar\/blog\/wp-content\/uploads\/2019\/02\/WhatsApp-Image-2019-02-17-at-22.18.45.jpeg?fit=720%2C479&ssl=1&resize=350%2C200 1x, https:\/\/i0.wp.com\/larevistadigital.com.ar\/blog\/wp-content\/uploads\/2019\/02\/WhatsApp-Image-2019-02-17-at-22.18.45.jpeg?fit=720%2C479&ssl=1&resize=525%2C300 1.5x, https:\/\/i0.wp.com\/larevistadigital.com.ar\/blog\/wp-content\/uploads\/2019\/02\/WhatsApp-Image-2019-02-17-at-22.18.45.jpeg?fit=720%2C479&ssl=1&resize=700%2C400 2x"},"classes":[]},{"id":24118,"url":"https:\/\/larevistadigital.com.ar\/blog\/el-diputado-chascomunense-cote-rossi-junto-al-gobernador-y-ministros-estuvieron-en-gral-madariaga\/","url_meta":{"origin":35570,"position":5},"title":"EL DIPUTADO CHASCOMUNENSE \u00abCOTE\u00bb ROSSI, JUNTO AL GOBERNADOR Y MINISTROS ESTUVIERON EN GRAL. MADARIAGA","author":"Alejandro Sosa Ruda","date":"19 febrero, 2022","format":false,"excerpt":"Formaron parte de un importante evento, que nucle\u00f3 a gran cantidad de autoridades y cont\u00f3 con un nutrido apoyo de los vecinos del lugar y de distintos lugares de la provincia El diputado provincial chascomunense Jos\u00e9 Ignacio \"Cote\" Rossi, estuvo presente en General Madariaga y particip\u00f3 junto al gobernador Axel\u2026","rel":"","context":"En \u00abPOLITICA PROVINCIAL\u00bb","block_context":{"text":"POLITICA PROVINCIAL","link":"https:\/\/larevistadigital.com.ar\/blog\/category\/politica\/politica-provincial\/"},"img":{"alt_text":"","src":"https:\/\/i0.wp.com\/larevistadigital.com.ar\/blog\/wp-content\/uploads\/272971084_10224079007956947_8100341202515261089_n.jpg?fit=850%2C853&ssl=1&resize=350%2C200","width":350,"height":200,"srcset":"https:\/\/i0.wp.com\/larevistadigital.com.ar\/blog\/wp-content\/uploads\/272971084_10224079007956947_8100341202515261089_n.jpg?fit=850%2C853&ssl=1&resize=350%2C200 1x, https:\/\/i0.wp.com\/larevistadigital.com.ar\/blog\/wp-content\/uploads\/272971084_10224079007956947_8100341202515261089_n.jpg?fit=850%2C853&ssl=1&resize=525%2C300 1.5x, https:\/\/i0.wp.com\/larevistadigital.com.ar\/blog\/wp-content\/uploads\/272971084_10224079007956947_8100341202515261089_n.jpg?fit=850%2C853&ssl=1&resize=700%2C400 2x"},"classes":[]}],"_links":{"self":[{"href":"https:\/\/larevistadigital.com.ar\/blog\/wp-json\/wp\/v2\/posts\/35570","targetHints":{"allow":["GET"]}}],"collection":[{"href":"https:\/\/larevistadigital.com.ar\/blog\/wp-json\/wp\/v2\/posts"}],"about":[{"href":"https:\/\/larevistadigital.com.ar\/blog\/wp-json\/wp\/v2\/types\/post"}],"author":[{"embeddable":true,"href":"https:\/\/larevistadigital.com.ar\/blog\/wp-json\/wp\/v2\/users\/3"}],"replies":[{"embeddable":true,"href":"https:\/\/larevistadigital.com.ar\/blog\/wp-json\/wp\/v2\/comments?post=35570"}],"version-history":[{"count":2,"href":"https:\/\/larevistadigital.com.ar\/blog\/wp-json\/wp\/v2\/posts\/35570\/revisions"}],"predecessor-version":[{"id":35574,"href":"https:\/\/larevistadigital.com.ar\/blog\/wp-json\/wp\/v2\/posts\/35570\/revisions\/35574"}],"wp:featuredmedia":[{"embeddable":true,"href":"https:\/\/larevistadigital.com.ar\/blog\/wp-json\/wp\/v2\/media\/35571"}],"wp:attachment":[{"href":"https:\/\/larevistadigital.com.ar\/blog\/wp-json\/wp\/v2\/media?parent=35570"}],"wp:term":[{"taxonomy":"category","embeddable":true,"href":"https:\/\/larevistadigital.com.ar\/blog\/wp-json\/wp\/v2\/categories?post=35570"},{"taxonomy":"post_tag","embeddable":true,"href":"https:\/\/larevistadigital.com.ar\/blog\/wp-json\/wp\/v2\/tags?post=35570"}],"curies":[{"name":"wp","href":"https:\/\/api.w.org\/{rel}","templated":true}]}}