{"id":35575,"date":"2024-03-16T10:00:05","date_gmt":"2024-03-16T13:00:05","guid":{"rendered":"https:\/\/larevistadigital.com.ar\/blog\/?p=35575"},"modified":"2024-03-16T10:00:05","modified_gmt":"2024-03-16T13:00:05","slug":"la-provincia-ofrecio-a-los-bonaerenses-un-aumento","status":"publish","type":"post","link":"https:\/\/larevistadigital.com.ar\/blog\/la-provincia-ofrecio-a-los-bonaerenses-un-aumento\/","title":{"rendered":"LA PROVINCIA OFRECI\u00d3 A LOS BONAERENSES UN AUMENTO"},"content":{"rendered":"<h2 class=\"fparrafo ctext fz18 lh25\">El Frente de Unidad Docente Bonaerense (FUDB) fue convocado este viernes por el Gobierno de la Provincia para participar en la reuni\u00f3n de la Comisi\u00f3n Paritaria Docente, que se llev\u00f3 a cabo en el Ministerio de Trabajo. En el encuentro estuvieron presentes integrantes de los Ministerios de Trabajo, Econom\u00eda y de la DGCyE.<\/h2>\n<p>16 de marzo de 2024<\/p>\n<p><strong>BUENOS AIRES &#8211;<\/strong>\u00a0 Despu\u00e9s de considerar los requerimientos planteados el pasado martes por el FUDB, los cuales abordan las necesidades del sector para evitar la p\u00e9rdida del poder adquisitivo frente a la situaci\u00f3n econ\u00f3mica actual, producto de los niveles inflacionarios y las medidas tomadas por el Ejecutivo Nacional, el Gobierno Provincial present\u00f3 su oferta salarial, la cual implica un aumento promedio del 13,5 % sobre la base de c\u00e1lculo conformada por el sueldo de diciembre de 2023, incrementado en un 15 %.<\/p>\n<blockquote>\n<h3>El aumento se har\u00e1 efectivo en la pr\u00f3xima liquidaci\u00f3n, correspondiente al sueldo del mes de marzo, a cobrarse en los primeros d\u00edas del mes de abril.<\/h3>\n<\/blockquote>\n<p>Tambi\u00e9n este nuevo aumento, junto al de febrero, se aplicar\u00e1 a las y los Jubiladas\/os en este cobro. Adem\u00e1s, se comunic\u00f3 que habr\u00e1 un incremento en los tramos de las Asignaciones Familiares del 110 %, con el compromiso de volver a reunirnos en una pr\u00f3xima Paritaria salarial en el mes de abril.<\/p>\n<p>En consecuencia, los sindicatos que integran el FUDB, (AMET, FEB, SADOP, SUTEBA, y UDOCBA, pondr\u00e1n a consideraci\u00f3n el tratamiento de la propuesta en sus \u00e1mbitos org\u00e1nicos respectivos. Mayoritariamente se acept\u00f3 la misma, ad refer\u00e9ndum de los \u00e1mbitos mencionados, para su cobro inmediato en el mes de abril. (<b>InfoGEI<\/b>)Ac<\/p>\n","protected":false},"excerpt":{"rendered":"<div class=\"mh-excerpt\"><p>El Frente de Unidad Docente Bonaerense (FUDB) fue convocado este viernes por el Gobierno de la Provincia para participar en la reuni\u00f3n de la Comisi\u00f3n Paritaria Docente, que se llev\u00f3 a cabo en el Ministerio <a class=\"mh-excerpt-more\" href=\"https:\/\/larevistadigital.com.ar\/blog\/la-provincia-ofrecio-a-los-bonaerenses-un-aumento\/\" title=\"LA PROVINCIA OFRECI\u00d3 A LOS BONAERENSES UN AUMENTO\">[Leer M\u00e1s]<\/a><\/p>\n<\/div>","protected":false},"author":3,"featured_media":35576,"comment_status":"open","ping_status":"open","sticky":false,"template":"","format":"standard","meta":{"_jetpack_memberships_contains_paid_content":false,"footnotes":"","jetpack_publicize_message":"","jetpack_publicize_feature_enabled":true,"jetpack_social_post_already_shared":true,"jetpack_social_options":{"image_generator_settings":{"template":"highway","default_image_id":0,"font":"","enabled":false},"version":2}},"categories":[24,51],"tags":[],"class_list":{"0":"post-35575","1":"post","2":"type-post","3":"status-publish","4":"format-standard","5":"has-post-thumbnail","7":"category-politica-provincial","8":"category-regionales"},"jetpack_publicize_connections":[],"jetpack_featured_media_url":"https:\/\/i0.wp.com\/larevistadigital.com.ar\/blog\/wp-content\/uploads\/20240316094700_paritaria-docente-fudb-amet-feb-sadop-suteba-udocba.jpg?fit=880%2C512&ssl=1","jetpack_sharing_enabled":true,"jetpack_shortlink":"https:\/\/wp.me\/p8qtrQ-9fN","jetpack-related-posts":[{"id":44364,"url":"https:\/\/larevistadigital.com.ar\/blog\/la-provincia-otorgo-un-nuevo-aumento-salarial-a-la-policia-bonaerense\/","url_meta":{"origin":35575,"position":0},"title":"La Provincia otorg\u00f3 un nuevo aumento salarial a la Polic\u00eda Bonaerense","author":"Alejandro Sosa Ruda","date":"6 marzo, 2026","format":false,"excerpt":"El incremento se aplicar\u00e1 en dos tramos y llevar\u00e1 la suba acumulada en lo que va del a\u00f1o a m\u00e1s del 11%. 06 de marzo de 2026 BUENOS AIRES -\u00a0 \u00a0El gobierno de la Provincia de Buenos Aires confirm\u00f3 un nuevo aumento salarial para los efectivos de la Polic\u00eda de\u2026","rel":"","context":"En \u00abINTERES GENERAL\u00bb","block_context":{"text":"INTERES GENERAL","link":"https:\/\/larevistadigital.com.ar\/blog\/category\/interes-general\/"},"img":{"alt_text":"","src":"https:\/\/i0.wp.com\/larevistadigital.com.ar\/blog\/wp-content\/uploads\/Captura-de-pantalla-2026-03-06-203850.jpg?fit=884%2C493&ssl=1&resize=350%2C200","width":350,"height":200,"srcset":"https:\/\/i0.wp.com\/larevistadigital.com.ar\/blog\/wp-content\/uploads\/Captura-de-pantalla-2026-03-06-203850.jpg?fit=884%2C493&ssl=1&resize=350%2C200 1x, https:\/\/i0.wp.com\/larevistadigital.com.ar\/blog\/wp-content\/uploads\/Captura-de-pantalla-2026-03-06-203850.jpg?fit=884%2C493&ssl=1&resize=525%2C300 1.5x, https:\/\/i0.wp.com\/larevistadigital.com.ar\/blog\/wp-content\/uploads\/Captura-de-pantalla-2026-03-06-203850.jpg?fit=884%2C493&ssl=1&resize=700%2C400 2x"},"classes":[]},{"id":44373,"url":"https:\/\/larevistadigital.com.ar\/blog\/pablo-lopez-a-pesar-de-la-asfixia-del-gobierno-nacional-la-gestion-de-la-provincia-sigue-adelante\/","url_meta":{"origin":35575,"position":1},"title":"Pablo L\u00f3pez: \u201cA pesar de la asfixia del Gobierno nacional, la gesti\u00f3n de la Provincia sigue adelante\u201d","author":"Alejandro Sosa Ruda","date":"6 marzo, 2026","format":false,"excerpt":"El Ministro de Econom\u00eda se refiri\u00f3 a la aceptaci\u00f3n por parte de la mayor\u00eda de las organizaciones gremiales de la oferta de aumento salarial realizada por el Gobierno de la Provincia de Buenos Aires. 06 de marzo de 2026 El Gobierno de la Provincia de Buenos Aires alcanz\u00f3 un nuevo\u2026","rel":"","context":"En \u00abINTERES GENERAL\u00bb","block_context":{"text":"INTERES GENERAL","link":"https:\/\/larevistadigital.com.ar\/blog\/category\/interes-general\/"},"img":{"alt_text":"","src":"https:\/\/i0.wp.com\/larevistadigital.com.ar\/blog\/wp-content\/uploads\/Captura-de-pantalla-2026-03-06-213035.jpg?fit=735%2C491&ssl=1&resize=350%2C200","width":350,"height":200,"srcset":"https:\/\/i0.wp.com\/larevistadigital.com.ar\/blog\/wp-content\/uploads\/Captura-de-pantalla-2026-03-06-213035.jpg?fit=735%2C491&ssl=1&resize=350%2C200 1x, https:\/\/i0.wp.com\/larevistadigital.com.ar\/blog\/wp-content\/uploads\/Captura-de-pantalla-2026-03-06-213035.jpg?fit=735%2C491&ssl=1&resize=525%2C300 1.5x, https:\/\/i0.wp.com\/larevistadigital.com.ar\/blog\/wp-content\/uploads\/Captura-de-pantalla-2026-03-06-213035.jpg?fit=735%2C491&ssl=1&resize=700%2C400 2x"},"classes":[]},{"id":43450,"url":"https:\/\/larevistadigital.com.ar\/blog\/buenos-aires-la-provincia-acordo-con-los-gremios-bonaerenses-un-nuevo-aumento-salarial-en-enero\/","url_meta":{"origin":35575,"position":2},"title":"Buenos Aires: La Provincia acord\u00f3 con los gremios bonaerenses un nuevo aumento salarial en enero","author":"Alejandro Sosa Ruda","date":"19 enero, 2026","format":false,"excerpt":"La oferta incluye un retroactivo a diciembre con el proporcional del aguinaldo; y un 3% en enero, respecto de los haberes vigentes al mes de octubre. 19 de enero de 2026 El Gobierno de la provincia de Buenos Aires, en un marco de emergencia econ\u00f3mica provocada por las pol\u00edticas del\u2026","rel":"","context":"En \u00abGREMIALES\u00bb","block_context":{"text":"GREMIALES","link":"https:\/\/larevistadigital.com.ar\/blog\/category\/gremiales\/"},"img":{"alt_text":"","src":"https:\/\/i0.wp.com\/larevistadigital.com.ar\/blog\/wp-content\/uploads\/Captura-de-pantalla-2026-01-19-132851.jpg?fit=699%2C439&ssl=1&resize=350%2C200","width":350,"height":200,"srcset":"https:\/\/i0.wp.com\/larevistadigital.com.ar\/blog\/wp-content\/uploads\/Captura-de-pantalla-2026-01-19-132851.jpg?fit=699%2C439&ssl=1&resize=350%2C200 1x, https:\/\/i0.wp.com\/larevistadigital.com.ar\/blog\/wp-content\/uploads\/Captura-de-pantalla-2026-01-19-132851.jpg?fit=699%2C439&ssl=1&resize=525%2C300 1.5x"},"classes":[]},{"id":1081,"url":"https:\/\/larevistadigital.com.ar\/blog\/los-gremios-lanzan-4-jornadas-mas-de-paro-nacional-y-se-agudiza-el-conflicto-docente\/","url_meta":{"origin":35575,"position":3},"title":"Los gremios lanzan 4 jornadas m\u00e1s de paro nacional y se agudiza el conflicto docente","author":"editor","date":"11 marzo, 2017","format":false,"excerpt":"El Gobierno Nacional insiste en no convocar a la paritaria docente nacional y los maestros lanzaron otros dos paros de 48 horas.\u00a0En Provincia y en CABA tampoco hubo acuerdo. Se agudiza el conflicto. La Confederaci\u00f3n Nacional de Trabajadores de la Educaci\u00f3n (Ctera) convoc\u00f3 a un paro de 48 horas para\u2026","rel":"","context":"En \u00abGREMIALES\u00bb","block_context":{"text":"GREMIALES","link":"https:\/\/larevistadigital.com.ar\/blog\/category\/gremiales\/"},"img":{"alt_text":"","src":"https:\/\/i0.wp.com\/larevistadigital.com.ar\/blog\/wp-content\/uploads\/2017\/03\/0010791820-644x340.jpg?fit=644%2C340&ssl=1&resize=350%2C200","width":350,"height":200,"srcset":"https:\/\/i0.wp.com\/larevistadigital.com.ar\/blog\/wp-content\/uploads\/2017\/03\/0010791820-644x340.jpg?fit=644%2C340&ssl=1&resize=350%2C200 1x, https:\/\/i0.wp.com\/larevistadigital.com.ar\/blog\/wp-content\/uploads\/2017\/03\/0010791820-644x340.jpg?fit=644%2C340&ssl=1&resize=525%2C300 1.5x"},"classes":[]},{"id":38781,"url":"https:\/\/larevistadigital.com.ar\/blog\/la-cgt-anuncio-un-paro-nacional-docente-para-manana-y-el-5-de-marzo\/","url_meta":{"origin":35575,"position":4},"title":"La Cgt anunci\u00f3 un paro nacional docente para ma\u00f1ana y el 5 de marzo","author":"Alejandro Sosa Ruda","date":"23 febrero, 2025","format":false,"excerpt":"Por otro lado, el Gobierno convoc\u00f3 a una reuni\u00f3n de la Mesa del Salario M\u00ednimo Docente Garantizado. 23 de febrero de 2025 BUENOS AIRES-\u00a0 Los sindicatos docentes alineados con la Confederaci\u00f3n General del Trabajo (CGT) anunciaron que no comenzar\u00e1n el ciclo lectivo y confirmaron dos paros nacionales: el primero para\u2026","rel":"","context":"En \u00abGREMIALES\u00bb","block_context":{"text":"GREMIALES","link":"https:\/\/larevistadigital.com.ar\/blog\/category\/gremiales\/"},"img":{"alt_text":"","src":"https:\/\/i0.wp.com\/larevistadigital.com.ar\/blog\/wp-content\/uploads\/aula-vacia-grande.jpg?fit=1200%2C668&ssl=1&resize=350%2C200","width":350,"height":200,"srcset":"https:\/\/i0.wp.com\/larevistadigital.com.ar\/blog\/wp-content\/uploads\/aula-vacia-grande.jpg?fit=1200%2C668&ssl=1&resize=350%2C200 1x, https:\/\/i0.wp.com\/larevistadigital.com.ar\/blog\/wp-content\/uploads\/aula-vacia-grande.jpg?fit=1200%2C668&ssl=1&resize=525%2C300 1.5x, https:\/\/i0.wp.com\/larevistadigital.com.ar\/blog\/wp-content\/uploads\/aula-vacia-grande.jpg?fit=1200%2C668&ssl=1&resize=700%2C400 2x, https:\/\/i0.wp.com\/larevistadigital.com.ar\/blog\/wp-content\/uploads\/aula-vacia-grande.jpg?fit=1200%2C668&ssl=1&resize=1050%2C600 3x"},"classes":[]},{"id":13918,"url":"https:\/\/larevistadigital.com.ar\/blog\/el-gobierno-bonaerense-congelo-las-tarifas-de-los-peajes\/","url_meta":{"origin":35575,"position":5},"title":"EL GOBIERNO BONAERENSE CONGEL\u00d3 LAS TARIFAS DE LOS PEAJES","author":"Alejandro Sosa Ruda","date":"30 diciembre, 2019","format":false,"excerpt":"El gobierno de la provincia de Buenos Aires dispuso el congelamiento de las tarifas de los peajes en el distrito, con lo cual dej\u00f3 en suspenso la implementaci\u00f3n de un aumento del 25% que hab\u00eda sido dispuesto por la gesti\u00f3n anterior, encabezada por Mar\u00eda Eugenia Vidal. As\u00ed lo confirm\u00f3 esta\u2026","rel":"","context":"En \u00abINTERES GENERAL\u00bb","block_context":{"text":"INTERES GENERAL","link":"https:\/\/larevistadigital.com.ar\/blog\/category\/interes-general\/"},"img":{"alt_text":"","src":"https:\/\/i0.wp.com\/larevistadigital.com.ar\/blog\/wp-content\/uploads\/9d2d3b9705edf34c02902e2482614adfc0e5865b.jpg?fit=1140%2C641&ssl=1&resize=350%2C200","width":350,"height":200,"srcset":"https:\/\/i0.wp.com\/larevistadigital.com.ar\/blog\/wp-content\/uploads\/9d2d3b9705edf34c02902e2482614adfc0e5865b.jpg?fit=1140%2C641&ssl=1&resize=350%2C200 1x, https:\/\/i0.wp.com\/larevistadigital.com.ar\/blog\/wp-content\/uploads\/9d2d3b9705edf34c02902e2482614adfc0e5865b.jpg?fit=1140%2C641&ssl=1&resize=525%2C300 1.5x, https:\/\/i0.wp.com\/larevistadigital.com.ar\/blog\/wp-content\/uploads\/9d2d3b9705edf34c02902e2482614adfc0e5865b.jpg?fit=1140%2C641&ssl=1&resize=700%2C400 2x, https:\/\/i0.wp.com\/larevistadigital.com.ar\/blog\/wp-content\/uploads\/9d2d3b9705edf34c02902e2482614adfc0e5865b.jpg?fit=1140%2C641&ssl=1&resize=1050%2C600 3x"},"classes":[]}],"_links":{"self":[{"href":"https:\/\/larevistadigital.com.ar\/blog\/wp-json\/wp\/v2\/posts\/35575","targetHints":{"allow":["GET"]}}],"collection":[{"href":"https:\/\/larevistadigital.com.ar\/blog\/wp-json\/wp\/v2\/posts"}],"about":[{"href":"https:\/\/larevistadigital.com.ar\/blog\/wp-json\/wp\/v2\/types\/post"}],"author":[{"embeddable":true,"href":"https:\/\/larevistadigital.com.ar\/blog\/wp-json\/wp\/v2\/users\/3"}],"replies":[{"embeddable":true,"href":"https:\/\/larevistadigital.com.ar\/blog\/wp-json\/wp\/v2\/comments?post=35575"}],"version-history":[{"count":1,"href":"https:\/\/larevistadigital.com.ar\/blog\/wp-json\/wp\/v2\/posts\/35575\/revisions"}],"predecessor-version":[{"id":35577,"href":"https:\/\/larevistadigital.com.ar\/blog\/wp-json\/wp\/v2\/posts\/35575\/revisions\/35577"}],"wp:featuredmedia":[{"embeddable":true,"href":"https:\/\/larevistadigital.com.ar\/blog\/wp-json\/wp\/v2\/media\/35576"}],"wp:attachment":[{"href":"https:\/\/larevistadigital.com.ar\/blog\/wp-json\/wp\/v2\/media?parent=35575"}],"wp:term":[{"taxonomy":"category","embeddable":true,"href":"https:\/\/larevistadigital.com.ar\/blog\/wp-json\/wp\/v2\/categories?post=35575"},{"taxonomy":"post_tag","embeddable":true,"href":"https:\/\/larevistadigital.com.ar\/blog\/wp-json\/wp\/v2\/tags?post=35575"}],"curies":[{"name":"wp","href":"https:\/\/api.w.org\/{rel}","templated":true}]}}