{"id":35578,"date":"2024-03-16T10:06:42","date_gmt":"2024-03-16T13:06:42","guid":{"rendered":"https:\/\/larevistadigital.com.ar\/blog\/?p=35578"},"modified":"2024-03-16T10:06:42","modified_gmt":"2024-03-16T13:06:42","slug":"tragedia-mueren-seis-personas-en-un-pozo-de-bombeo","status":"publish","type":"post","link":"https:\/\/larevistadigital.com.ar\/blog\/tragedia-mueren-seis-personas-en-un-pozo-de-bombeo\/","title":{"rendered":"TRAGEDIA: MUEREN SEIS PERSONAS EN UN POZO DE BOMBEO"},"content":{"rendered":"<h2 class=\"fparrafo ctext fz18 lh25\">Un operario que hab\u00eda sido contratado para realizar tareas dentro de un pozo de bombeo, en un sitio conocido como \u00abel cigarro\u00bb, no regres\u00f3 a la superficie. Cinco personas que acudieron en su ayuda intentaron rescatarlo, tampoco regresaron. Los seis fallecieron presumiblemente por inhalaci\u00f3n de gases t\u00f3xicos.<\/h2>\n<p>16 de marzo de 2024<\/p>\n<p><strong>Blaquier &#8211; AMEGHINO-\u00a0<\/strong> Seg\u00fan da cuenta el portal, \u201cDistrito Interior\u201d, este viernes un operario de 60 a\u00f1os, identificado como <strong>Ricardo Bottega<\/strong>, que se encontraba efectuando reparaciones en una bomba correspondiente a la Red Cloacal Municipal, se desvanece, presumiblemente a ra\u00edz de la inhalaci\u00f3n de gases que surgen de dicha planta, por lo que procede a pedir ayuda, gener\u00e1ndose un efecto cadena con cinco personas que acuden a socorrerlo, se introducen en el pozo y tambi\u00e9n se mueren.<\/p>\n<blockquote>\n<h3>Los nombres de las personas fallecidas en esta tragedia que enluta a la localidad de Blaquier, son: Juan Ram\u00f3n S\u00e1nchez (50), Nicol\u00e1s S\u00e1nchez (28), Carlos Rodolfo Renger (39), Alejandro Centeno (35) y Mateo Pelegrino (27), entre los que se encuentran un padre e hijo (quien adem\u00e1s es integrante del Cuartel de Bomberos Voluntarios local).<\/h3>\n<\/blockquote>\n<p>Adem\u00e1s, resultaron\u00a0afectadas otras dos personas, tambi\u00e9n masculinos mayores de edad, que se encuentran internadas en el Hospital Municipal de Ameghino; se trata de los bomberos voluntarios, <strong>Mauricio Guerrero<\/strong> y <strong>Mauricio H\u00e9ctor Torres<\/strong>, ambos estables, de acuerdo a las averiguaciones del medio,\u00a0Distrito Interior.<\/p>\n<blockquote>\n<h3>Los cuerpos de las v\u00edctimas, una vez identificados, fueron trasladados a la Morgue Judicial de la ciudad de Jun\u00edn, tarea que llev\u00f3 a cabo Empresa Charras, de General Pinto, donde se les efectuar\u00e1n en horas de la madrugada las correspondientes operaciones de autopsia a los fines de determinar fehacientemente las causales de muerte.<\/h3>\n<\/blockquote>\n<p>Adem\u00e1s, se est\u00e1n llevando adelante las medidas de prueba y periciales pertinentes en el lugar de los hechos por parte de personal de Polic\u00eda Cient\u00edfica y Polic\u00eda Ecol\u00f3gica de la ciudad de Jun\u00edn conforme las directivas del Sr. Agente Fiscal interviniente, informaron conjuntamente la Ayudant\u00eda de Fiscal y la Polic\u00eda Comunal. (<b>InfoGEI<\/b>)Ac<\/p>\n","protected":false},"excerpt":{"rendered":"<div class=\"mh-excerpt\"><p>Un operario que hab\u00eda sido contratado para realizar tareas dentro de un pozo de bombeo, en un sitio conocido como \u00abel cigarro\u00bb, no regres\u00f3 a la superficie. Cinco personas que acudieron en su ayuda intentaron <a class=\"mh-excerpt-more\" href=\"https:\/\/larevistadigital.com.ar\/blog\/tragedia-mueren-seis-personas-en-un-pozo-de-bombeo\/\" title=\"TRAGEDIA: MUEREN SEIS PERSONAS EN UN POZO DE BOMBEO\">[Leer M\u00e1s]<\/a><\/p>\n<\/div>","protected":false},"author":3,"featured_media":35579,"comment_status":"open","ping_status":"open","sticky":false,"template":"","format":"standard","meta":{"_jetpack_memberships_contains_paid_content":false,"footnotes":"","jetpack_publicize_message":"","jetpack_publicize_feature_enabled":true,"jetpack_social_post_already_shared":true,"jetpack_social_options":{"image_generator_settings":{"template":"highway","default_image_id":0,"font":"","enabled":false},"version":2}},"categories":[44,51],"tags":[],"class_list":{"0":"post-35578","1":"post","2":"type-post","3":"status-publish","4":"format-standard","5":"has-post-thumbnail","7":"category-policiales","8":"category-regionales"},"jetpack_publicize_connections":[],"jetpack_featured_media_url":"https:\/\/i0.wp.com\/larevistadigital.com.ar\/blog\/wp-content\/uploads\/20240316093759_tragedia-blaquier.jpg?fit=880%2C512&ssl=1","jetpack_sharing_enabled":true,"jetpack_shortlink":"https:\/\/wp.me\/p8qtrQ-9fQ","jetpack-related-posts":[{"id":30667,"url":"https:\/\/larevistadigital.com.ar\/blog\/las-flores-tragedia-quiso-rescatar-a-su-companero-de-un-pozo-de-una-obra-de-cloacas-y-murieron-los-dos\/","url_meta":{"origin":35578,"position":0},"title":"LAS FLORES: TRAGEDIA. QUISO RESCATAR A SU COMPA\u00d1ERO DE UN POZO DE UNA OBRA DE CLOACAS Y MURIERON LOS DOS","author":"Alejandro Sosa Ruda","date":"22 marzo, 2023","format":false,"excerpt":"Eran operarios de una empresa y cuando el primero se desvanece al descender, el otro fue a su auxilio. Una de las causales puede ser que \"el lugar no contaba con ox\u00edgeno suficiente para que una persona pueda sobrevivir\", dijo el jefe de la Polic\u00eda comunal. All\u00ed permanecieron por m\u00e1s\u2026","rel":"","context":"En \u00abPOLICIALES\u00bb","block_context":{"text":"POLICIALES","link":"https:\/\/larevistadigital.com.ar\/blog\/category\/policiales\/"},"img":{"alt_text":"","src":"https:\/\/i0.wp.com\/larevistadigital.com.ar\/blog\/wp-content\/uploads\/336431644_689110249897249_8837841148314149118_n-1-1024x502-1.jpg?fit=1024%2C502&ssl=1&resize=350%2C200","width":350,"height":200,"srcset":"https:\/\/i0.wp.com\/larevistadigital.com.ar\/blog\/wp-content\/uploads\/336431644_689110249897249_8837841148314149118_n-1-1024x502-1.jpg?fit=1024%2C502&ssl=1&resize=350%2C200 1x, https:\/\/i0.wp.com\/larevistadigital.com.ar\/blog\/wp-content\/uploads\/336431644_689110249897249_8837841148314149118_n-1-1024x502-1.jpg?fit=1024%2C502&ssl=1&resize=525%2C300 1.5x, https:\/\/i0.wp.com\/larevistadigital.com.ar\/blog\/wp-content\/uploads\/336431644_689110249897249_8837841148314149118_n-1-1024x502-1.jpg?fit=1024%2C502&ssl=1&resize=700%2C400 2x"},"classes":[]},{"id":26008,"url":"https:\/\/larevistadigital.com.ar\/blog\/hace-un-rato-video-incendio-en-av-santa-fe-con-12-personas-atendidas-cinco-internadas\/","url_meta":{"origin":35578,"position":1},"title":"HACE UN RATO: [VIDEO] INCENDIO EN AV. SANTA F\u00c9 CON 12 PERSONAS ATENDIDAS. CINCO INTERNADAS","author":"Alejandro Sosa Ruda","date":"21 junio, 2022","format":false,"excerpt":"El cronista Juan Lemik nos env\u00eda material en primicia, de un hecho que sucedi\u00f3 hace poco m\u00e1s de una hora CABA - (Juan Lemik) Aproximadamente a las 18 horas, el periodista de La Revista Digital, Juan Lemik\u00a0nos hizo llegar desde la Ciudad Aut\u00f3noma de Buenos Aires la informaci\u00f3n con im\u00e1genes\u2026","rel":"","context":"En \u00abDESTACADAS\u00bb","block_context":{"text":"DESTACADAS","link":"https:\/\/larevistadigital.com.ar\/blog\/category\/destacadas\/"},"img":{"alt_text":"","src":"https:\/\/i0.wp.com\/larevistadigital.com.ar\/blog\/wp-content\/uploads\/WhatsApp-Image-2022-06-21-at-5.58.35-PM.jpeg?fit=1200%2C676&ssl=1&resize=350%2C200","width":350,"height":200,"srcset":"https:\/\/i0.wp.com\/larevistadigital.com.ar\/blog\/wp-content\/uploads\/WhatsApp-Image-2022-06-21-at-5.58.35-PM.jpeg?fit=1200%2C676&ssl=1&resize=350%2C200 1x, https:\/\/i0.wp.com\/larevistadigital.com.ar\/blog\/wp-content\/uploads\/WhatsApp-Image-2022-06-21-at-5.58.35-PM.jpeg?fit=1200%2C676&ssl=1&resize=525%2C300 1.5x, https:\/\/i0.wp.com\/larevistadigital.com.ar\/blog\/wp-content\/uploads\/WhatsApp-Image-2022-06-21-at-5.58.35-PM.jpeg?fit=1200%2C676&ssl=1&resize=700%2C400 2x, https:\/\/i0.wp.com\/larevistadigital.com.ar\/blog\/wp-content\/uploads\/WhatsApp-Image-2022-06-21-at-5.58.35-PM.jpeg?fit=1200%2C676&ssl=1&resize=1050%2C600 3x"},"classes":[]},{"id":22175,"url":"https:\/\/larevistadigital.com.ar\/blog\/mas-de-58-millones-para-un-ganador-del-quini-6\/","url_meta":{"origin":35578,"position":2},"title":"MAS DE 58 MILLONES PARA UN GANADOR DEL QUINI 6","author":"Alejandro Sosa Ruda","date":"30 septiembre, 2021","format":false,"excerpt":"Un apostador que registr\u00f3 seis aciertos en la modalidad Segunda Vuelta se qued\u00f3 con un pozo millonario. Un apostador que registr\u00f3 seis aciertos en la\u00a0Segunda Vuelta del Quini Seis\u00a0se hizo acreedor a un pozo de m\u00e1s de\u00a058 millones de pesos\u00a0en el sorteo realizado este mi\u00e9rcoles 29 de septiembre. El afortunado\u2026","rel":"","context":"En \u00abINTERES GENERAL\u00bb","block_context":{"text":"INTERES GENERAL","link":"https:\/\/larevistadigital.com.ar\/blog\/category\/interes-general\/"},"img":{"alt_text":"","src":"https:\/\/i0.wp.com\/larevistadigital.com.ar\/blog\/wp-content\/uploads\/el-joven-que-asegura-haber-descifrado-como-viralizar-un-video-en-youtube-y-gana-millones.jpg?fit=1201%2C740&ssl=1&resize=350%2C200","width":350,"height":200,"srcset":"https:\/\/i0.wp.com\/larevistadigital.com.ar\/blog\/wp-content\/uploads\/el-joven-que-asegura-haber-descifrado-como-viralizar-un-video-en-youtube-y-gana-millones.jpg?fit=1201%2C740&ssl=1&resize=350%2C200 1x, https:\/\/i0.wp.com\/larevistadigital.com.ar\/blog\/wp-content\/uploads\/el-joven-que-asegura-haber-descifrado-como-viralizar-un-video-en-youtube-y-gana-millones.jpg?fit=1201%2C740&ssl=1&resize=525%2C300 1.5x, https:\/\/i0.wp.com\/larevistadigital.com.ar\/blog\/wp-content\/uploads\/el-joven-que-asegura-haber-descifrado-como-viralizar-un-video-en-youtube-y-gana-millones.jpg?fit=1201%2C740&ssl=1&resize=700%2C400 2x, https:\/\/i0.wp.com\/larevistadigital.com.ar\/blog\/wp-content\/uploads\/el-joven-que-asegura-haber-descifrado-como-viralizar-un-video-en-youtube-y-gana-millones.jpg?fit=1201%2C740&ssl=1&resize=1050%2C600 3x"},"classes":[]},{"id":22056,"url":"https:\/\/larevistadigital.com.ar\/blog\/115-millones-para-tres-ganadores-del-quini-6\/","url_meta":{"origin":35578,"position":3},"title":"115 MILLONES PARA TRES GANADORES DEL QUINI 6","author":"Alejandro Sosa Ruda","date":"20 septiembre, 2021","format":false,"excerpt":"Dos apostadores registraron seis aciertos en la modalidad Tradicional y otro meti\u00f3 los seis en el Siempre Sale. Tres apostadores que registraron seis aciertos en distintas modalidades del sorteo del\u00a0Quini 6\u00a0realizado este domingo se repartir\u00e1n un pozo de casi 115 millones de pesos. En la jugada Tradicional dos apostadores metieron\u2026","rel":"","context":"En \u00abINTERES GENERAL\u00bb","block_context":{"text":"INTERES GENERAL","link":"https:\/\/larevistadigital.com.ar\/blog\/category\/interes-general\/"},"img":{"alt_text":"","src":"https:\/\/i0.wp.com\/larevistadigital.com.ar\/blog\/wp-content\/uploads\/QUINI.jpg?fit=957%2C536&ssl=1&resize=350%2C200","width":350,"height":200,"srcset":"https:\/\/i0.wp.com\/larevistadigital.com.ar\/blog\/wp-content\/uploads\/QUINI.jpg?fit=957%2C536&ssl=1&resize=350%2C200 1x, https:\/\/i0.wp.com\/larevistadigital.com.ar\/blog\/wp-content\/uploads\/QUINI.jpg?fit=957%2C536&ssl=1&resize=525%2C300 1.5x, https:\/\/i0.wp.com\/larevistadigital.com.ar\/blog\/wp-content\/uploads\/QUINI.jpg?fit=957%2C536&ssl=1&resize=700%2C400 2x"},"classes":[]},{"id":11079,"url":"https:\/\/larevistadigital.com.ar\/blog\/al-menos-17-personas-internadas-por-inhalar-humo-tras-un-incendio\/","url_meta":{"origin":35578,"position":4},"title":"AL MENOS 17 PERSONAS INTERNADAS POR INHALAR HUMO TRAS UN INCENDIO","author":"Alejandro Sosa Ruda","date":"5 julio, 2019","format":false,"excerpt":"El incendio se origin\u00f3 en el dormitorio de un departamento del segundo piso de un edificio ubicado en Juan B. Justo 3591 y varias dotaciones de bomberos asistieron inmediatamente controlando el fuego. Al menos 17 personas fueron trasladadas a distintos hospitales porte\u00f1os por inhalaci\u00f3n de humo tras producirse un incendio\u2026","rel":"","context":"En \u00abINTERES GENERAL\u00bb","block_context":{"text":"INTERES GENERAL","link":"https:\/\/larevistadigital.com.ar\/blog\/category\/interes-general\/"},"img":{"alt_text":"","src":"https:\/\/i0.wp.com\/larevistadigital.com.ar\/blog\/wp-content\/uploads\/5d1f7c2cbdf01_1004x565.jpg?fit=1004%2C565&ssl=1&resize=350%2C200","width":350,"height":200,"srcset":"https:\/\/i0.wp.com\/larevistadigital.com.ar\/blog\/wp-content\/uploads\/5d1f7c2cbdf01_1004x565.jpg?fit=1004%2C565&ssl=1&resize=350%2C200 1x, https:\/\/i0.wp.com\/larevistadigital.com.ar\/blog\/wp-content\/uploads\/5d1f7c2cbdf01_1004x565.jpg?fit=1004%2C565&ssl=1&resize=525%2C300 1.5x, https:\/\/i0.wp.com\/larevistadigital.com.ar\/blog\/wp-content\/uploads\/5d1f7c2cbdf01_1004x565.jpg?fit=1004%2C565&ssl=1&resize=700%2C400 2x"},"classes":[]},{"id":23569,"url":"https:\/\/larevistadigital.com.ar\/blog\/fotos-cae-un-caballo-en-un-pozo-y-debieron-rescatarlo-los-bomberos\/","url_meta":{"origin":35578,"position":5},"title":"[FOTOS] CAE UN CABALLO EN UN POZO Y DEBIERON RESCATARLO LOS BOMBEROS","author":"Alejandro Sosa Ruda","date":"25 enero, 2022","format":false,"excerpt":"AYACUCHO -\u00a0 Seg\u00fan public\u00f3 el portal \"ayacuchoald\u00eda.com.ar\" el pasado lunes por la tarde, Bomberos fue alertado sobre un incidente con un animal en el establecimiento \u00abEl Hornero\u00bb. De esta manera, concurri\u00f3 al lugar una dotaci\u00f3n del Cuartel Central a cargo del Ayudante Mayor Sa\u00fal Su\u00e1rez, con la unidad n\u00famero 22\u2026","rel":"","context":"En \u00abREGIONALES\u00bb","block_context":{"text":"REGIONALES","link":"https:\/\/larevistadigital.com.ar\/blog\/category\/regionales\/"},"img":{"alt_text":"","src":"https:\/\/i0.wp.com\/larevistadigital.com.ar\/blog\/wp-content\/uploads\/bomberos-equino-1-1.jpg?fit=959%2C799&ssl=1&resize=350%2C200","width":350,"height":200,"srcset":"https:\/\/i0.wp.com\/larevistadigital.com.ar\/blog\/wp-content\/uploads\/bomberos-equino-1-1.jpg?fit=959%2C799&ssl=1&resize=350%2C200 1x, https:\/\/i0.wp.com\/larevistadigital.com.ar\/blog\/wp-content\/uploads\/bomberos-equino-1-1.jpg?fit=959%2C799&ssl=1&resize=525%2C300 1.5x, https:\/\/i0.wp.com\/larevistadigital.com.ar\/blog\/wp-content\/uploads\/bomberos-equino-1-1.jpg?fit=959%2C799&ssl=1&resize=700%2C400 2x"},"classes":[]}],"_links":{"self":[{"href":"https:\/\/larevistadigital.com.ar\/blog\/wp-json\/wp\/v2\/posts\/35578","targetHints":{"allow":["GET"]}}],"collection":[{"href":"https:\/\/larevistadigital.com.ar\/blog\/wp-json\/wp\/v2\/posts"}],"about":[{"href":"https:\/\/larevistadigital.com.ar\/blog\/wp-json\/wp\/v2\/types\/post"}],"author":[{"embeddable":true,"href":"https:\/\/larevistadigital.com.ar\/blog\/wp-json\/wp\/v2\/users\/3"}],"replies":[{"embeddable":true,"href":"https:\/\/larevistadigital.com.ar\/blog\/wp-json\/wp\/v2\/comments?post=35578"}],"version-history":[{"count":1,"href":"https:\/\/larevistadigital.com.ar\/blog\/wp-json\/wp\/v2\/posts\/35578\/revisions"}],"predecessor-version":[{"id":35580,"href":"https:\/\/larevistadigital.com.ar\/blog\/wp-json\/wp\/v2\/posts\/35578\/revisions\/35580"}],"wp:featuredmedia":[{"embeddable":true,"href":"https:\/\/larevistadigital.com.ar\/blog\/wp-json\/wp\/v2\/media\/35579"}],"wp:attachment":[{"href":"https:\/\/larevistadigital.com.ar\/blog\/wp-json\/wp\/v2\/media?parent=35578"}],"wp:term":[{"taxonomy":"category","embeddable":true,"href":"https:\/\/larevistadigital.com.ar\/blog\/wp-json\/wp\/v2\/categories?post=35578"},{"taxonomy":"post_tag","embeddable":true,"href":"https:\/\/larevistadigital.com.ar\/blog\/wp-json\/wp\/v2\/tags?post=35578"}],"curies":[{"name":"wp","href":"https:\/\/api.w.org\/{rel}","templated":true}]}}