{"id":35581,"date":"2024-03-16T10:15:32","date_gmt":"2024-03-16T13:15:32","guid":{"rendered":"https:\/\/larevistadigital.com.ar\/blog\/?p=35581"},"modified":"2024-03-16T10:15:32","modified_gmt":"2024-03-16T13:15:32","slug":"escudo-anti-drogas-la-provincia-instalara-una-base-operativa-anti-narco-en-san-nicolas","status":"publish","type":"post","link":"https:\/\/larevistadigital.com.ar\/blog\/escudo-anti-drogas-la-provincia-instalara-una-base-operativa-anti-narco-en-san-nicolas\/","title":{"rendered":"ESCUDO ANTI DROGAS: LA PROVINCIA INSTALAR\u00c1 UNA BASE OPERATIVA ANTI-NARCO EN SAN NICOL\u00c1S."},"content":{"rendered":"<h2 class=\"fparrafo ctext fz18 lh25\">El gobierno de Axel Kicillof instalar\u00e1 una base operativa anti narcotr\u00e1fico de la polic\u00eda bonaerense en San Nicol\u00e1s, ciudad \u00e9sta del norte bonaerense m\u00e1s pr\u00f3xima a Rosario, a fin de bloquear el ingreso de droga por tierra desde Santa Fe.<\/h2>\n<p>16 de marzo de 2024<\/p>\n<p><strong>BUENOS AIRES &#8211;\u00a0<\/strong> Seg\u00fan consigna el medio pergaminense, La Opini\u00f3n, la novedad fue adelantada por el ministro de Seguridad, <strong>Javier Alonso<\/strong>, quien dijo que el objetivo es \u00abfortalecer los controles\u00bb en el norte de la provincia, un territorio que viene en la mira de las autoridades por su cercan\u00eda con el desborde narco que ocurre en Rosario.<\/p>\n<blockquote>\n<h3><em>\u00abVamos a instalar una base operativa en la localidad de San Nicol\u00e1s para fortalecer todos los caminos, tanto la ruta 9 como mucha zona rural, que es por donde entra la droga por tierra\u00bb<\/em>, que funcionar\u00e1 \u2013junto con la fuerza operativa que ir\u00e1 a Rosario- <em>\u00abcomo un escudo en el norte de nuestra Provincia\u00bb.<\/em><\/h3>\n<\/blockquote>\n<p><strong><em>\u00abEn una primera etapa se enviar\u00e1n 80 patrulleros y 3 minibuses\u00bb<\/em><\/strong> y posteriormente <strong><em>\u00abaviones no tripulados de video vigilancia y helic\u00f3pteros para que cuenten con apoyo a\u00e9reo y sean utilizados por las fuerzas federales. Adem\u00e1s, ir\u00e1n 400 hombres de la Unidad T\u00e1ctica de Operaciones Inmediatas (UTOI).<\/em><\/strong><\/p>\n<blockquote>\n<h3>Al mismo tiempo, el ministro acord\u00f3 anoche en su encuentro con la ministra Patricia Bullrich que se presentar\u00e1 un proyecto para modificar la ley de Seguridad Interior ley para darle el estatus de fuerzas federales a todas las provincias que participen en operaciones fuera de su provincia de origen, como los UTOI que ir\u00e1 a Rosario.<\/h3>\n<\/blockquote>\n<p><em><strong>\u00abCuando vamos a otras provincias para hacer allanamientos, lo hacemos en el marco de una causa judicial por una investigaci\u00f3n o porque estamos en una persecuci\u00f3n pero en la ley no queda claro si las polic\u00edas pueden desarrollar acciones de prevenci\u00f3n del delito\u00bb<\/strong> <\/em>en otros distritos, explic\u00f3 el ministro bonaerense sobre los motivos del cambio en la normativa.<\/p>\n<h3><span style=\"color: #ff0000\"><b>Cambio de la normativa<\/b><\/span><\/h3>\n<p>Alonso revel\u00f3 que analizan <em><strong>\u00abcambiar esa norma para cuando haya una situaci\u00f3n de desborde\u00bb<\/strong><\/em>, de modo que <strong><em>\u00abel ministerio de Seguridad de la Naci\u00f3n pueda asistir con las fuerzas federales o convocar a los mejores hombres de las fuerzas de operaciones especiales de cada provincia para conformar una fuerza operativa que controle la situaci\u00f3n\u00bb<\/em><\/strong> en el territorio en cuesti\u00f3n.<\/p>\n<blockquote>\n<h3>El ministro dijo que eso es as\u00ed debido a que esos cuerpos<em> \u00abest\u00e1n much\u00edsimo m\u00e1s entrenados y (su intervenci\u00f3n) es mucho m\u00e1s pertinente que el de las Fuerzas Armadas, que no tienen nada que ver con el problema de seguridad\u00bb.<\/em><\/h3>\n<\/blockquote>\n<p>El ministro consider\u00f3 que <em><strong>\u00abes muy importante recuperar el control de la calle en Santa Fe porque si no se va a agravar la situaci\u00f3n de las bandas de narcomenudeo en la provincia de Buenos Aires\u00bb<\/strong><\/em>.<\/p>\n<h3><span style=\"color: #ff0000\"><b>Trabajo mancomunado<\/b><\/span><\/h3>\n<p>Al referirse a la relaci\u00f3n que mantiene con la ministra de Seguridad de la Naci\u00f3n, remarc\u00f3 que a pesar de estar <strong><em>\u00abcargada de contradicciones y profundas diferencias ideol\u00f3gicas y pol\u00edticas respecto de los modelos econ\u00f3micos y productivos (\u2026), estamos haciendo un trabajo mancomunado, rigi\u00e9ndonos por las leyes y los m\u00e9todos profesionales\u00bb<\/em><\/strong>, por cuanto destac\u00f3 que <strong><em>\u00abfrente al crimen organizado, el Estado se tiene que organizar porque no podemos estar divididos por cuestiones ideol\u00f3gicas\u00bb.<\/em><\/strong><\/p>\n<p>Por lo tanto, concluy\u00f3 que <strong><em>\u00aben la medida en que estemos conforme a los reglamentos, doctrina y jurisprudencia, tenemos que trabajar juntos y darle para adelante para enfrentar a la amenaza m\u00e1s importante, que es esta situaci\u00f3n que est\u00e1 ocurriendo tan grave en Rosario\u00bb<\/em><\/strong>. (<b>InfoGEI<\/b>)Ac<\/p>\n","protected":false},"excerpt":{"rendered":"<div class=\"mh-excerpt\"><p>El gobierno de Axel Kicillof instalar\u00e1 una base operativa anti narcotr\u00e1fico de la polic\u00eda bonaerense en San Nicol\u00e1s, ciudad \u00e9sta del norte bonaerense m\u00e1s pr\u00f3xima a Rosario, a fin de bloquear el ingreso de droga <a class=\"mh-excerpt-more\" href=\"https:\/\/larevistadigital.com.ar\/blog\/escudo-anti-drogas-la-provincia-instalara-una-base-operativa-anti-narco-en-san-nicolas\/\" title=\"ESCUDO ANTI DROGAS: LA PROVINCIA INSTALAR\u00c1 UNA BASE OPERATIVA ANTI-NARCO EN SAN NICOL\u00c1S.\">[Leer M\u00e1s]<\/a><\/p>\n<\/div>","protected":false},"author":3,"featured_media":35582,"comment_status":"open","ping_status":"open","sticky":false,"template":"","format":"standard","meta":{"_jetpack_memberships_contains_paid_content":false,"footnotes":"","jetpack_publicize_message":"","jetpack_publicize_feature_enabled":true,"jetpack_social_post_already_shared":true,"jetpack_social_options":{"image_generator_settings":{"template":"highway","default_image_id":0,"font":"","enabled":false},"version":2}},"categories":[24,51],"tags":[],"class_list":{"0":"post-35581","1":"post","2":"type-post","3":"status-publish","4":"format-standard","5":"has-post-thumbnail","7":"category-politica-provincial","8":"category-regionales"},"jetpack_publicize_connections":[],"jetpack_featured_media_url":"https:\/\/i0.wp.com\/larevistadigital.com.ar\/blog\/wp-content\/uploads\/20240315151519_base-operativa-anti-narco-san-nicolas.jpg?fit=880%2C512&ssl=1","jetpack_sharing_enabled":true,"jetpack_shortlink":"https:\/\/wp.me\/p8qtrQ-9fT","jetpack-related-posts":[{"id":42045,"url":"https:\/\/larevistadigital.com.ar\/blog\/avionetas-narco-en-san-pedro-una-o-dos-veces-por-semana-aterriza-una-en-la-zona\/","url_meta":{"origin":35581,"position":0},"title":"Avionetas narco en San Pedro: \u201cUna o dos veces por semana aterriza una en la zona\u201d","author":"Alejandro Sosa Ruda","date":"16 octubre, 2025","format":false,"excerpt":"El periodista rosarino Rodrigo Mir\u00f3, especialista en investigaciones sobre narcotr\u00e1fico, asegur\u00f3 que una o dos avionetas vinculadas al tr\u00e1fico de drogas aterrizan semanalmente en la regi\u00f3n. En di\u00e1logo con Lil\u00ed Berardi en el programa Sin Galera, explic\u00f3 que, dentro del esquema narco actual, las aeronaves se abandonan tras cumplir su\u2026","rel":"","context":"En \u00abPOLICIALES\u00bb","block_context":{"text":"POLICIALES","link":"https:\/\/larevistadigital.com.ar\/blog\/category\/policiales\/"},"img":{"alt_text":"","src":"https:\/\/i0.wp.com\/larevistadigital.com.ar\/blog\/wp-content\/uploads\/20251016190116_san-pedro-avionetas-narco-rodrigo-miro-lili-berardi.jpg?fit=880%2C512&ssl=1&resize=350%2C200","width":350,"height":200,"srcset":"https:\/\/i0.wp.com\/larevistadigital.com.ar\/blog\/wp-content\/uploads\/20251016190116_san-pedro-avionetas-narco-rodrigo-miro-lili-berardi.jpg?fit=880%2C512&ssl=1&resize=350%2C200 1x, https:\/\/i0.wp.com\/larevistadigital.com.ar\/blog\/wp-content\/uploads\/20251016190116_san-pedro-avionetas-narco-rodrigo-miro-lili-berardi.jpg?fit=880%2C512&ssl=1&resize=525%2C300 1.5x, https:\/\/i0.wp.com\/larevistadigital.com.ar\/blog\/wp-content\/uploads\/20251016190116_san-pedro-avionetas-narco-rodrigo-miro-lili-berardi.jpg?fit=880%2C512&ssl=1&resize=700%2C400 2x"},"classes":[]},{"id":9519,"url":"https:\/\/larevistadigital.com.ar\/blog\/desbaratan-banda-narco-e-incautan-3100-dosis-de-droga\/","url_meta":{"origin":35581,"position":1},"title":"DESBARATAN BANDA NARCO E INCAUTAN 3100 DOSIS DE DROGA","author":"Alejandro Sosa Ruda","date":"3 abril, 2019","format":false,"excerpt":"IMPORTANTE OPERATIVO QUE DEJ\u00d3 ADEM\u00c1S DE LA DROGA SECUESTRADA, 6 DETENIDOS: 3 HOMBRES Y 3 MUJERES, M\u00c1S DINERO EN EFECTIVO, PASTA BASE Y OTROS ELEMENTOS En las \u00faltimas horas, en la localidad de Villa Centenario en el Partido de\u00a0Lomas de Zamora, la polic\u00eda de la provincia de Buenos Aires desbarat\u00f3\u2026","rel":"","context":"En \u00abPOLICIALES\u00bb","block_context":{"text":"POLICIALES","link":"https:\/\/larevistadigital.com.ar\/blog\/category\/policiales\/"},"img":{"alt_text":"","src":"https:\/\/i0.wp.com\/larevistadigital.com.ar\/blog\/wp-content\/uploads\/2019\/04\/Banda_Manco_centenario.jpg?fit=600%2C401&ssl=1&resize=350%2C200","width":350,"height":200,"srcset":"https:\/\/i0.wp.com\/larevistadigital.com.ar\/blog\/wp-content\/uploads\/2019\/04\/Banda_Manco_centenario.jpg?fit=600%2C401&ssl=1&resize=350%2C200 1x, https:\/\/i0.wp.com\/larevistadigital.com.ar\/blog\/wp-content\/uploads\/2019\/04\/Banda_Manco_centenario.jpg?fit=600%2C401&ssl=1&resize=525%2C300 1.5x"},"classes":[]},{"id":40662,"url":"https:\/\/larevistadigital.com.ar\/blog\/kicillof-inauguro-una-base-de-la-fuerza-barrial-de-aproximacion\/","url_meta":{"origin":35581,"position":2},"title":"Kicillof inaugur\u00f3 una base de la Fuerza Barrial de Aproximaci\u00f3n","author":"Alejandro Sosa Ruda","date":"31 julio, 2025","format":false,"excerpt":"Adem\u00e1s, el Gobernador puso en funcionamiento nuevos patrulleros y motos para fortalecer la prevenci\u00f3n del delito. 31 de Julio de 2025 Pilar, BUENOS AIRES -\u00a0 El gobernador de la provincia de Buenos Aires, Axel Kicillof, encabez\u00f3 este mi\u00e9rcoles el acto de inauguraci\u00f3n de la nueva base operativa de la Fuerza\u2026","rel":"","context":"En \u00abPOLITICA PROVINCIAL\u00bb","block_context":{"text":"POLITICA PROVINCIAL","link":"https:\/\/larevistadigital.com.ar\/blog\/category\/politica\/politica-provincial\/"},"img":{"alt_text":"","src":"https:\/\/i0.wp.com\/larevistadigital.com.ar\/blog\/wp-content\/uploads\/77A82322.jpg?fit=743%2C530&ssl=1&resize=350%2C200","width":350,"height":200,"srcset":"https:\/\/i0.wp.com\/larevistadigital.com.ar\/blog\/wp-content\/uploads\/77A82322.jpg?fit=743%2C530&ssl=1&resize=350%2C200 1x, https:\/\/i0.wp.com\/larevistadigital.com.ar\/blog\/wp-content\/uploads\/77A82322.jpg?fit=743%2C530&ssl=1&resize=525%2C300 1.5x, https:\/\/i0.wp.com\/larevistadigital.com.ar\/blog\/wp-content\/uploads\/77A82322.jpg?fit=743%2C530&ssl=1&resize=700%2C400 2x"},"classes":[]},{"id":28242,"url":"https:\/\/larevistadigital.com.ar\/blog\/san-nicolas-se-registraron-18-casos-de-fiebre-hemorragica\/","url_meta":{"origin":35581,"position":3},"title":"SAN NICOL\u00c1S: SE REGISTRARON 18 CASOS DE \u00abFIEBRE HEMORR\u00c1GICA\u00bb","author":"Alejandro Sosa Ruda","date":"3 octubre, 2022","format":false,"excerpt":"Ninguno de los infectados ten\u00eda antecedentes de vacunaci\u00f3n con Candid#1, la inmunizaci\u00f3n para prevenir la enfermedad que es \u201cgratuita y obligatoria para todos los residentes de la zona end\u00e9mica\u201d bonaerense. 03 de Octubre de 2022 SAN NICOL\u00c1S -\u00a0 El \u00faltimo bolet\u00edn epidemiol\u00f3gico bonaerense publicado por el ministerio de salud provincial\u2026","rel":"","context":"En \u00abREGIONALES\u00bb","block_context":{"text":"REGIONALES","link":"https:\/\/larevistadigital.com.ar\/blog\/category\/regionales\/"},"img":{"alt_text":"","src":"https:\/\/i0.wp.com\/larevistadigital.com.ar\/blog\/wp-content\/uploads\/20221001120346_rat.jpg?fit=880%2C512&ssl=1&resize=350%2C200","width":350,"height":200,"srcset":"https:\/\/i0.wp.com\/larevistadigital.com.ar\/blog\/wp-content\/uploads\/20221001120346_rat.jpg?fit=880%2C512&ssl=1&resize=350%2C200 1x, https:\/\/i0.wp.com\/larevistadigital.com.ar\/blog\/wp-content\/uploads\/20221001120346_rat.jpg?fit=880%2C512&ssl=1&resize=525%2C300 1.5x, https:\/\/i0.wp.com\/larevistadigital.com.ar\/blog\/wp-content\/uploads\/20221001120346_rat.jpg?fit=880%2C512&ssl=1&resize=700%2C400 2x"},"classes":[]},{"id":24595,"url":"https:\/\/larevistadigital.com.ar\/blog\/las-flores-narco-queda-empantanado-en-un-campo-y-termina-detenido-por-la-bonaerense\/","url_meta":{"origin":35581,"position":4},"title":"LAS FLORES: NARCO QUEDA EMPANTANADO EN UN CAMPO Y TERMINA DETENIDO POR LA BONAERENSE","author":"Alejandro Sosa Ruda","date":"16 marzo, 2022","format":false,"excerpt":"La Polic\u00eda de la provincia de Buenos Aires arrest\u00f3 a un sujeto de 52 a\u00f1os que trasladaba diez kilos de coca\u00edna en las rutas bonaerenses. LAS FLORES -\u00a0 Efectivos de la Polic\u00eda de la provincia de Buenos Aires aprehendieron en las \u00faltimas horas en Las Flores, luego de una persecuci\u00f3n,\u2026","rel":"","context":"En \u00abPOLICIALES\u00bb","block_context":{"text":"POLICIALES","link":"https:\/\/larevistadigital.com.ar\/blog\/category\/policiales\/"},"img":{"alt_text":"","src":"","width":0,"height":0},"classes":[]},{"id":27168,"url":"https:\/\/larevistadigital.com.ar\/blog\/se-suman-recursos-de-nacion-para-combatir-los-incendios-en-el-delta\/","url_meta":{"origin":35581,"position":5},"title":"SE SUMAN RECURSOS DE NACI\u00d3N PARA COMBATIR LOS INCENDIOS EN EL DELTA","author":"Alejandro Sosa Ruda","date":"21 agosto, 2022","format":false,"excerpt":"El Ministerio de Ambiente y Desarrollo Sostenible informa que se robustecen los recursos operativos en el Delta del Paran\u00e1 para el combate de los distintos focos \u00edgneos, que se presentan en el norte de la provincia de Buenos Aires y las provincias de Entre R\u00edos y Santa Fe, con dos\u2026","rel":"","context":"En \u00abINTERES GENERAL\u00bb","block_context":{"text":"INTERES GENERAL","link":"https:\/\/larevistadigital.com.ar\/blog\/category\/interes-general\/"},"img":{"alt_text":"","src":"https:\/\/i0.wp.com\/larevistadigital.com.ar\/blog\/wp-content\/uploads\/20220820155809_nacion-suma-recursos-para-el-combate-de-los-focos-en-el-delta-del-parana.jpg?fit=880%2C512&ssl=1&resize=350%2C200","width":350,"height":200,"srcset":"https:\/\/i0.wp.com\/larevistadigital.com.ar\/blog\/wp-content\/uploads\/20220820155809_nacion-suma-recursos-para-el-combate-de-los-focos-en-el-delta-del-parana.jpg?fit=880%2C512&ssl=1&resize=350%2C200 1x, https:\/\/i0.wp.com\/larevistadigital.com.ar\/blog\/wp-content\/uploads\/20220820155809_nacion-suma-recursos-para-el-combate-de-los-focos-en-el-delta-del-parana.jpg?fit=880%2C512&ssl=1&resize=525%2C300 1.5x, https:\/\/i0.wp.com\/larevistadigital.com.ar\/blog\/wp-content\/uploads\/20220820155809_nacion-suma-recursos-para-el-combate-de-los-focos-en-el-delta-del-parana.jpg?fit=880%2C512&ssl=1&resize=700%2C400 2x"},"classes":[]}],"_links":{"self":[{"href":"https:\/\/larevistadigital.com.ar\/blog\/wp-json\/wp\/v2\/posts\/35581","targetHints":{"allow":["GET"]}}],"collection":[{"href":"https:\/\/larevistadigital.com.ar\/blog\/wp-json\/wp\/v2\/posts"}],"about":[{"href":"https:\/\/larevistadigital.com.ar\/blog\/wp-json\/wp\/v2\/types\/post"}],"author":[{"embeddable":true,"href":"https:\/\/larevistadigital.com.ar\/blog\/wp-json\/wp\/v2\/users\/3"}],"replies":[{"embeddable":true,"href":"https:\/\/larevistadigital.com.ar\/blog\/wp-json\/wp\/v2\/comments?post=35581"}],"version-history":[{"count":1,"href":"https:\/\/larevistadigital.com.ar\/blog\/wp-json\/wp\/v2\/posts\/35581\/revisions"}],"predecessor-version":[{"id":35583,"href":"https:\/\/larevistadigital.com.ar\/blog\/wp-json\/wp\/v2\/posts\/35581\/revisions\/35583"}],"wp:featuredmedia":[{"embeddable":true,"href":"https:\/\/larevistadigital.com.ar\/blog\/wp-json\/wp\/v2\/media\/35582"}],"wp:attachment":[{"href":"https:\/\/larevistadigital.com.ar\/blog\/wp-json\/wp\/v2\/media?parent=35581"}],"wp:term":[{"taxonomy":"category","embeddable":true,"href":"https:\/\/larevistadigital.com.ar\/blog\/wp-json\/wp\/v2\/categories?post=35581"},{"taxonomy":"post_tag","embeddable":true,"href":"https:\/\/larevistadigital.com.ar\/blog\/wp-json\/wp\/v2\/tags?post=35581"}],"curies":[{"name":"wp","href":"https:\/\/api.w.org\/{rel}","templated":true}]}}