{"id":35584,"date":"2024-03-16T10:20:07","date_gmt":"2024-03-16T13:20:07","guid":{"rendered":"https:\/\/larevistadigital.com.ar\/blog\/?p=35584"},"modified":"2024-03-16T10:20:07","modified_gmt":"2024-03-16T13:20:07","slug":"zarate-en-medio-de-la-recesion-varias-marcas-deciden-cerrar-sus-locales","status":"publish","type":"post","link":"https:\/\/larevistadigital.com.ar\/blog\/zarate-en-medio-de-la-recesion-varias-marcas-deciden-cerrar-sus-locales\/","title":{"rendered":"ZARATE: EN MEDIO DE LA RECESI\u00d3N, VARIAS MARCAS DECIDEN CERRAR SUS LOCALES"},"content":{"rendered":"<h2 class=\"fparrafo ctext fz18 lh25\">Los alquileres de los comercios ubicados en calles del radio c\u00e9ntrico de la ciudad de Z\u00e1rate, aumentaron de forma desproporcionada en este a\u00f1o 2024. Situaci\u00f3n \u00e9sta que gener\u00f3 el cierre de varios locales en el marco de una profunda recesi\u00f3n y crisis econ\u00f3mica a nivel nacional, que el centro zarate\u00f1o va pobl\u00e1ndose de locales vac\u00edos, con el cartel de \u201cventa\u201d o \u201calquila\u201d.<\/h2>\n<p>16 de marzo de 2024<\/p>\n<p><strong>Z\u00c1RATE &#8211;\u00a0 <\/strong>En el \u201cangustiante\u201d camino de la \u201cliquidaci\u00f3n total por cierre\u201d est\u00e1n algunos comercios, de reconocidas cadenas o de gran prestigio local, que hoy no pueden sostener su alquiler millonario tras la renegociaci\u00f3n del contrato de alquiler.<\/p>\n<blockquote>\n<h3>Seg\u00fan da cuenta el hist\u00f3rico medio local, La Voz, precisamente, algunos de esos locales son: Paul Carty, en Ituzaing\u00f3 y Justa Lima; otro Le Uthe, en Justa Lima entre Independencia e Ituzaing\u00f3 y otro que estar\u00eda analizando su cierre es Tiziana jeans, tambi\u00e9n sobre calle Justa Lima casi Castelli; Media Luna y Pix Helado Artesanal.<\/h3>\n<\/blockquote>\n<p>Es que hoy en d\u00eda, y a\u00fan con la ordenanza de regularizaci\u00f3n de los food trucks, a un comercio gastron\u00f3mico le conviene m\u00e1s este tipo de locales en ferias y los fines de semana que el alquiler de un espacio c\u00e9ntrico.<\/p>\n<blockquote>\n<h3>La situaci\u00f3n sigue siendo muy dura para los comerciantes que vieron sus alquileres subir m\u00e1s del 100%; y es por eso que varios locales se vieron obligados a bajar la persiana.<\/h3>\n<\/blockquote>\n<p>Algunos como decisi\u00f3n definitiva y otros buscando otras inmobiliarias o reubicarse en zonas m\u00e1s baratas o, en algunos casos, pasando a la modalidad de venta online con showrooms.<\/p>\n<blockquote>\n<h3>En cuanto a los n\u00fameros que paga un comercio, se fue de 350 mil pesos un alquiler en Justa Lima a un mill\u00f3n doscientos mil pesos. Por lo tanto, y con la crisis econ\u00f3mica, a cualquier comercio se le dificulta costear tales valores, ya sea rubro textil o gastron\u00f3mico.<\/h3>\n<\/blockquote>\n<p><span style=\"color: #ff0000\"><b>Signos de una recesi\u00f3n<\/b><\/span><\/p>\n<p>Otra de las problem\u00e1ticas que m\u00e1s preocupan a los inquilinos tiene que ver con que los propietarios solicitan alquileres en valor d\u00f3lar, cuando la mayor\u00eda de las personas en Z\u00e1rate cobra sus salarios en pesos.<\/p>\n<p>Como diariamente da cuenta InfoGEI, esta situaci\u00f3n, no es exclusiva de Z\u00e1rate, sino que, como consecuencia de la implementaci\u00f3n del plan econ\u00f3mico del gobierno nacional, comienza a replicarse en otras ciudades cabeceras de la provincia de Buenos Aires. (<b>InfoGEI<\/b>)Ac<\/p>\n","protected":false},"excerpt":{"rendered":"<div class=\"mh-excerpt\"><p>Los alquileres de los comercios ubicados en calles del radio c\u00e9ntrico de la ciudad de Z\u00e1rate, aumentaron de forma desproporcionada en este a\u00f1o 2024. Situaci\u00f3n \u00e9sta que gener\u00f3 el cierre de varios locales en el <a class=\"mh-excerpt-more\" href=\"https:\/\/larevistadigital.com.ar\/blog\/zarate-en-medio-de-la-recesion-varias-marcas-deciden-cerrar-sus-locales\/\" title=\"ZARATE: EN MEDIO DE LA RECESI\u00d3N, VARIAS MARCAS DECIDEN CERRAR SUS LOCALES\">[Leer M\u00e1s]<\/a><\/p>\n<\/div>","protected":false},"author":3,"featured_media":35585,"comment_status":"open","ping_status":"open","sticky":false,"template":"","format":"standard","meta":{"_jetpack_memberships_contains_paid_content":false,"footnotes":"","jetpack_publicize_message":"","jetpack_publicize_feature_enabled":true,"jetpack_social_post_already_shared":true,"jetpack_social_options":{"image_generator_settings":{"template":"highway","default_image_id":0,"font":"","enabled":false},"version":2}},"categories":[51],"tags":[],"class_list":{"0":"post-35584","1":"post","2":"type-post","3":"status-publish","4":"format-standard","5":"has-post-thumbnail","7":"category-regionales"},"jetpack_publicize_connections":[],"jetpack_featured_media_url":"https:\/\/i0.wp.com\/larevistadigital.com.ar\/blog\/wp-content\/uploads\/20240315153727_cierre-locales-zarate.jpg?fit=880%2C512&ssl=1","jetpack_sharing_enabled":true,"jetpack_shortlink":"https:\/\/wp.me\/p8qtrQ-9fW","jetpack-related-posts":[{"id":35776,"url":"https:\/\/larevistadigital.com.ar\/blog\/cierran-oficinas-de-correo-argentino-en-san-nicolas-ramallo-y-zarate\/","url_meta":{"origin":35584,"position":0},"title":"CIERRAN OFICINAS DE CORREO ARGENTINO EN SAN NICOL\u00c1S, RAMALLO Y Z\u00c1RATE","author":"Alejandro Sosa Ruda","date":"7 abril, 2024","format":false,"excerpt":"El gobierno nacional ha procedido al cierre de varias sucursales del Correo Argentino en localidades de los partidos de San Nicol\u00e1s, Ramallo, Z\u00e1rate, San Pedro y San Fernando. Lamentablemente ahora, miles de vecinos que residen en los pueblos afectados por la medida, deber\u00e1n recorrer varios kil\u00f3metros para recibir o enviar\u2026","rel":"","context":"En \u00abREGIONALES\u00bb","block_context":{"text":"REGIONALES","link":"https:\/\/larevistadigital.com.ar\/blog\/category\/regionales\/"},"img":{"alt_text":"","src":"https:\/\/i0.wp.com\/larevistadigital.com.ar\/blog\/wp-content\/uploads\/20240406121139_correo-argentino-logo.jpg?fit=880%2C512&ssl=1&resize=350%2C200","width":350,"height":200,"srcset":"https:\/\/i0.wp.com\/larevistadigital.com.ar\/blog\/wp-content\/uploads\/20240406121139_correo-argentino-logo.jpg?fit=880%2C512&ssl=1&resize=350%2C200 1x, https:\/\/i0.wp.com\/larevistadigital.com.ar\/blog\/wp-content\/uploads\/20240406121139_correo-argentino-logo.jpg?fit=880%2C512&ssl=1&resize=525%2C300 1.5x, https:\/\/i0.wp.com\/larevistadigital.com.ar\/blog\/wp-content\/uploads\/20240406121139_correo-argentino-logo.jpg?fit=880%2C512&ssl=1&resize=700%2C400 2x"},"classes":[]},{"id":35253,"url":"https:\/\/larevistadigital.com.ar\/blog\/zarate-cedio-el-asfalto-y-un-camion-quedo-semi-enterrado\/","url_meta":{"origin":35584,"position":1},"title":"ZARATE: CEDI\u00d3 EL ASFALTO Y UN CAMI\u00d3N QUED\u00d3 SEMI ENTERRADO","author":"Alejandro Sosa Ruda","date":"14 febrero, 2024","format":false,"excerpt":"Sucedi\u00f3 por la ma\u00f1ana. 14 de febrero de 2024 ZARATE -\u00a0 \u00a0Hoy, en horas de la ma\u00f1ana ocurri\u00f3 un accidente de esos que es imposible prevenir, y que tom\u00f3 por sorpresa al conductor de un cami\u00f3n que sinti\u00f3 literalmente que \"se lo trag\u00f3 la tierra\". De pronto, cedi\u00f3 la calle\u2026","rel":"","context":"En \u00abINTERES GENERAL\u00bb","block_context":{"text":"INTERES GENERAL","link":"https:\/\/larevistadigital.com.ar\/blog\/category\/interes-general\/"},"img":{"alt_text":"","src":"https:\/\/i0.wp.com\/larevistadigital.com.ar\/blog\/wp-content\/uploads\/camion-1.jpg?fit=720%2C720&ssl=1&resize=350%2C200","width":350,"height":200,"srcset":"https:\/\/i0.wp.com\/larevistadigital.com.ar\/blog\/wp-content\/uploads\/camion-1.jpg?fit=720%2C720&ssl=1&resize=350%2C200 1x, https:\/\/i0.wp.com\/larevistadigital.com.ar\/blog\/wp-content\/uploads\/camion-1.jpg?fit=720%2C720&ssl=1&resize=525%2C300 1.5x, https:\/\/i0.wp.com\/larevistadigital.com.ar\/blog\/wp-content\/uploads\/camion-1.jpg?fit=720%2C720&ssl=1&resize=700%2C400 2x"},"classes":[]},{"id":31910,"url":"https:\/\/larevistadigital.com.ar\/blog\/berni-encabezo-un-operativo-de-desalojo-de-toma-de-terrenos-en-zarate\/","url_meta":{"origin":35584,"position":2},"title":"BERNI ENCABEZ\u00d3 UN OPERATIVO DE DESALOJO DE TOMA DE TERRENOS EN ZARATE","author":"Alejandro Sosa Ruda","date":"11 junio, 2023","format":false,"excerpt":"El ministro de seguridad bonaerense, Sergio Berni, encabez\u00f3 este s\u00e1bado el operativo de desalojo de una toma de terrenos ubicados sobre la avenida Ant\u00e1rtida Argentina, en la ciudad de Z\u00e1rate. El funcionario de Axel Kicillof critic\u00f3 la demora de la justicia en tomar medidas al respecto y alert\u00f3 por los\u2026","rel":"","context":"En \u00abPOLICIALES\u00bb","block_context":{"text":"POLICIALES","link":"https:\/\/larevistadigital.com.ar\/blog\/category\/policiales\/"},"img":{"alt_text":"","src":"https:\/\/i0.wp.com\/larevistadigital.com.ar\/blog\/wp-content\/uploads\/20230611114604_berni-zarate-desalojo-toma-terrenos-tropa.jpg?fit=880%2C512&ssl=1&resize=350%2C200","width":350,"height":200,"srcset":"https:\/\/i0.wp.com\/larevistadigital.com.ar\/blog\/wp-content\/uploads\/20230611114604_berni-zarate-desalojo-toma-terrenos-tropa.jpg?fit=880%2C512&ssl=1&resize=350%2C200 1x, https:\/\/i0.wp.com\/larevistadigital.com.ar\/blog\/wp-content\/uploads\/20230611114604_berni-zarate-desalojo-toma-terrenos-tropa.jpg?fit=880%2C512&ssl=1&resize=525%2C300 1.5x, https:\/\/i0.wp.com\/larevistadigital.com.ar\/blog\/wp-content\/uploads\/20230611114604_berni-zarate-desalojo-toma-terrenos-tropa.jpg?fit=880%2C512&ssl=1&resize=700%2C400 2x"},"classes":[]},{"id":28443,"url":"https:\/\/larevistadigital.com.ar\/blog\/zarate-investigan-el-incendio-de-seis-colectivos\/","url_meta":{"origin":35584,"position":3},"title":"Z\u00c1RATE: INVESTIGAN EL INCENDIO DE SEIS COLECTIVOS","author":"Alejandro Sosa Ruda","date":"14 octubre, 2022","format":false,"excerpt":"Un llamado al 911 alert\u00f3 de lo sucedido y cinco dotaciones de Bomberos Voluntarios llegaron para controlar las llamas. Hasta el momento se desconocen los motivos del incendio, y se asegur\u00f3 que no existe conflicto sindical alguno. 13 de octubre Z\u00c1RATE -\u00a0 La ciudad de Z\u00e1rate se vio conmocionada en\u2026","rel":"","context":"En \u00abPOLICIALES\u00bb","block_context":{"text":"POLICIALES","link":"https:\/\/larevistadigital.com.ar\/blog\/category\/policiales\/"},"img":{"alt_text":"","src":"https:\/\/i0.wp.com\/larevistadigital.com.ar\/blog\/wp-content\/uploads\/20221013191955_zara.jpg?fit=880%2C512&ssl=1&resize=350%2C200","width":350,"height":200,"srcset":"https:\/\/i0.wp.com\/larevistadigital.com.ar\/blog\/wp-content\/uploads\/20221013191955_zara.jpg?fit=880%2C512&ssl=1&resize=350%2C200 1x, https:\/\/i0.wp.com\/larevistadigital.com.ar\/blog\/wp-content\/uploads\/20221013191955_zara.jpg?fit=880%2C512&ssl=1&resize=525%2C300 1.5x, https:\/\/i0.wp.com\/larevistadigital.com.ar\/blog\/wp-content\/uploads\/20221013191955_zara.jpg?fit=880%2C512&ssl=1&resize=700%2C400 2x"},"classes":[]},{"id":36666,"url":"https:\/\/larevistadigital.com.ar\/blog\/efecto-recesion-el-consumo-de-cerveza-artesanal-cayo-mas-del-40-en-la-plata-y-cada-vez-cierran-mas-locales\/","url_meta":{"origin":35584,"position":4},"title":"EFECTO RECESI\u00d3N: EL CONSUMO DE CERVEZA ARTESANAL CAY\u00d3 M\u00c1S DEL 40% EN LA PLATA Y CADA VEZ CIERRAN M\u00c1S LOCALES","author":"Alejandro Sosa Ruda","date":"12 julio, 2024","format":false,"excerpt":"Las cervecer\u00edas de La Plata afrontan un escenario complejo de ca\u00edda de ventas mientras siguen aumentando los costos de producci\u00f3n y las tarifas energ\u00e9ticas. 11 de Julio de 2024 LA PLATA -\u00a0 El consumo viene en picada en medio de la recesi\u00f3n y las cervecer\u00edas artesanales de La Plata no\u2026","rel":"","context":"En \u00abREGIONALES\u00bb","block_context":{"text":"REGIONALES","link":"https:\/\/larevistadigital.com.ar\/blog\/category\/regionales\/"},"img":{"alt_text":"","src":"https:\/\/i0.wp.com\/larevistadigital.com.ar\/blog\/wp-content\/uploads\/Captura-de-pantalla-2024-07-11-235119.png?fit=892%2C510&ssl=1&resize=350%2C200","width":350,"height":200,"srcset":"https:\/\/i0.wp.com\/larevistadigital.com.ar\/blog\/wp-content\/uploads\/Captura-de-pantalla-2024-07-11-235119.png?fit=892%2C510&ssl=1&resize=350%2C200 1x, https:\/\/i0.wp.com\/larevistadigital.com.ar\/blog\/wp-content\/uploads\/Captura-de-pantalla-2024-07-11-235119.png?fit=892%2C510&ssl=1&resize=525%2C300 1.5x, https:\/\/i0.wp.com\/larevistadigital.com.ar\/blog\/wp-content\/uploads\/Captura-de-pantalla-2024-07-11-235119.png?fit=892%2C510&ssl=1&resize=700%2C400 2x"},"classes":[]},{"id":9979,"url":"https:\/\/larevistadigital.com.ar\/blog\/lezama-harispe-solicito-al-banco-provincia-que-implemente-los-descuentos-del-50-en-compras-realizadas-los-miercoles-en-comercios-locales\/","url_meta":{"origin":35584,"position":5},"title":"LEZAMA: HARISPE SOLICIT\u00d3 AL BANCO PROVINCIA QUE IMPLEMENTE LOS DESCUENTOS DEL 50% EN COMPRAS REALIZADAS LOS MI\u00c9RCOLES EN COMERCIOS LOCALES","author":"Alejandro Sosa Ruda","date":"4 mayo, 2019","format":false,"excerpt":"\u2022 Es para hacer efectivo en nuestra ciudad el acceso de los vecinos a las medidas que la Provincia implement\u00f3 para proteger a los consumidores. El Intendente Municipal de Lezama Arnaldo Harispe solicit\u00f3 a la sucursal local del Banco Provincia que viabilice la aplicaci\u00f3n de las medidas econ\u00f3micas anunciadas recientemente\u2026","rel":"","context":"En \u00abLEZAMA\u00bb","block_context":{"text":"LEZAMA","link":"https:\/\/larevistadigital.com.ar\/blog\/category\/lezama\/"},"img":{"alt_text":"","src":"https:\/\/i0.wp.com\/larevistadigital.com.ar\/blog\/wp-content\/uploads\/2019\/05\/58906007_1451227898403240_2551935216411213824_n.jpg?fit=960%2C609&ssl=1&resize=350%2C200","width":350,"height":200,"srcset":"https:\/\/i0.wp.com\/larevistadigital.com.ar\/blog\/wp-content\/uploads\/2019\/05\/58906007_1451227898403240_2551935216411213824_n.jpg?fit=960%2C609&ssl=1&resize=350%2C200 1x, https:\/\/i0.wp.com\/larevistadigital.com.ar\/blog\/wp-content\/uploads\/2019\/05\/58906007_1451227898403240_2551935216411213824_n.jpg?fit=960%2C609&ssl=1&resize=525%2C300 1.5x, https:\/\/i0.wp.com\/larevistadigital.com.ar\/blog\/wp-content\/uploads\/2019\/05\/58906007_1451227898403240_2551935216411213824_n.jpg?fit=960%2C609&ssl=1&resize=700%2C400 2x"},"classes":[]}],"_links":{"self":[{"href":"https:\/\/larevistadigital.com.ar\/blog\/wp-json\/wp\/v2\/posts\/35584","targetHints":{"allow":["GET"]}}],"collection":[{"href":"https:\/\/larevistadigital.com.ar\/blog\/wp-json\/wp\/v2\/posts"}],"about":[{"href":"https:\/\/larevistadigital.com.ar\/blog\/wp-json\/wp\/v2\/types\/post"}],"author":[{"embeddable":true,"href":"https:\/\/larevistadigital.com.ar\/blog\/wp-json\/wp\/v2\/users\/3"}],"replies":[{"embeddable":true,"href":"https:\/\/larevistadigital.com.ar\/blog\/wp-json\/wp\/v2\/comments?post=35584"}],"version-history":[{"count":1,"href":"https:\/\/larevistadigital.com.ar\/blog\/wp-json\/wp\/v2\/posts\/35584\/revisions"}],"predecessor-version":[{"id":35586,"href":"https:\/\/larevistadigital.com.ar\/blog\/wp-json\/wp\/v2\/posts\/35584\/revisions\/35586"}],"wp:featuredmedia":[{"embeddable":true,"href":"https:\/\/larevistadigital.com.ar\/blog\/wp-json\/wp\/v2\/media\/35585"}],"wp:attachment":[{"href":"https:\/\/larevistadigital.com.ar\/blog\/wp-json\/wp\/v2\/media?parent=35584"}],"wp:term":[{"taxonomy":"category","embeddable":true,"href":"https:\/\/larevistadigital.com.ar\/blog\/wp-json\/wp\/v2\/categories?post=35584"},{"taxonomy":"post_tag","embeddable":true,"href":"https:\/\/larevistadigital.com.ar\/blog\/wp-json\/wp\/v2\/tags?post=35584"}],"curies":[{"name":"wp","href":"https:\/\/api.w.org\/{rel}","templated":true}]}}