{"id":35587,"date":"2024-03-16T10:37:04","date_gmt":"2024-03-16T13:37:04","guid":{"rendered":"https:\/\/larevistadigital.com.ar\/blog\/?p=35587"},"modified":"2024-03-16T10:37:04","modified_gmt":"2024-03-16T13:37:04","slug":"villa-gesell-drogo-privo-de-su-libertad-y-violo-a-una-mujer","status":"publish","type":"post","link":"https:\/\/larevistadigital.com.ar\/blog\/villa-gesell-drogo-privo-de-su-libertad-y-violo-a-una-mujer\/","title":{"rendered":"VILLA GESELL: DROG\u00d3, PRIV\u00d3 DE SU LIBERTAD Y VIOL\u00d3 A UNA MUJER"},"content":{"rendered":"<div class=\"x11i5rnm xat24cr x1mh8g0r x1vvkbs xtlvy1s x126k92a\">\n<h2 dir=\"auto\">El pasado jueves, detuvieron a geselino de 37 a\u00f1os.<\/h2>\n<p>16 de marzo de 2024<\/p>\n<div dir=\"auto\"><strong>VILLA GESELL\u00a0 &#8211;<\/strong>\u00a0 \u00a0Los hechos ocurrieron en su domicilio de Paseo 143bis y Av 12, donde un individuo previo a los abusos, drogaba y abusaba de la v\u00edctima.<\/div>\n<div dir=\"auto\">Seg\u00fan se inform\u00f3, en su tel\u00e9fono celular se encontraron fotos y videos de los delitos cometidos por el sujeto.<\/div>\n<\/div>\n<div class=\"x11i5rnm xat24cr x1mh8g0r x1vvkbs xtlvy1s x126k92a\">\n<blockquote>\n<h3 dir=\"auto\">La Polic\u00eda allan\u00f3 el domicilio, secuestrando diversos elementos, los cualesbse enviaran para an\u00e1lisis de cotejo textil, para buscar y cotejar rastros de ADN tanto de la v\u00edctima como del victimario.<\/h3>\n<\/blockquote>\n<div dir=\"auto\">Entre otros elementos de interes para la causa, se hallaron medicamentos, agujas y jeringas, relacionadas con el abuso. Cabe aclarar qu\u00e9 hace pocos meses atr\u00e1s, el imputado habr\u00eda enfrentado una causa penal similares caracter\u00edsticas.<\/div>\n<div dir=\"auto\"><\/div>\n<div dir=\"auto\">La fiscal\u00eda interviniente a cargo de la Dra Ver\u00f3nica Zamboni avalo lo actuado y el juez Olivera Zapiola del juzgado de Garant\u00edas n4 intervino en la causa.<\/div>\n<\/div>\n","protected":false},"excerpt":{"rendered":"<div class=\"mh-excerpt\"><p>El pasado jueves, detuvieron a geselino de 37 a\u00f1os. 16 de marzo de 2024 VILLA GESELL\u00a0 &#8211;\u00a0 \u00a0Los hechos ocurrieron en su domicilio de Paseo 143bis y Av 12, donde un individuo previo a los <a class=\"mh-excerpt-more\" href=\"https:\/\/larevistadigital.com.ar\/blog\/villa-gesell-drogo-privo-de-su-libertad-y-violo-a-una-mujer\/\" title=\"VILLA GESELL: DROG\u00d3, PRIV\u00d3 DE SU LIBERTAD Y VIOL\u00d3 A UNA MUJER\">[Leer M\u00e1s]<\/a><\/p>\n<\/div>","protected":false},"author":3,"featured_media":35588,"comment_status":"open","ping_status":"open","sticky":false,"template":"","format":"standard","meta":{"_jetpack_memberships_contains_paid_content":false,"footnotes":"","jetpack_publicize_message":"","jetpack_publicize_feature_enabled":true,"jetpack_social_post_already_shared":true,"jetpack_social_options":{"image_generator_settings":{"template":"highway","default_image_id":0,"font":"","enabled":false},"version":2}},"categories":[44,51],"tags":[],"class_list":{"0":"post-35587","1":"post","2":"type-post","3":"status-publish","4":"format-standard","5":"has-post-thumbnail","7":"category-policiales","8":"category-regionales"},"jetpack_publicize_connections":[],"jetpack_featured_media_url":"https:\/\/i0.wp.com\/larevistadigital.com.ar\/blog\/wp-content\/uploads\/432646622_822970039850095_7710333559202780860_n.jpg?fit=807%2C514&ssl=1","jetpack_sharing_enabled":true,"jetpack_shortlink":"https:\/\/wp.me\/p8qtrQ-9fZ","jetpack-related-posts":[{"id":24896,"url":"https:\/\/larevistadigital.com.ar\/blog\/muere-nativo-de-madariaga-en-los-medanos-de-villa-gesell\/","url_meta":{"origin":35587,"position":0},"title":"MUERE NATIVO DE MADARIAGA EN LOS M\u00c9DANOS DE VILLA GESELL","author":"Alejandro Sosa Ruda","date":"29 marzo, 2022","format":false,"excerpt":"El hombre se descompens\u00f3 mientras disfrutaba un espect\u00e1culo de motos. VILLA GESELL -\u00a0 En las \u00faltimas horas, un conocido vecino de General Madariaga muri\u00f3 mientras se encontraba disfrutando de una tarde de motocross en la zona de m\u00e9danos, en el l\u00edmite entre los Partidos de Villa Gesell y Pinamar. La\u2026","rel":"","context":"En \u00abREGIONALES\u00bb","block_context":{"text":"REGIONALES","link":"https:\/\/larevistadigital.com.ar\/blog\/category\/regionales\/"},"img":{"alt_text":"","src":"https:\/\/i0.wp.com\/larevistadigital.com.ar\/blog\/wp-content\/uploads\/96d76020fbbb8396b69ffc9dc4b588478fd00c0c.jpg?fit=1140%2C560&ssl=1&resize=350%2C200","width":350,"height":200,"srcset":"https:\/\/i0.wp.com\/larevistadigital.com.ar\/blog\/wp-content\/uploads\/96d76020fbbb8396b69ffc9dc4b588478fd00c0c.jpg?fit=1140%2C560&ssl=1&resize=350%2C200 1x, https:\/\/i0.wp.com\/larevistadigital.com.ar\/blog\/wp-content\/uploads\/96d76020fbbb8396b69ffc9dc4b588478fd00c0c.jpg?fit=1140%2C560&ssl=1&resize=525%2C300 1.5x, https:\/\/i0.wp.com\/larevistadigital.com.ar\/blog\/wp-content\/uploads\/96d76020fbbb8396b69ffc9dc4b588478fd00c0c.jpg?fit=1140%2C560&ssl=1&resize=700%2C400 2x, https:\/\/i0.wp.com\/larevistadigital.com.ar\/blog\/wp-content\/uploads\/96d76020fbbb8396b69ffc9dc4b588478fd00c0c.jpg?fit=1140%2C560&ssl=1&resize=1050%2C600 3x"},"classes":[]},{"id":44102,"url":"https:\/\/larevistadigital.com.ar\/blog\/villa-gesell-otro-accidente-fatal-ahora-un-joven-en-su-moto-durante-el-enduro-de-verano\/","url_meta":{"origin":35587,"position":1},"title":"Villa Gesell: Otro accidente fatal. Ahora un joven en su moto durante el \u00abEnduro de Verano\u00bb","author":"Alejandro Sosa Ruda","date":"22 febrero, 2026","format":false,"excerpt":"Ten\u00eda 28 a\u00f1os y participaba del tradicional evento en los m\u00e9danos. Circulaba sin casco y cay\u00f3 tras enfrentar un corte pronunciado en la arena. Falleci\u00f3 pese a las maniobras de reanimaci\u00f3n. 22 de febrero de 2026 VILLA GESELL -\u00a0 \u00a0Un joven de 28 a\u00f1os, oriundo de Ensenada, muri\u00f3 este fin\u2026","rel":"","context":"En \u00abPOLICIALES\u00bb","block_context":{"text":"POLICIALES","link":"https:\/\/larevistadigital.com.ar\/blog\/category\/policiales\/"},"img":{"alt_text":"","src":"https:\/\/i0.wp.com\/larevistadigital.com.ar\/blog\/wp-content\/uploads\/d201a6483fb04bf07efc40d0a65e9890f120c84f.jpeg?fit=1108%2C900&ssl=1&resize=350%2C200","width":350,"height":200,"srcset":"https:\/\/i0.wp.com\/larevistadigital.com.ar\/blog\/wp-content\/uploads\/d201a6483fb04bf07efc40d0a65e9890f120c84f.jpeg?fit=1108%2C900&ssl=1&resize=350%2C200 1x, https:\/\/i0.wp.com\/larevistadigital.com.ar\/blog\/wp-content\/uploads\/d201a6483fb04bf07efc40d0a65e9890f120c84f.jpeg?fit=1108%2C900&ssl=1&resize=525%2C300 1.5x, https:\/\/i0.wp.com\/larevistadigital.com.ar\/blog\/wp-content\/uploads\/d201a6483fb04bf07efc40d0a65e9890f120c84f.jpeg?fit=1108%2C900&ssl=1&resize=700%2C400 2x, https:\/\/i0.wp.com\/larevistadigital.com.ar\/blog\/wp-content\/uploads\/d201a6483fb04bf07efc40d0a65e9890f120c84f.jpeg?fit=1108%2C900&ssl=1&resize=1050%2C600 3x"},"classes":[]},{"id":20817,"url":"https:\/\/larevistadigital.com.ar\/blog\/villa-gesell-detienen-a-sujeto-por-abuso-sexual\/","url_meta":{"origin":35587,"position":2},"title":"VILLA GESELL: DETIENEN A SUJETO POR ABUSO SEXUAL","author":"Alejandro Sosa Ruda","date":"22 junio, 2021","format":false,"excerpt":"VILLA GESELL - La madre de una joven de 17 a\u00f1os denunci\u00f3 a su ex pareja por el abuso de la menor en Villa Gesell. Pero, minutos antes de que la mujer realice la denuncia, el hombre de 57 a\u00f1os se present\u00f3 en la dependencia policial expresando que hab\u00eda abusado\u2026","rel":"","context":"En \u00abPOLICIALES\u00bb","block_context":{"text":"POLICIALES","link":"https:\/\/larevistadigital.com.ar\/blog\/category\/policiales\/"},"img":{"alt_text":"","src":"https:\/\/i0.wp.com\/larevistadigital.com.ar\/blog\/wp-content\/uploads\/6293d05cedac45dbdf493a68ef3916bb67d86121.jpg?fit=1140%2C759&ssl=1&resize=350%2C200","width":350,"height":200,"srcset":"https:\/\/i0.wp.com\/larevistadigital.com.ar\/blog\/wp-content\/uploads\/6293d05cedac45dbdf493a68ef3916bb67d86121.jpg?fit=1140%2C759&ssl=1&resize=350%2C200 1x, https:\/\/i0.wp.com\/larevistadigital.com.ar\/blog\/wp-content\/uploads\/6293d05cedac45dbdf493a68ef3916bb67d86121.jpg?fit=1140%2C759&ssl=1&resize=525%2C300 1.5x, https:\/\/i0.wp.com\/larevistadigital.com.ar\/blog\/wp-content\/uploads\/6293d05cedac45dbdf493a68ef3916bb67d86121.jpg?fit=1140%2C759&ssl=1&resize=700%2C400 2x, https:\/\/i0.wp.com\/larevistadigital.com.ar\/blog\/wp-content\/uploads\/6293d05cedac45dbdf493a68ef3916bb67d86121.jpg?fit=1140%2C759&ssl=1&resize=1050%2C600 3x"},"classes":[]},{"id":37184,"url":"https:\/\/larevistadigital.com.ar\/blog\/villa-gesell-estafan-a-un-vecino-en-mas-de-1-000-000-fingiendo-ser-operadores-de-la-cooperativa-electrica\/","url_meta":{"origin":35587,"position":3},"title":"Villa Gesell: Estafan a un vecino en m\u00e1s de $1.000.000.- fingiendo ser operadores de la Cooperativa El\u00e9ctrica","author":"Alejandro Sosa Ruda","date":"10 septiembre, 2024","format":false,"excerpt":"La v\u00edctima de la estafa fue un hombre de 72 a\u00f1os a quien le ofrecieron un descuenta y la inscripci\u00f3n al registro para mantener los subsidios. 10 De Septiembre de 2024 VILLA GESELL -\u00a0 Un vecino de 72 a\u00f1os de Villa Gesell fue estafado y perdi\u00f3 m\u00e1s de un mill\u00f3n\u2026","rel":"","context":"En \u00abPOLICIALES\u00bb","block_context":{"text":"POLICIALES","link":"https:\/\/larevistadigital.com.ar\/blog\/category\/policiales\/"},"img":{"alt_text":"","src":"https:\/\/i0.wp.com\/larevistadigital.com.ar\/blog\/wp-content\/uploads\/07438ace544514836b1d46cdd2abe9d13ddb6af4.jpg?fit=1140%2C682&ssl=1&resize=350%2C200","width":350,"height":200,"srcset":"https:\/\/i0.wp.com\/larevistadigital.com.ar\/blog\/wp-content\/uploads\/07438ace544514836b1d46cdd2abe9d13ddb6af4.jpg?fit=1140%2C682&ssl=1&resize=350%2C200 1x, https:\/\/i0.wp.com\/larevistadigital.com.ar\/blog\/wp-content\/uploads\/07438ace544514836b1d46cdd2abe9d13ddb6af4.jpg?fit=1140%2C682&ssl=1&resize=525%2C300 1.5x, https:\/\/i0.wp.com\/larevistadigital.com.ar\/blog\/wp-content\/uploads\/07438ace544514836b1d46cdd2abe9d13ddb6af4.jpg?fit=1140%2C682&ssl=1&resize=700%2C400 2x, https:\/\/i0.wp.com\/larevistadigital.com.ar\/blog\/wp-content\/uploads\/07438ace544514836b1d46cdd2abe9d13ddb6af4.jpg?fit=1140%2C682&ssl=1&resize=1050%2C600 3x"},"classes":[]},{"id":38438,"url":"https:\/\/larevistadigital.com.ar\/blog\/tragedia-en-villa-gesell-una-policia-y-su-ex-pareja-mueren-en-circunstancias-violentas\/","url_meta":{"origin":35587,"position":4},"title":"Tragedia en Villa Gesell: Una Polic\u00eda y su Ex Pareja Mueren en Circunstancias Violentas","author":"Alejandro Sosa Ruda","date":"8 enero, 2025","format":false,"excerpt":"La investigaci\u00f3n a\u00fan se encuentra en desarrollo. 08 De Enero de 2025 VILLA GESELL -\u00a0 En la madrugada de este domingo, la tranquilidad de Villa Gesell se vio sacudida por un hecho tr\u00e1gico: los cuerpos de una mujer polic\u00eda y su ex pareja fueron hallados en la puerta de una\u2026","rel":"","context":"En \u00abPOLICIALES\u00bb","block_context":{"text":"POLICIALES","link":"https:\/\/larevistadigital.com.ar\/blog\/category\/policiales\/"},"img":{"alt_text":"POLIC\u00cdA CIENT\u00cdFICA","src":"https:\/\/i0.wp.com\/larevistadigital.com.ar\/blog\/wp-content\/uploads\/9d13c069ebb8a015d200bdb72bd358bb7195c86a.jpg?fit=1140%2C759&ssl=1&resize=350%2C200","width":350,"height":200,"srcset":"https:\/\/i0.wp.com\/larevistadigital.com.ar\/blog\/wp-content\/uploads\/9d13c069ebb8a015d200bdb72bd358bb7195c86a.jpg?fit=1140%2C759&ssl=1&resize=350%2C200 1x, https:\/\/i0.wp.com\/larevistadigital.com.ar\/blog\/wp-content\/uploads\/9d13c069ebb8a015d200bdb72bd358bb7195c86a.jpg?fit=1140%2C759&ssl=1&resize=525%2C300 1.5x, https:\/\/i0.wp.com\/larevistadigital.com.ar\/blog\/wp-content\/uploads\/9d13c069ebb8a015d200bdb72bd358bb7195c86a.jpg?fit=1140%2C759&ssl=1&resize=700%2C400 2x, https:\/\/i0.wp.com\/larevistadigital.com.ar\/blog\/wp-content\/uploads\/9d13c069ebb8a015d200bdb72bd358bb7195c86a.jpg?fit=1140%2C759&ssl=1&resize=1050%2C600 3x"},"classes":[]},{"id":39014,"url":"https:\/\/larevistadigital.com.ar\/blog\/detienen-a-un-menor-por-el-homicidio-de-un-joven-en-villa-gesell\/","url_meta":{"origin":35587,"position":5},"title":"Detienen a un menor por el homicidio de un joven en Villa Gesell","author":"Alejandro Sosa Ruda","date":"14 marzo, 2025","format":false,"excerpt":"La v\u00edctima hab\u00eda recibido una brutal golpiza y permaneci\u00f3 en terapia intensiva antes de fallecer. 15 De Marzo de 2025 VILLA GESELL\u00a0 -\u00a0 En el marco de la investigaci\u00f3n por el asesinato de Jes\u00fas Lezcano, un joven de 23 a\u00f1os que muri\u00f3 tras ser brutalmente golpeado en Villa Gesell, las\u2026","rel":"","context":"En \u00abPOLICIALES\u00bb","block_context":{"text":"POLICIALES","link":"https:\/\/larevistadigital.com.ar\/blog\/category\/policiales\/"},"img":{"alt_text":"","src":"https:\/\/i0.wp.com\/larevistadigital.com.ar\/blog\/wp-content\/uploads\/c90fbb9d323280cb7cdaac6908156eb64c198b43.jpg?fit=1140%2C642&ssl=1&resize=350%2C200","width":350,"height":200,"srcset":"https:\/\/i0.wp.com\/larevistadigital.com.ar\/blog\/wp-content\/uploads\/c90fbb9d323280cb7cdaac6908156eb64c198b43.jpg?fit=1140%2C642&ssl=1&resize=350%2C200 1x, https:\/\/i0.wp.com\/larevistadigital.com.ar\/blog\/wp-content\/uploads\/c90fbb9d323280cb7cdaac6908156eb64c198b43.jpg?fit=1140%2C642&ssl=1&resize=525%2C300 1.5x, https:\/\/i0.wp.com\/larevistadigital.com.ar\/blog\/wp-content\/uploads\/c90fbb9d323280cb7cdaac6908156eb64c198b43.jpg?fit=1140%2C642&ssl=1&resize=700%2C400 2x, https:\/\/i0.wp.com\/larevistadigital.com.ar\/blog\/wp-content\/uploads\/c90fbb9d323280cb7cdaac6908156eb64c198b43.jpg?fit=1140%2C642&ssl=1&resize=1050%2C600 3x"},"classes":[]}],"_links":{"self":[{"href":"https:\/\/larevistadigital.com.ar\/blog\/wp-json\/wp\/v2\/posts\/35587","targetHints":{"allow":["GET"]}}],"collection":[{"href":"https:\/\/larevistadigital.com.ar\/blog\/wp-json\/wp\/v2\/posts"}],"about":[{"href":"https:\/\/larevistadigital.com.ar\/blog\/wp-json\/wp\/v2\/types\/post"}],"author":[{"embeddable":true,"href":"https:\/\/larevistadigital.com.ar\/blog\/wp-json\/wp\/v2\/users\/3"}],"replies":[{"embeddable":true,"href":"https:\/\/larevistadigital.com.ar\/blog\/wp-json\/wp\/v2\/comments?post=35587"}],"version-history":[{"count":1,"href":"https:\/\/larevistadigital.com.ar\/blog\/wp-json\/wp\/v2\/posts\/35587\/revisions"}],"predecessor-version":[{"id":35589,"href":"https:\/\/larevistadigital.com.ar\/blog\/wp-json\/wp\/v2\/posts\/35587\/revisions\/35589"}],"wp:featuredmedia":[{"embeddable":true,"href":"https:\/\/larevistadigital.com.ar\/blog\/wp-json\/wp\/v2\/media\/35588"}],"wp:attachment":[{"href":"https:\/\/larevistadigital.com.ar\/blog\/wp-json\/wp\/v2\/media?parent=35587"}],"wp:term":[{"taxonomy":"category","embeddable":true,"href":"https:\/\/larevistadigital.com.ar\/blog\/wp-json\/wp\/v2\/categories?post=35587"},{"taxonomy":"post_tag","embeddable":true,"href":"https:\/\/larevistadigital.com.ar\/blog\/wp-json\/wp\/v2\/tags?post=35587"}],"curies":[{"name":"wp","href":"https:\/\/api.w.org\/{rel}","templated":true}]}}