{"id":35590,"date":"2024-03-16T10:41:23","date_gmt":"2024-03-16T13:41:23","guid":{"rendered":"https:\/\/larevistadigital.com.ar\/blog\/?p=35590"},"modified":"2024-03-16T10:41:23","modified_gmt":"2024-03-16T13:41:23","slug":"accidente-fatal-camion-arrolla-a-motociclista","status":"publish","type":"post","link":"https:\/\/larevistadigital.com.ar\/blog\/accidente-fatal-camion-arrolla-a-motociclista\/","title":{"rendered":"ACCIDENTE FATAL: CAMI\u00d3N ARROLLA A MOTOCICLISTA"},"content":{"rendered":"<div class=\"xdj266r x11i5rnm xat24cr x1mh8g0r x1vvkbs x126k92a\">\n<h2 dir=\"auto\">El joven iba en su motocicleta cuando fue arrollado por un cami\u00f3n.<\/h2>\n<p>16 de marzo de 2024<\/p>\n<\/div>\n<div class=\"x11i5rnm xat24cr x1mh8g0r x1vvkbs xtlvy1s x126k92a\">\n<div dir=\"auto\"><strong>SANTA FE &#8211;\u00a0<\/strong> El accidente ocurri\u00f3 en la tarde de ayer en la localidad de Frontera.<\/div>\n<div dir=\"auto\"><\/div>\n<div dir=\"auto\">Un joven de 18 a\u00f1os manejaba su motocicleta Zanella 110 cuando fue arrollado por un camion de marca Mercedes Benz. El conductor del veh\u00edculo de menor porte fue identificado como <strong>Facundo Bogado<\/strong>.<\/div>\n<div dir=\"auto\"><\/div>\n<div dir=\"auto\">La Polic\u00eda investiga las circunstancias en la que se produjo este penoso suceso.<\/div>\n<\/div>\n","protected":false},"excerpt":{"rendered":"<div class=\"mh-excerpt\"><p>El joven iba en su motocicleta cuando fue arrollado por un cami\u00f3n. 16 de marzo de 2024 SANTA FE &#8211;\u00a0 El accidente ocurri\u00f3 en la tarde de ayer en la localidad de Frontera. Un joven <a class=\"mh-excerpt-more\" href=\"https:\/\/larevistadigital.com.ar\/blog\/accidente-fatal-camion-arrolla-a-motociclista\/\" title=\"ACCIDENTE FATAL: CAMI\u00d3N ARROLLA A MOTOCICLISTA\">[Leer M\u00e1s]<\/a><\/p>\n<\/div>","protected":false},"author":3,"featured_media":35591,"comment_status":"open","ping_status":"open","sticky":false,"template":"","format":"standard","meta":{"_jetpack_memberships_contains_paid_content":false,"footnotes":"","jetpack_publicize_message":"","jetpack_publicize_feature_enabled":true,"jetpack_social_post_already_shared":true,"jetpack_social_options":{"image_generator_settings":{"template":"highway","default_image_id":0,"font":"","enabled":false},"version":2}},"categories":[1],"tags":[],"class_list":{"0":"post-35590","1":"post","2":"type-post","3":"status-publish","4":"format-standard","5":"has-post-thumbnail","7":"category-sin-categoria"},"jetpack_publicize_connections":[],"jetpack_featured_media_url":"https:\/\/i0.wp.com\/larevistadigital.com.ar\/blog\/wp-content\/uploads\/432413075_820217110143423_7878312612943287937_n.jpg?fit=900%2C600&ssl=1","jetpack_sharing_enabled":true,"jetpack_shortlink":"https:\/\/wp.me\/p8qtrQ-9g2","jetpack-related-posts":[{"id":41719,"url":"https:\/\/larevistadigital.com.ar\/blog\/tragedia-en-la-plata-un-joven-perdio-la-vida-tras-chocar-en-moto-contra-un-camion\/","url_meta":{"origin":35590,"position":0},"title":"Tragedia en La Plata: un joven perdi\u00f3 la vida tras chocar en moto contra un cami\u00f3n","author":"Alejandro Sosa Ruda","date":"3 octubre, 2025","format":false,"excerpt":"El accidente ocurri\u00f3 en la localidad de Etcheverry, en el cruce de la Ruta 215 y calle 238. La v\u00edctima ten\u00eda 21 a\u00f1os. En lo que va del a\u00f1o, ya murieron m\u00e1s de 60 personas en siniestros viales en la regi\u00f3n. 03 de octubre de 2025 LA PLATA -\u00a0 \u00a0Un\u2026","rel":"","context":"En \u00abPOLICIALES\u00bb","block_context":{"text":"POLICIALES","link":"https:\/\/larevistadigital.com.ar\/blog\/category\/policiales\/"},"img":{"alt_text":"","src":"https:\/\/i0.wp.com\/larevistadigital.com.ar\/blog\/wp-content\/uploads\/Captura-de-pantalla-2025-10-03-133433.jpg?fit=868%2C426&ssl=1&resize=350%2C200","width":350,"height":200,"srcset":"https:\/\/i0.wp.com\/larevistadigital.com.ar\/blog\/wp-content\/uploads\/Captura-de-pantalla-2025-10-03-133433.jpg?fit=868%2C426&ssl=1&resize=350%2C200 1x, https:\/\/i0.wp.com\/larevistadigital.com.ar\/blog\/wp-content\/uploads\/Captura-de-pantalla-2025-10-03-133433.jpg?fit=868%2C426&ssl=1&resize=525%2C300 1.5x, https:\/\/i0.wp.com\/larevistadigital.com.ar\/blog\/wp-content\/uploads\/Captura-de-pantalla-2025-10-03-133433.jpg?fit=868%2C426&ssl=1&resize=700%2C400 2x"},"classes":[]},{"id":27710,"url":"https:\/\/larevistadigital.com.ar\/blog\/mar-del-plata-murio-un-motociclista-atropellado-por-un-camion\/","url_meta":{"origin":35590,"position":1},"title":"MAR DEL PLATA: MURI\u00d3 UN MOTOCICLISTA ATROPELLADO POR UN CAMI\u00d3N","author":"Alejandro Sosa Ruda","date":"13 septiembre, 2022","format":false,"excerpt":"El hecho ocurri\u00f3 este lunes, cerca de las 21. Personal policial inici\u00f3 una investigaci\u00f3n bajo las \u00f3rdenes del fiscal de Delitos Culposos, Pablo Cistoldi. 13 de septiebre de 2022 MAR DEL PLATA -\u00a0 El hecho ocurri\u00f3 ayer por la noche, cuando un cami\u00f3n atropell\u00f3 a un motociclista, tras despistarse en\u2026","rel":"","context":"En \u00abPOLICIALES\u00bb","block_context":{"text":"POLICIALES","link":"https:\/\/larevistadigital.com.ar\/blog\/category\/policiales\/"},"img":{"alt_text":"","src":"https:\/\/i0.wp.com\/larevistadigital.com.ar\/blog\/wp-content\/uploads\/moto-atropellada.png?fit=811%2C456&ssl=1&resize=350%2C200","width":350,"height":200,"srcset":"https:\/\/i0.wp.com\/larevistadigital.com.ar\/blog\/wp-content\/uploads\/moto-atropellada.png?fit=811%2C456&ssl=1&resize=350%2C200 1x, https:\/\/i0.wp.com\/larevistadigital.com.ar\/blog\/wp-content\/uploads\/moto-atropellada.png?fit=811%2C456&ssl=1&resize=525%2C300 1.5x, https:\/\/i0.wp.com\/larevistadigital.com.ar\/blog\/wp-content\/uploads\/moto-atropellada.png?fit=811%2C456&ssl=1&resize=700%2C400 2x"},"classes":[]},{"id":25839,"url":"https:\/\/larevistadigital.com.ar\/blog\/un-arbitro-iba-en-moto-a-dirigir-un-partido-se-solto-una-rueda-de-un-camion-y-lo-mato\/","url_meta":{"origin":35590,"position":2},"title":"UN \u00c1RBITRO IBA EN MOTO A DIRIGIR UN PARTIDO, SE SOLT\u00d3 UNA RUEDA DE UN CAMI\u00d3N Y LO MAT\u00d3","author":"Alejandro Sosa Ruda","date":"13 junio, 2022","format":false,"excerpt":"El tr\u00e1gico accidente ocurri\u00f3 en Misiones. Si bien la v\u00edctima fue internada, no sobrevivi\u00f3 a las graves lesiones. Un motociclista de 34 a\u00f1os muri\u00f3 luego de que la rueda de un cami\u00f3n se desprendiera y terminara impactando contra \u00e9l. El joven estaba viajando en su moto a dirigir un partido\u2026","rel":"","context":"En \u00abSin categor\u00eda\u00bb","block_context":{"text":"Sin categor\u00eda","link":"https:\/\/larevistadigital.com.ar\/blog\/category\/sin-categoria\/"},"img":{"alt_text":"","src":"https:\/\/i0.wp.com\/larevistadigital.com.ar\/blog\/wp-content\/uploads\/MOTO-ARBITRO.png?fit=674%2C379&ssl=1&resize=350%2C200","width":350,"height":200,"srcset":"https:\/\/i0.wp.com\/larevistadigital.com.ar\/blog\/wp-content\/uploads\/MOTO-ARBITRO.png?fit=674%2C379&ssl=1&resize=350%2C200 1x, https:\/\/i0.wp.com\/larevistadigital.com.ar\/blog\/wp-content\/uploads\/MOTO-ARBITRO.png?fit=674%2C379&ssl=1&resize=525%2C300 1.5x"},"classes":[]},{"id":9556,"url":"https:\/\/larevistadigital.com.ar\/blog\/un-policia-y-su-acompanante-heridos-en-accidente-en-la-ruta-63\/","url_meta":{"origin":35590,"position":3},"title":"UN POLIC\u00cdA Y SU ACOMPA\u00d1ANTE HERIDOS EN ACCIDENTE EN LA RUTA 63","author":"Alejandro Sosa Ruda","date":"4 abril, 2019","format":false,"excerpt":"Un oficial de polic\u00eda perteneciente al GAD, sufri\u00f3 un accidente cuando se dirig\u00eda a trabajar en Dolores. El hecho ocurri\u00f3 a las 6 de la ma\u00f1ana entre un cami\u00f3n Ford Cargo y un Citroen Berlingo. La camioneta con dos ocupantes nativos de Dolores, ocupada por un oficial de polic\u00eda, y\u2026","rel":"","context":"En \u00abDOLORES\u00bb","block_context":{"text":"DOLORES","link":"https:\/\/larevistadigital.com.ar\/blog\/category\/dolores\/"},"img":{"alt_text":"","src":"https:\/\/i0.wp.com\/larevistadigital.com.ar\/blog\/wp-content\/uploads\/2019\/04\/Screenshot_2-4.jpg?fit=864%2C644&ssl=1&resize=350%2C200","width":350,"height":200,"srcset":"https:\/\/i0.wp.com\/larevistadigital.com.ar\/blog\/wp-content\/uploads\/2019\/04\/Screenshot_2-4.jpg?fit=864%2C644&ssl=1&resize=350%2C200 1x, https:\/\/i0.wp.com\/larevistadigital.com.ar\/blog\/wp-content\/uploads\/2019\/04\/Screenshot_2-4.jpg?fit=864%2C644&ssl=1&resize=525%2C300 1.5x, https:\/\/i0.wp.com\/larevistadigital.com.ar\/blog\/wp-content\/uploads\/2019\/04\/Screenshot_2-4.jpg?fit=864%2C644&ssl=1&resize=700%2C400 2x"},"classes":[]},{"id":9032,"url":"https:\/\/larevistadigital.com.ar\/blog\/san-vicente-accidente-fatal-en-ruta-6\/","url_meta":{"origin":35590,"position":4},"title":"SAN VICENTE: ACCIDENTE FATAL EN RUTA 6","author":"Alejandro Sosa Ruda","date":"12 marzo, 2019","format":false,"excerpt":"En las \u00faltimas horas se produjo un\u00a0grave accidente\u00a0en\u00a0ruta 6\u00a0a la altura del\u00a0peaje en construcci\u00f3n\u00a0de\u00a0San Vicente, donde lamentablemente\u00a0falleci\u00f3 el conductor de un cami\u00f3n, tras impactar con otro cami\u00f3n. La v\u00edctima fatal es un hombre de 28 a\u00f1os de edad. Fuentes policiales indicaron a\u00a0DLN\u00a0que en la ruta 6, un cami\u00f3n Mercedes Benz\u00a0colision\u00f3\u2026","rel":"","context":"En \u00abPOLICIALES\u00bb","block_context":{"text":"POLICIALES","link":"https:\/\/larevistadigital.com.ar\/blog\/category\/policiales\/"},"img":{"alt_text":"","src":"https:\/\/i0.wp.com\/larevistadigital.com.ar\/blog\/wp-content\/uploads\/2019\/03\/WhatsApp-Image-2019-03-12-at-09.41.18.jpeg?fit=1024%2C575&ssl=1&resize=350%2C200","width":350,"height":200,"srcset":"https:\/\/i0.wp.com\/larevistadigital.com.ar\/blog\/wp-content\/uploads\/2019\/03\/WhatsApp-Image-2019-03-12-at-09.41.18.jpeg?fit=1024%2C575&ssl=1&resize=350%2C200 1x, https:\/\/i0.wp.com\/larevistadigital.com.ar\/blog\/wp-content\/uploads\/2019\/03\/WhatsApp-Image-2019-03-12-at-09.41.18.jpeg?fit=1024%2C575&ssl=1&resize=525%2C300 1.5x, https:\/\/i0.wp.com\/larevistadigital.com.ar\/blog\/wp-content\/uploads\/2019\/03\/WhatsApp-Image-2019-03-12-at-09.41.18.jpeg?fit=1024%2C575&ssl=1&resize=700%2C400 2x"},"classes":[]},{"id":31121,"url":"https:\/\/larevistadigital.com.ar\/blog\/trenque-lauquen-dos-personas-mueren-en-un-tragico-accidente\/","url_meta":{"origin":35590,"position":5},"title":"TRENQUE LAUQUEN: DOS PERSONAS MUEREN EN UN TR\u00c1GICO ACCIDENTE","author":"Alejandro Sosa Ruda","date":"19 abril, 2023","format":false,"excerpt":"El accidente ocurri\u00f3 sobre la ruta nacional N\u00b0 5 a la altura del kil\u00f3metro 444, por el complejo industrial La Seren\u00edsima, en la calle Llamb\u00edas cuando el conductor del veh\u00edculo intent\u00f3 subir a la ruta y fue embestido por un cami\u00f3n que circulaba hacia la localidad de Beruti. 19 de\u2026","rel":"","context":"En \u00abINTERES GENERAL\u00bb","block_context":{"text":"INTERES GENERAL","link":"https:\/\/larevistadigital.com.ar\/blog\/category\/interes-general\/"},"img":{"alt_text":"","src":"https:\/\/i0.wp.com\/larevistadigital.com.ar\/blog\/wp-content\/uploads\/20230419181157_trenque1.jpg?fit=880%2C512&ssl=1&resize=350%2C200","width":350,"height":200,"srcset":"https:\/\/i0.wp.com\/larevistadigital.com.ar\/blog\/wp-content\/uploads\/20230419181157_trenque1.jpg?fit=880%2C512&ssl=1&resize=350%2C200 1x, https:\/\/i0.wp.com\/larevistadigital.com.ar\/blog\/wp-content\/uploads\/20230419181157_trenque1.jpg?fit=880%2C512&ssl=1&resize=525%2C300 1.5x, https:\/\/i0.wp.com\/larevistadigital.com.ar\/blog\/wp-content\/uploads\/20230419181157_trenque1.jpg?fit=880%2C512&ssl=1&resize=700%2C400 2x"},"classes":[]}],"_links":{"self":[{"href":"https:\/\/larevistadigital.com.ar\/blog\/wp-json\/wp\/v2\/posts\/35590","targetHints":{"allow":["GET"]}}],"collection":[{"href":"https:\/\/larevistadigital.com.ar\/blog\/wp-json\/wp\/v2\/posts"}],"about":[{"href":"https:\/\/larevistadigital.com.ar\/blog\/wp-json\/wp\/v2\/types\/post"}],"author":[{"embeddable":true,"href":"https:\/\/larevistadigital.com.ar\/blog\/wp-json\/wp\/v2\/users\/3"}],"replies":[{"embeddable":true,"href":"https:\/\/larevistadigital.com.ar\/blog\/wp-json\/wp\/v2\/comments?post=35590"}],"version-history":[{"count":1,"href":"https:\/\/larevistadigital.com.ar\/blog\/wp-json\/wp\/v2\/posts\/35590\/revisions"}],"predecessor-version":[{"id":35592,"href":"https:\/\/larevistadigital.com.ar\/blog\/wp-json\/wp\/v2\/posts\/35590\/revisions\/35592"}],"wp:featuredmedia":[{"embeddable":true,"href":"https:\/\/larevistadigital.com.ar\/blog\/wp-json\/wp\/v2\/media\/35591"}],"wp:attachment":[{"href":"https:\/\/larevistadigital.com.ar\/blog\/wp-json\/wp\/v2\/media?parent=35590"}],"wp:term":[{"taxonomy":"category","embeddable":true,"href":"https:\/\/larevistadigital.com.ar\/blog\/wp-json\/wp\/v2\/categories?post=35590"},{"taxonomy":"post_tag","embeddable":true,"href":"https:\/\/larevistadigital.com.ar\/blog\/wp-json\/wp\/v2\/tags?post=35590"}],"curies":[{"name":"wp","href":"https:\/\/api.w.org\/{rel}","templated":true}]}}