{"id":35599,"date":"2024-03-18T09:44:46","date_gmt":"2024-03-18T12:44:46","guid":{"rendered":"https:\/\/larevistadigital.com.ar\/blog\/?p=35599"},"modified":"2024-03-18T09:44:46","modified_gmt":"2024-03-18T12:44:46","slug":"por-ahora-sin-acuerdo-ganancias-y-jubilaciones-seran-otra-vez-los-puntos-que-definiran-la-aprobacion-de-la-ley-omnibus","status":"publish","type":"post","link":"https:\/\/larevistadigital.com.ar\/blog\/por-ahora-sin-acuerdo-ganancias-y-jubilaciones-seran-otra-vez-los-puntos-que-definiran-la-aprobacion-de-la-ley-omnibus\/","title":{"rendered":"POR AHORA SIN ACUERDO, GANANCIAS Y JUBILACIONES SER\u00c1N OTRA VEZ LOS PUNTOS QUE DEFINIR\u00c1N LA APROBACI\u00d3N DE LA LEY \u00d3MNIBUS"},"content":{"rendered":"<h2>La Casa Rosada gir\u00f3 al Congreso y a los gobernadores un nuevo texto con 269 art\u00edculos.<\/h2>\n<p>18 de marzo de 2024<\/p>\n<p>El viernes el ministro <strong>Francos<\/strong> recibi\u00f3 al PRO y la UCR para escuchar sugerencias. El lunes ir\u00e1 <strong>Pichetto<\/strong>. los bloques Hacemos Coalici\u00f3n Federal e Innovaci\u00f3n Federal vieron con buenos ojos que la nueva versi\u00f3n parta de la base del \u00faltimo texto que se analiz\u00f3 en el recinto.<\/p>\n<p><em><strong>\u201cNo es la locura de antes\u201d<\/strong><\/em>, sintetizaron desde la bancada radical. <strong><em>\u201cEs positivo que se recoge el trabajo ya hecho\u201d<\/em><\/strong>, coincidi\u00f3 otro de los hombres que particip\u00f3 de las primeras negociaciones.<\/p>\n<p>Por ejemplo, el presidente <strong>Javier Milei<\/strong> decidi\u00f3 hacer una reducci\u00f3n dr\u00e1stica de la cantidad de Emergencias que busca declarar: solo ser\u00e1n en materia administrativa, econ\u00f3mica, financiera y energ\u00e9tica (originalmente eran una docena). Por lo que la negociaci\u00f3n en torno a las facultades delegadas ser\u00e1 mucho m\u00e1s acotada.<\/p>\n<p>Llam\u00f3 la atenci\u00f3n que la emergencia en Seguridad no fue incluida, especialmente dada la escalada de violencia en Rosario. En la oposici\u00f3n entienden que el Gobierno concentrar\u00e1 sus esfuerzos en sancionar un proyecto \u201cantimafia\u201d.<\/p>\n<p>En Hacemos Coalici\u00f3n Federal celebraron que las retenciones fueron completamente excluidas y rescataron que la lista de empresas habilitadas para ser privatizadas pas\u00f3 de 40 a 3 (Aerol\u00edneas Argentinas, Enarsa y Radio y Televisi\u00f3n Argentina), m\u00e1s otras 9 en un esquema de venta parcial (AySA, Correo Oficial, Belgrano Cargas, SOFSE, Corredores Viales, Yacimientos Carbon\u00edferos de R\u00edo Turbio, Nucleoel\u00e9ctrica Argentina, Banco Naci\u00f3n y ArSat). Sin embargo, la postura de la UCR y de HCF hab\u00eda sido que cada proceso de privatizaci\u00f3n pase por separado por el Congreso.<\/p>\n<p>Las luces de alerta se encendieron al llegar al cap\u00edtulo de la movilidad jubilatoria, que propone, al igual que en la versi\u00f3n que naufrag\u00f3 en el recinto, una actualizaci\u00f3n de los haberes en base al IPC (\u00cdndice de Precios del INDEC) a partir de abril, con una compensaci\u00f3n del 10% en el primer mes para compensar el \u201cempalme\u201d entre las dos f\u00f3rmulas. <em><strong>\u201cEse 10% de diferencia son USD 2.000 millones, \u00bfde d\u00f3nde los sacamos?\u201d<\/strong><\/em>, dijo un diputado libertario en la previa de la sesi\u00f3n que no lleg\u00f3 al qu\u00f3rum este mi\u00e9rcoles<\/p>\n","protected":false},"excerpt":{"rendered":"<div class=\"mh-excerpt\"><p>La Casa Rosada gir\u00f3 al Congreso y a los gobernadores un nuevo texto con 269 art\u00edculos. 18 de marzo de 2024 El viernes el ministro Francos recibi\u00f3 al PRO y la UCR para escuchar sugerencias. <a class=\"mh-excerpt-more\" href=\"https:\/\/larevistadigital.com.ar\/blog\/por-ahora-sin-acuerdo-ganancias-y-jubilaciones-seran-otra-vez-los-puntos-que-definiran-la-aprobacion-de-la-ley-omnibus\/\" title=\"POR AHORA SIN ACUERDO, GANANCIAS Y JUBILACIONES SER\u00c1N OTRA VEZ LOS PUNTOS QUE DEFINIR\u00c1N LA APROBACI\u00d3N DE LA LEY \u00d3MNIBUS\">[Leer M\u00e1s]<\/a><\/p>\n<\/div>","protected":false},"author":3,"featured_media":35600,"comment_status":"open","ping_status":"open","sticky":false,"template":"","format":"standard","meta":{"_jetpack_memberships_contains_paid_content":false,"footnotes":"","jetpack_publicize_message":"","jetpack_publicize_feature_enabled":true,"jetpack_social_post_already_shared":true,"jetpack_social_options":{"image_generator_settings":{"template":"highway","default_image_id":0,"font":"","enabled":false},"version":2}},"categories":[50,12],"tags":[],"class_list":{"0":"post-35599","1":"post","2":"type-post","3":"status-publish","4":"format-standard","5":"has-post-thumbnail","7":"category-interes-general","8":"category-politica"},"jetpack_publicize_connections":[],"jetpack_featured_media_url":"https:\/\/i0.wp.com\/larevistadigital.com.ar\/blog\/wp-content\/uploads\/congreso-de-la-nacion-2017-.-el-congreso-argentino-cuesta-4-veces-mas-que-la-suma-de-la-monarquia-inglesa-y-espanola-.-elpaisdiario.ar_.jpg?fit=850%2C478&ssl=1","jetpack_sharing_enabled":true,"jetpack_shortlink":"https:\/\/wp.me\/p8qtrQ-9gb","jetpack-related-posts":[{"id":11315,"url":"https:\/\/larevistadigital.com.ar\/blog\/concurso-literario-por-los-15-anos-de-sadech\/","url_meta":{"origin":35599,"position":0},"title":"CONCURSO LITERARIO POR LOS 15 A\u00d1OS DE SADECH","author":"Alejandro Sosa Ruda","date":"16 julio, 2019","format":false,"excerpt":"Con motivo de celebrarse los 15 a\u00f1os de la filial Chascom\u00fas de la Sociedad Argentina de Escritores filial Chascom\u00fas (S.A.D.E.CH.) convoca al Certamen Regional De Cuento Breve y Poes\u00eda, el que se ajustar\u00e1 al siguiente reglamento: Podr\u00e1n participar todos aquellos escritores de habla castellana que se domicilien en el Municipio\u2026","rel":"","context":"En \u00abCULTURA\u00bb","block_context":{"text":"CULTURA","link":"https:\/\/larevistadigital.com.ar\/blog\/category\/cultura\/"},"img":{"alt_text":"","src":"https:\/\/i0.wp.com\/larevistadigital.com.ar\/blog\/wp-content\/uploads\/wood-3157395_1920-1280x640.jpg?fit=1200%2C600&ssl=1&resize=350%2C200","width":350,"height":200,"srcset":"https:\/\/i0.wp.com\/larevistadigital.com.ar\/blog\/wp-content\/uploads\/wood-3157395_1920-1280x640.jpg?fit=1200%2C600&ssl=1&resize=350%2C200 1x, https:\/\/i0.wp.com\/larevistadigital.com.ar\/blog\/wp-content\/uploads\/wood-3157395_1920-1280x640.jpg?fit=1200%2C600&ssl=1&resize=525%2C300 1.5x, https:\/\/i0.wp.com\/larevistadigital.com.ar\/blog\/wp-content\/uploads\/wood-3157395_1920-1280x640.jpg?fit=1200%2C600&ssl=1&resize=700%2C400 2x, https:\/\/i0.wp.com\/larevistadigital.com.ar\/blog\/wp-content\/uploads\/wood-3157395_1920-1280x640.jpg?fit=1200%2C600&ssl=1&resize=1050%2C600 3x"},"classes":[]},{"id":25663,"url":"https:\/\/larevistadigital.com.ar\/blog\/por-primera-vez-seran-peritados-los-cuadernos-de-centeno\/","url_meta":{"origin":35599,"position":1},"title":"POR PRIMERA VEZ, SER\u00c1N PERITADOS LOS \u00abCUADERNOS DE CENTENO\u00bb","author":"Alejandro Sosa Ruda","date":"7 junio, 2022","format":false,"excerpt":"Despu\u00e9s de cuatro a\u00f1os de iniciada la causa que dio origen al Lawfare (guerra jur\u00eddica) en la Argentina, la Justicia federal peritar\u00e1, por primera vez, varios de los cuadernos supuestamente escritos por el militar retirado y exchofer del Ministerio de Planificaci\u00f3n, Federal Oscar Centeno. El peritaje oficial fue ordenado por\u2026","rel":"","context":"En \u00abINTERES GENERAL\u00bb","block_context":{"text":"INTERES GENERAL","link":"https:\/\/larevistadigital.com.ar\/blog\/category\/interes-general\/"},"img":{"alt_text":"","src":"https:\/\/i0.wp.com\/larevistadigital.com.ar\/blog\/wp-content\/uploads\/20220606163326_oscar-centeno-causa-cuadrernos.jpg?fit=880%2C512&ssl=1&resize=350%2C200","width":350,"height":200,"srcset":"https:\/\/i0.wp.com\/larevistadigital.com.ar\/blog\/wp-content\/uploads\/20220606163326_oscar-centeno-causa-cuadrernos.jpg?fit=880%2C512&ssl=1&resize=350%2C200 1x, https:\/\/i0.wp.com\/larevistadigital.com.ar\/blog\/wp-content\/uploads\/20220606163326_oscar-centeno-causa-cuadrernos.jpg?fit=880%2C512&ssl=1&resize=525%2C300 1.5x, https:\/\/i0.wp.com\/larevistadigital.com.ar\/blog\/wp-content\/uploads\/20220606163326_oscar-centeno-causa-cuadrernos.jpg?fit=880%2C512&ssl=1&resize=700%2C400 2x"},"classes":[]},{"id":22949,"url":"https:\/\/larevistadigital.com.ar\/blog\/pila-los-nocheros-seran-parte-de-los-festejos-por-el-aniversario-de-la-ciudad\/","url_meta":{"origin":35599,"position":2},"title":"PILA: LOS NOCHEROS SER\u00c1N PARTE DE LOS FESTEJOS POR EL ANIVERSARIO DE LA CIUDAD","author":"Alejandro Sosa Ruda","date":"15 diciembre, 2021","format":false,"excerpt":"El s\u00e1bado 18, con motivo de los festejos por un nuevo aniversario de nuestra ciudad, se presentar\u00e1 el grupo \"Los Nocheros\" en el Polideportivo Ciudad de Pila. El reconocido grupo de folclore conformado por Kike Teruel, Mario Teruel, Rub\u00e9n Ehizaguirre y \u00c1lvaro Teruel, tocar\u00e1 con otras presentaciones de artistas, a\u2026","rel":"","context":"En \u00abPILA\u00bb","block_context":{"text":"PILA","link":"https:\/\/larevistadigital.com.ar\/blog\/category\/pila\/"},"img":{"alt_text":"","src":"https:\/\/i0.wp.com\/larevistadigital.com.ar\/blog\/wp-content\/uploads\/Captura-de-pantalla-2021-12-14-235938.jpg?fit=782%2C722&ssl=1&resize=350%2C200","width":350,"height":200,"srcset":"https:\/\/i0.wp.com\/larevistadigital.com.ar\/blog\/wp-content\/uploads\/Captura-de-pantalla-2021-12-14-235938.jpg?fit=782%2C722&ssl=1&resize=350%2C200 1x, https:\/\/i0.wp.com\/larevistadigital.com.ar\/blog\/wp-content\/uploads\/Captura-de-pantalla-2021-12-14-235938.jpg?fit=782%2C722&ssl=1&resize=525%2C300 1.5x, https:\/\/i0.wp.com\/larevistadigital.com.ar\/blog\/wp-content\/uploads\/Captura-de-pantalla-2021-12-14-235938.jpg?fit=782%2C722&ssl=1&resize=700%2C400 2x"},"classes":[]},{"id":13446,"url":"https:\/\/larevistadigital.com.ar\/blog\/aprobaron-proyecto-que-prohibe-mutilar-animales-por-cuestiones-de-estetica\/","url_meta":{"origin":35599,"position":3},"title":"APROBARON PROYECTO QUE PROH\u00cdBE MUTILAR ANIMALES POR CUESTIONES DE EST\u00c9TICA","author":"Alejandro Sosa Ruda","date":"3 diciembre, 2019","format":false,"excerpt":"Atroz pr\u00e1ctica. Qued\u00f3 prohibido en Buenos Aires cortar las orejas o la cola de los perros por fines est\u00e9ticos, que nada tienen que ver con la salud del animal. La iniciativa que propone\u00a0evitar los padecimientos de los animales en pr\u00e1cticas est\u00e9ticas que no est\u00e9n relacionadas con lo curativo, y que\u2026","rel":"","context":"En \u00abINTERES GENERAL\u00bb","block_context":{"text":"INTERES GENERAL","link":"https:\/\/larevistadigital.com.ar\/blog\/category\/interes-general\/"},"img":{"alt_text":"","src":"https:\/\/i0.wp.com\/larevistadigital.com.ar\/blog\/wp-content\/uploads\/0002577241.jpg?fit=770%2C424&ssl=1&resize=350%2C200","width":350,"height":200,"srcset":"https:\/\/i0.wp.com\/larevistadigital.com.ar\/blog\/wp-content\/uploads\/0002577241.jpg?fit=770%2C424&ssl=1&resize=350%2C200 1x, https:\/\/i0.wp.com\/larevistadigital.com.ar\/blog\/wp-content\/uploads\/0002577241.jpg?fit=770%2C424&ssl=1&resize=525%2C300 1.5x, https:\/\/i0.wp.com\/larevistadigital.com.ar\/blog\/wp-content\/uploads\/0002577241.jpg?fit=770%2C424&ssl=1&resize=700%2C400 2x"},"classes":[]},{"id":17911,"url":"https:\/\/larevistadigital.com.ar\/blog\/trenes-todos-los-horarios-y-servicios-a-chascomus-y-a-mar-del-plata\/","url_meta":{"origin":35599,"position":4},"title":"TRENES: TODOS LOS HORARIOS Y SERVICIOS A CHASCOM\u00daS Y A MAR DEL PLATA","author":"Alejandro Sosa Ruda","date":"1 diciembre, 2020","format":false,"excerpt":"Trenes Argentinos brind\u00f3 el detalle al portal antinoticias.com.ar de los servicios de larga distancia y de cercan\u00eda que desde este martes 1 de diciembre llegar\u00e1n y parar\u00e1n en Chascom\u00fas. Respecto del servicio de larga distancia entre Plaza Constituci\u00f3n y Mar del Plata, desde prensa de Trenes Argentinos le informaron a\u2026","rel":"","context":"En \u00abINTERES GENERAL\u00bb","block_context":{"text":"INTERES GENERAL","link":"https:\/\/larevistadigital.com.ar\/blog\/category\/interes-general\/"},"img":{"alt_text":"","src":"https:\/\/i0.wp.com\/larevistadigital.com.ar\/blog\/wp-content\/uploads\/2017\/12\/estacion-chascomusnva.jpg?fit=960%2C539&ssl=1&resize=350%2C200","width":350,"height":200,"srcset":"https:\/\/i0.wp.com\/larevistadigital.com.ar\/blog\/wp-content\/uploads\/2017\/12\/estacion-chascomusnva.jpg?fit=960%2C539&ssl=1&resize=350%2C200 1x, https:\/\/i0.wp.com\/larevistadigital.com.ar\/blog\/wp-content\/uploads\/2017\/12\/estacion-chascomusnva.jpg?fit=960%2C539&ssl=1&resize=525%2C300 1.5x, https:\/\/i0.wp.com\/larevistadigital.com.ar\/blog\/wp-content\/uploads\/2017\/12\/estacion-chascomusnva.jpg?fit=960%2C539&ssl=1&resize=700%2C400 2x"},"classes":[]},{"id":16064,"url":"https:\/\/larevistadigital.com.ar\/blog\/mardel-como-seran-y-donde-los-primeros-corredores-gastronomicos\/","url_meta":{"origin":35599,"position":5},"title":"MARDEL: C\u00d3MO SER\u00c1N Y DONDE LOS PRIMEROS CORREDORES GASTRON\u00d3MICOS","author":"Alejandro Sosa Ruda","date":"18 agosto, 2020","format":false,"excerpt":"El Concejo Deliberante aprobar\u00e1 la ordenanza el viernes. Se peatonalizar\u00e1n dos calles durante los fines de semana y los feriados hasta el final de la temporada. Es un impulso a la actividad en tiempos de pandemia. En el paquete de ordenanzas que el Concejo Deliberante tiene consensuadas y aprobar\u00e1 en\u2026","rel":"","context":"En \u00abREGIONALES\u00bb","block_context":{"text":"REGIONALES","link":"https:\/\/larevistadigital.com.ar\/blog\/category\/regionales\/"},"img":{"alt_text":"","src":"https:\/\/i0.wp.com\/larevistadigital.com.ar\/blog\/wp-content\/uploads\/Screenshot_2-100.jpg?fit=1009%2C664&ssl=1&resize=350%2C200","width":350,"height":200,"srcset":"https:\/\/i0.wp.com\/larevistadigital.com.ar\/blog\/wp-content\/uploads\/Screenshot_2-100.jpg?fit=1009%2C664&ssl=1&resize=350%2C200 1x, https:\/\/i0.wp.com\/larevistadigital.com.ar\/blog\/wp-content\/uploads\/Screenshot_2-100.jpg?fit=1009%2C664&ssl=1&resize=525%2C300 1.5x, https:\/\/i0.wp.com\/larevistadigital.com.ar\/blog\/wp-content\/uploads\/Screenshot_2-100.jpg?fit=1009%2C664&ssl=1&resize=700%2C400 2x"},"classes":[]}],"_links":{"self":[{"href":"https:\/\/larevistadigital.com.ar\/blog\/wp-json\/wp\/v2\/posts\/35599","targetHints":{"allow":["GET"]}}],"collection":[{"href":"https:\/\/larevistadigital.com.ar\/blog\/wp-json\/wp\/v2\/posts"}],"about":[{"href":"https:\/\/larevistadigital.com.ar\/blog\/wp-json\/wp\/v2\/types\/post"}],"author":[{"embeddable":true,"href":"https:\/\/larevistadigital.com.ar\/blog\/wp-json\/wp\/v2\/users\/3"}],"replies":[{"embeddable":true,"href":"https:\/\/larevistadigital.com.ar\/blog\/wp-json\/wp\/v2\/comments?post=35599"}],"version-history":[{"count":1,"href":"https:\/\/larevistadigital.com.ar\/blog\/wp-json\/wp\/v2\/posts\/35599\/revisions"}],"predecessor-version":[{"id":35601,"href":"https:\/\/larevistadigital.com.ar\/blog\/wp-json\/wp\/v2\/posts\/35599\/revisions\/35601"}],"wp:featuredmedia":[{"embeddable":true,"href":"https:\/\/larevistadigital.com.ar\/blog\/wp-json\/wp\/v2\/media\/35600"}],"wp:attachment":[{"href":"https:\/\/larevistadigital.com.ar\/blog\/wp-json\/wp\/v2\/media?parent=35599"}],"wp:term":[{"taxonomy":"category","embeddable":true,"href":"https:\/\/larevistadigital.com.ar\/blog\/wp-json\/wp\/v2\/categories?post=35599"},{"taxonomy":"post_tag","embeddable":true,"href":"https:\/\/larevistadigital.com.ar\/blog\/wp-json\/wp\/v2\/tags?post=35599"}],"curies":[{"name":"wp","href":"https:\/\/api.w.org\/{rel}","templated":true}]}}