{"id":35604,"date":"2024-03-18T20:41:06","date_gmt":"2024-03-18T23:41:06","guid":{"rendered":"https:\/\/larevistadigital.com.ar\/blog\/?p=35604"},"modified":"2024-03-18T20:41:06","modified_gmt":"2024-03-18T23:41:06","slug":"chascomus-allanan-y-detienen-a-un-chascomunense-como-participe-en-entraderas-con-una-banda-de-la-plata","status":"publish","type":"post","link":"https:\/\/larevistadigital.com.ar\/blog\/chascomus-allanan-y-detienen-a-un-chascomunense-como-participe-en-entraderas-con-una-banda-de-la-plata\/","title":{"rendered":"CHASCOM\u00daS: ALLANAN Y DETIENEN A UN CHASCOMUNENSE COMO PART\u00cdCIPE EN \u00abENTRADERAS\u00bb CON UNA BANDA DE LA PLATA."},"content":{"rendered":"<h2>Se realiz\u00f3 en colaboraci\u00f3n con la comisar\u00eda 7ma de La Plata y se logr\u00f3 detener a una persona que estar\u00eda vinculada a delitos en la capital bonaerense.<\/h2>\n<p>18 de marzo de 2024<\/p>\n<p><strong>CHASCOM\u00daS &#8211;<\/strong>\u00a0 En el programa <strong>\u00abAtaque de Radio\u00bb, que se emite por la FM AMISTAD (102.7 mhtz)<\/strong> el Sub <strong>Comisario Gerardo Ferreyra<\/strong> mantuvo una entrevista con <strong>Alejandro \u00abEl Tano\u00bb Sosa y Carlos Laserre.<\/strong><\/p>\n<p>El subcomisario manifest\u00f3 que se llev\u00f3 a cabo un allanamiento en calle Belgrano entre Mazzini y Bolivar, diligencia que se llev\u00f3 a cabo en conjunto con la comisar\u00eda 7ma. de La Plata y otras dependencias por un <strong>ROBO AGRAVADO EN POBLADO Y EN BANDA\u00a0<\/strong> por una banda que se dedicaba a robar en La Plata, con varios integrantes y uno de Chascom\u00fas que en el momento est\u00e1 detenido y que Ferreyra se encarg\u00f3 de trasladar a la capital provincial.<\/p>\n<p>La banda en cuesti\u00f3n, era buscada por delitos conocidos como \u00abentraderas\u00bb, e inclusive utilizaban uniformes policiales para delinquir, y se nos solicit\u00f3 colaboraci\u00f3n y se realizaron allanamientos conjuntos en La Plata, Chascom\u00fas y Escobar, logrando detener en total a 6 personas, incluyendo el chascomunense.<\/p>\n<blockquote>\n<h3>Aclar\u00f3 que <strong><em>\u00abSab\u00edamos desde el viernes que esto se iba a llevar a cabo, y est\u00e1bamos listos desde las 4 AM. Cuando nos avisaron se realizaron todos los allanamientos simultaneamente\u00bb.<\/em><\/strong><\/h3>\n<\/blockquote>\n<p>Luego, dijo que el fin de semana hubieron hechos delictivos donde se logr\u00f3 recuperar los elementos robados, y que se contin\u00faan tareas investigativas y de recolecci\u00f3n de pruebas para ser presentadas en fiscal\u00eda, y esperar la resoluci\u00f3n de las mismas, que pueden ser de allanamientos o detenciones.<\/p>\n<p>&nbsp;<\/p>\n<p>&nbsp;<\/p>\n","protected":false},"excerpt":{"rendered":"<div class=\"mh-excerpt\"><p>Se realiz\u00f3 en colaboraci\u00f3n con la comisar\u00eda 7ma de La Plata y se logr\u00f3 detener a una persona que estar\u00eda vinculada a delitos en la capital bonaerense. 18 de marzo de 2024 CHASCOM\u00daS &#8211;\u00a0 En <a class=\"mh-excerpt-more\" href=\"https:\/\/larevistadigital.com.ar\/blog\/chascomus-allanan-y-detienen-a-un-chascomunense-como-participe-en-entraderas-con-una-banda-de-la-plata\/\" title=\"CHASCOM\u00daS: ALLANAN Y DETIENEN A UN CHASCOMUNENSE COMO PART\u00cdCIPE EN \u00abENTRADERAS\u00bb CON UNA BANDA DE LA PLATA.\">[Leer M\u00e1s]<\/a><\/p>\n<\/div>","protected":false},"author":3,"featured_media":21648,"comment_status":"open","ping_status":"open","sticky":false,"template":"","format":"standard","meta":{"_jetpack_memberships_contains_paid_content":false,"footnotes":"","jetpack_publicize_message":"","jetpack_publicize_feature_enabled":true,"jetpack_social_post_already_shared":true,"jetpack_social_options":{"image_generator_settings":{"template":"highway","default_image_id":0,"font":"","enabled":false},"version":2}},"categories":[41,44],"tags":[],"class_list":{"0":"post-35604","1":"post","2":"type-post","3":"status-publish","4":"format-standard","5":"has-post-thumbnail","7":"category-destacadas","8":"category-policiales"},"jetpack_publicize_connections":[],"jetpack_featured_media_url":"https:\/\/i0.wp.com\/larevistadigital.com.ar\/blog\/wp-content\/uploads\/POLICIA.png?fit=1002%2C658&ssl=1","jetpack_sharing_enabled":true,"jetpack_shortlink":"https:\/\/wp.me\/p8qtrQ-9gg","jetpack-related-posts":[{"id":37234,"url":"https:\/\/larevistadigital.com.ar\/blog\/chascomus-luego-de-una-investigacion-interna-promovida-por-el-mismo-sub-comisario-ferreyra-allanan-la-comisaria-y-aprehenden-a-un-sargento-por-delitos-graves\/","url_meta":{"origin":35604,"position":0},"title":"Chascom\u00fas: Luego de una investigaci\u00f3n interna promovida por el mismo Sub Comisario Ferreyra, allanan la comisar\u00eda y aprehenden a un sargento por delitos graves","author":"Alejandro Sosa Ruda","date":"14 septiembre, 2024","format":false,"excerpt":"La polic\u00eda federal allan\u00f3 la Estaci\u00f3n de Polic\u00eda Comunal, y tras arrojar resultados positivos, aprehendi\u00f3 a un sargento que estaba siendo investigado 13 de Septiembre de 2024 CHASCOM\u00daS -\u00a0 Hace meses a la fecha se tomo conocimiento de movimientos irregulares de un efectivo policial de E.P.C. Chascomus en el sector\u2026","rel":"","context":"En \u00abDESTACADAS\u00bb","block_context":{"text":"DESTACADAS","link":"https:\/\/larevistadigital.com.ar\/blog\/category\/destacadas\/"},"img":{"alt_text":"","src":"https:\/\/i0.wp.com\/larevistadigital.com.ar\/blog\/wp-content\/uploads\/2018\/10\/COMISARIA-de-CHASCOMUS_02-05-2015.jpg?fit=800%2C600&ssl=1&resize=350%2C200","width":350,"height":200,"srcset":"https:\/\/i0.wp.com\/larevistadigital.com.ar\/blog\/wp-content\/uploads\/2018\/10\/COMISARIA-de-CHASCOMUS_02-05-2015.jpg?fit=800%2C600&ssl=1&resize=350%2C200 1x, https:\/\/i0.wp.com\/larevistadigital.com.ar\/blog\/wp-content\/uploads\/2018\/10\/COMISARIA-de-CHASCOMUS_02-05-2015.jpg?fit=800%2C600&ssl=1&resize=525%2C300 1.5x, https:\/\/i0.wp.com\/larevistadigital.com.ar\/blog\/wp-content\/uploads\/2018\/10\/COMISARIA-de-CHASCOMUS_02-05-2015.jpg?fit=800%2C600&ssl=1&resize=700%2C400 2x"},"classes":[]},{"id":9125,"url":"https:\/\/larevistadigital.com.ar\/blog\/la-plata-separan-a-comisario-acusado-de-liderar-una-banda\/","url_meta":{"origin":35604,"position":1},"title":"LA PLATA: SEPARAN A COMISARIO ACUSADO DE LIDERAR UNA BANDA","author":"Alejandro Sosa Ruda","date":"15 marzo, 2019","format":false,"excerpt":"En las \u00faltimas horas en la localidad de\u00a0Tolosa, en la ciudad de\u00a0La Plata,\u00a0un\u00a0subcomisario de la Polic\u00eda Bonaerense\u00a0fue\u00a0separado\u00a0de su\u00a0cargo,\u00a0acusado de liderar una banda delictiva y liberar la zona\u00a0para que\u00a0tres delincuentes menores de edad\u00a0cometan diferentes\u00a0robos\u00a0de autos\u00a0y\u00a0motos.\u00a0Luis Antonio N\u00fa\u00f1ez, desafectado, est\u00e1 sospechado de\u00a0organizar y dar informaci\u00f3n a la banda delictiva de menores. N\u00fa\u00f1ez\u2026","rel":"","context":"En \u00abPOLICIALES\u00bb","block_context":{"text":"POLICIALES","link":"https:\/\/larevistadigital.com.ar\/blog\/category\/policiales\/"},"img":{"alt_text":"","src":"https:\/\/i0.wp.com\/larevistadigital.com.ar\/blog\/wp-content\/uploads\/2019\/03\/1487759678454-1.jpg?fit=621%2C414&ssl=1&resize=350%2C200","width":350,"height":200,"srcset":"https:\/\/i0.wp.com\/larevistadigital.com.ar\/blog\/wp-content\/uploads\/2019\/03\/1487759678454-1.jpg?fit=621%2C414&ssl=1&resize=350%2C200 1x, https:\/\/i0.wp.com\/larevistadigital.com.ar\/blog\/wp-content\/uploads\/2019\/03\/1487759678454-1.jpg?fit=621%2C414&ssl=1&resize=525%2C300 1.5x"},"classes":[]},{"id":31735,"url":"https:\/\/larevistadigital.com.ar\/blog\/roban-en-la-plata-un-vehiculo-de-la-municipalidad-de-chascomus\/","url_meta":{"origin":35604,"position":2},"title":"ROBAN EN LA PLATA UN VEH\u00cdCULO DE LA MUNICIPALIDAD DE CHASCOM\u00daS.","author":"Alejandro Sosa Ruda","date":"24 mayo, 2023","format":false,"excerpt":"En el mismo se habr\u00eda trasladado el funcionario Ricardo Miccino. 24 de mayo de 2023 CHASCOM\u00daS -\u00a0 Robaron un veh\u00edculo perteneciente a la Municipalidad de Chascom\u00fas en la ciudad de La Plata. Se trata de una camioneta Toyota Hilux, veh\u00edculo oficial de la Municipalidad de Chascom\u00fas, utilizado por el \u00e1rea\u2026","rel":"","context":"En \u00abINTERES GENERAL\u00bb","block_context":{"text":"INTERES GENERAL","link":"https:\/\/larevistadigital.com.ar\/blog\/category\/interes-general\/"},"img":{"alt_text":"","src":"https:\/\/i0.wp.com\/larevistadigital.com.ar\/blog\/wp-content\/uploads\/Captura-de-pantalla-2023-05-24-095145.jpg?fit=724%2C411&ssl=1&resize=350%2C200","width":350,"height":200,"srcset":"https:\/\/i0.wp.com\/larevistadigital.com.ar\/blog\/wp-content\/uploads\/Captura-de-pantalla-2023-05-24-095145.jpg?fit=724%2C411&ssl=1&resize=350%2C200 1x, https:\/\/i0.wp.com\/larevistadigital.com.ar\/blog\/wp-content\/uploads\/Captura-de-pantalla-2023-05-24-095145.jpg?fit=724%2C411&ssl=1&resize=525%2C300 1.5x, https:\/\/i0.wp.com\/larevistadigital.com.ar\/blog\/wp-content\/uploads\/Captura-de-pantalla-2023-05-24-095145.jpg?fit=724%2C411&ssl=1&resize=700%2C400 2x"},"classes":[]},{"id":4147,"url":"https:\/\/larevistadigital.com.ar\/blog\/chascomus-comenzaron-circular-tres-servicios-diarios-trenes-desde-alejandro-korn\/","url_meta":{"origin":35604,"position":3},"title":"CHASCOM\u00daS: COMENZARON A CIRCULAR TRES SERVICIOS DIARIOS DE TRENES DESDE ALEJANDRO KORN","author":"Alejandro Sosa Ruda","date":"7 diciembre, 2017","format":false,"excerpt":"Durante el programa AM Show, que se emite por la FM 101,5 de Chascom\u00fas, el jefe de estaci\u00f3n Lucas Ferreyra se refiri\u00f3 a los servicios que han comenzado a circular entre la localidad de Alejandro Korn y la ciudad de Chascom\u00fas. Ferreyra coment\u00f3 que \u201cestos servicios comenzaron a circular el\u2026","rel":"","context":"En \u00abDESTACADAS\u00bb","block_context":{"text":"DESTACADAS","link":"https:\/\/larevistadigital.com.ar\/blog\/category\/destacadas\/"},"img":{"alt_text":"","src":"https:\/\/i0.wp.com\/larevistadigital.com.ar\/blog\/wp-content\/uploads\/2017\/12\/estacion-chascomusnva.jpg?fit=960%2C539&ssl=1&resize=350%2C200","width":350,"height":200,"srcset":"https:\/\/i0.wp.com\/larevistadigital.com.ar\/blog\/wp-content\/uploads\/2017\/12\/estacion-chascomusnva.jpg?fit=960%2C539&ssl=1&resize=350%2C200 1x, https:\/\/i0.wp.com\/larevistadigital.com.ar\/blog\/wp-content\/uploads\/2017\/12\/estacion-chascomusnva.jpg?fit=960%2C539&ssl=1&resize=525%2C300 1.5x, https:\/\/i0.wp.com\/larevistadigital.com.ar\/blog\/wp-content\/uploads\/2017\/12\/estacion-chascomusnva.jpg?fit=960%2C539&ssl=1&resize=700%2C400 2x"},"classes":[]},{"id":3308,"url":"https:\/\/larevistadigital.com.ar\/blog\/chascomus-detuvieron-cuatro-sujetos-por-robo-en-un-establecimiento-rural\/","url_meta":{"origin":35604,"position":4},"title":"CHASCOM\u00daS: DETUVIERON CUATRO SUJETOS POR ROBO EN UN ESTABLECIMIENTO RURAL","author":"Alejandro Sosa Ruda","date":"14 septiembre, 2017","format":false,"excerpt":"Inform\u00f3 la comisar\u00eda 1\u00b0 que, en el d\u00eda de ayer, aproximadamente a las 14:30 hs. en un establecimiento rural zona laguna La Salada partido de Lezama, cuatro NN masculinos irrumpen en una vivienda sin moradores. Advertida esta situaci\u00f3n por un vecino que da aviso del hecho y que los autores\u2026","rel":"","context":"En \u00abDESTACADAS\u00bb","block_context":{"text":"DESTACADAS","link":"https:\/\/larevistadigital.com.ar\/blog\/category\/destacadas\/"},"img":{"alt_text":"","src":"https:\/\/i0.wp.com\/larevistadigital.com.ar\/blog\/wp-content\/uploads\/2017\/09\/WhatsApp-Image-2017-09-13-at-20.16.02-e1505388961424.jpeg?fit=1032%2C581&ssl=1&resize=350%2C200","width":350,"height":200,"srcset":"https:\/\/i0.wp.com\/larevistadigital.com.ar\/blog\/wp-content\/uploads\/2017\/09\/WhatsApp-Image-2017-09-13-at-20.16.02-e1505388961424.jpeg?fit=1032%2C581&ssl=1&resize=350%2C200 1x, https:\/\/i0.wp.com\/larevistadigital.com.ar\/blog\/wp-content\/uploads\/2017\/09\/WhatsApp-Image-2017-09-13-at-20.16.02-e1505388961424.jpeg?fit=1032%2C581&ssl=1&resize=525%2C300 1.5x, https:\/\/i0.wp.com\/larevistadigital.com.ar\/blog\/wp-content\/uploads\/2017\/09\/WhatsApp-Image-2017-09-13-at-20.16.02-e1505388961424.jpeg?fit=1032%2C581&ssl=1&resize=700%2C400 2x"},"classes":[]},{"id":26197,"url":"https:\/\/larevistadigital.com.ar\/blog\/mar-del-plata-automovilista-alcoholizado-embistio-una-moto\/","url_meta":{"origin":35604,"position":5},"title":"MAR DEL PLATA: AUTOMOVILISTA ALCOHOLIZADO EMBISTI\u00d3 UNA MOTO","author":"Alejandro Sosa Ruda","date":"29 junio, 2022","format":false,"excerpt":"Ocurri\u00f3 en avenida Constituci\u00f3n y Benito Ju\u00e1rez. El conductor del auto no ten\u00eda VTV y alcohol en 1.0 MAR DEL PLATA -\u00a0 Esta madrugada, personal de Comisar\u00eda 7ma. concurri\u00f3 por llamado al 911 a Avenida Constituci\u00f3n y Benito Ju\u00e1rez, donde se hab\u00eda producido un accidente de tr\u00e1nsito. En el lugar,\u2026","rel":"","context":"En \u00abPOLICIALES\u00bb","block_context":{"text":"POLICIALES","link":"https:\/\/larevistadigital.com.ar\/blog\/category\/policiales\/"},"img":{"alt_text":"","src":"https:\/\/i0.wp.com\/larevistadigital.com.ar\/blog\/wp-content\/uploads\/policial-1-26-6-2022.jpg?fit=850%2C560&ssl=1&resize=350%2C200","width":350,"height":200,"srcset":"https:\/\/i0.wp.com\/larevistadigital.com.ar\/blog\/wp-content\/uploads\/policial-1-26-6-2022.jpg?fit=850%2C560&ssl=1&resize=350%2C200 1x, https:\/\/i0.wp.com\/larevistadigital.com.ar\/blog\/wp-content\/uploads\/policial-1-26-6-2022.jpg?fit=850%2C560&ssl=1&resize=525%2C300 1.5x, https:\/\/i0.wp.com\/larevistadigital.com.ar\/blog\/wp-content\/uploads\/policial-1-26-6-2022.jpg?fit=850%2C560&ssl=1&resize=700%2C400 2x"},"classes":[]}],"_links":{"self":[{"href":"https:\/\/larevistadigital.com.ar\/blog\/wp-json\/wp\/v2\/posts\/35604","targetHints":{"allow":["GET"]}}],"collection":[{"href":"https:\/\/larevistadigital.com.ar\/blog\/wp-json\/wp\/v2\/posts"}],"about":[{"href":"https:\/\/larevistadigital.com.ar\/blog\/wp-json\/wp\/v2\/types\/post"}],"author":[{"embeddable":true,"href":"https:\/\/larevistadigital.com.ar\/blog\/wp-json\/wp\/v2\/users\/3"}],"replies":[{"embeddable":true,"href":"https:\/\/larevistadigital.com.ar\/blog\/wp-json\/wp\/v2\/comments?post=35604"}],"version-history":[{"count":1,"href":"https:\/\/larevistadigital.com.ar\/blog\/wp-json\/wp\/v2\/posts\/35604\/revisions"}],"predecessor-version":[{"id":35605,"href":"https:\/\/larevistadigital.com.ar\/blog\/wp-json\/wp\/v2\/posts\/35604\/revisions\/35605"}],"wp:featuredmedia":[{"embeddable":true,"href":"https:\/\/larevistadigital.com.ar\/blog\/wp-json\/wp\/v2\/media\/21648"}],"wp:attachment":[{"href":"https:\/\/larevistadigital.com.ar\/blog\/wp-json\/wp\/v2\/media?parent=35604"}],"wp:term":[{"taxonomy":"category","embeddable":true,"href":"https:\/\/larevistadigital.com.ar\/blog\/wp-json\/wp\/v2\/categories?post=35604"},{"taxonomy":"post_tag","embeddable":true,"href":"https:\/\/larevistadigital.com.ar\/blog\/wp-json\/wp\/v2\/tags?post=35604"}],"curies":[{"name":"wp","href":"https:\/\/api.w.org\/{rel}","templated":true}]}}