{"id":35607,"date":"2024-03-19T00:38:36","date_gmt":"2024-03-19T03:38:36","guid":{"rendered":"https:\/\/larevistadigital.com.ar\/blog\/?p=35607"},"modified":"2024-03-19T00:38:36","modified_gmt":"2024-03-19T03:38:36","slug":"el-concejal-leandro-bordalecou-afirmo-que-ahora-esta-muy-de-moda-la-politica-por-tik-tok-o-twitter-pero-tenemos-que-legislar","status":"publish","type":"post","link":"https:\/\/larevistadigital.com.ar\/blog\/el-concejal-leandro-bordalecou-afirmo-que-ahora-esta-muy-de-moda-la-politica-por-tik-tok-o-twitter-pero-tenemos-que-legislar\/","title":{"rendered":"EL CONCEJAL LEANDRO BORDALECOU AFIRM\u00d3 QUE \u00abAHORA EST\u00c1 MUY DE MODA LA POL\u00cdTICA POR TIK TOK O TWITTER, PERO TENEMOS QUE LEGISLAR\u00bb"},"content":{"rendered":"<h2>El concejal de Unidad por Chascom\u00fas, habl\u00f3 de todo, y no escap\u00f3 a las definiciones criticando lo que calific\u00f3 como una actitud mezquina de la oposici\u00f3n.<\/h2>\n<p>18 de marzo de 2024<\/p>\n<p><strong>CHASCOM\u00daS\u00a0 &#8211;\u00a0<\/strong> \u00a0El concejal oficialista <strong>Leandro Bordalecou<\/strong>, mantuvo un di\u00e1logo con <strong>Alejandro \u00abEl Tano\u00bb Sosa <\/strong>y<strong> Carlos Lasserre<\/strong> durante el programa <strong>\u00abAtaque de Radio\u00bb<\/strong> que se emite <strong>de l\u00fanes a viernes desde las 10,30 hs. por FM AMISTAD (102.7 mhtz.)<\/strong> donde se refiri\u00f3 a lo acontecido en la \u00faltima sesi\u00f3n del Concejo Deliberante, efectuando cr\u00edticas al accionar de la oposici\u00f3n.<\/p>\n<blockquote>\n<h3>En primera instancia, <strong>Bordalecou<\/strong> se refiri\u00f3 a las necesidades del oficialismo en relaci\u00f3n a varios proyectos en los que <strong><em>\u00abla oposici\u00f3n no nos deja tratar\u00bb<\/em><\/strong>.<\/h3>\n<\/blockquote>\n<p>Hizo referencia a que <strong><em>\u00abel trabajo fuerte del concejo es el que se tratan los proyectos en las comisiones, Ahora estamos en la etapa en donde se deben elegir las distintas presidencias en las comisiones, y una vez cumplido eso se puede trabajar\u00bb.<\/em><\/strong><\/p>\n<blockquote>\n<h3>Ante una consulta de <strong>Sosa<\/strong>, el edil admiti\u00f3 que las presidencias no se han elegido, por un incumplimiento de la UCR, aunque asegur\u00f3 que <strong><em>\u00abYo soy un optimista por naturaleza, por lo que creo que esto se va a solucionar y van a terminar cumpliendo con la palabra empe\u00f1ada\u00bb. \u00abTodo esto tiene que ver con una interna dentro del radicalismo, pero es normal, tienen distintos pareceres, hay un bloque y una jefatura de bloque que deberan cumplir con lo que se vota y lo que se afirma\u00bb concluy\u00f3.<\/em><\/strong><\/h3>\n<\/blockquote>\n<p>Resalt\u00f3 la importancia de algunos temas que deber\u00edan ser tratados. En primera instancia se refiri\u00f3 a la <strong>\u00abresoluci\u00f3n de una obra de asfalto en el Barrio F\u00e1tima\u00bb<\/strong>, subrayando que es algo que vienen trabajando desde la conformaci\u00f3n anterior del Concejo, y que esto ser\u00eda garantizar el asfalto de esa zona, financi\u00e1ndo la obra con el producto de la venta de <em><strong>\u00abun0s terrenos ociosos que tiene la municipalidad\u00bb<\/strong><\/em>.<\/p>\n<blockquote>\n<h3>En segundo lugar, habl\u00f3 de el fortalecimiento del suelo urbano con servicios. <em>\u00abEs necesario que exista una herramienta jur\u00eddica para que la municipalidad, pueda hacerse de ciertas tierras, de ciertas zonas y plantear pol\u00edticas de desarrollo urbano para atacar el d\u00e9ficit habitacional\u00bb<\/em>.<\/h3>\n<\/blockquote>\n<p>Y en tercer lugar, se ocup\u00f3 de la emergencia econ\u00f3mica, diciendo que es algo que le permitir\u00eda al ejecutivo a efectos de refinanciar obras. Mencion\u00f3 adem\u00e1s la importancia del arreglo de las escalinatas.<\/p>\n<p>Dijo que en varias ocasiones trataron de que sea discutido el proyecto de emergencia econ\u00f3mica, y <strong><em>\u00abla oposici\u00f3n dijo que no es un tema urgente, planteando que la situaci\u00f3n de la municipalidad no era urgente. pero yo para prevenir una inundaci\u00f3n no tengo que esperar que el agua est\u00e9 en la puerta de casa. Si nosotros tratamos situaciones en forma preventiva, habla bien de una gesti\u00f3n que intenta prevenir. El tema es que los n\u00fameros con los que se calcularon los recursos se han triplicado. Por ejemplo los combustibles, o los gastos de medicamentos e insumos para el hospital\u00bb.\u00a0<\/em><\/strong><\/p>\n<blockquote>\n<h3><em><strong>\u00abEsta situaci\u00f3n es con lo que estamos lidiando, por eso le pedimos a la oposici\u00f3n que tenga una actitud constructiva y apoye la emergencia econ\u00f3mica, Esto es una necesidad, no para la gesti\u00f3n de Javier Gast\u00f3n, sino que ata\u00f1e a todos los chascomunenses\u00bb,\u00a0<\/strong><\/em>dispar\u00f3.<\/h3>\n<\/blockquote>\n<p>Y agreg\u00f3 <strong><em>\u00abHay algunos bloques que hablan mucho por redes y poco por el trabajo en las comisiones. Deber\u00edan presentar proyectos, plantear modificaciones, quiero escuchar una propuesta opositora&#8230; Lo unico que hay son planteos generales, le hemos pedido y no tenemos respuestas. Construir consensos es que cada uno hace su aporte y entre los dos constru\u00edmos una s\u00edntesis donde no va a ser todo lo que yo digo, ni todo lo que vos dec\u00eds\u00bb<\/em><\/strong>, sentenci\u00f3.<\/p>\n<blockquote>\n<h3 style=\"text-align: left\">Asegur\u00f3 que esto, <strong><em>\u00abNo es un capricho, durante esta gesti\u00f3n, el antecedente que existe fue cuando en el a\u00f1o 2020 se pudo renegociar para terminar la Sala de Pediatr\u00eda\u00bb.\u00a0<\/em><\/strong><\/h3>\n<\/blockquote>\n<p>Bordalecou termin\u00f3 diciendo que <em><strong>\u00abAhora est\u00e1 muy de moda la pol\u00edtica por Tik Tok, o por Twitter, pero tenemos que legislar\u00bb<\/strong><\/em>.<\/p>\n","protected":false},"excerpt":{"rendered":"<div class=\"mh-excerpt\"><p>El concejal de Unidad por Chascom\u00fas, habl\u00f3 de todo, y no escap\u00f3 a las definiciones criticando lo que calific\u00f3 como una actitud mezquina de la oposici\u00f3n. 18 de marzo de 2024 CHASCOM\u00daS\u00a0 &#8211;\u00a0 \u00a0El concejal <a class=\"mh-excerpt-more\" href=\"https:\/\/larevistadigital.com.ar\/blog\/el-concejal-leandro-bordalecou-afirmo-que-ahora-esta-muy-de-moda-la-politica-por-tik-tok-o-twitter-pero-tenemos-que-legislar\/\" title=\"EL CONCEJAL LEANDRO BORDALECOU AFIRM\u00d3 QUE \u00abAHORA EST\u00c1 MUY DE MODA LA POL\u00cdTICA POR TIK TOK O TWITTER, PERO TENEMOS QUE LEGISLAR\u00bb\">[Leer M\u00e1s]<\/a><\/p>\n<\/div>","protected":false},"author":3,"featured_media":3789,"comment_status":"open","ping_status":"open","sticky":false,"template":"","format":"standard","meta":{"_jetpack_memberships_contains_paid_content":false,"footnotes":"","jetpack_publicize_message":"","jetpack_publicize_feature_enabled":true,"jetpack_social_post_already_shared":true,"jetpack_social_options":{"image_generator_settings":{"template":"highway","default_image_id":0,"font":"","enabled":false},"version":2}},"categories":[50,23,1],"tags":[],"class_list":{"0":"post-35607","1":"post","2":"type-post","3":"status-publish","4":"format-standard","5":"has-post-thumbnail","7":"category-interes-general","8":"category-politica-local","9":"category-sin-categoria"},"jetpack_publicize_connections":[],"jetpack_featured_media_url":"https:\/\/i0.wp.com\/larevistadigital.com.ar\/blog\/wp-content\/uploads\/2017\/11\/concejo-chascomus.jpg?fit=1024%2C768&ssl=1","jetpack_sharing_enabled":true,"jetpack_shortlink":"https:\/\/wp.me\/p8qtrQ-9gj","jetpack-related-posts":[{"id":36991,"url":"https:\/\/larevistadigital.com.ar\/blog\/el-concejal-leandro-bordalecou-asumira-como-intendente-interino\/","url_meta":{"origin":35607,"position":0},"title":"EL CONCEJAL LEANDRO BORDALECOU, ASUMIR\u00c1 COMO INTENDENTE INTERINO","author":"Alejandro Sosa Ruda","date":"18 agosto, 2024","format":false,"excerpt":"El intendente Javier Gast\u00f3n har\u00e1 uso de una licencia en su cargo, desde el domingo 18 hasta el s\u00e1bado 31 de agosto inclusive. 18 de Agosto de 2024 CHASCOM\u00daS -\u00a0 Durante su ausencia, asumir\u00e1 el cargo de forma interina, el concejal Leandro Bordalecou, quien ocup\u00f3 el primer lugar en la\u2026","rel":"","context":"En \u00abCHASCOM\u00daS\u00bb","block_context":{"text":"CHASCOM\u00daS","link":"https:\/\/larevistadigital.com.ar\/blog\/category\/chascomus\/"},"img":{"alt_text":"","src":"https:\/\/i0.wp.com\/larevistadigital.com.ar\/blog\/wp-content\/uploads\/66bf8ca259d48.png?fit=668%2C445&ssl=1&resize=350%2C200","width":350,"height":200,"srcset":"https:\/\/i0.wp.com\/larevistadigital.com.ar\/blog\/wp-content\/uploads\/66bf8ca259d48.png?fit=668%2C445&ssl=1&resize=350%2C200 1x, https:\/\/i0.wp.com\/larevistadigital.com.ar\/blog\/wp-content\/uploads\/66bf8ca259d48.png?fit=668%2C445&ssl=1&resize=525%2C300 1.5x"},"classes":[]},{"id":39348,"url":"https:\/\/larevistadigital.com.ar\/blog\/leandro-bordalecou-lo-del-ed-del-turista-fue-una-operacion-politica-y-la-empresa-que-protesta-la-adjudicacion-del-edificio-del-turista-no-podia-participar\/","url_meta":{"origin":35607,"position":1},"title":"Leandro Bordalecou: \u00abLo del Ed. del Turista fue una operaci\u00f3n pol\u00edtica\u00bb y \u00abla empresa que protesta la adjudicaci\u00f3n del Edificio del Turista no pod\u00eda participar\u00bb","author":"Alejandro Sosa Ruda","date":"9 abril, 2025","format":false,"excerpt":"El concejal oficialista defendi\u00f3 el accionar del Ejecutivo, asegur\u00f3 que la firma denunciante no cumple con los requisitos legales y denunci\u00f3 una operaci\u00f3n pol\u00edtica para frenar la concesi\u00f3n. 09 de Abril de 2025 CHASCOM\u00daS -\u00a0 El concejal oficialista y presidente de Unidad por Chascom\u00fas, Leandro Bordalecou, \u200b\u200bse refiri\u00f3 a la\u2026","rel":"","context":"En \u00abCHASCOM\u00daS\u00bb","block_context":{"text":"CHASCOM\u00daS","link":"https:\/\/larevistadigital.com.ar\/blog\/category\/chascomus\/"},"img":{"alt_text":"","src":"https:\/\/i0.wp.com\/larevistadigital.com.ar\/blog\/wp-content\/uploads\/Leandro-Bordalecou-1-e1744227121158.jpg?fit=739%2C479&ssl=1&resize=350%2C200","width":350,"height":200,"srcset":"https:\/\/i0.wp.com\/larevistadigital.com.ar\/blog\/wp-content\/uploads\/Leandro-Bordalecou-1-e1744227121158.jpg?fit=739%2C479&ssl=1&resize=350%2C200 1x, https:\/\/i0.wp.com\/larevistadigital.com.ar\/blog\/wp-content\/uploads\/Leandro-Bordalecou-1-e1744227121158.jpg?fit=739%2C479&ssl=1&resize=525%2C300 1.5x, https:\/\/i0.wp.com\/larevistadigital.com.ar\/blog\/wp-content\/uploads\/Leandro-Bordalecou-1-e1744227121158.jpg?fit=739%2C479&ssl=1&resize=700%2C400 2x"},"classes":[]},{"id":38584,"url":"https:\/\/larevistadigital.com.ar\/blog\/leandro-bordalecou-hay-concejales-que-se-nutren-de-pasto-mojado-porque-solo-generan-humo\/","url_meta":{"origin":35607,"position":2},"title":"Leandro Bordalecou: \u00abHay concejales que se nutren de pasto mojado, porque solo generan humo\u00bb&#8230;","author":"Alejandro Sosa Ruda","date":"1 febrero, 2025","format":false,"excerpt":"Una entrevista picante, donde el edil oficialista, fiel a su estilo, no se call\u00f3 absolutamente nada. 01 de Febrero de 2025 CHASCOM\u00daS -\u00a0 El concejal de Unidad por Chascom\u00fas, Leandro Bordalecou, dialog\u00f3 con\u00a0 Alejandro \u201cEl Tano\u201d Sosa hablando de pol\u00edtica local, y lo que viene para este a\u00f1o electoral. Esto\u2026","rel":"","context":"En \u00abATAQUE DE RADIO\u00bb","block_context":{"text":"ATAQUE DE RADIO","link":"https:\/\/larevistadigital.com.ar\/blog\/category\/ataque-de-radio\/"},"img":{"alt_text":"","src":"https:\/\/i0.wp.com\/larevistadigital.com.ar\/blog\/wp-content\/uploads\/Captura-de-pantalla-2025-02-01-110205.jpg?fit=1154%2C524&ssl=1&resize=350%2C200","width":350,"height":200,"srcset":"https:\/\/i0.wp.com\/larevistadigital.com.ar\/blog\/wp-content\/uploads\/Captura-de-pantalla-2025-02-01-110205.jpg?fit=1154%2C524&ssl=1&resize=350%2C200 1x, https:\/\/i0.wp.com\/larevistadigital.com.ar\/blog\/wp-content\/uploads\/Captura-de-pantalla-2025-02-01-110205.jpg?fit=1154%2C524&ssl=1&resize=525%2C300 1.5x, https:\/\/i0.wp.com\/larevistadigital.com.ar\/blog\/wp-content\/uploads\/Captura-de-pantalla-2025-02-01-110205.jpg?fit=1154%2C524&ssl=1&resize=700%2C400 2x, https:\/\/i0.wp.com\/larevistadigital.com.ar\/blog\/wp-content\/uploads\/Captura-de-pantalla-2025-02-01-110205.jpg?fit=1154%2C524&ssl=1&resize=1050%2C600 3x"},"classes":[]},{"id":37802,"url":"https:\/\/larevistadigital.com.ar\/blog\/bordalecou-sobre-la-oferta-por-el-edificio-del-turista-tiene-su-lado-atractivo-pero-hay-partes-que-no-cierran-al-conjunto-de-concejales\/","url_meta":{"origin":35607,"position":3},"title":"Bordalecou sobre la oferta por el edificio del turista: \u00abtiene su lado atractivo, pero hay partes que no cierran al conjunto de concejales\u00bb","author":"Alejandro Sosa Ruda","date":"9 noviembre, 2024","format":false,"excerpt":"El concejal se mostr\u00f3 optimista respecto de la posibilidad de concordar y preparar una propuesta de la totalidad de los bloques del Concejo. 8 de Noviembre de 2024 CHASCOM\u00daS -\u00a0 El concejal de Unidad por Chascom\u00fas, Leandro Bordalecou, mantuvo una entrevista con Alejandro \"El Tano\" Sosa, durante el programa \"Ataque\u2026","rel":"","context":"En \u00abATAQUE DE RADIO\u00bb","block_context":{"text":"ATAQUE DE RADIO","link":"https:\/\/larevistadigital.com.ar\/blog\/category\/ataque-de-radio\/"},"img":{"alt_text":"","src":"https:\/\/i0.wp.com\/larevistadigital.com.ar\/blog\/wp-content\/uploads\/2-3.png?fit=937%2C530&ssl=1&resize=350%2C200","width":350,"height":200,"srcset":"https:\/\/i0.wp.com\/larevistadigital.com.ar\/blog\/wp-content\/uploads\/2-3.png?fit=937%2C530&ssl=1&resize=350%2C200 1x, https:\/\/i0.wp.com\/larevistadigital.com.ar\/blog\/wp-content\/uploads\/2-3.png?fit=937%2C530&ssl=1&resize=525%2C300 1.5x, https:\/\/i0.wp.com\/larevistadigital.com.ar\/blog\/wp-content\/uploads\/2-3.png?fit=937%2C530&ssl=1&resize=700%2C400 2x"},"classes":[]},{"id":37048,"url":"https:\/\/larevistadigital.com.ar\/blog\/el-intendente-interino-leandro-bordalecou-participo-de-la-3-feria-de-carreras-universitarias\/","url_meta":{"origin":35607,"position":4},"title":"EL INTENDENTE INTERINO LEANDRO BORDALECOU, PARTICIP\u00d3 DE LA 3\u00b0 FERIA DE CARRERAS UNIVERSITARIAS","author":"Alejandro Sosa Ruda","date":"23 agosto, 2024","format":false,"excerpt":"En esta oportunidad, la modalidad utilizada fue virtual, donde cada universidad puedo exponer la oferta educativa. 23 de Agosto de 2024 CHASCOM\u00daS -\u00a0 El intendente interino Leandro Bordalecou junto al subsecretario de Infancias y Juventudes, Lucio Alfons\u00edn, acompa\u00f1aron a los alumnos de los \u00faltimos a\u00f1os de los establecimientos educativos de\u2026","rel":"","context":"En \u00abINTERES GENERAL\u00bb","block_context":{"text":"INTERES GENERAL","link":"https:\/\/larevistadigital.com.ar\/blog\/category\/interes-general\/"},"img":{"alt_text":"","src":"https:\/\/i0.wp.com\/larevistadigital.com.ar\/blog\/wp-content\/uploads\/66c8c181e3aa7.png?fit=668%2C445&ssl=1&resize=350%2C200","width":350,"height":200,"srcset":"https:\/\/i0.wp.com\/larevistadigital.com.ar\/blog\/wp-content\/uploads\/66c8c181e3aa7.png?fit=668%2C445&ssl=1&resize=350%2C200 1x, https:\/\/i0.wp.com\/larevistadigital.com.ar\/blog\/wp-content\/uploads\/66c8c181e3aa7.png?fit=668%2C445&ssl=1&resize=525%2C300 1.5x"},"classes":[]},{"id":42320,"url":"https:\/\/larevistadigital.com.ar\/blog\/chascomus-el-intendente-interino-leandro-bordalecou-acompano-la-inauguracion-del-mural-que-recuerda-a-diego-maradona\/","url_meta":{"origin":35607,"position":5},"title":"Chascom\u00fas: El intendente interino, Leandro Bordalecou acompa\u00f1\u00f3 la inauguraci\u00f3n del mural que recuerda a Diego Maradona","author":"Alejandro Sosa Ruda","date":"1 noviembre, 2025","format":false,"excerpt":"Se eligi\u00f3 el 30 de octubre, en el d\u00eda del cumplea\u00f1os de \u201cEl 10\u201d, astro deportivo que le dio muchas alegr\u00edas a los argentinos en la selecci\u00f3n El Intendente Interino, Leandro Bordalecou, acompa\u00f1ado por el secretario de Recursos Humanos y Modernizaci\u00f3n, Jos\u00e9 Yezza, el subsecretario de Deportes, Pablo Francese, y\u2026","rel":"","context":"En \u00abCHASCOM\u00daS\u00bb","block_context":{"text":"CHASCOM\u00daS","link":"https:\/\/larevistadigital.com.ar\/blog\/category\/chascomus\/"},"img":{"alt_text":"","src":"https:\/\/i0.wp.com\/larevistadigital.com.ar\/blog\/wp-content\/uploads\/6904f0e519231.png?fit=668%2C445&ssl=1&resize=350%2C200","width":350,"height":200,"srcset":"https:\/\/i0.wp.com\/larevistadigital.com.ar\/blog\/wp-content\/uploads\/6904f0e519231.png?fit=668%2C445&ssl=1&resize=350%2C200 1x, https:\/\/i0.wp.com\/larevistadigital.com.ar\/blog\/wp-content\/uploads\/6904f0e519231.png?fit=668%2C445&ssl=1&resize=525%2C300 1.5x"},"classes":[]}],"_links":{"self":[{"href":"https:\/\/larevistadigital.com.ar\/blog\/wp-json\/wp\/v2\/posts\/35607","targetHints":{"allow":["GET"]}}],"collection":[{"href":"https:\/\/larevistadigital.com.ar\/blog\/wp-json\/wp\/v2\/posts"}],"about":[{"href":"https:\/\/larevistadigital.com.ar\/blog\/wp-json\/wp\/v2\/types\/post"}],"author":[{"embeddable":true,"href":"https:\/\/larevistadigital.com.ar\/blog\/wp-json\/wp\/v2\/users\/3"}],"replies":[{"embeddable":true,"href":"https:\/\/larevistadigital.com.ar\/blog\/wp-json\/wp\/v2\/comments?post=35607"}],"version-history":[{"count":1,"href":"https:\/\/larevistadigital.com.ar\/blog\/wp-json\/wp\/v2\/posts\/35607\/revisions"}],"predecessor-version":[{"id":35609,"href":"https:\/\/larevistadigital.com.ar\/blog\/wp-json\/wp\/v2\/posts\/35607\/revisions\/35609"}],"wp:featuredmedia":[{"embeddable":true,"href":"https:\/\/larevistadigital.com.ar\/blog\/wp-json\/wp\/v2\/media\/3789"}],"wp:attachment":[{"href":"https:\/\/larevistadigital.com.ar\/blog\/wp-json\/wp\/v2\/media?parent=35607"}],"wp:term":[{"taxonomy":"category","embeddable":true,"href":"https:\/\/larevistadigital.com.ar\/blog\/wp-json\/wp\/v2\/categories?post=35607"},{"taxonomy":"post_tag","embeddable":true,"href":"https:\/\/larevistadigital.com.ar\/blog\/wp-json\/wp\/v2\/tags?post=35607"}],"curies":[{"name":"wp","href":"https:\/\/api.w.org\/{rel}","templated":true}]}}