{"id":35610,"date":"2024-03-19T01:10:35","date_gmt":"2024-03-19T04:10:35","guid":{"rendered":"https:\/\/larevistadigital.com.ar\/blog\/?p=35610"},"modified":"2024-03-19T01:10:35","modified_gmt":"2024-03-19T04:10:35","slug":"beatriz-de-leon-denuncio-un-robo-en-uno-de-los-locales-del-partido-libres-del-sur","status":"publish","type":"post","link":"https:\/\/larevistadigital.com.ar\/blog\/beatriz-de-leon-denuncio-un-robo-en-uno-de-los-locales-del-partido-libres-del-sur\/","title":{"rendered":"BEATRIZ DE LE\u00d3N DENUNCI\u00d3 UN ROBO EN UNO DE LOS LOCALES DEL PARTIDO \u00abLIBRES DEL SUR\u00bb"},"content":{"rendered":"<h2>La dirigente pol\u00edtica se mostr\u00f3 consternada por un robo sufrido en la panificadora partidaria en la que trabajan varias personas.<\/h2>\n<p>18 de marzo de 2024<\/p>\n<p><strong>CHASCOM\u00daS &#8211;\u00a0<\/strong>\u00a0 La dirigente social y referente del Partido Libres del Sur en Chascom\u00fas, <strong>Mar\u00eda Beatriz De Le\u00f3n<\/strong>, fue entrevistada por <strong>Alejandro \u00abEl Tano\u00bb Sosa<\/strong> y <strong>Carlos Lasserre<\/strong> durante el programa <strong>\u00abAtaque de Radio\u00bb<\/strong>, que se emite por la <strong>FM AMISTAD (102.7 Mhtz)<\/strong> en relaci\u00f3n a una publicaci\u00f3n en su perfil de Facebook donde informa que un local del espacio que lidera, fue robado durante la madrugada del s\u00e1sbado.<\/p>\n<blockquote>\n<h3><strong>De Le\u00f3n<\/strong>, coment\u00f3 que est\u00e1ba muy apenada, por el robo sufrido, en donde se llevaron maquinaria que se utiliza para elaborar productos y mercader\u00eda que estaba lista.<\/h3>\n<\/blockquote>\n<p>Agreg\u00f3 que la m\u00e1quina en cuesti\u00f3n los complica porque no pueden seguir trabajando ni cumplir con la producci\u00f3n comprometida. Adem\u00e1s, el espacio no posee los medios para poder comprar una nueva m\u00e1quina.<\/p>\n<blockquote>\n<h3>Tambi\u00e9n robaron otros elementos como una pava el\u00e9ctrica y mucha mercader\u00eda que es para quienes lo necesitan y algunas cosas que se venden para subsistir.<\/h3>\n<\/blockquote>\n<p>Cont\u00f3 lo mucho que cost\u00f3 armar esa \u00abUnidad de Producci\u00f3n\u00bb algo que demanda much\u00edsimo trabajo y gestiones en el Ministerio lo que no hace f\u00e1cil conseguirlo.<\/p>\n<blockquote>\n<h3>Dijo que sospechan de alguien, y que desean que la persona que cometi\u00f3 el il\u00edcito, recapacite, y devuelva la m\u00e1quina para trabajar, porque como est\u00e1 hecha la denuncia, va a terminar mal.<\/h3>\n<\/blockquote>\n<p>Mencion\u00f3 que estar\u00eda muy bueno que quien fue responsable se arrepintiera, y reintegrara las m\u00e1quinas, ya que seguramente la mercader\u00eda se vendi\u00f3 en alguna feria de afuera.<strong><em> \u00abAc\u00e1 no me da\u00f1an a m\u00ed, da\u00f1an a todos los compa\u00f1eros\u00bb.<\/em><\/strong><\/p>\n<p>&nbsp;<\/p>\n","protected":false},"excerpt":{"rendered":"<div class=\"mh-excerpt\"><p>La dirigente pol\u00edtica se mostr\u00f3 consternada por un robo sufrido en la panificadora partidaria en la que trabajan varias personas. 18 de marzo de 2024 CHASCOM\u00daS &#8211;\u00a0\u00a0 La dirigente social y referente del Partido Libres <a class=\"mh-excerpt-more\" href=\"https:\/\/larevistadigital.com.ar\/blog\/beatriz-de-leon-denuncio-un-robo-en-uno-de-los-locales-del-partido-libres-del-sur\/\" title=\"BEATRIZ DE LE\u00d3N DENUNCI\u00d3 UN ROBO EN UNO DE LOS LOCALES DEL PARTIDO \u00abLIBRES DEL SUR\u00bb\">[Leer M\u00e1s]<\/a><\/p>\n<\/div>","protected":false},"author":3,"featured_media":35611,"comment_status":"open","ping_status":"open","sticky":false,"template":"","format":"standard","meta":{"_jetpack_memberships_contains_paid_content":false,"footnotes":"","jetpack_publicize_message":"","jetpack_publicize_feature_enabled":true,"jetpack_social_post_already_shared":true,"jetpack_social_options":{"image_generator_settings":{"template":"highway","default_image_id":0,"font":"","enabled":false},"version":2}},"categories":[6,44],"tags":[],"class_list":{"0":"post-35610","1":"post","2":"type-post","3":"status-publish","4":"format-standard","5":"has-post-thumbnail","7":"category-chascomus","8":"category-policiales"},"jetpack_publicize_connections":[],"jetpack_featured_media_url":"https:\/\/i0.wp.com\/larevistadigital.com.ar\/blog\/wp-content\/uploads\/432584987_404342205574654_960452654344875368_n-e1710821412323.jpg?fit=843%2C588&ssl=1","jetpack_sharing_enabled":true,"jetpack_shortlink":"https:\/\/wp.me\/p8qtrQ-9gm","jetpack-related-posts":[{"id":32244,"url":"https:\/\/larevistadigital.com.ar\/blog\/chascomus-las-listas-y-candidatos-para-agosto-hoy-beatriz-de-leon-del-partido-libres-del-sur\/","url_meta":{"origin":35610,"position":0},"title":"CHASCOM\u00daS: LAS LISTAS Y CANDIDATOS PARA AGOSTO. HOY BEATRIZ DE LE\u00d3N DEL PARTIDO LIBRES DEL SUR.","author":"Alejandro Sosa Ruda","date":"3 julio, 2023","format":false,"excerpt":"Presentando las listas para la elecci\u00f3n de agosto, La Revista Digital comienza hoy con el Partido Libres del Sur que lleva como candidata a Intendente a Mar\u00eda Beatriz de Le\u00f3n. 3 de julio de 2023 CHASCOM\u00daS -\u00a0 En el marco del armado de listas para las elecciones, la candidata a\u2026","rel":"","context":"En \u00abINTERES GENERAL\u00bb","block_context":{"text":"INTERES GENERAL","link":"https:\/\/larevistadigital.com.ar\/blog\/category\/interes-general\/"},"img":{"alt_text":"","src":"https:\/\/i0.wp.com\/larevistadigital.com.ar\/blog\/wp-content\/uploads\/WhatsApp-Image-2023-07-03-at-16.18.04.jpeg?fit=1200%2C734&ssl=1&resize=350%2C200","width":350,"height":200,"srcset":"https:\/\/i0.wp.com\/larevistadigital.com.ar\/blog\/wp-content\/uploads\/WhatsApp-Image-2023-07-03-at-16.18.04.jpeg?fit=1200%2C734&ssl=1&resize=350%2C200 1x, https:\/\/i0.wp.com\/larevistadigital.com.ar\/blog\/wp-content\/uploads\/WhatsApp-Image-2023-07-03-at-16.18.04.jpeg?fit=1200%2C734&ssl=1&resize=525%2C300 1.5x, https:\/\/i0.wp.com\/larevistadigital.com.ar\/blog\/wp-content\/uploads\/WhatsApp-Image-2023-07-03-at-16.18.04.jpeg?fit=1200%2C734&ssl=1&resize=700%2C400 2x, https:\/\/i0.wp.com\/larevistadigital.com.ar\/blog\/wp-content\/uploads\/WhatsApp-Image-2023-07-03-at-16.18.04.jpeg?fit=1200%2C734&ssl=1&resize=1050%2C600 3x"},"classes":[]},{"id":30241,"url":"https:\/\/larevistadigital.com.ar\/blog\/chascomus-beatriz-de-leon-encabeza-la-lista-unica-para-las-internas-del-partido-libres-del-sur\/","url_meta":{"origin":35610,"position":1},"title":"CHASCOM\u00daS: BEATRIZ DE LE\u00d3N ENCABEZA LA LISTA \u00daNICA PARA LAS INTERNAS DEL PARTIDO LIBRES DEL SUR","author":"Alejandro Sosa Ruda","date":"25 febrero, 2023","format":false,"excerpt":"Se realizaran el pr\u00f3ximo 11 de marzo, en toda la provincia de Buenos Aires. 25 de febrero de 2023 CHASCOM\u00daS -\u00a0 En el marco de la elecci\u00f3n interna que realizar\u00e1 el Movimiento Libres del Sur, en toda la provincia de Buenos Aires el pr\u00f3ximo 11 de marzo; en nuestra ciudad,\u2026","rel":"","context":"En \u00abCHASCOM\u00daS\u00bb","block_context":{"text":"CHASCOM\u00daS","link":"https:\/\/larevistadigital.com.ar\/blog\/category\/chascomus\/"},"img":{"alt_text":"","src":"https:\/\/i0.wp.com\/larevistadigital.com.ar\/blog\/wp-content\/uploads\/333162920_1258483558431162_7998417187376837282_n.jpg?fit=843%2C843&ssl=1&resize=350%2C200","width":350,"height":200,"srcset":"https:\/\/i0.wp.com\/larevistadigital.com.ar\/blog\/wp-content\/uploads\/333162920_1258483558431162_7998417187376837282_n.jpg?fit=843%2C843&ssl=1&resize=350%2C200 1x, https:\/\/i0.wp.com\/larevistadigital.com.ar\/blog\/wp-content\/uploads\/333162920_1258483558431162_7998417187376837282_n.jpg?fit=843%2C843&ssl=1&resize=525%2C300 1.5x, https:\/\/i0.wp.com\/larevistadigital.com.ar\/blog\/wp-content\/uploads\/333162920_1258483558431162_7998417187376837282_n.jpg?fit=843%2C843&ssl=1&resize=700%2C400 2x"},"classes":[]},{"id":32493,"url":"https:\/\/larevistadigital.com.ar\/blog\/chascomus-partido-libres-del-sur-beatriz-de-leon-lanza-su-candidatura-con-la-presencia-y-apoyo-de-la-candidata-a-gobernadora-silvia-saravia\/","url_meta":{"origin":35610,"position":2},"title":"CHASCOM\u00daS, PARTIDO LIBRES DEL SUR: BEATRIZ DE LE\u00d3N LANZA SU CANDIDATURA CON LA PRESENCIA Y APOYO DE LA CANDIDATA A GOBERNADORA, SILVIA SARAVIA","author":"Alejandro Sosa Ruda","date":"19 julio, 2023","format":false,"excerpt":"La referente del Partido Libres del sur, Mar\u00eda Beatriz de Le\u00f3n logr\u00f3 un muy interesante apoyo de la candidata a gobernadora, Silvia Saravia, que visitar\u00e1 Chascom\u00fas y estar\u00e1 en la presentaci\u00f3n de la lista local. 19 de julio de 2023 CHASCOM\u00daS -\u00a0 Mar\u00eda Beatriz De Le\u00f3n presentar\u00e1 la lista que\u2026","rel":"","context":"En \u00abPOLITICA LOCAL\u00bb","block_context":{"text":"POLITICA LOCAL","link":"https:\/\/larevistadigital.com.ar\/blog\/category\/politica\/politica-local\/"},"img":{"alt_text":"","src":"https:\/\/i0.wp.com\/larevistadigital.com.ar\/blog\/wp-content\/uploads\/WhatsApp-Image-2023-07-03-at-16.33.12.jpeg?fit=1200%2C905&ssl=1&resize=350%2C200","width":350,"height":200,"srcset":"https:\/\/i0.wp.com\/larevistadigital.com.ar\/blog\/wp-content\/uploads\/WhatsApp-Image-2023-07-03-at-16.33.12.jpeg?fit=1200%2C905&ssl=1&resize=350%2C200 1x, https:\/\/i0.wp.com\/larevistadigital.com.ar\/blog\/wp-content\/uploads\/WhatsApp-Image-2023-07-03-at-16.33.12.jpeg?fit=1200%2C905&ssl=1&resize=525%2C300 1.5x, https:\/\/i0.wp.com\/larevistadigital.com.ar\/blog\/wp-content\/uploads\/WhatsApp-Image-2023-07-03-at-16.33.12.jpeg?fit=1200%2C905&ssl=1&resize=700%2C400 2x, https:\/\/i0.wp.com\/larevistadigital.com.ar\/blog\/wp-content\/uploads\/WhatsApp-Image-2023-07-03-at-16.33.12.jpeg?fit=1200%2C905&ssl=1&resize=1050%2C600 3x"},"classes":[]},{"id":32500,"url":"https:\/\/larevistadigital.com.ar\/blog\/chascomus-el-partido-libres-del-sur-beatriz-de-leon-lanza-su-candidatura-con-la-presencia-y-apoyo-de-la-candidata-a-gobernadora-silvia-saravia\/","url_meta":{"origin":35610,"position":3},"title":"CHASCOM\u00daS, EL PARTIDO LIBRES DEL SUR: BEATRIZ DE LE\u00d3N LANZA SU CANDIDATURA CON LA PRESENCIA Y APOYO DE LA CANDIDATA A GOBERNADORA, SILVIA SARAVIA","author":"Alejandro Sosa Ruda","date":"20 julio, 2023","format":false,"excerpt":"La referente del Partido Libres del sur, Mar\u00eda Beatriz de Le\u00f3n logr\u00f3 un muy interesante apoyo de la candidata a gobernadora, Silvia Saravia, que visitar\u00e1 Chascom\u00fas y estar\u00e1 en la presentaci\u00f3n de la lista local. 20 de julio de 2023 CHASCOM\u00daS -\u00a0 Mar\u00eda Beatriz De Le\u00f3n presentar\u00e1 la lista que\u2026","rel":"","context":"En \u00abPOLITICA LOCAL\u00bb","block_context":{"text":"POLITICA LOCAL","link":"https:\/\/larevistadigital.com.ar\/blog\/category\/politica\/politica-local\/"},"img":{"alt_text":"","src":"https:\/\/i0.wp.com\/larevistadigital.com.ar\/blog\/wp-content\/uploads\/LIBRES-DEL-SUR.jpg?fit=1200%2C900&ssl=1&resize=350%2C200","width":350,"height":200,"srcset":"https:\/\/i0.wp.com\/larevistadigital.com.ar\/blog\/wp-content\/uploads\/LIBRES-DEL-SUR.jpg?fit=1200%2C900&ssl=1&resize=350%2C200 1x, https:\/\/i0.wp.com\/larevistadigital.com.ar\/blog\/wp-content\/uploads\/LIBRES-DEL-SUR.jpg?fit=1200%2C900&ssl=1&resize=525%2C300 1.5x, https:\/\/i0.wp.com\/larevistadigital.com.ar\/blog\/wp-content\/uploads\/LIBRES-DEL-SUR.jpg?fit=1200%2C900&ssl=1&resize=700%2C400 2x, https:\/\/i0.wp.com\/larevistadigital.com.ar\/blog\/wp-content\/uploads\/LIBRES-DEL-SUR.jpg?fit=1200%2C900&ssl=1&resize=1050%2C600 3x"},"classes":[]},{"id":26929,"url":"https:\/\/larevistadigital.com.ar\/blog\/el-partido-libres-del-sur-prepara-el-lanzamiento-de-su-candidato-presidencial\/","url_meta":{"origin":35610,"position":4},"title":"EL PARTIDO LIBRES DEL SUR PREPARA EL LANZAMIENTO DE SU CANDIDATO PRESIDENCIAL","author":"Alejandro Sosa Ruda","date":"2 agosto, 2022","format":false,"excerpt":"CHASCOM\u00daS -\u00a0 D\u00edas atr\u00e1s, m\u00e1s precisamente el viernes 29\/7 se hizo presente en Chascom\u00fas el dirigente del Partido Libres del Sur, Jorge \"el Huevo\" Ceballos, quien est\u00e1 realizando una recorrida por distintos distritos, entrevist\u00e1ndose con dirigentes y referentes partidarios en el marco de lo que ser\u00e1 pr\u00f3ximamente el lanzamiento de\u2026","rel":"","context":"En \u00abCHASCOM\u00daS\u00bb","block_context":{"text":"CHASCOM\u00daS","link":"https:\/\/larevistadigital.com.ar\/blog\/category\/chascomus\/"},"img":{"alt_text":"","src":"https:\/\/i0.wp.com\/larevistadigital.com.ar\/blog\/wp-content\/uploads\/WhatsApp-Image-2022-08-01-at-9.13.12-PM.jpeg?fit=1200%2C900&ssl=1&resize=350%2C200","width":350,"height":200,"srcset":"https:\/\/i0.wp.com\/larevistadigital.com.ar\/blog\/wp-content\/uploads\/WhatsApp-Image-2022-08-01-at-9.13.12-PM.jpeg?fit=1200%2C900&ssl=1&resize=350%2C200 1x, https:\/\/i0.wp.com\/larevistadigital.com.ar\/blog\/wp-content\/uploads\/WhatsApp-Image-2022-08-01-at-9.13.12-PM.jpeg?fit=1200%2C900&ssl=1&resize=525%2C300 1.5x, https:\/\/i0.wp.com\/larevistadigital.com.ar\/blog\/wp-content\/uploads\/WhatsApp-Image-2022-08-01-at-9.13.12-PM.jpeg?fit=1200%2C900&ssl=1&resize=700%2C400 2x, https:\/\/i0.wp.com\/larevistadigital.com.ar\/blog\/wp-content\/uploads\/WhatsApp-Image-2022-08-01-at-9.13.12-PM.jpeg?fit=1200%2C900&ssl=1&resize=1050%2C600 3x"},"classes":[]},{"id":26831,"url":"https:\/\/larevistadigital.com.ar\/blog\/los-datos-de-chascomus-del-relevamiento-del-humor-social-realizado-por-el-partido-libres-del-sur\/","url_meta":{"origin":35610,"position":5},"title":"LOS DATOS DE CHASCOM\u00daS, DEL RELEVAMIENTO DEL \u00abHUMOR SOCIAL\u00bb REALIZADO POR EL PARTIDO LIBRES DEL SUR","author":"Alejandro Sosa Ruda","date":"27 julio, 2022","format":false,"excerpt":"CHASCOM\u00daS -\u00a0 D\u00edas atr\u00e1s, publicamos que desde el partido Libres del Sur realiz\u00f3 una medici\u00f3n del \"Humor Social\" respecto de lo que la sociedad siente en relaci\u00f3n a la actualidad econ\u00f3mica. En Chascom\u00fas, el trabajo se hizo\u00a0de la mano de la regente del partido,\u00a0Beatriz De Le\u00f3n\u00a0y de los referentes de\u2026","rel":"","context":"En \u00abINTERES GENERAL\u00bb","block_context":{"text":"INTERES GENERAL","link":"https:\/\/larevistadigital.com.ar\/blog\/category\/interes-general\/"},"img":{"alt_text":"","src":"https:\/\/i0.wp.com\/larevistadigital.com.ar\/blog\/wp-content\/uploads\/WhatsApp-Image-2022-07-22-at-12.06.28-PM.jpeg?fit=1200%2C540&ssl=1&resize=350%2C200","width":350,"height":200,"srcset":"https:\/\/i0.wp.com\/larevistadigital.com.ar\/blog\/wp-content\/uploads\/WhatsApp-Image-2022-07-22-at-12.06.28-PM.jpeg?fit=1200%2C540&ssl=1&resize=350%2C200 1x, https:\/\/i0.wp.com\/larevistadigital.com.ar\/blog\/wp-content\/uploads\/WhatsApp-Image-2022-07-22-at-12.06.28-PM.jpeg?fit=1200%2C540&ssl=1&resize=525%2C300 1.5x, https:\/\/i0.wp.com\/larevistadigital.com.ar\/blog\/wp-content\/uploads\/WhatsApp-Image-2022-07-22-at-12.06.28-PM.jpeg?fit=1200%2C540&ssl=1&resize=700%2C400 2x, https:\/\/i0.wp.com\/larevistadigital.com.ar\/blog\/wp-content\/uploads\/WhatsApp-Image-2022-07-22-at-12.06.28-PM.jpeg?fit=1200%2C540&ssl=1&resize=1050%2C600 3x"},"classes":[]}],"_links":{"self":[{"href":"https:\/\/larevistadigital.com.ar\/blog\/wp-json\/wp\/v2\/posts\/35610","targetHints":{"allow":["GET"]}}],"collection":[{"href":"https:\/\/larevistadigital.com.ar\/blog\/wp-json\/wp\/v2\/posts"}],"about":[{"href":"https:\/\/larevistadigital.com.ar\/blog\/wp-json\/wp\/v2\/types\/post"}],"author":[{"embeddable":true,"href":"https:\/\/larevistadigital.com.ar\/blog\/wp-json\/wp\/v2\/users\/3"}],"replies":[{"embeddable":true,"href":"https:\/\/larevistadigital.com.ar\/blog\/wp-json\/wp\/v2\/comments?post=35610"}],"version-history":[{"count":1,"href":"https:\/\/larevistadigital.com.ar\/blog\/wp-json\/wp\/v2\/posts\/35610\/revisions"}],"predecessor-version":[{"id":35612,"href":"https:\/\/larevistadigital.com.ar\/blog\/wp-json\/wp\/v2\/posts\/35610\/revisions\/35612"}],"wp:featuredmedia":[{"embeddable":true,"href":"https:\/\/larevistadigital.com.ar\/blog\/wp-json\/wp\/v2\/media\/35611"}],"wp:attachment":[{"href":"https:\/\/larevistadigital.com.ar\/blog\/wp-json\/wp\/v2\/media?parent=35610"}],"wp:term":[{"taxonomy":"category","embeddable":true,"href":"https:\/\/larevistadigital.com.ar\/blog\/wp-json\/wp\/v2\/categories?post=35610"},{"taxonomy":"post_tag","embeddable":true,"href":"https:\/\/larevistadigital.com.ar\/blog\/wp-json\/wp\/v2\/tags?post=35610"}],"curies":[{"name":"wp","href":"https:\/\/api.w.org\/{rel}","templated":true}]}}