{"id":35614,"date":"2024-03-19T09:08:15","date_gmt":"2024-03-19T12:08:15","guid":{"rendered":"https:\/\/larevistadigital.com.ar\/blog\/?p=35614"},"modified":"2024-03-19T09:08:15","modified_gmt":"2024-03-19T12:08:15","slug":"incremento-para-las-jubilaciones-y-pensiones-minimas-de-la-provincia-de-buenos-aires","status":"publish","type":"post","link":"https:\/\/larevistadigital.com.ar\/blog\/incremento-para-las-jubilaciones-y-pensiones-minimas-de-la-provincia-de-buenos-aires\/","title":{"rendered":"INCREMENTO PARA LAS JUBILACIONES Y PENSIONES M\u00cdNIMAS DE LA PROVINCIA DE BUENOS AIRES"},"content":{"rendered":"<p dir=\"ltr\">19 de marzo de 2024<\/p>\n<p dir=\"ltr\"><strong>LA PLATA &#8211;\u00a0<\/strong> En conferencia de prensa, el gobernador <strong>Axel Kicillof<\/strong> acompa\u00f1ado por la presidenta del Instituto de Previsi\u00f3n Social de la provincia de Buenos Aires, <strong>Marina Moretti<\/strong> anunciaron diferentes medidas a favor de las y los bonaerenses. Entre ellas, un incremento a las jubilaciones y pensiones m\u00ednimas.<\/p>\n<blockquote>\n<h3 dir=\"ltr\">El aumento en cuesti\u00f3n ser\u00e1 del 46,6% para quienes reciban haberes m\u00ednimos a trav\u00e9s del Instituto de Previsi\u00f3n Social (IPS). El incremento se concretar\u00e1 con el calendario de pagos de marzo y alcanzar\u00e1 tambi\u00e9n a los beneficiarios de pensiones del r\u00e9gimen general y sociales no contributivas.<\/h3>\n<\/blockquote>\n<p dir=\"ltr\">El incremento favorecer\u00e1 a las 14.058 personas de la provincia que representan el 4,1% del total de beneficios que abona mensualmente el IPS.<\/p>\n<blockquote>\n<h3 dir=\"ltr\">Por otra parte, las pensiones no contributivas que reciben ni\u00f1os, ni\u00f1as y juventudes menores de 21 a\u00f1os y las del r\u00e9gimen general, tambi\u00e9n se incrementar\u00e1n un 46,6%. Este aumento favorecer\u00e1 a un total de 25.680 bonaerenses.<\/h3>\n<\/blockquote>\n<p dir=\"ltr\">De esta manera, las personas jubiladas y pensionadas de la provincia con haberes m\u00ednimos ver\u00e1n reflejado el aumento dispuesto por el gobierno con el cobro del pr\u00f3ximo calendario de pagos. Cabe aclarar que\u00a0en ning\u00fan caso ser\u00e1 necesario realizar tr\u00e1mites para percibir el incremento.<\/p>\n<h3 dir=\"ltr\"><span style=\"color: #ff0000\"><strong>TODOS LOS ANUNCIOS DEL GOBERNADOR AXEL KICILLOF<\/strong><\/span><\/h3>\n<p dir=\"ltr\"><strong><em>\u201cEstamos haciendo un gran esfuerzo para proteger los ingresos de las y los bonaerenses ante la inflaci\u00f3n que provoc\u00f3 el programa econ\u00f3mico del Gobierno nacional\u201d<\/em><\/strong>, afirm\u00f3 este lunes el gobernador<strong> Axel Kicillof<\/strong> al anunciar un nuevo aumento salarial para docentes, polic\u00edas y trabajadores estatales. Fue en el Sal\u00f3n Dorado junto a la vicegobernadora <strong>Ver\u00f3nica Magario<\/strong>; los ministros de Econom\u00eda, <strong>Pablo L\u00f3pez<\/strong>; de Trabajo, <strong>Walter Correa<\/strong>, y de Desarrollo de la Comunidad,<strong> Andr\u00e9s Larroque<\/strong>; adem\u00e1s de la presidenta del Instituto de Previsi\u00f3n Social (IPS), <strong>Marina Moretti.<\/strong><\/p>\n<p dir=\"ltr\">La Provincia otorgar\u00e1 un nuevo tramo de aumento salarial del 13,5% para marzo de 2024. Este se suma a los ya otorgados de 25% en enero (de los cuales 15 puntos correspondieron al cierre del periodo 2023) y de 20% en febrero. El acuerdo incluye un aumento de las asignaciones familiares ordinarias y extraordinarias del 110%, que beneficia a m\u00e1s de 100 mil familias, y el incremento de la jubilaci\u00f3n m\u00ednima y las pensiones no contributivas en un 46,6%.<\/p>\n<p dir=\"ltr\"><strong><em>\u201cEste anuncio explica qu\u00e9 es lo que hacemos con los impuestos en la provincia de Buenos Aires: pagamos los salarios de 100 mil polic\u00edas, 25 mil profesionales de la salud, 300 mil maestros y 80 mil auxiliares\u201d<\/em><\/strong>, sostuvo el Gobernador y a\u00f1adi\u00f3: <strong><em>\u201cTambi\u00e9n realizamos m\u00e1s de 8.000 reparaciones en escuelas, abrimos 6 nuevos hospitales y equipamos a la Polic\u00eda con 5 mil patrulleros\u201d. \u201cEn s\u00edntesis: ampliamos los derechos, sostenemos los niveles de ingreso y acompa\u00f1amos a las empresas y los comercios\u201d<\/em><\/strong>, subray\u00f3.<\/p>\n<blockquote>\n<h3 dir=\"ltr\">La semana pasada se hab\u00edan anunciado incrementos del 76% en las prestaciones de los programas sociales que lleva adelante el Ministerio de Desarrollo de la Comunidad y del 118,7% en las becas y programas de Ni\u00f1ez y Adolescencia. En tanto, con el inicio del ciclo lectivo, se duplicaron las partidas destinadas al Servicio Alimentario Escolar (SAE) y el programa MESA bonaerense que alcanza a m\u00e1s de dos millones de familias.<\/h3>\n<\/blockquote>\n<p dir=\"ltr\">Adem\u00e1s, el Gobernador resalt\u00f3 que <strong><em>\u201crespecto de la Ley Impositiva que aprob\u00f3 la Legislatura, si algo no pas\u00f3 fue un impuestazo: las tasas del inmobiliario rural implican que, para pr\u00e1cticamente la totalidad de los propietarios, el impuesto creci\u00f3 menos que la inflaci\u00f3n, solo exceptuando a 2 mil contribuyentes que tienen propiedades valuadas en m\u00e1s de US$3 millones\u201d<\/em><\/strong>. <strong><em>\u201cLo que s\u00ed es cierto es que durante estos cuatro a\u00f1os de gobierno le hemos dado m\u00e1s progresividad a los impuestos inmobiliarios\u201d<\/em><\/strong>, a\u00f1adi\u00f3.<\/p>\n<blockquote>\n<h3 dir=\"ltr\"><em>\u201cEs muy grave que el Presidente de la Naci\u00f3n, quien jur\u00f3 cumplir la Constituci\u00f3n, llame a incumplir la ley\u201d<\/em>, resalt\u00f3 <strong>Kicillof<\/strong> y manifest\u00f3: <em>\u201cDespu\u00e9s de ajustar a jubilados y trabajadores, el Gobierno nacional quiere generar un problema con las prestaciones que brindan las provincias: no se trata solo de achicar el Estado, sino de desintegrar sus capacidades\u201d.<\/em><\/h3>\n<\/blockquote>\n<p dir=\"ltr\">Por \u00faltimo, el Gobernador remarc\u00f3:<em><strong> \u201cCuando el Estado deja de cumplir con sus responsabilidades no se logra el anarco-capitalismo, sino el narco-capitalismo\u201d. \u201cEl gobierno de la provincia de Buenos Aires no va a ausentarse ni va a abandonar el mandato que le dio su pueblo\u201d<\/strong><\/em>, concluy\u00f3.<\/p>\n<p dir=\"ltr\">Estuvieron presentes la jefa de Asesores del Gobernador, Cristina \u00c1lvarez Rodr\u00edguez; los ministros de Gobierno, Carlos Bianco; de Desarrollo Agrario, Javier Rodr\u00edguez; de Transporte, Jorge D\u2019Onofrio; y la secretaria general de la Gobernaci\u00f3n, Agustina Vila.<\/p>\n<p dir=\"ltr\">\n","protected":false},"excerpt":{"rendered":"<div class=\"mh-excerpt\"><p>19 de marzo de 2024 LA PLATA &#8211;\u00a0 En conferencia de prensa, el gobernador Axel Kicillof acompa\u00f1ado por la presidenta del Instituto de Previsi\u00f3n Social de la provincia de Buenos Aires, Marina Moretti anunciaron diferentes <a class=\"mh-excerpt-more\" href=\"https:\/\/larevistadigital.com.ar\/blog\/incremento-para-las-jubilaciones-y-pensiones-minimas-de-la-provincia-de-buenos-aires\/\" title=\"INCREMENTO PARA LAS JUBILACIONES Y PENSIONES M\u00cdNIMAS DE LA PROVINCIA DE BUENOS AIRES\">[Leer M\u00e1s]<\/a><\/p>\n<\/div>","protected":false},"author":3,"featured_media":35615,"comment_status":"open","ping_status":"open","sticky":false,"template":"","format":"standard","meta":{"_jetpack_memberships_contains_paid_content":false,"footnotes":"","jetpack_publicize_message":"","jetpack_publicize_feature_enabled":true,"jetpack_social_post_already_shared":true,"jetpack_social_options":{"image_generator_settings":{"template":"highway","default_image_id":0,"font":"","enabled":false},"version":2}},"categories":[50,24],"tags":[],"class_list":{"0":"post-35614","1":"post","2":"type-post","3":"status-publish","4":"format-standard","5":"has-post-thumbnail","7":"category-interes-general","8":"category-politica-provincial"},"jetpack_publicize_connections":[],"jetpack_featured_media_url":"https:\/\/i0.wp.com\/larevistadigital.com.ar\/blog\/wp-content\/uploads\/ConferenciaPBA2.jpeg?fit=900%2C600&ssl=1","jetpack_sharing_enabled":true,"jetpack_shortlink":"https:\/\/wp.me\/p8qtrQ-9gq","jetpack-related-posts":[{"id":30122,"url":"https:\/\/larevistadigital.com.ar\/blog\/el-gobierno-anuncio-un-bono-de-15-mil-pesos-durante-tres-meses-para-los-jubilados-que-cobran-la-minima\/","url_meta":{"origin":35614,"position":0},"title":"EL GOBIERNO ANUNCI\u00d3 UN BONO DE 15 MIL PESOS DURANTE TRES MESES PARA LOS JUBILADOS QUE COBRAN LA M\u00cdNIMA.","author":"Alejandro Sosa Ruda","date":"11 febrero, 2023","format":false,"excerpt":"Las jubilaciones y pensiones aumentar\u00e1n un 17% en marzo y el haber m\u00ednimo ser\u00e1 de 73.665 pesos. El mismo porcentaje se aplicar\u00e1 para actualizar la Asignaci\u00f3n Universal por Hijo (AUH) y las asignaciones familiares 10 de febrero de 2023 Las jubilaciones y pensiones aumentar\u00e1n un 17,04% a partir de marzo\u2026","rel":"","context":"En \u00abECONOMIA\u00bb","block_context":{"text":"ECONOMIA","link":"https:\/\/larevistadigital.com.ar\/blog\/category\/economia\/"},"img":{"alt_text":"","src":"https:\/\/i0.wp.com\/larevistadigital.com.ar\/blog\/wp-content\/uploads\/descarga-17.jpg?fit=800%2C448&ssl=1&resize=350%2C200","width":350,"height":200,"srcset":"https:\/\/i0.wp.com\/larevistadigital.com.ar\/blog\/wp-content\/uploads\/descarga-17.jpg?fit=800%2C448&ssl=1&resize=350%2C200 1x, https:\/\/i0.wp.com\/larevistadigital.com.ar\/blog\/wp-content\/uploads\/descarga-17.jpg?fit=800%2C448&ssl=1&resize=525%2C300 1.5x, https:\/\/i0.wp.com\/larevistadigital.com.ar\/blog\/wp-content\/uploads\/descarga-17.jpg?fit=800%2C448&ssl=1&resize=700%2C400 2x"},"classes":[]},{"id":32484,"url":"https:\/\/larevistadigital.com.ar\/blog\/la-provincia-capacito-sobre-el-sistema-de-declaraciones-juradas-patrimoniales-pba-afip-a-64-direcciones-de-personal-de-todos-los-ministerios-y-organismos-de-la-constitucion\/","url_meta":{"origin":35614,"position":1},"title":"LA PROVINCIA CAPACIT\u00d3 SOBRE EL SISTEMA DE DECLARACIONES JURADAS PATRIMONIALES PBA-AFIP A 64 DIRECCIONES DE PERSONAL DE TODOS LOS MINISTERIOS Y ORGANISMOS DE LA CONSTITUCI\u00d3N","author":"Alejandro Sosa Ruda","date":"18 julio, 2023","format":false,"excerpt":"BUENOS AIRES -\u00a0 El Ministerio de Justicia y Derechos Humanos de la Provincia capacit\u00f3 a 64 direcciones de personal de la administraci\u00f3n p\u00fablica, organismos de la constituci\u00f3n y organismos descentralizados, sobre el Sistema de Declaraciones Juradas Patrimoniales PBA-AFIP. Esta iniciativa que se llev\u00f3 adelante a trav\u00e9s de la Subsecretar\u00eda de\u2026","rel":"","context":"En \u00abREGIONALES\u00bb","block_context":{"text":"REGIONALES","link":"https:\/\/larevistadigital.com.ar\/blog\/category\/regionales\/"},"img":{"alt_text":"","src":"https:\/\/i0.wp.com\/larevistadigital.com.ar\/blog\/wp-content\/uploads\/Capacitacion_DDJJ_02.jpeg?fit=1024%2C992&ssl=1&resize=350%2C200","width":350,"height":200,"srcset":"https:\/\/i0.wp.com\/larevistadigital.com.ar\/blog\/wp-content\/uploads\/Capacitacion_DDJJ_02.jpeg?fit=1024%2C992&ssl=1&resize=350%2C200 1x, https:\/\/i0.wp.com\/larevistadigital.com.ar\/blog\/wp-content\/uploads\/Capacitacion_DDJJ_02.jpeg?fit=1024%2C992&ssl=1&resize=525%2C300 1.5x, https:\/\/i0.wp.com\/larevistadigital.com.ar\/blog\/wp-content\/uploads\/Capacitacion_DDJJ_02.jpeg?fit=1024%2C992&ssl=1&resize=700%2C400 2x"},"classes":[]},{"id":44364,"url":"https:\/\/larevistadigital.com.ar\/blog\/la-provincia-otorgo-un-nuevo-aumento-salarial-a-la-policia-bonaerense\/","url_meta":{"origin":35614,"position":2},"title":"La Provincia otorg\u00f3 un nuevo aumento salarial a la Polic\u00eda Bonaerense","author":"Alejandro Sosa Ruda","date":"6 marzo, 2026","format":false,"excerpt":"El incremento se aplicar\u00e1 en dos tramos y llevar\u00e1 la suba acumulada en lo que va del a\u00f1o a m\u00e1s del 11%. 06 de marzo de 2026 BUENOS AIRES -\u00a0 \u00a0El gobierno de la Provincia de Buenos Aires confirm\u00f3 un nuevo aumento salarial para los efectivos de la Polic\u00eda de\u2026","rel":"","context":"En \u00abINTERES GENERAL\u00bb","block_context":{"text":"INTERES GENERAL","link":"https:\/\/larevistadigital.com.ar\/blog\/category\/interes-general\/"},"img":{"alt_text":"","src":"https:\/\/i0.wp.com\/larevistadigital.com.ar\/blog\/wp-content\/uploads\/Captura-de-pantalla-2026-03-06-203850.jpg?fit=884%2C493&ssl=1&resize=350%2C200","width":350,"height":200,"srcset":"https:\/\/i0.wp.com\/larevistadigital.com.ar\/blog\/wp-content\/uploads\/Captura-de-pantalla-2026-03-06-203850.jpg?fit=884%2C493&ssl=1&resize=350%2C200 1x, https:\/\/i0.wp.com\/larevistadigital.com.ar\/blog\/wp-content\/uploads\/Captura-de-pantalla-2026-03-06-203850.jpg?fit=884%2C493&ssl=1&resize=525%2C300 1.5x, https:\/\/i0.wp.com\/larevistadigital.com.ar\/blog\/wp-content\/uploads\/Captura-de-pantalla-2026-03-06-203850.jpg?fit=884%2C493&ssl=1&resize=700%2C400 2x"},"classes":[]},{"id":35266,"url":"https:\/\/larevistadigital.com.ar\/blog\/ips-finaliza-el-plazo-para-presentar-documentacion-de-asignaciones-familiares\/","url_meta":{"origin":35614,"position":3},"title":"IPS: FINALIZA EL PLAZO PARA PRESENTAR DOCUMENTACI\u00d3N DE ASIGNACIONES FAMILIARES","author":"Alejandro Sosa Ruda","date":"16 febrero, 2024","format":false,"excerpt":"El Instituto de Previsi\u00f3n Social de la provincia de Buenos Aires informa, a las personas jubiladas y pensionadas, que el plazo de\u00a0renovaci\u00f3n de asignaciones familiares\u00a0para continuar con la percepci\u00f3n de las mismas y evitar bajas innecesarias\u00a0finaliza el 31 de marzo pr\u00f3ximo. \u00a0Aquellas personas que se encuentren percibiendo una Jubilaci\u00f3n y\/o\u2026","rel":"","context":"En \u00abINTERES GENERAL\u00bb","block_context":{"text":"INTERES GENERAL","link":"https:\/\/larevistadigital.com.ar\/blog\/category\/interes-general\/"},"img":{"alt_text":"","src":"https:\/\/i0.wp.com\/larevistadigital.com.ar\/blog\/wp-content\/uploads\/1-Renovacion-de-Asignaciones-familiares.jpeg?fit=1200%2C800&ssl=1&resize=350%2C200","width":350,"height":200,"srcset":"https:\/\/i0.wp.com\/larevistadigital.com.ar\/blog\/wp-content\/uploads\/1-Renovacion-de-Asignaciones-familiares.jpeg?fit=1200%2C800&ssl=1&resize=350%2C200 1x, https:\/\/i0.wp.com\/larevistadigital.com.ar\/blog\/wp-content\/uploads\/1-Renovacion-de-Asignaciones-familiares.jpeg?fit=1200%2C800&ssl=1&resize=525%2C300 1.5x, https:\/\/i0.wp.com\/larevistadigital.com.ar\/blog\/wp-content\/uploads\/1-Renovacion-de-Asignaciones-familiares.jpeg?fit=1200%2C800&ssl=1&resize=700%2C400 2x, https:\/\/i0.wp.com\/larevistadigital.com.ar\/blog\/wp-content\/uploads\/1-Renovacion-de-Asignaciones-familiares.jpeg?fit=1200%2C800&ssl=1&resize=1050%2C600 3x"},"classes":[]},{"id":35926,"url":"https:\/\/larevistadigital.com.ar\/blog\/se-inauguro-una-nueva-casa-de-la-provincia-en-pila-y-cuenta-con-oficina-del-ips\/","url_meta":{"origin":35614,"position":4},"title":"SE INAUGUR\u00d3 UNA NUEVA CASA DE LA PROVINCIA EN PILA Y CUENTA CON OFICINA DEL IPS","author":"Alejandro Sosa Ruda","date":"27 abril, 2024","format":false,"excerpt":"El gobernador Axel Kicillof encabez\u00f3 este viernes el acto inaugural de la quinta Casa de la Provincia, esta vez en la localidad de Pila.\u00a0\u00a0 27 de anril de 1024 BUENOS AIRES -\u00a0 El nuevo edificio, que cuenta con una oficina del IPS, est\u00e1 pensado para garantizar el acceso a los\u2026","rel":"","context":"En \u00abPOLITICA PROVINCIAL\u00bb","block_context":{"text":"POLITICA PROVINCIAL","link":"https:\/\/larevistadigital.com.ar\/blog\/category\/politica\/politica-provincial\/"},"img":{"alt_text":"","src":"https:\/\/i0.wp.com\/larevistadigital.com.ar\/blog\/wp-content\/uploads\/casa-de-la-provincia-pilaaa-1000x600-1.jpg?fit=1000%2C600&ssl=1&resize=350%2C200","width":350,"height":200,"srcset":"https:\/\/i0.wp.com\/larevistadigital.com.ar\/blog\/wp-content\/uploads\/casa-de-la-provincia-pilaaa-1000x600-1.jpg?fit=1000%2C600&ssl=1&resize=350%2C200 1x, https:\/\/i0.wp.com\/larevistadigital.com.ar\/blog\/wp-content\/uploads\/casa-de-la-provincia-pilaaa-1000x600-1.jpg?fit=1000%2C600&ssl=1&resize=525%2C300 1.5x, https:\/\/i0.wp.com\/larevistadigital.com.ar\/blog\/wp-content\/uploads\/casa-de-la-provincia-pilaaa-1000x600-1.jpg?fit=1000%2C600&ssl=1&resize=700%2C400 2x"},"classes":[]},{"id":15479,"url":"https:\/\/larevistadigital.com.ar\/blog\/desde-la-provincia-aseguran-que-no-hay-un-proceso-de-armonizacion-del-ips-y-llamaran-a-los-gremios\/","url_meta":{"origin":35614,"position":5},"title":"DESDE LA PROVINCIA ASEGURAN QUE \u00abNO HAY UN PROCESO DE ARMONIZACI\u00d3N DEL IPS\u00bb Y LLAMAR\u00c1N A LOS GREMIOS","author":"Alejandro Sosa Ruda","date":"2 junio, 2020","format":false,"excerpt":"Lo confirm\u00f3 la Ministra de Trabajo, Mara Ruiz Malec. Un nutrido grupo de sindicatos le pidieron una reuni\u00f3n urgente para hablar de este tema. Frente\u00a0al renovado temor de los gremios, manifestado en una serie de documentos en las \u00faltimas horas, desde la Provincia salieron reiteran que\u00a0\u201cno hay en curso un\u2026","rel":"","context":"En \u00abGREMIALES\u00bb","block_context":{"text":"GREMIALES","link":"https:\/\/larevistadigital.com.ar\/blog\/category\/gremiales\/"},"img":{"alt_text":"","src":"https:\/\/i0.wp.com\/larevistadigital.com.ar\/blog\/wp-content\/uploads\/20191017165104_20180304-152008.jpg?fit=887%2C554&ssl=1&resize=350%2C200","width":350,"height":200,"srcset":"https:\/\/i0.wp.com\/larevistadigital.com.ar\/blog\/wp-content\/uploads\/20191017165104_20180304-152008.jpg?fit=887%2C554&ssl=1&resize=350%2C200 1x, https:\/\/i0.wp.com\/larevistadigital.com.ar\/blog\/wp-content\/uploads\/20191017165104_20180304-152008.jpg?fit=887%2C554&ssl=1&resize=525%2C300 1.5x, https:\/\/i0.wp.com\/larevistadigital.com.ar\/blog\/wp-content\/uploads\/20191017165104_20180304-152008.jpg?fit=887%2C554&ssl=1&resize=700%2C400 2x"},"classes":[]}],"_links":{"self":[{"href":"https:\/\/larevistadigital.com.ar\/blog\/wp-json\/wp\/v2\/posts\/35614","targetHints":{"allow":["GET"]}}],"collection":[{"href":"https:\/\/larevistadigital.com.ar\/blog\/wp-json\/wp\/v2\/posts"}],"about":[{"href":"https:\/\/larevistadigital.com.ar\/blog\/wp-json\/wp\/v2\/types\/post"}],"author":[{"embeddable":true,"href":"https:\/\/larevistadigital.com.ar\/blog\/wp-json\/wp\/v2\/users\/3"}],"replies":[{"embeddable":true,"href":"https:\/\/larevistadigital.com.ar\/blog\/wp-json\/wp\/v2\/comments?post=35614"}],"version-history":[{"count":1,"href":"https:\/\/larevistadigital.com.ar\/blog\/wp-json\/wp\/v2\/posts\/35614\/revisions"}],"predecessor-version":[{"id":35616,"href":"https:\/\/larevistadigital.com.ar\/blog\/wp-json\/wp\/v2\/posts\/35614\/revisions\/35616"}],"wp:featuredmedia":[{"embeddable":true,"href":"https:\/\/larevistadigital.com.ar\/blog\/wp-json\/wp\/v2\/media\/35615"}],"wp:attachment":[{"href":"https:\/\/larevistadigital.com.ar\/blog\/wp-json\/wp\/v2\/media?parent=35614"}],"wp:term":[{"taxonomy":"category","embeddable":true,"href":"https:\/\/larevistadigital.com.ar\/blog\/wp-json\/wp\/v2\/categories?post=35614"},{"taxonomy":"post_tag","embeddable":true,"href":"https:\/\/larevistadigital.com.ar\/blog\/wp-json\/wp\/v2\/tags?post=35614"}],"curies":[{"name":"wp","href":"https:\/\/api.w.org\/{rel}","templated":true}]}}