{"id":35617,"date":"2024-03-19T09:24:16","date_gmt":"2024-03-19T12:24:16","guid":{"rendered":"https:\/\/larevistadigital.com.ar\/blog\/?p=35617"},"modified":"2024-03-19T09:24:16","modified_gmt":"2024-03-19T12:24:16","slug":"javier-milei-y-victoria-villarruel-participaron-del-acto-por-el-atentado-a-la-embajada-de-israel","status":"publish","type":"post","link":"https:\/\/larevistadigital.com.ar\/blog\/javier-milei-y-victoria-villarruel-participaron-del-acto-por-el-atentado-a-la-embajada-de-israel\/","title":{"rendered":"JAVIER MILEI Y VICTORIA VILLARRUEL PARTICIPARON DEL ACTO POR EL ATENTADO A LA EMBAJADA DE ISRAEL"},"content":{"rendered":"<h2>\u00bfTambi\u00e9n fue una manera de \u00abmostrar\u00bb que no est\u00e1n peleados?&#8230;<\/h2>\n<p>19 de marzo de 2024<\/p>\n<p>El Presidente asisti\u00f3 a la conmemoraci\u00f3n junto a familiares de las v\u00edctimas. Lo acompa\u00f1aron la vicepresidente y miembros del gabinete.<\/p>\n<blockquote>\n<h3>El mes pr\u00f3ximo, viajar\u00e1 a Miami para recibir una distinci\u00f3n de la comunidad jud\u00eda.<\/h3>\n<\/blockquote>\n<p>Tambi\u00e9n estuvieron presentes su hermana y Secretaria General de la Presidencia, <strong>Karina Milei<\/strong>, y los ministros de Interior, <strong>Guillermo Francos<\/strong>, de Capital Humano, <strong>Sandra Petovello<\/strong> y de Defensa, <strong>Luis Petri<\/strong>.<\/p>\n<p>La presencia del jefe de Estado es interpretada, adem\u00e1s, como una se\u00f1al m\u00e1s de la nueva posici\u00f3n geopol\u00edtica que adopt\u00f3 la Argentina a partir del cambio de Gobierno, ratificando as\u00ed su alianza con Israel.<\/p>\n","protected":false},"excerpt":{"rendered":"<div class=\"mh-excerpt\"><p>\u00bfTambi\u00e9n fue una manera de \u00abmostrar\u00bb que no est\u00e1n peleados?&#8230; 19 de marzo de 2024 El Presidente asisti\u00f3 a la conmemoraci\u00f3n junto a familiares de las v\u00edctimas. Lo acompa\u00f1aron la vicepresidente y miembros del gabinete. <a class=\"mh-excerpt-more\" href=\"https:\/\/larevistadigital.com.ar\/blog\/javier-milei-y-victoria-villarruel-participaron-del-acto-por-el-atentado-a-la-embajada-de-israel\/\" title=\"JAVIER MILEI Y VICTORIA VILLARRUEL PARTICIPARON DEL ACTO POR EL ATENTADO A LA EMBAJADA DE ISRAEL\">[Leer M\u00e1s]<\/a><\/p>\n<\/div>","protected":false},"author":3,"featured_media":35618,"comment_status":"open","ping_status":"open","sticky":false,"template":"","format":"standard","meta":{"_jetpack_memberships_contains_paid_content":false,"footnotes":"","jetpack_publicize_message":"","jetpack_publicize_feature_enabled":true,"jetpack_social_post_already_shared":true,"jetpack_social_options":{"image_generator_settings":{"template":"highway","default_image_id":0,"font":"","enabled":false},"version":2}},"categories":[50,12],"tags":[],"class_list":{"0":"post-35617","1":"post","2":"type-post","3":"status-publish","4":"format-standard","5":"has-post-thumbnail","7":"category-interes-general","8":"category-politica"},"jetpack_publicize_connections":[],"jetpack_featured_media_url":"https:\/\/i0.wp.com\/larevistadigital.com.ar\/blog\/wp-content\/uploads\/milei-y-villarroel-3-1024x576-1.jpg?fit=1024%2C576&ssl=1","jetpack_sharing_enabled":true,"jetpack_shortlink":"https:\/\/wp.me\/p8qtrQ-9gt","jetpack-related-posts":[{"id":45231,"url":"https:\/\/larevistadigital.com.ar\/blog\/milei-firma-convenios-con-israel-y-justifica-la-guerra-es-lo-correcto\/","url_meta":{"origin":35617,"position":0},"title":"Milei firma convenios con Israel y justifica la guerra: \u201cEs lo correcto\u201d","author":"Alejandro Sosa Ruda","date":"20 abril, 2026","format":false,"excerpt":"En su tercera visita oficial, el Presidente rubric\u00f3 tres memorandos y expres\u00f3 su respaldo a la ofensiva liderada por Israel y Estados Unidos. 20 de abril de 2026 En su tercera visita oficial al Estado de Israel, el presidente\u00a0Javier Milei\u00a0encabez\u00f3 en Jerusal\u00e9n la firma de tres memorandos de entendimiento bilaterales\u2026","rel":"","context":"En \u00abINTERES GENERAL\u00bb","block_context":{"text":"INTERES GENERAL","link":"https:\/\/larevistadigital.com.ar\/blog\/category\/interes-general\/"},"img":{"alt_text":"","src":"https:\/\/i0.wp.com\/larevistadigital.com.ar\/blog\/wp-content\/uploads\/Captura-de-pantalla-2026-04-20-232229.jpg?fit=856%2C541&ssl=1&resize=350%2C200","width":350,"height":200,"srcset":"https:\/\/i0.wp.com\/larevistadigital.com.ar\/blog\/wp-content\/uploads\/Captura-de-pantalla-2026-04-20-232229.jpg?fit=856%2C541&ssl=1&resize=350%2C200 1x, https:\/\/i0.wp.com\/larevistadigital.com.ar\/blog\/wp-content\/uploads\/Captura-de-pantalla-2026-04-20-232229.jpg?fit=856%2C541&ssl=1&resize=525%2C300 1.5x, https:\/\/i0.wp.com\/larevistadigital.com.ar\/blog\/wp-content\/uploads\/Captura-de-pantalla-2026-04-20-232229.jpg?fit=856%2C541&ssl=1&resize=700%2C400 2x"},"classes":[]},{"id":41897,"url":"https:\/\/larevistadigital.com.ar\/blog\/emilio-monzo-aseguro-que-la-jefa-de-estado-es-karina-milei\/","url_meta":{"origin":35617,"position":1},"title":"Emilio Monz\u00f3 asegur\u00f3 que \u00abLa jefa de estado es Karina Milei\u00bb","author":"Alejandro Sosa Ruda","date":"12 octubre, 2025","format":false,"excerpt":"El diputado de Encuentro Federal se\u00f1al\u00f3 que el Presidente perdi\u00f3 contacto con la sociedad y advirti\u00f3 que la principal oposici\u00f3n del pa\u00eds hoy es el propio Ejecutivo. Tambi\u00e9n critic\u00f3 el manejo del gabinete. 12 de Octubre de 2025 Emilio Monz\u00f3, diputado nacional de Encuentro Federal y ex presidente de la\u2026","rel":"","context":"En \u00abINTERES GENERAL\u00bb","block_context":{"text":"INTERES GENERAL","link":"https:\/\/larevistadigital.com.ar\/blog\/category\/interes-general\/"},"img":{"alt_text":"","src":"https:\/\/i0.wp.com\/larevistadigital.com.ar\/blog\/wp-content\/uploads\/Captura-de-pantalla-2025-10-12-132613.jpg?fit=735%2C490&ssl=1&resize=350%2C200","width":350,"height":200,"srcset":"https:\/\/i0.wp.com\/larevistadigital.com.ar\/blog\/wp-content\/uploads\/Captura-de-pantalla-2025-10-12-132613.jpg?fit=735%2C490&ssl=1&resize=350%2C200 1x, https:\/\/i0.wp.com\/larevistadigital.com.ar\/blog\/wp-content\/uploads\/Captura-de-pantalla-2025-10-12-132613.jpg?fit=735%2C490&ssl=1&resize=525%2C300 1.5x, https:\/\/i0.wp.com\/larevistadigital.com.ar\/blog\/wp-content\/uploads\/Captura-de-pantalla-2025-10-12-132613.jpg?fit=735%2C490&ssl=1&resize=700%2C400 2x"},"classes":[]},{"id":34573,"url":"https:\/\/larevistadigital.com.ar\/blog\/milei-privatizaciones-y-derogacion-de-la-ley-de-alquileres\/","url_meta":{"origin":35617,"position":2},"title":"MILEI: PRIVATIZACIONES Y DEROGACI\u00d3N DE LA LEY DE ALQUILERES","author":"Alejandro Sosa Ruda","date":"20 noviembre, 2023","format":false,"excerpt":"Buscar\u00e1 que dejen de ser estatales la petrolera YPF, la TV P\u00fablica, Radio Nacional y T\u00e9lam. 20 de Noviembre de 2023 El reci\u00e9n elegido presidente, Javier Milei, sorprendi\u00f3 este lunes al ratificar sus planes para impulsar cambios en Argentina. Entre sus propuestas m\u00e1s destacadas, se\u00f1al\u00f3 su intenci\u00f3n de privatizar importantes\u2026","rel":"","context":"En \u00abINTERES GENERAL\u00bb","block_context":{"text":"INTERES GENERAL","link":"https:\/\/larevistadigital.com.ar\/blog\/category\/interes-general\/"},"img":{"alt_text":"","src":"https:\/\/i0.wp.com\/larevistadigital.com.ar\/blog\/wp-content\/uploads\/c89b685835069c69b701cbd57e63ffcd4eb680a3.jpg?fit=1140%2C760&ssl=1&resize=350%2C200","width":350,"height":200,"srcset":"https:\/\/i0.wp.com\/larevistadigital.com.ar\/blog\/wp-content\/uploads\/c89b685835069c69b701cbd57e63ffcd4eb680a3.jpg?fit=1140%2C760&ssl=1&resize=350%2C200 1x, https:\/\/i0.wp.com\/larevistadigital.com.ar\/blog\/wp-content\/uploads\/c89b685835069c69b701cbd57e63ffcd4eb680a3.jpg?fit=1140%2C760&ssl=1&resize=525%2C300 1.5x, https:\/\/i0.wp.com\/larevistadigital.com.ar\/blog\/wp-content\/uploads\/c89b685835069c69b701cbd57e63ffcd4eb680a3.jpg?fit=1140%2C760&ssl=1&resize=700%2C400 2x, https:\/\/i0.wp.com\/larevistadigital.com.ar\/blog\/wp-content\/uploads\/c89b685835069c69b701cbd57e63ffcd4eb680a3.jpg?fit=1140%2C760&ssl=1&resize=1050%2C600 3x"},"classes":[]},{"id":34739,"url":"https:\/\/larevistadigital.com.ar\/blog\/luis-petri-sera-el-ministro-de-defensa-del-gobierno-de-milei\/","url_meta":{"origin":35617,"position":3},"title":"LUIS PETRI SER\u00c1 EL MINISTRO DE DEFENSA DEL GOBIERNO DE MILEI","author":"Alejandro Sosa Ruda","date":"4 diciembre, 2023","format":false,"excerpt":"El presidente electo confirm\u00f3 que el dirigente radical estar\u00e1 al frente de la cartera que hoy conduce Jorge Taiana. \u201cLa f\u00f3rmula completa de Juntos por el Cambio ha quedado integrada al gobierno\u201d, inform\u00f3 la oficina del presidente electo. 4 de Diciembre de 2023 La f\u00f3rmula presidencial de Juntos por el\u2026","rel":"","context":"En \u00abINTERES GENERAL\u00bb","block_context":{"text":"INTERES GENERAL","link":"https:\/\/larevistadigital.com.ar\/blog\/category\/interes-general\/"},"img":{"alt_text":"","src":"https:\/\/i0.wp.com\/larevistadigital.com.ar\/blog\/wp-content\/uploads\/Captura-de-pantalla-2023-12-04-170029.png?fit=800%2C511&ssl=1&resize=350%2C200","width":350,"height":200,"srcset":"https:\/\/i0.wp.com\/larevistadigital.com.ar\/blog\/wp-content\/uploads\/Captura-de-pantalla-2023-12-04-170029.png?fit=800%2C511&ssl=1&resize=350%2C200 1x, https:\/\/i0.wp.com\/larevistadigital.com.ar\/blog\/wp-content\/uploads\/Captura-de-pantalla-2023-12-04-170029.png?fit=800%2C511&ssl=1&resize=525%2C300 1.5x, https:\/\/i0.wp.com\/larevistadigital.com.ar\/blog\/wp-content\/uploads\/Captura-de-pantalla-2023-12-04-170029.png?fit=800%2C511&ssl=1&resize=700%2C400 2x"},"classes":[]},{"id":43824,"url":"https:\/\/larevistadigital.com.ar\/blog\/encuesta-cual-es-la-imagen-de-axel-kicillof-y-javier-milei-en-cada-provincia\/","url_meta":{"origin":35617,"position":4},"title":"Encuesta: cu\u00e1l es la imagen de Axel Kicillof y Javier Milei en cada provincia","author":"Alejandro Sosa Ruda","date":"6 febrero, 2026","format":false,"excerpt":"Una nueva encuesta revela c\u00f3mo miden Javier Milei y Axel Kicillof en cada provincia. D\u00f3nde gana cada uno y qu\u00e9 distritos marcan la diferencia. 6 de febrero de 2026 Una nueva\u00a0encuesta nacional\u00a0volvi\u00f3 a poner el foco en el mapa pol\u00edtico argentino. La consultora\u00a0CG Global Data\u00a0present\u00f3 un estudio que midi\u00f3 la\u2026","rel":"","context":"En \u00abINTERES GENERAL\u00bb","block_context":{"text":"INTERES GENERAL","link":"https:\/\/larevistadigital.com.ar\/blog\/category\/interes-general\/"},"img":{"alt_text":"","src":"https:\/\/i0.wp.com\/larevistadigital.com.ar\/blog\/wp-content\/uploads\/Captura-de-pantalla-2026-02-06-141759.jpg?fit=802%2C530&ssl=1&resize=350%2C200","width":350,"height":200,"srcset":"https:\/\/i0.wp.com\/larevistadigital.com.ar\/blog\/wp-content\/uploads\/Captura-de-pantalla-2026-02-06-141759.jpg?fit=802%2C530&ssl=1&resize=350%2C200 1x, https:\/\/i0.wp.com\/larevistadigital.com.ar\/blog\/wp-content\/uploads\/Captura-de-pantalla-2026-02-06-141759.jpg?fit=802%2C530&ssl=1&resize=525%2C300 1.5x, https:\/\/i0.wp.com\/larevistadigital.com.ar\/blog\/wp-content\/uploads\/Captura-de-pantalla-2026-02-06-141759.jpg?fit=802%2C530&ssl=1&resize=700%2C400 2x"},"classes":[]},{"id":34632,"url":"https:\/\/larevistadigital.com.ar\/blog\/que-presidentes-estaran-en-la-asuncion-de-javier-milei\/","url_meta":{"origin":35617,"position":5},"title":"\u00bfQU\u00c9 PRESIDENTES ESTAR\u00c1N EN LA ASUNCI\u00d3N DE JAVIER MILEI?","author":"Alejandro Sosa Ruda","date":"26 noviembre, 2023","format":false,"excerpt":"Esta semana siguieron los encuentros del equipo entrante con los ministros que se van. Que confirmar d\u00f3nde serpa la entrega del mando. 26 de Noviembre de 2023 A 15 d\u00edas de la asunci\u00f3n de Javier Milei como presidente, el gobierno saliente de Alberto Fern\u00e1ndez\u00a0y el entrante mantuvieron esta semana distintas\u2026","rel":"","context":"En \u00abINTERES GENERAL\u00bb","block_context":{"text":"INTERES GENERAL","link":"https:\/\/larevistadigital.com.ar\/blog\/category\/interes-general\/"},"img":{"alt_text":"","src":"https:\/\/i0.wp.com\/larevistadigital.com.ar\/blog\/wp-content\/uploads\/Captura-de-pantalla-2023-11-26-133234.png?fit=834%2C509&ssl=1&resize=350%2C200","width":350,"height":200,"srcset":"https:\/\/i0.wp.com\/larevistadigital.com.ar\/blog\/wp-content\/uploads\/Captura-de-pantalla-2023-11-26-133234.png?fit=834%2C509&ssl=1&resize=350%2C200 1x, https:\/\/i0.wp.com\/larevistadigital.com.ar\/blog\/wp-content\/uploads\/Captura-de-pantalla-2023-11-26-133234.png?fit=834%2C509&ssl=1&resize=525%2C300 1.5x, https:\/\/i0.wp.com\/larevistadigital.com.ar\/blog\/wp-content\/uploads\/Captura-de-pantalla-2023-11-26-133234.png?fit=834%2C509&ssl=1&resize=700%2C400 2x"},"classes":[]}],"_links":{"self":[{"href":"https:\/\/larevistadigital.com.ar\/blog\/wp-json\/wp\/v2\/posts\/35617","targetHints":{"allow":["GET"]}}],"collection":[{"href":"https:\/\/larevistadigital.com.ar\/blog\/wp-json\/wp\/v2\/posts"}],"about":[{"href":"https:\/\/larevistadigital.com.ar\/blog\/wp-json\/wp\/v2\/types\/post"}],"author":[{"embeddable":true,"href":"https:\/\/larevistadigital.com.ar\/blog\/wp-json\/wp\/v2\/users\/3"}],"replies":[{"embeddable":true,"href":"https:\/\/larevistadigital.com.ar\/blog\/wp-json\/wp\/v2\/comments?post=35617"}],"version-history":[{"count":1,"href":"https:\/\/larevistadigital.com.ar\/blog\/wp-json\/wp\/v2\/posts\/35617\/revisions"}],"predecessor-version":[{"id":35619,"href":"https:\/\/larevistadigital.com.ar\/blog\/wp-json\/wp\/v2\/posts\/35617\/revisions\/35619"}],"wp:featuredmedia":[{"embeddable":true,"href":"https:\/\/larevistadigital.com.ar\/blog\/wp-json\/wp\/v2\/media\/35618"}],"wp:attachment":[{"href":"https:\/\/larevistadigital.com.ar\/blog\/wp-json\/wp\/v2\/media?parent=35617"}],"wp:term":[{"taxonomy":"category","embeddable":true,"href":"https:\/\/larevistadigital.com.ar\/blog\/wp-json\/wp\/v2\/categories?post=35617"},{"taxonomy":"post_tag","embeddable":true,"href":"https:\/\/larevistadigital.com.ar\/blog\/wp-json\/wp\/v2\/tags?post=35617"}],"curies":[{"name":"wp","href":"https:\/\/api.w.org\/{rel}","templated":true}]}}