{"id":35620,"date":"2024-03-19T09:33:40","date_gmt":"2024-03-19T12:33:40","guid":{"rendered":"https:\/\/larevistadigital.com.ar\/blog\/?p=35620"},"modified":"2024-03-19T09:33:40","modified_gmt":"2024-03-19T12:33:40","slug":"liberacion-de-importaciones-la-afip-suspendio-por-120-dias-la-percepcion-de-ganancias-e-iva-para-algunos-medicamentos-y-alimentos-comprados-al-exterior","status":"publish","type":"post","link":"https:\/\/larevistadigital.com.ar\/blog\/liberacion-de-importaciones-la-afip-suspendio-por-120-dias-la-percepcion-de-ganancias-e-iva-para-algunos-medicamentos-y-alimentos-comprados-al-exterior\/","title":{"rendered":"LIBERACI\u00d3N DE IMPORTACIONES: LA AFIP SUSPENDI\u00d3 POR 120 D\u00cdAS LA PERCEPCI\u00d3N DE GANANCIAS E IVA PARA ALGUNOS MEDICAMENTOS Y ALIMENTOS COMPRADOS AL EXTERIOR"},"content":{"rendered":"<p>19 de marzo de 2024<\/p>\n<p>La medida est\u00e1 en l\u00ednea con la decisi\u00f3n del Gobierno de agilizar la importaci\u00f3n de esos art\u00edculos, con el fin de intentar frenar la escalada inflacionaria.<\/p>\n<p>Las mercader\u00edas contempladas son carnes, l\u00e1cteos, verduras, frutas, cereales, grasas y aceites, pastas, salsas, panificados, enlatados, insumos alimenticios, cervezas, bebidas sin alcohol, algodones e hisopos, desodorantes, m\u00e1quinas y espumas de afeitar, insecticidas de uso personal, jab\u00f3n de tocador, pa\u00f1ales descartables, papel higi\u00e9nico, pasta dental, productos de limpieza y medicamentos, entre otros.<\/p>\n","protected":false},"excerpt":{"rendered":"<div class=\"mh-excerpt\"><p>19 de marzo de 2024 La medida est\u00e1 en l\u00ednea con la decisi\u00f3n del Gobierno de agilizar la importaci\u00f3n de esos art\u00edculos, con el fin de intentar frenar la escalada inflacionaria. Las mercader\u00edas contempladas son <a class=\"mh-excerpt-more\" href=\"https:\/\/larevistadigital.com.ar\/blog\/liberacion-de-importaciones-la-afip-suspendio-por-120-dias-la-percepcion-de-ganancias-e-iva-para-algunos-medicamentos-y-alimentos-comprados-al-exterior\/\" title=\"LIBERACI\u00d3N DE IMPORTACIONES: LA AFIP SUSPENDI\u00d3 POR 120 D\u00cdAS LA PERCEPCI\u00d3N DE GANANCIAS E IVA PARA ALGUNOS MEDICAMENTOS Y ALIMENTOS COMPRADOS AL EXTERIOR\">[Leer M\u00e1s]<\/a><\/p>\n<\/div>","protected":false},"author":3,"featured_media":35621,"comment_status":"open","ping_status":"open","sticky":false,"template":"","format":"standard","meta":{"_jetpack_memberships_contains_paid_content":false,"footnotes":"","jetpack_publicize_message":"","jetpack_publicize_feature_enabled":true,"jetpack_social_post_already_shared":true,"jetpack_social_options":{"image_generator_settings":{"template":"highway","default_image_id":0,"font":"","enabled":false},"version":2}},"categories":[1],"tags":[],"class_list":{"0":"post-35620","1":"post","2":"type-post","3":"status-publish","4":"format-standard","5":"has-post-thumbnail","7":"category-sin-categoria"},"jetpack_publicize_connections":[],"jetpack_featured_media_url":"https:\/\/i0.wp.com\/larevistadigital.com.ar\/blog\/wp-content\/uploads\/AFIP.jpg?fit=1366%2C910&ssl=1","jetpack_sharing_enabled":true,"jetpack_shortlink":"https:\/\/wp.me\/p8qtrQ-9gw","jetpack-related-posts":[{"id":11055,"url":"https:\/\/larevistadigital.com.ar\/blog\/monte-importante-donacion-de-medicamentos-a-vecinos\/","url_meta":{"origin":35620,"position":0},"title":"MONTE: IMPORTANTE DONACI\u00d3N DE MEDICAMENTOS A VECINOS","author":"Alejandro Sosa Ruda","date":"4 julio, 2019","format":false,"excerpt":"La titular de la Subsecretar\u00eda de Salud de la Municipalidad de Monte, Dra. Marisa Musaubach, ha recibido la donaci\u00f3n de numerosos medicamentos de parte de la familia Tarzia. Se trata de antibi\u00f3ticos, antiinflamatorios, medicamentos pedi\u00e1tricos, para la presi\u00f3n arterial, amoxicilina y Pervinox entre otros. De esta manera, los vecinos pueden\u2026","rel":"","context":"En \u00abREGIONALES\u00bb","block_context":{"text":"REGIONALES","link":"https:\/\/larevistadigital.com.ar\/blog\/category\/regionales\/"},"img":{"alt_text":"","src":"https:\/\/i0.wp.com\/larevistadigital.com.ar\/blog\/wp-content\/uploads\/Screenshot_1-19.jpg?fit=1017%2C758&ssl=1&resize=350%2C200","width":350,"height":200,"srcset":"https:\/\/i0.wp.com\/larevistadigital.com.ar\/blog\/wp-content\/uploads\/Screenshot_1-19.jpg?fit=1017%2C758&ssl=1&resize=350%2C200 1x, https:\/\/i0.wp.com\/larevistadigital.com.ar\/blog\/wp-content\/uploads\/Screenshot_1-19.jpg?fit=1017%2C758&ssl=1&resize=525%2C300 1.5x, https:\/\/i0.wp.com\/larevistadigital.com.ar\/blog\/wp-content\/uploads\/Screenshot_1-19.jpg?fit=1017%2C758&ssl=1&resize=700%2C400 2x"},"classes":[]},{"id":22595,"url":"https:\/\/larevistadigital.com.ar\/blog\/informo-el-colegio-de-farmaceuticos-de-chascomus-que-osde-pone-en-riesgo-el-acceso-a-los-medicamentos-y-la-libre-eleccion-de-farmacias-a-sus-afiliados\/","url_meta":{"origin":35620,"position":1},"title":"INFORM\u00d3 EL COLEGIO DE FARMAC\u00c9UTICOS DE CHASCOM\u00daS, QUE OSDE PONE EN RIESGO EL ACCESO A LOS MEDICAMENTOS Y LA LIBRE ELECCI\u00d3N DE FARMACIAS A SUS AFILIADOS","author":"Alejandro Sosa Ruda","date":"5 noviembre, 2021","format":false,"excerpt":"CHASCOM\u00daS -\u00a0 El Colegio de Farmac\u00e9uticos inform\u00f3 que OSDE est\u00e1 poniendo en riesgo el acceso a los medicamentos y a la libre elecci\u00f3n de farmacias a sus afiliados Desde el Colegio de Farmac\u00e9uticos de Chascom\u00fas se hizo p\u00fablico que la prepaga OSDE est\u00e1 poniendo en riesgo el acceso a los\u2026","rel":"","context":"En \u00abINTERES GENERAL\u00bb","block_context":{"text":"INTERES GENERAL","link":"https:\/\/larevistadigital.com.ar\/blog\/category\/interes-general\/"},"img":{"alt_text":"","src":"https:\/\/i0.wp.com\/larevistadigital.com.ar\/blog\/wp-content\/uploads\/farma.jpg?fit=1200%2C675&ssl=1&resize=350%2C200","width":350,"height":200,"srcset":"https:\/\/i0.wp.com\/larevistadigital.com.ar\/blog\/wp-content\/uploads\/farma.jpg?fit=1200%2C675&ssl=1&resize=350%2C200 1x, https:\/\/i0.wp.com\/larevistadigital.com.ar\/blog\/wp-content\/uploads\/farma.jpg?fit=1200%2C675&ssl=1&resize=525%2C300 1.5x, https:\/\/i0.wp.com\/larevistadigital.com.ar\/blog\/wp-content\/uploads\/farma.jpg?fit=1200%2C675&ssl=1&resize=700%2C400 2x, https:\/\/i0.wp.com\/larevistadigital.com.ar\/blog\/wp-content\/uploads\/farma.jpg?fit=1200%2C675&ssl=1&resize=1050%2C600 3x"},"classes":[]},{"id":35676,"url":"https:\/\/larevistadigital.com.ar\/blog\/aporte-de-5500-millones-en-ioma-aumentan-la-cobertura-para-medicamentos-ambulatorios-cronicos\/","url_meta":{"origin":35620,"position":2},"title":"APORTE DE 5,500. MILLONES: EN IOMA AUMENTAN LA COBERTURA PARA MEDICAMENTOS AMBULATORIOS CR\u00d3NICOS","author":"Alejandro Sosa Ruda","date":"23 marzo, 2024","format":false,"excerpt":"IOMA reorganiza su vadem\u00e9cum, y tras un enorme aporte de m\u00e1s de 5500 millones de pesos, se duplic\u00f3 la inversi\u00f3n en medicamentos ambulatorios para aumentar la cobertura. 23 de marzo de 2024 BUENOS AIRES -\u00a0 Seg\u00fan explicaron desde el instituto,\u00a0la devaluaci\u00f3n del 118% de diciembre de 2023, la liberalizaci\u00f3n de\u2026","rel":"","context":"En \u00abPOLITICA PROVINCIAL\u00bb","block_context":{"text":"POLITICA PROVINCIAL","link":"https:\/\/larevistadigital.com.ar\/blog\/category\/politica\/politica-provincial\/"},"img":{"alt_text":"","src":"https:\/\/i0.wp.com\/larevistadigital.com.ar\/blog\/wp-content\/uploads\/20240322163008_ioma-aumento-cobertura-medicamentos-ambulatorios-cronicos.jpg?fit=880%2C512&ssl=1&resize=350%2C200","width":350,"height":200,"srcset":"https:\/\/i0.wp.com\/larevistadigital.com.ar\/blog\/wp-content\/uploads\/20240322163008_ioma-aumento-cobertura-medicamentos-ambulatorios-cronicos.jpg?fit=880%2C512&ssl=1&resize=350%2C200 1x, https:\/\/i0.wp.com\/larevistadigital.com.ar\/blog\/wp-content\/uploads\/20240322163008_ioma-aumento-cobertura-medicamentos-ambulatorios-cronicos.jpg?fit=880%2C512&ssl=1&resize=525%2C300 1.5x, https:\/\/i0.wp.com\/larevistadigital.com.ar\/blog\/wp-content\/uploads\/20240322163008_ioma-aumento-cobertura-medicamentos-ambulatorios-cronicos.jpg?fit=880%2C512&ssl=1&resize=700%2C400 2x"},"classes":[]},{"id":34490,"url":"https:\/\/larevistadigital.com.ar\/blog\/el-gobierno-bonaerense-destrabo-el-conflicto-con-las-farmacias-y-la-venta-de-medicamentos\/","url_meta":{"origin":35620,"position":3},"title":"EL GOBIERNO BONAERENSE DESTRAB\u00d3 EL CONFLICTO CON LAS FARMACIAS Y LA VENTA DE MEDICAMENTOS","author":"Alejandro Sosa Ruda","date":"10 noviembre, 2023","format":false,"excerpt":"\u201cSe realizar\u00e1 el esfuerzo de adelantar pagos y regularizar la atenci\u00f3n en farmacias bonaerenses inclusive para afiliados de otras obras sociales y prepagas, haci\u00e9ndose cargo del problema generado por los laboratorios y droguer\u00edas\u201d, explic\u00f3 el ministro Nicol\u00e1s Kreplak. 10 de Noviembre de 2023 El Gobierno bonaerense anunci\u00f3 que se resolvi\u00f3\u2026","rel":"","context":"En \u00abDESTACADAS\u00bb","block_context":{"text":"DESTACADAS","link":"https:\/\/larevistadigital.com.ar\/blog\/category\/destacadas\/"},"img":{"alt_text":"","src":"https:\/\/i0.wp.com\/larevistadigital.com.ar\/blog\/wp-content\/uploads\/20231109165758_medica.jpg?fit=880%2C512&ssl=1&resize=350%2C200","width":350,"height":200,"srcset":"https:\/\/i0.wp.com\/larevistadigital.com.ar\/blog\/wp-content\/uploads\/20231109165758_medica.jpg?fit=880%2C512&ssl=1&resize=350%2C200 1x, https:\/\/i0.wp.com\/larevistadigital.com.ar\/blog\/wp-content\/uploads\/20231109165758_medica.jpg?fit=880%2C512&ssl=1&resize=525%2C300 1.5x, https:\/\/i0.wp.com\/larevistadigital.com.ar\/blog\/wp-content\/uploads\/20231109165758_medica.jpg?fit=880%2C512&ssl=1&resize=700%2C400 2x"},"classes":[]},{"id":37384,"url":"https:\/\/larevistadigital.com.ar\/blog\/preocupa-aumento-de-la-demanda-de-alimentos-medicamentos-y-familias-sin-vivienda\/","url_meta":{"origin":35620,"position":4},"title":"Preocupa aumento de la demanda de alimentos, medicamentos y familias sin vivienda.","author":"Alejandro Sosa Ruda","date":"1 octubre, 2024","format":false,"excerpt":"Los jefes comunales de Uni\u00f3n por la Patria de la Quinta Secci\u00f3n Electoral, encabezados por Sebasti\u00e1n Ianantuony, se encontraron en Miramar para discutir la crisis econ\u00f3mica que afecta a sus distritos y el escaso apoyo del gobierno nacional en materia tur\u00edstica. 01 de Octubre de 2024 BUENOS AIRES -\u00a0 \u00a0El\u2026","rel":"","context":"En \u00abPOLITICA\u00bb","block_context":{"text":"POLITICA","link":"https:\/\/larevistadigital.com.ar\/blog\/category\/politica\/"},"img":{"alt_text":"","src":"https:\/\/i0.wp.com\/larevistadigital.com.ar\/blog\/wp-content\/uploads\/20240930175140_intendentes-quinta-seccion-miramar.jpg?fit=880%2C512&ssl=1&resize=350%2C200","width":350,"height":200,"srcset":"https:\/\/i0.wp.com\/larevistadigital.com.ar\/blog\/wp-content\/uploads\/20240930175140_intendentes-quinta-seccion-miramar.jpg?fit=880%2C512&ssl=1&resize=350%2C200 1x, https:\/\/i0.wp.com\/larevistadigital.com.ar\/blog\/wp-content\/uploads\/20240930175140_intendentes-quinta-seccion-miramar.jpg?fit=880%2C512&ssl=1&resize=525%2C300 1.5x, https:\/\/i0.wp.com\/larevistadigital.com.ar\/blog\/wp-content\/uploads\/20240930175140_intendentes-quinta-seccion-miramar.jpg?fit=880%2C512&ssl=1&resize=700%2C400 2x"},"classes":[]},{"id":37998,"url":"https:\/\/larevistadigital.com.ar\/blog\/si-sos-tan-guapo-el-desafio-de-cristina-kirchner-a-javier-milei-por-los-medicamentos\/","url_meta":{"origin":35620,"position":5},"title":"\u00abSi sos tan guapo&#8230;\u00bb: el desaf\u00edo de Cristina Kirchner a Javier Milei por los medicamentos","author":"Alejandro Sosa Ruda","date":"24 noviembre, 2024","format":false,"excerpt":"Como flamante titular del PJ, Cristina Kirchner encabez\u00f3 el cierre del Encuentro Nacional de Salud en Rosario, junto al ministro bonaerense Nicol\u00e1s Kreplak. 24 de Noviembre de 2024 La expresidenta Cristina Fern\u00e1ndez de Kirchner encabez\u00f3 esta s\u00e1bado en la ciudad de Rosario, un acto en el que apunt\u00f3 duro contra\u2026","rel":"","context":"En \u00abINTERES GENERAL\u00bb","block_context":{"text":"INTERES GENERAL","link":"https:\/\/larevistadigital.com.ar\/blog\/category\/interes-general\/"},"img":{"alt_text":"","src":"https:\/\/i0.wp.com\/larevistadigital.com.ar\/blog\/wp-content\/uploads\/Captura-de-pantalla-2024-11-24-134414.png?fit=888%2C467&ssl=1&resize=350%2C200","width":350,"height":200,"srcset":"https:\/\/i0.wp.com\/larevistadigital.com.ar\/blog\/wp-content\/uploads\/Captura-de-pantalla-2024-11-24-134414.png?fit=888%2C467&ssl=1&resize=350%2C200 1x, https:\/\/i0.wp.com\/larevistadigital.com.ar\/blog\/wp-content\/uploads\/Captura-de-pantalla-2024-11-24-134414.png?fit=888%2C467&ssl=1&resize=525%2C300 1.5x, https:\/\/i0.wp.com\/larevistadigital.com.ar\/blog\/wp-content\/uploads\/Captura-de-pantalla-2024-11-24-134414.png?fit=888%2C467&ssl=1&resize=700%2C400 2x"},"classes":[]}],"_links":{"self":[{"href":"https:\/\/larevistadigital.com.ar\/blog\/wp-json\/wp\/v2\/posts\/35620","targetHints":{"allow":["GET"]}}],"collection":[{"href":"https:\/\/larevistadigital.com.ar\/blog\/wp-json\/wp\/v2\/posts"}],"about":[{"href":"https:\/\/larevistadigital.com.ar\/blog\/wp-json\/wp\/v2\/types\/post"}],"author":[{"embeddable":true,"href":"https:\/\/larevistadigital.com.ar\/blog\/wp-json\/wp\/v2\/users\/3"}],"replies":[{"embeddable":true,"href":"https:\/\/larevistadigital.com.ar\/blog\/wp-json\/wp\/v2\/comments?post=35620"}],"version-history":[{"count":1,"href":"https:\/\/larevistadigital.com.ar\/blog\/wp-json\/wp\/v2\/posts\/35620\/revisions"}],"predecessor-version":[{"id":35622,"href":"https:\/\/larevistadigital.com.ar\/blog\/wp-json\/wp\/v2\/posts\/35620\/revisions\/35622"}],"wp:featuredmedia":[{"embeddable":true,"href":"https:\/\/larevistadigital.com.ar\/blog\/wp-json\/wp\/v2\/media\/35621"}],"wp:attachment":[{"href":"https:\/\/larevistadigital.com.ar\/blog\/wp-json\/wp\/v2\/media?parent=35620"}],"wp:term":[{"taxonomy":"category","embeddable":true,"href":"https:\/\/larevistadigital.com.ar\/blog\/wp-json\/wp\/v2\/categories?post=35620"},{"taxonomy":"post_tag","embeddable":true,"href":"https:\/\/larevistadigital.com.ar\/blog\/wp-json\/wp\/v2\/tags?post=35620"}],"curies":[{"name":"wp","href":"https:\/\/api.w.org\/{rel}","templated":true}]}}