{"id":35623,"date":"2024-03-19T09:41:53","date_gmt":"2024-03-19T12:41:53","guid":{"rendered":"https:\/\/larevistadigital.com.ar\/blog\/?p=35623"},"modified":"2024-03-19T09:41:53","modified_gmt":"2024-03-19T12:41:53","slug":"dura-respuesta-de-kicillof-a-milei-por-el-pedido-de-rebelion-fiscal-lo-acuso-de-fomentar-el-narco-capitalismo","status":"publish","type":"post","link":"https:\/\/larevistadigital.com.ar\/blog\/dura-respuesta-de-kicillof-a-milei-por-el-pedido-de-rebelion-fiscal-lo-acuso-de-fomentar-el-narco-capitalismo\/","title":{"rendered":"DURA RESPUESTA DE KICILLOF A MILEI POR EL PEDIDO DE REBELI\u00d3N FISCAL: LO ACUS\u00d3 DE FOMENTAR EL \u201cNARCO CAPITALISMO\u201d"},"content":{"rendered":"<p>19 de marzo de 2024<\/p>\n<h2>\u201cNo soy psic\u00f3logo, pero hay que ponerle freno a este desquicio\u201d, dijo el gobernador bonaerense en respuesta los ataques del Presidente.<\/h2>\n<p>19 de marzo de 2024<\/p>\n<p><strong>BUENOS AIRES &#8211;\u00a0<\/strong> El gobernador de la Provincia de Buenos Aires, <strong>Axel Kicillof<\/strong> le respondi\u00f3 al presidente <strong>Javier Milei<\/strong>, al que adem\u00e1s acus\u00f3 de aplicar un <strong><em>\u201cplan econ\u00f3mico criminal\u201c<\/em><\/strong> y buscar <strong><em>\u201cla desintegraci\u00f3n de las capacidades del Estado e incluso la unidad nacional\u201d<\/em> <\/strong><\/p>\n<p><strong><em>\u201cLo quiero dejar claramente establecido: es grav\u00edsimo y nunca ocurri\u00f3 que un Presidente llame a incumplir la ley\u201d<\/em><\/strong>, enfatiz\u00f3 el mandatario provincial.<\/p>\n<blockquote>\n<h3><em><strong>\u201cCuando el Estado se ausenta lo que se logra no es el anarco capitalismo sino el narco capitalismo\u201d. \u201cLas organizaciones criminales empiezan a tomar el lugar\u201d<\/strong> <\/em>que le corresponde al Estado.<\/h3>\n<\/blockquote>\n<p><strong><em> \u201cHay escuchas de algunos miembros de organizaciones criminales que empezaban a hablar de pagar los remedios, que no se pod\u00edan costear por el aumento desmesurado que hubo en las farmacias\u201d<\/em><\/strong>, ejemplific\u00f3.<\/p>\n","protected":false},"excerpt":{"rendered":"<div class=\"mh-excerpt\"><p>19 de marzo de 2024 \u201cNo soy psic\u00f3logo, pero hay que ponerle freno a este desquicio\u201d, dijo el gobernador bonaerense en respuesta los ataques del Presidente. 19 de marzo de 2024 BUENOS AIRES &#8211;\u00a0 El <a class=\"mh-excerpt-more\" href=\"https:\/\/larevistadigital.com.ar\/blog\/dura-respuesta-de-kicillof-a-milei-por-el-pedido-de-rebelion-fiscal-lo-acuso-de-fomentar-el-narco-capitalismo\/\" title=\"DURA RESPUESTA DE KICILLOF A MILEI POR EL PEDIDO DE REBELI\u00d3N FISCAL: LO ACUS\u00d3 DE FOMENTAR EL \u201cNARCO CAPITALISMO\u201d\">[Leer M\u00e1s]<\/a><\/p>\n<\/div>","protected":false},"author":3,"featured_media":35625,"comment_status":"open","ping_status":"open","sticky":false,"template":"","format":"standard","meta":{"_jetpack_memberships_contains_paid_content":false,"footnotes":"","jetpack_publicize_message":"","jetpack_publicize_feature_enabled":true,"jetpack_social_post_already_shared":true,"jetpack_social_options":{"image_generator_settings":{"template":"highway","default_image_id":0,"font":"","enabled":false},"version":2}},"categories":[41],"tags":[],"class_list":{"0":"post-35623","1":"post","2":"type-post","3":"status-publish","4":"format-standard","5":"has-post-thumbnail","7":"category-destacadas"},"jetpack_publicize_connections":[],"jetpack_featured_media_url":"https:\/\/i0.wp.com\/larevistadigital.com.ar\/blog\/wp-content\/uploads\/KICILLOF.jpg?fit=700%2C393&ssl=1","jetpack_sharing_enabled":true,"jetpack_shortlink":"https:\/\/wp.me\/p8qtrQ-9gz","jetpack-related-posts":[{"id":41401,"url":"https:\/\/larevistadigital.com.ar\/blog\/kicillof-tras-la-derrota-libertaria-milei-puso-todas-las-fichas-en-buenos-aires-y-perdio-en-mas-de-100-distritos\/","url_meta":{"origin":35623,"position":0},"title":"Kicillof tras la derrota libertaria: \u201cMilei puso todas las fichas en Buenos Aires y perdi\u00f3 en m\u00e1s de 100 distritos\u201d","author":"Alejandro Sosa Ruda","date":"10 septiembre, 2025","format":false,"excerpt":"El gobernador bonaerense celebr\u00f3 el triunfo del peronismo en las legislativas y calific\u00f3 la derrota de Javier Milei como un \u201csacud\u00f3n\u201d pol\u00edtico y econ\u00f3mico. Tambi\u00e9n apunt\u00f3 contra el FMI por el endeudamiento del pa\u00eds. 10 de Septiembre de 2025 BUENOS AIRES\u00a0 -\u00a0 \u00a0El gobernador de la provincia de Buenos Aires,\u2026","rel":"","context":"En \u00abINTERES GENERAL\u00bb","block_context":{"text":"INTERES GENERAL","link":"https:\/\/larevistadigital.com.ar\/blog\/category\/interes-general\/"},"img":{"alt_text":"","src":"https:\/\/i0.wp.com\/larevistadigital.com.ar\/blog\/wp-content\/uploads\/Captura-de-pantalla-2025-09-10-225347.jpg?fit=642%2C367&ssl=1&resize=350%2C200","width":350,"height":200,"srcset":"https:\/\/i0.wp.com\/larevistadigital.com.ar\/blog\/wp-content\/uploads\/Captura-de-pantalla-2025-09-10-225347.jpg?fit=642%2C367&ssl=1&resize=350%2C200 1x, https:\/\/i0.wp.com\/larevistadigital.com.ar\/blog\/wp-content\/uploads\/Captura-de-pantalla-2025-09-10-225347.jpg?fit=642%2C367&ssl=1&resize=525%2C300 1.5x"},"classes":[]},{"id":43824,"url":"https:\/\/larevistadigital.com.ar\/blog\/encuesta-cual-es-la-imagen-de-axel-kicillof-y-javier-milei-en-cada-provincia\/","url_meta":{"origin":35623,"position":1},"title":"Encuesta: cu\u00e1l es la imagen de Axel Kicillof y Javier Milei en cada provincia","author":"Alejandro Sosa Ruda","date":"6 febrero, 2026","format":false,"excerpt":"Una nueva encuesta revela c\u00f3mo miden Javier Milei y Axel Kicillof en cada provincia. D\u00f3nde gana cada uno y qu\u00e9 distritos marcan la diferencia. 6 de febrero de 2026 Una nueva\u00a0encuesta nacional\u00a0volvi\u00f3 a poner el foco en el mapa pol\u00edtico argentino. La consultora\u00a0CG Global Data\u00a0present\u00f3 un estudio que midi\u00f3 la\u2026","rel":"","context":"En \u00abINTERES GENERAL\u00bb","block_context":{"text":"INTERES GENERAL","link":"https:\/\/larevistadigital.com.ar\/blog\/category\/interes-general\/"},"img":{"alt_text":"","src":"https:\/\/i0.wp.com\/larevistadigital.com.ar\/blog\/wp-content\/uploads\/Captura-de-pantalla-2026-02-06-141759.jpg?fit=802%2C530&ssl=1&resize=350%2C200","width":350,"height":200,"srcset":"https:\/\/i0.wp.com\/larevistadigital.com.ar\/blog\/wp-content\/uploads\/Captura-de-pantalla-2026-02-06-141759.jpg?fit=802%2C530&ssl=1&resize=350%2C200 1x, https:\/\/i0.wp.com\/larevistadigital.com.ar\/blog\/wp-content\/uploads\/Captura-de-pantalla-2026-02-06-141759.jpg?fit=802%2C530&ssl=1&resize=525%2C300 1.5x, https:\/\/i0.wp.com\/larevistadigital.com.ar\/blog\/wp-content\/uploads\/Captura-de-pantalla-2026-02-06-141759.jpg?fit=802%2C530&ssl=1&resize=700%2C400 2x"},"classes":[]},{"id":40270,"url":"https:\/\/larevistadigital.com.ar\/blog\/kicillof-milei-pone-en-riesgo-el-interes-nacional\/","url_meta":{"origin":35623,"position":2},"title":"Kicillof: \u201cMilei pone en riesgo el inter\u00e9s nacional\u201d","author":"Alejandro Sosa Ruda","date":"2 julio, 2025","format":false,"excerpt":"Fue en el marco de una conferencia de prensa realizada en la Gobernaci\u00f3n bonaerense. Mi\u00e9rcoles, 2 de Julio de 2025 BUENOS AIRES -\u00a0 \"Responsabilizo a Javier Milei por cualquier decisi\u00f3n que ponga en riesgo la soberan\u00eda energ\u00e9tica: lo que deber\u00eda hacer el Presidente es defender a la Argentina y a\u2026","rel":"","context":"En \u00abDESTACADAS\u00bb","block_context":{"text":"DESTACADAS","link":"https:\/\/larevistadigital.com.ar\/blog\/category\/destacadas\/"},"img":{"alt_text":"","src":"https:\/\/i0.wp.com\/larevistadigital.com.ar\/blog\/wp-content\/uploads\/ypf-web.jpg?fit=743%2C530&ssl=1&resize=350%2C200","width":350,"height":200,"srcset":"https:\/\/i0.wp.com\/larevistadigital.com.ar\/blog\/wp-content\/uploads\/ypf-web.jpg?fit=743%2C530&ssl=1&resize=350%2C200 1x, https:\/\/i0.wp.com\/larevistadigital.com.ar\/blog\/wp-content\/uploads\/ypf-web.jpg?fit=743%2C530&ssl=1&resize=525%2C300 1.5x, https:\/\/i0.wp.com\/larevistadigital.com.ar\/blog\/wp-content\/uploads\/ypf-web.jpg?fit=743%2C530&ssl=1&resize=700%2C400 2x"},"classes":[]},{"id":35614,"url":"https:\/\/larevistadigital.com.ar\/blog\/incremento-para-las-jubilaciones-y-pensiones-minimas-de-la-provincia-de-buenos-aires\/","url_meta":{"origin":35623,"position":3},"title":"INCREMENTO PARA LAS JUBILACIONES Y PENSIONES M\u00cdNIMAS DE LA PROVINCIA DE BUENOS AIRES","author":"Alejandro Sosa Ruda","date":"19 marzo, 2024","format":false,"excerpt":"19 de marzo de 2024 LA PLATA -\u00a0 En conferencia de prensa, el gobernador Axel Kicillof acompa\u00f1ado por la presidenta del Instituto de Previsi\u00f3n Social de la provincia de Buenos Aires, Marina Moretti anunciaron diferentes medidas a favor de las y los bonaerenses. Entre ellas, un incremento a las jubilaciones\u2026","rel":"","context":"En \u00abINTERES GENERAL\u00bb","block_context":{"text":"INTERES GENERAL","link":"https:\/\/larevistadigital.com.ar\/blog\/category\/interes-general\/"},"img":{"alt_text":"","src":"https:\/\/i0.wp.com\/larevistadigital.com.ar\/blog\/wp-content\/uploads\/ConferenciaPBA2.jpeg?fit=900%2C600&ssl=1&resize=350%2C200","width":350,"height":200,"srcset":"https:\/\/i0.wp.com\/larevistadigital.com.ar\/blog\/wp-content\/uploads\/ConferenciaPBA2.jpeg?fit=900%2C600&ssl=1&resize=350%2C200 1x, https:\/\/i0.wp.com\/larevistadigital.com.ar\/blog\/wp-content\/uploads\/ConferenciaPBA2.jpeg?fit=900%2C600&ssl=1&resize=525%2C300 1.5x, https:\/\/i0.wp.com\/larevistadigital.com.ar\/blog\/wp-content\/uploads\/ConferenciaPBA2.jpeg?fit=900%2C600&ssl=1&resize=700%2C400 2x"},"classes":[]},{"id":35365,"url":"https:\/\/larevistadigital.com.ar\/blog\/uno-por-uno-los-7-puntos-que-kicillof-le-exige-a-milei-para-firmar-el-pacto-de-mayo\/","url_meta":{"origin":35623,"position":4},"title":"UNO POR UNO: LOS 7 PUNTOS QUE KICILLOF LE EXIGE A MILEI PARA FIRMAR EL \u00abPACTO DE MAYO\u00bb","author":"Alejandro Sosa Ruda","date":"5 marzo, 2024","format":false,"excerpt":"\"Nuestro pacto es con el pueblo, con la patria, y nunca lo vamos a traicionar\", dijo Axel Kicillof en la apertura de sesiones en la Legislatura. 5 De marzo de 2024 BUENOS AIRES -\u00a0 El gobernador de la provincia de Buenos Aires, Axel Kicillof, se pronunci\u00f3 ayer durante la apertura\u2026","rel":"","context":"En \u00abPOLITICA PROVINCIAL\u00bb","block_context":{"text":"POLITICA PROVINCIAL","link":"https:\/\/larevistadigital.com.ar\/blog\/category\/politica\/politica-provincial\/"},"img":{"alt_text":"","src":"https:\/\/i0.wp.com\/larevistadigital.com.ar\/blog\/wp-content\/uploads\/Captura-de-pantalla-2024-03-05-082357.png?fit=906%2C444&ssl=1&resize=350%2C200","width":350,"height":200,"srcset":"https:\/\/i0.wp.com\/larevistadigital.com.ar\/blog\/wp-content\/uploads\/Captura-de-pantalla-2024-03-05-082357.png?fit=906%2C444&ssl=1&resize=350%2C200 1x, https:\/\/i0.wp.com\/larevistadigital.com.ar\/blog\/wp-content\/uploads\/Captura-de-pantalla-2024-03-05-082357.png?fit=906%2C444&ssl=1&resize=525%2C300 1.5x, https:\/\/i0.wp.com\/larevistadigital.com.ar\/blog\/wp-content\/uploads\/Captura-de-pantalla-2024-03-05-082357.png?fit=906%2C444&ssl=1&resize=700%2C400 2x"},"classes":[]},{"id":33248,"url":"https:\/\/larevistadigital.com.ar\/blog\/kicillof-ni-bullrich-ni-milei-van-a-resolver-un-solo-problema\/","url_meta":{"origin":35623,"position":5},"title":"KICILLOF: \u00abNI BULLRICH NI MILEI VAN A RESOLVER UN SOLO PROBLEMA\u00bb","author":"Alejandro Sosa Ruda","date":"3 septiembre, 2023","format":false,"excerpt":"\"La derecha tiene dos candidatos pero un solo proyecto, que es quitar derechos\", dijo el Gobernador a trav\u00e9s de\u00a0sus redes sociales. 03 de septiembre de 2023 El gobernador bonaerense,\u00a0Axel Kicillof, advirti\u00f3 este domingo que los candidatos presidenciales opositores,\u00a0Patricia Bullrich\u00a0y\u00a0Javier Milei,\u00a0\"no van a resolver un solo problema\", por lo que el\u2026","rel":"","context":"En \u00abPOLITICA PROVINCIAL\u00bb","block_context":{"text":"POLITICA PROVINCIAL","link":"https:\/\/larevistadigital.com.ar\/blog\/category\/politica\/politica-provincial\/"},"img":{"alt_text":"","src":"https:\/\/i0.wp.com\/larevistadigital.com.ar\/blog\/wp-content\/uploads\/1693770149328.jpeg?fit=1200%2C594&ssl=1&resize=350%2C200","width":350,"height":200,"srcset":"https:\/\/i0.wp.com\/larevistadigital.com.ar\/blog\/wp-content\/uploads\/1693770149328.jpeg?fit=1200%2C594&ssl=1&resize=350%2C200 1x, https:\/\/i0.wp.com\/larevistadigital.com.ar\/blog\/wp-content\/uploads\/1693770149328.jpeg?fit=1200%2C594&ssl=1&resize=525%2C300 1.5x, https:\/\/i0.wp.com\/larevistadigital.com.ar\/blog\/wp-content\/uploads\/1693770149328.jpeg?fit=1200%2C594&ssl=1&resize=700%2C400 2x, https:\/\/i0.wp.com\/larevistadigital.com.ar\/blog\/wp-content\/uploads\/1693770149328.jpeg?fit=1200%2C594&ssl=1&resize=1050%2C600 3x"},"classes":[]}],"_links":{"self":[{"href":"https:\/\/larevistadigital.com.ar\/blog\/wp-json\/wp\/v2\/posts\/35623","targetHints":{"allow":["GET"]}}],"collection":[{"href":"https:\/\/larevistadigital.com.ar\/blog\/wp-json\/wp\/v2\/posts"}],"about":[{"href":"https:\/\/larevistadigital.com.ar\/blog\/wp-json\/wp\/v2\/types\/post"}],"author":[{"embeddable":true,"href":"https:\/\/larevistadigital.com.ar\/blog\/wp-json\/wp\/v2\/users\/3"}],"replies":[{"embeddable":true,"href":"https:\/\/larevistadigital.com.ar\/blog\/wp-json\/wp\/v2\/comments?post=35623"}],"version-history":[{"count":1,"href":"https:\/\/larevistadigital.com.ar\/blog\/wp-json\/wp\/v2\/posts\/35623\/revisions"}],"predecessor-version":[{"id":35626,"href":"https:\/\/larevistadigital.com.ar\/blog\/wp-json\/wp\/v2\/posts\/35623\/revisions\/35626"}],"wp:featuredmedia":[{"embeddable":true,"href":"https:\/\/larevistadigital.com.ar\/blog\/wp-json\/wp\/v2\/media\/35625"}],"wp:attachment":[{"href":"https:\/\/larevistadigital.com.ar\/blog\/wp-json\/wp\/v2\/media?parent=35623"}],"wp:term":[{"taxonomy":"category","embeddable":true,"href":"https:\/\/larevistadigital.com.ar\/blog\/wp-json\/wp\/v2\/categories?post=35623"},{"taxonomy":"post_tag","embeddable":true,"href":"https:\/\/larevistadigital.com.ar\/blog\/wp-json\/wp\/v2\/tags?post=35623"}],"curies":[{"name":"wp","href":"https:\/\/api.w.org\/{rel}","templated":true}]}}