{"id":35630,"date":"2024-03-19T18:05:59","date_gmt":"2024-03-19T21:05:59","guid":{"rendered":"https:\/\/larevistadigital.com.ar\/blog\/?p=35630"},"modified":"2024-03-19T18:05:59","modified_gmt":"2024-03-19T21:05:59","slug":"presentacion-del-programa-de-salud-bucal-municipal-en-la-primera-infancia","status":"publish","type":"post","link":"https:\/\/larevistadigital.com.ar\/blog\/presentacion-del-programa-de-salud-bucal-municipal-en-la-primera-infancia\/","title":{"rendered":"PRESENTACI\u00d3N DEL PROGRAMA DE SALUD BUCAL MUNICIPAL EN LA PRIMERA INFANCIA"},"content":{"rendered":"<h2 class=\"notaIntro\"><em>La propuesta est\u00e1 orientada a la prevenci\u00f3n y el cuidado de la salud bucal de los ni\u00f1os y las ni\u00f1as de Chascom\u00fas desde su nacimiento hasta los tres a\u00f1os de edad.<\/em><\/h2>\n<p>19 de marzo de 2024<\/p>\n<p class=\"notaTexto\"><strong>CHASCOM\u00daS &#8211;\u00a0<\/strong> \u00a0El pr\u00f3ximo viernes a las 8:30 horasse llevar\u00e1 a cabo la presentaci\u00f3n del programa de Salud Bucal Municipal en la Primera Infancia.<br \/>\nEl lanzamiento de la propuesta se har\u00e1 con una charla abierta la comunidad en el SUM del CIC 30 de Mayo, a cargo del odontopediatra <strong>Carlos Martins<\/strong>.<\/p>\n<blockquote>\n<h3 class=\"notaTexto\">En ese marco, se brindar\u00e1n detalles sobre esta iniciativa destinada a promover estrategias de prevenci\u00f3n de la salud bucodental para ni\u00f1os y ni\u00f1as de hasta tres a\u00f1os de edad a la que se convocan a sumarse a instituciones educativas y a profesionales relacionados con las infancias.<\/h3>\n<\/blockquote>\n<p class=\"notaTexto\">Esta semana, la secretaria de Salud P\u00fablica, <strong>Marcela Arias<\/strong>, encabez\u00f3 un encuentro para coordinar el inicio del programa y acciones conjuntas en el que participaron el referente del programa, la directora de Salud Comunitaria y los odont\u00f3logos de atenci\u00f3n primaria de la salud.<\/p>\n","protected":false},"excerpt":{"rendered":"<div class=\"mh-excerpt\"><p>La propuesta est\u00e1 orientada a la prevenci\u00f3n y el cuidado de la salud bucal de los ni\u00f1os y las ni\u00f1as de Chascom\u00fas desde su nacimiento hasta los tres a\u00f1os de edad. 19 de marzo de <a class=\"mh-excerpt-more\" href=\"https:\/\/larevistadigital.com.ar\/blog\/presentacion-del-programa-de-salud-bucal-municipal-en-la-primera-infancia\/\" title=\"PRESENTACI\u00d3N DEL PROGRAMA DE SALUD BUCAL MUNICIPAL EN LA PRIMERA INFANCIA\">[Leer M\u00e1s]<\/a><\/p>\n<\/div>","protected":false},"author":3,"featured_media":35631,"comment_status":"open","ping_status":"open","sticky":false,"template":"","format":"standard","meta":{"_jetpack_memberships_contains_paid_content":false,"footnotes":"","jetpack_publicize_message":"","jetpack_publicize_feature_enabled":true,"jetpack_social_post_already_shared":true,"jetpack_social_options":{"image_generator_settings":{"template":"highway","default_image_id":0,"font":"","enabled":false},"version":2}},"categories":[6,23],"tags":[],"class_list":{"0":"post-35630","1":"post","2":"type-post","3":"status-publish","4":"format-standard","5":"has-post-thumbnail","7":"category-chascomus","8":"category-politica-local"},"jetpack_publicize_connections":[],"jetpack_featured_media_url":"https:\/\/i0.wp.com\/larevistadigital.com.ar\/blog\/wp-content\/uploads\/2024_03_20_01_24_25_2283393.jpg?fit=600%2C400&ssl=1","jetpack_sharing_enabled":true,"jetpack_shortlink":"https:\/\/wp.me\/p8qtrQ-9gG","jetpack-related-posts":[{"id":35682,"url":"https:\/\/larevistadigital.com.ar\/blog\/el-programa-de-salud-bucal-municipal-busca-prevenir-la-caries-desde-la-primera-infancia\/","url_meta":{"origin":35630,"position":0},"title":"EL PROGRAMA DE SALUD BUCAL MUNICIPAL BUSCA PREVENIR LA CARIES DESDE LA PRIMERA INFANCIA","author":"Alejandro Sosa Ruda","date":"23 marzo, 2024","format":false,"excerpt":"Con una charla realizada el viernes por la ma\u00f1ana en el Centro Integrador Comunitario (CIC) del barrio 30 de Mayo, se lanz\u00f3 el programa municipal \"La Salud en Boca de Todos los Ni\u00f1os y Ni\u00f1as de Chascom\u00fas\". 23 de marzo de 2024 CHASCOM\u00daS -\u00a0 \u00a0Este proyecto, encabezado por la secretaria\u2026","rel":"","context":"En \u00abCHASCOM\u00daS\u00bb","block_context":{"text":"CHASCOM\u00daS","link":"https:\/\/larevistadigital.com.ar\/blog\/category\/chascomus\/"},"img":{"alt_text":"","src":"https:\/\/i0.wp.com\/larevistadigital.com.ar\/blog\/wp-content\/uploads\/2024_03_23_01_23_03_6460605.jpg?fit=600%2C401&ssl=1&resize=350%2C200","width":350,"height":200,"srcset":"https:\/\/i0.wp.com\/larevistadigital.com.ar\/blog\/wp-content\/uploads\/2024_03_23_01_23_03_6460605.jpg?fit=600%2C401&ssl=1&resize=350%2C200 1x, https:\/\/i0.wp.com\/larevistadigital.com.ar\/blog\/wp-content\/uploads\/2024_03_23_01_23_03_6460605.jpg?fit=600%2C401&ssl=1&resize=525%2C300 1.5x"},"classes":[]},{"id":28035,"url":"https:\/\/larevistadigital.com.ar\/blog\/hoy-jornada-de-salud-vacunacion-y-salud-bucal-en-el-barrio-san-cayetano\/","url_meta":{"origin":35630,"position":1},"title":"HOY: JORNADA DE SALUD, VACUNACI\u00d3N Y SALUD BUCAL EN EL BARRIO SAN CAYETANO","author":"Alejandro Sosa Ruda","date":"23 septiembre, 2022","format":false,"excerpt":"CHASCOMUS -\u00a0 \u00a0Se realiza en el marco de un convenio entre el Ministerio de Salud y el Club Atl\u00e9tico Boca J\u00faniors, para realizar \"jornadas de salud\". Consiste en lo que es \"vacunaci\u00f3n Covid\" del nuevo calendario, y talleres de salud bucal, dirigido principalmente a los ni\u00f1os. En este caso, el\u2026","rel":"","context":"En \u00abSin categor\u00eda\u00bb","block_context":{"text":"Sin categor\u00eda","link":"https:\/\/larevistadigital.com.ar\/blog\/category\/sin-categoria\/"},"img":{"alt_text":"","src":"https:\/\/i0.wp.com\/larevistadigital.com.ar\/blog\/wp-content\/uploads\/WhatsApp-Image-2022-09-23-at-11.58.15.jpeg?fit=1200%2C900&ssl=1&resize=350%2C200","width":350,"height":200,"srcset":"https:\/\/i0.wp.com\/larevistadigital.com.ar\/blog\/wp-content\/uploads\/WhatsApp-Image-2022-09-23-at-11.58.15.jpeg?fit=1200%2C900&ssl=1&resize=350%2C200 1x, https:\/\/i0.wp.com\/larevistadigital.com.ar\/blog\/wp-content\/uploads\/WhatsApp-Image-2022-09-23-at-11.58.15.jpeg?fit=1200%2C900&ssl=1&resize=525%2C300 1.5x, https:\/\/i0.wp.com\/larevistadigital.com.ar\/blog\/wp-content\/uploads\/WhatsApp-Image-2022-09-23-at-11.58.15.jpeg?fit=1200%2C900&ssl=1&resize=700%2C400 2x, https:\/\/i0.wp.com\/larevistadigital.com.ar\/blog\/wp-content\/uploads\/WhatsApp-Image-2022-09-23-at-11.58.15.jpeg?fit=1200%2C900&ssl=1&resize=1050%2C600 3x"},"classes":[]},{"id":31371,"url":"https:\/\/larevistadigital.com.ar\/blog\/chascomus-este-lunes-comienza-a-funcionar-el-espacio-de-primera-infancia-en-el-barrio-30-de-mayo\/","url_meta":{"origin":35630,"position":2},"title":"CHASCOM\u00daS: ESTE LUNES COMIENZA A FUNCIONAR EL ESPACIO DE PRIMERA INFANCIA EN EL BARRIO 30 DE MAYO","author":"Alejandro Sosa Ruda","date":"5 mayo, 2023","format":false,"excerpt":"El EPI brindar\u00e1 atenci\u00f3n integral, contenci\u00f3n y estimulaci\u00f3n basado en la crianza compartida de ni\u00f1os y ni\u00f1as de 45 d\u00edas a 2 a\u00f1os del barrio. 4 DE MAYO DE 2023 CHASCOM\u00daS -\u00a0 Este lunes 8, empezar\u00e1 a brindar sus servicios este espacio ubicado Calle Francisco Serantes entre M. Dom\u00ednguez y\u2026","rel":"","context":"En \u00abCHASCOM\u00daS\u00bb","block_context":{"text":"CHASCOM\u00daS","link":"https:\/\/larevistadigital.com.ar\/blog\/category\/chascomus\/"},"img":{"alt_text":"","src":"https:\/\/i0.wp.com\/larevistadigital.com.ar\/blog\/wp-content\/uploads\/2023_05_05_01_05_05_8580377-1.jpg?fit=799%2C533&ssl=1&resize=350%2C200","width":350,"height":200,"srcset":"https:\/\/i0.wp.com\/larevistadigital.com.ar\/blog\/wp-content\/uploads\/2023_05_05_01_05_05_8580377-1.jpg?fit=799%2C533&ssl=1&resize=350%2C200 1x, https:\/\/i0.wp.com\/larevistadigital.com.ar\/blog\/wp-content\/uploads\/2023_05_05_01_05_05_8580377-1.jpg?fit=799%2C533&ssl=1&resize=525%2C300 1.5x, https:\/\/i0.wp.com\/larevistadigital.com.ar\/blog\/wp-content\/uploads\/2023_05_05_01_05_05_8580377-1.jpg?fit=799%2C533&ssl=1&resize=700%2C400 2x"},"classes":[]},{"id":41614,"url":"https:\/\/larevistadigital.com.ar\/blog\/kicillof-presento-un-programa-para-el-cuidado-de-la-salud-de-ninos-ninas-y-adolescentes-en-edad-escolar\/","url_meta":{"origin":35630,"position":3},"title":"Kicillof present\u00f3 un programa para el cuidado de la salud de ni\u00f1os, ni\u00f1as y adolescentes en edad escolar","author":"Alejandro Sosa Ruda","date":"24 septiembre, 2025","format":false,"excerpt":"Adem\u00e1s, el Gobernador inaugur\u00f3 las obras de ampliaci\u00f3n de la Escuela Primaria N\u00ba 119 en Lisandro Olmos. 23 De Septiembre de 2025 Olmos.- BUENOS AIRES\u00a0 -\u00a0 \u00a0 El gobernador de la provincia de Buenos Aires, Axel Kicillof, encabez\u00f3 este lunes junto al ministro de Salud, Nicol\u00e1s Kreplak, y el director\u2026","rel":"","context":"En \u00abPOLITICA PROVINCIAL\u00bb","block_context":{"text":"POLITICA PROVINCIAL","link":"https:\/\/larevistadigital.com.ar\/blog\/category\/politica\/politica-provincial\/"},"img":{"alt_text":"","src":"https:\/\/i0.wp.com\/larevistadigital.com.ar\/blog\/wp-content\/uploads\/Axel-Kicillof_133.jpg?fit=743%2C530&ssl=1&resize=350%2C200","width":350,"height":200,"srcset":"https:\/\/i0.wp.com\/larevistadigital.com.ar\/blog\/wp-content\/uploads\/Axel-Kicillof_133.jpg?fit=743%2C530&ssl=1&resize=350%2C200 1x, https:\/\/i0.wp.com\/larevistadigital.com.ar\/blog\/wp-content\/uploads\/Axel-Kicillof_133.jpg?fit=743%2C530&ssl=1&resize=525%2C300 1.5x, https:\/\/i0.wp.com\/larevistadigital.com.ar\/blog\/wp-content\/uploads\/Axel-Kicillof_133.jpg?fit=743%2C530&ssl=1&resize=700%2C400 2x"},"classes":[]},{"id":36869,"url":"https:\/\/larevistadigital.com.ar\/blog\/chascomus-el-municipio-presento-el-programa-juventudes-cuidadas\/","url_meta":{"origin":35630,"position":4},"title":"CHASCOM\u00daS: EL MUNICIPIO PRESENT\u00d3 EL PROGRAMA \u00abJUVENTUDES CUIDADAS\u00bb","author":"Alejandro Sosa Ruda","date":"1 agosto, 2024","format":false,"excerpt":"Esta propuesta integral forma parte de un conjunto de pol\u00edticas p\u00fablicas orientadas a la inclusi\u00f3n y protagonismo juvenil y a la prevenci\u00f3n sociocomunitaria ante situaciones de violencia. 01 de Agosto de 2024 CHASCOM\u00daS -\u00a0 Este jueves por la ma\u00f1ana, en el Teatro Municipal Brazzola, se realiz\u00f3 ante un numeroso p\u00fablico\u2026","rel":"","context":"En \u00abINTERES GENERAL\u00bb","block_context":{"text":"INTERES GENERAL","link":"https:\/\/larevistadigital.com.ar\/blog\/category\/interes-general\/"},"img":{"alt_text":"","src":"https:\/\/i0.wp.com\/larevistadigital.com.ar\/blog\/wp-content\/uploads\/66abd18715772.png?fit=668%2C445&ssl=1&resize=350%2C200","width":350,"height":200,"srcset":"https:\/\/i0.wp.com\/larevistadigital.com.ar\/blog\/wp-content\/uploads\/66abd18715772.png?fit=668%2C445&ssl=1&resize=350%2C200 1x, https:\/\/i0.wp.com\/larevistadigital.com.ar\/blog\/wp-content\/uploads\/66abd18715772.png?fit=668%2C445&ssl=1&resize=525%2C300 1.5x"},"classes":[]},{"id":39772,"url":"https:\/\/larevistadigital.com.ar\/blog\/chascomus-fue-entregado-equipamiento-para-caps-barriales\/","url_meta":{"origin":35630,"position":5},"title":"Chascom\u00fas: Fue entregado equipamiento para CAPS barriales","author":"Alejandro Sosa Ruda","date":"16 mayo, 2025","format":false,"excerpt":"El intendente Javier Gast\u00f3n visit\u00f3 este jueves los Centros de Atenci\u00f3n Primaria de la Salud (CAPS) de Ipor\u00e1 y La Noria. 16 de Mayo de 2025 CHASCOM\u00daS-\u00a0 \u00a0Durante su visita, en la que estuvo acompa\u00f1ado por la secretaria de Salud P\u00fablica, Marcela Arias, Gast\u00f3n hizo entrega de balanzas pedi\u00e1tricas para\u2026","rel":"","context":"En \u00abCHASCOM\u00daS\u00bb","block_context":{"text":"CHASCOM\u00daS","link":"https:\/\/larevistadigital.com.ar\/blog\/category\/chascomus\/"},"img":{"alt_text":"","src":"https:\/\/i0.wp.com\/larevistadigital.com.ar\/blog\/wp-content\/uploads\/6826287578bfb.png?fit=668%2C445&ssl=1&resize=350%2C200","width":350,"height":200,"srcset":"https:\/\/i0.wp.com\/larevistadigital.com.ar\/blog\/wp-content\/uploads\/6826287578bfb.png?fit=668%2C445&ssl=1&resize=350%2C200 1x, https:\/\/i0.wp.com\/larevistadigital.com.ar\/blog\/wp-content\/uploads\/6826287578bfb.png?fit=668%2C445&ssl=1&resize=525%2C300 1.5x"},"classes":[]}],"_links":{"self":[{"href":"https:\/\/larevistadigital.com.ar\/blog\/wp-json\/wp\/v2\/posts\/35630","targetHints":{"allow":["GET"]}}],"collection":[{"href":"https:\/\/larevistadigital.com.ar\/blog\/wp-json\/wp\/v2\/posts"}],"about":[{"href":"https:\/\/larevistadigital.com.ar\/blog\/wp-json\/wp\/v2\/types\/post"}],"author":[{"embeddable":true,"href":"https:\/\/larevistadigital.com.ar\/blog\/wp-json\/wp\/v2\/users\/3"}],"replies":[{"embeddable":true,"href":"https:\/\/larevistadigital.com.ar\/blog\/wp-json\/wp\/v2\/comments?post=35630"}],"version-history":[{"count":1,"href":"https:\/\/larevistadigital.com.ar\/blog\/wp-json\/wp\/v2\/posts\/35630\/revisions"}],"predecessor-version":[{"id":35632,"href":"https:\/\/larevistadigital.com.ar\/blog\/wp-json\/wp\/v2\/posts\/35630\/revisions\/35632"}],"wp:featuredmedia":[{"embeddable":true,"href":"https:\/\/larevistadigital.com.ar\/blog\/wp-json\/wp\/v2\/media\/35631"}],"wp:attachment":[{"href":"https:\/\/larevistadigital.com.ar\/blog\/wp-json\/wp\/v2\/media?parent=35630"}],"wp:term":[{"taxonomy":"category","embeddable":true,"href":"https:\/\/larevistadigital.com.ar\/blog\/wp-json\/wp\/v2\/categories?post=35630"},{"taxonomy":"post_tag","embeddable":true,"href":"https:\/\/larevistadigital.com.ar\/blog\/wp-json\/wp\/v2\/tags?post=35630"}],"curies":[{"name":"wp","href":"https:\/\/api.w.org\/{rel}","templated":true}]}}