{"id":35633,"date":"2024-03-19T18:14:21","date_gmt":"2024-03-19T21:14:21","guid":{"rendered":"https:\/\/larevistadigital.com.ar\/blog\/?p=35633"},"modified":"2024-03-19T18:14:21","modified_gmt":"2024-03-19T21:14:21","slug":"la-vacuna-contra-la-rabia-se-debe-aplicar-todos-los-anos-para-evitar-el-contagio-de-la-enfermedad","status":"publish","type":"post","link":"https:\/\/larevistadigital.com.ar\/blog\/la-vacuna-contra-la-rabia-se-debe-aplicar-todos-los-anos-para-evitar-el-contagio-de-la-enfermedad\/","title":{"rendered":"LA VACUNA CONTRA LA RABIA SE DEBE APLICAR TODOS LOS A\u00d1OS PARA EVITAR EL CONTAGIO DE LA ENFERMEDAD"},"content":{"rendered":"<h2 class=\"notaIntro\"><em><strong>La directora de Bromatolog\u00eda y Zoonosis, Julia Francese, destac\u00f3 la importancia de inmunizar anualmente a los animales de compa\u00f1\u00eda, al iniciar el martes el cronograma de vacunaci\u00f3n antirr\u00e1bica gratuita organizado por la Municipalidad de Chascom\u00fas.<\/strong><\/em><\/h2>\n<p>19 de marzo de 2024<\/p>\n<p class=\"notaTexto\"><strong>CHASCOM\u00daS &#8211;<\/strong>\u00a0 \u00a0El calendario comenz\u00f3 hoy en el barrio San Luis, hasta donde se acercaron numerosos vecinos con sus mascotas.<br \/>\nJulia Francese remarc\u00f3 que <strong><em>\u00abes muy importante inmunizar a los animales que conviven con nosotros porque la rabia es una enfermedad que pueden transmitir a seres humanos y que puede ser mortal y esta es la \u00fanica herramienta para evitarla\u00bb.<\/em><\/strong><\/p>\n<p class=\"notaTexto\">Al respecto, explic\u00f3 que es obligatoria para perros y gatos mayores de 3 meses y debe aplicarse cada a\u00f1o.<\/p>\n<blockquote>\n<h3 class=\"notaTexto\">El equipo de la Direcci\u00f3n de Bromatolog\u00eda y Zoonosis est\u00e1 llevando a cabo la aplicaci\u00f3n gratuita de las vacunas en los barrios de la ciudad, de 9 a 12.<br \/>\nMa\u00f1ana, mi\u00e9rcoles, se llevar\u00e1 a cabo en el CAPS del barrio La Noria, y el jueves en La Milagrosa.<\/h3>\n<\/blockquote>\n<p class=\"notaTexto\">Para el pr\u00f3ximo lunes 25 de marzo, el equipo estar\u00e1 en el barrio Acceso Norte. En caso de lluvia, la jornada se suspende y se reprograma para el final del calendario.<\/p>\n<p class=\"notaTexto\">Se recomienda trasladar a las mascotas de manera segura, con collar y correa para los perros, y en bolso transportador o mochila con cierre para los gatos.<br \/>\nEl a\u00f1o pasado, se vacunaron 2.430 animales, y se espera superar esa cifra.<br \/>\nUna vez concluida la campa\u00f1a, la aplicaci\u00f3n de la vacuna contin\u00faa, sin cargo, en la sede de Bromatolog\u00eda, en Mendoza y Moreno.<\/p>\n","protected":false},"excerpt":{"rendered":"<div class=\"mh-excerpt\"><p>La directora de Bromatolog\u00eda y Zoonosis, Julia Francese, destac\u00f3 la importancia de inmunizar anualmente a los animales de compa\u00f1\u00eda, al iniciar el martes el cronograma de vacunaci\u00f3n antirr\u00e1bica gratuita organizado por la Municipalidad de Chascom\u00fas. <a class=\"mh-excerpt-more\" href=\"https:\/\/larevistadigital.com.ar\/blog\/la-vacuna-contra-la-rabia-se-debe-aplicar-todos-los-anos-para-evitar-el-contagio-de-la-enfermedad\/\" title=\"LA VACUNA CONTRA LA RABIA SE DEBE APLICAR TODOS LOS A\u00d1OS PARA EVITAR EL CONTAGIO DE LA ENFERMEDAD\">[Leer M\u00e1s]<\/a><\/p>\n<\/div>","protected":false},"author":3,"featured_media":35634,"comment_status":"open","ping_status":"open","sticky":false,"template":"","format":"standard","meta":{"_jetpack_memberships_contains_paid_content":false,"footnotes":"","jetpack_publicize_message":"","jetpack_publicize_feature_enabled":true,"jetpack_social_post_already_shared":true,"jetpack_social_options":{"image_generator_settings":{"template":"highway","default_image_id":0,"font":"","enabled":false},"version":2}},"categories":[1],"tags":[],"class_list":{"0":"post-35633","1":"post","2":"type-post","3":"status-publish","4":"format-standard","5":"has-post-thumbnail","7":"category-sin-categoria"},"jetpack_publicize_connections":[],"jetpack_featured_media_url":"https:\/\/i0.wp.com\/larevistadigital.com.ar\/blog\/wp-content\/uploads\/2024_03_20_01_16_59_1221662.jpg?fit=600%2C401&ssl=1","jetpack_sharing_enabled":true,"jetpack_shortlink":"https:\/\/wp.me\/p8qtrQ-9gJ","jetpack-related-posts":[{"id":2580,"url":"https:\/\/larevistadigital.com.ar\/blog\/alerta-por-murcielagos-portadores-de-rabia-en-chascomus-y-alrededores\/","url_meta":{"origin":35633,"position":0},"title":"ALERTA POR MURCI\u00c9LAGOS PORTADORES DE RABIA EN CHASCOM\u00daS Y ALREDEDORES","author":"Alejandro Sosa Ruda","date":"29 junio, 2017","format":false,"excerpt":"Hay una alerta en Chascom\u00fas \u00a0relacionado a los quir\u00f3pteros mas conocidos como murci\u00e9lago. \u00a0La responsable\u00a0del \u00e1rea de bromatologia Julia Francese, dialog\u00f3\u00a0con fm por siempre en donde inform\u00f3 acerca del \u00a0comunicado de prensa que elevo el ministerio de salud donde alertaba por casos de rabia en la zona en varios distritos.\u2026","rel":"","context":"En \u00abCHASCOM\u00daS\u00bb","block_context":{"text":"CHASCOM\u00daS","link":"https:\/\/larevistadigital.com.ar\/blog\/category\/chascomus\/"},"img":{"alt_text":"","src":"https:\/\/i0.wp.com\/larevistadigital.com.ar\/blog\/wp-content\/uploads\/2017\/06\/los-murci%C3%A9lagos-3.jpg?fit=1200%2C749&ssl=1&resize=350%2C200","width":350,"height":200,"srcset":"https:\/\/i0.wp.com\/larevistadigital.com.ar\/blog\/wp-content\/uploads\/2017\/06\/los-murci%C3%A9lagos-3.jpg?fit=1200%2C749&ssl=1&resize=350%2C200 1x, https:\/\/i0.wp.com\/larevistadigital.com.ar\/blog\/wp-content\/uploads\/2017\/06\/los-murci%C3%A9lagos-3.jpg?fit=1200%2C749&ssl=1&resize=525%2C300 1.5x, https:\/\/i0.wp.com\/larevistadigital.com.ar\/blog\/wp-content\/uploads\/2017\/06\/los-murci%C3%A9lagos-3.jpg?fit=1200%2C749&ssl=1&resize=700%2C400 2x, https:\/\/i0.wp.com\/larevistadigital.com.ar\/blog\/wp-content\/uploads\/2017\/06\/los-murci%C3%A9lagos-3.jpg?fit=1200%2C749&ssl=1&resize=1050%2C600 3x"},"classes":[]},{"id":30403,"url":"https:\/\/larevistadigital.com.ar\/blog\/chascomus-operativo-de-bloqueo-sanitario-tras-el-hallazgo-de-un-murcielago-con-rabia\/","url_meta":{"origin":35633,"position":1},"title":"CHASCOM\u00daS: OPERATIVO DE \u00abBLOQUEO SANITARIO\u00bb TRAS EL HALLAZGO DE UN MURCI\u00c9LAGO CON RABIA.","author":"Alejandro Sosa Ruda","date":"6 marzo, 2023","format":false,"excerpt":"El equipo de Bromatolog\u00eda y Zoonosis trabaj\u00f3 en el sector de Juli\u00e1n Quintana e\/Scalabrini Ortiz y Las Acacias, completando la vacunaci\u00f3n antirr\u00e1bica de mascotas en un radio de 200mts a la redonda del lugar del hallazgo. 6 de marzo de 2023 CHASCOM\u00daS\u00a0 - Tras la notificaci\u00f3n a los respectivos domicilios,\u2026","rel":"","context":"En \u00abCHASCOM\u00daS\u00bb","block_context":{"text":"CHASCOM\u00daS","link":"https:\/\/larevistadigital.com.ar\/blog\/category\/chascomus\/"},"img":{"alt_text":"","src":"https:\/\/i0.wp.com\/larevistadigital.com.ar\/blog\/wp-content\/uploads\/descarga-18.jpg?fit=1200%2C900&ssl=1&resize=350%2C200","width":350,"height":200,"srcset":"https:\/\/i0.wp.com\/larevistadigital.com.ar\/blog\/wp-content\/uploads\/descarga-18.jpg?fit=1200%2C900&ssl=1&resize=350%2C200 1x, https:\/\/i0.wp.com\/larevistadigital.com.ar\/blog\/wp-content\/uploads\/descarga-18.jpg?fit=1200%2C900&ssl=1&resize=525%2C300 1.5x, https:\/\/i0.wp.com\/larevistadigital.com.ar\/blog\/wp-content\/uploads\/descarga-18.jpg?fit=1200%2C900&ssl=1&resize=700%2C400 2x, https:\/\/i0.wp.com\/larevistadigital.com.ar\/blog\/wp-content\/uploads\/descarga-18.jpg?fit=1200%2C900&ssl=1&resize=1050%2C600 3x"},"classes":[]},{"id":30743,"url":"https:\/\/larevistadigital.com.ar\/blog\/tandil-en-tres-meses-hallaron-cinco-murcielagos-con-rabia\/","url_meta":{"origin":35633,"position":2},"title":"TANDIL: EN TRES MESES HALLARON CINCO MURCI\u00c9LAGOS CON RABIA","author":"Alejandro Sosa Ruda","date":"28 marzo, 2023","format":false,"excerpt":"Autoridades del \u00e1rea de salud p\u00fablica debieron activar nuevamente un protocolo de vacunaci\u00f3n de urgencia. La rabia es una enfermedad que no tiene tratamiento. 28 de marzo de 2023 TANDIL -\u00a0 En Tandil, desde diciembre hasta este mes de marzo, se han hallado cinco murci\u00e9lagos con rabia, lo que ha\u2026","rel":"","context":"En \u00abREGIONALES\u00bb","block_context":{"text":"REGIONALES","link":"https:\/\/larevistadigital.com.ar\/blog\/category\/regionales\/"},"img":{"alt_text":"","src":"https:\/\/i0.wp.com\/larevistadigital.com.ar\/blog\/wp-content\/uploads\/20230327171923_2328-600x450-1.jpg?fit=880%2C512&ssl=1&resize=350%2C200","width":350,"height":200,"srcset":"https:\/\/i0.wp.com\/larevistadigital.com.ar\/blog\/wp-content\/uploads\/20230327171923_2328-600x450-1.jpg?fit=880%2C512&ssl=1&resize=350%2C200 1x, https:\/\/i0.wp.com\/larevistadigital.com.ar\/blog\/wp-content\/uploads\/20230327171923_2328-600x450-1.jpg?fit=880%2C512&ssl=1&resize=525%2C300 1.5x, https:\/\/i0.wp.com\/larevistadigital.com.ar\/blog\/wp-content\/uploads\/20230327171923_2328-600x450-1.jpg?fit=880%2C512&ssl=1&resize=700%2C400 2x"},"classes":[]},{"id":14780,"url":"https:\/\/larevistadigital.com.ar\/blog\/saladillo-hallan-murcielago-con-rabia-y-montan-operativo-preventivo\/","url_meta":{"origin":35633,"position":3},"title":"SALADILLO: HALLAN MURCI\u00c9LAGO CON RABIA Y MONTAN OPERATIVO PREVENTIVO","author":"Alejandro Sosa Ruda","date":"12 febrero, 2020","format":false,"excerpt":"Ser\u00e1 para vacunar perros y gatos. Un murci\u00e9lago afectado de rabia fue hallado en la ciudad bonaerense de Saladillo, cuyas autoridades sanitarias convocaron a la poblaci\u00f3n a concurrir el pr\u00f3ximo viernes a la plaza principal donde se montar\u00e1 un operativo\u00a0para vacunar perros y gatos contra esa enfermedad, inform\u00f3 una fuente\u2026","rel":"","context":"En \u00abREGIONALES\u00bb","block_context":{"text":"REGIONALES","link":"https:\/\/larevistadigital.com.ar\/blog\/category\/regionales\/"},"img":{"alt_text":"","src":"https:\/\/i0.wp.com\/larevistadigital.com.ar\/blog\/wp-content\/uploads\/1581540924845.jpg?fit=1200%2C645&ssl=1&resize=350%2C200","width":350,"height":200,"srcset":"https:\/\/i0.wp.com\/larevistadigital.com.ar\/blog\/wp-content\/uploads\/1581540924845.jpg?fit=1200%2C645&ssl=1&resize=350%2C200 1x, https:\/\/i0.wp.com\/larevistadigital.com.ar\/blog\/wp-content\/uploads\/1581540924845.jpg?fit=1200%2C645&ssl=1&resize=525%2C300 1.5x, https:\/\/i0.wp.com\/larevistadigital.com.ar\/blog\/wp-content\/uploads\/1581540924845.jpg?fit=1200%2C645&ssl=1&resize=700%2C400 2x, https:\/\/i0.wp.com\/larevistadigital.com.ar\/blog\/wp-content\/uploads\/1581540924845.jpg?fit=1200%2C645&ssl=1&resize=1050%2C600 3x"},"classes":[]},{"id":43246,"url":"https:\/\/larevistadigital.com.ar\/blog\/chascomus-fumigacion-y-tareas-de-saneamiento-en-espacios-publicos-de-la-ciudad\/","url_meta":{"origin":35633,"position":4},"title":"Chascom\u00fas: Fumigaci\u00f3n y tareas de saneamiento en espacios p\u00fablicos de la ciudad","author":"Alejandro Sosa Ruda","date":"10 enero, 2026","format":false,"excerpt":"Un equipo del Ministerio de Salud provincial recorri\u00f3 barrios y parques y llev\u00f3 a cabo trabajos de saneamiento para evitar la proliferaci\u00f3n de distintas plagas. 10 de enero de 2026 CHASCOM\u00daS -\u00a0 \u00a0En estos d\u00edas, personal de la Direcci\u00f3n de Bromatolog\u00eda junto a miembros del \u00e1rea de Control y Vectores\u2026","rel":"","context":"En \u00abCHASCOM\u00daS\u00bb","block_context":{"text":"CHASCOM\u00daS","link":"https:\/\/larevistadigital.com.ar\/blog\/category\/chascomus\/"},"img":{"alt_text":"","src":"https:\/\/i0.wp.com\/larevistadigital.com.ar\/blog\/wp-content\/uploads\/696148d329ad1.png?fit=668%2C445&ssl=1&resize=350%2C200","width":350,"height":200,"srcset":"https:\/\/i0.wp.com\/larevistadigital.com.ar\/blog\/wp-content\/uploads\/696148d329ad1.png?fit=668%2C445&ssl=1&resize=350%2C200 1x, https:\/\/i0.wp.com\/larevistadigital.com.ar\/blog\/wp-content\/uploads\/696148d329ad1.png?fit=668%2C445&ssl=1&resize=525%2C300 1.5x"},"classes":[]},{"id":35732,"url":"https:\/\/larevistadigital.com.ar\/blog\/chascomus-durante-abril-continuara-la-campana-de-vacunacion-antirabica\/","url_meta":{"origin":35633,"position":5},"title":"CHASCOM\u00daS: DURANTE ABRIL CONTINUAR\u00c1 LA CAMPA\u00d1A DE VACUNACI\u00d3N ANTIR\u00c1BICA","author":"Alejandro Sosa Ruda","date":"3 abril, 2024","format":false,"excerpt":"La vacuna debe aplicarse de manera obligatoria a animales dom\u00e9sticos, a partir de los 3 meses de vida, y debe repetirse a\u00f1o tras a\u00f1o. 3 de abril de 2024 CHASCOM\u00daS -\u00a0 El equipo de la Direcci\u00f3n de Bromatolog\u00eda y Zoonosis contin\u00faa recorriendo barrios para aplicar las vacunas a perros y\u2026","rel":"","context":"En \u00abSin categor\u00eda\u00bb","block_context":{"text":"Sin categor\u00eda","link":"https:\/\/larevistadigital.com.ar\/blog\/category\/sin-categoria\/"},"img":{"alt_text":"","src":"https:\/\/i0.wp.com\/larevistadigital.com.ar\/blog\/wp-content\/uploads\/2024_04_04_00_56_33_9131175.jpg?fit=600%2C401&ssl=1&resize=350%2C200","width":350,"height":200,"srcset":"https:\/\/i0.wp.com\/larevistadigital.com.ar\/blog\/wp-content\/uploads\/2024_04_04_00_56_33_9131175.jpg?fit=600%2C401&ssl=1&resize=350%2C200 1x, https:\/\/i0.wp.com\/larevistadigital.com.ar\/blog\/wp-content\/uploads\/2024_04_04_00_56_33_9131175.jpg?fit=600%2C401&ssl=1&resize=525%2C300 1.5x"},"classes":[]}],"_links":{"self":[{"href":"https:\/\/larevistadigital.com.ar\/blog\/wp-json\/wp\/v2\/posts\/35633","targetHints":{"allow":["GET"]}}],"collection":[{"href":"https:\/\/larevistadigital.com.ar\/blog\/wp-json\/wp\/v2\/posts"}],"about":[{"href":"https:\/\/larevistadigital.com.ar\/blog\/wp-json\/wp\/v2\/types\/post"}],"author":[{"embeddable":true,"href":"https:\/\/larevistadigital.com.ar\/blog\/wp-json\/wp\/v2\/users\/3"}],"replies":[{"embeddable":true,"href":"https:\/\/larevistadigital.com.ar\/blog\/wp-json\/wp\/v2\/comments?post=35633"}],"version-history":[{"count":1,"href":"https:\/\/larevistadigital.com.ar\/blog\/wp-json\/wp\/v2\/posts\/35633\/revisions"}],"predecessor-version":[{"id":35635,"href":"https:\/\/larevistadigital.com.ar\/blog\/wp-json\/wp\/v2\/posts\/35633\/revisions\/35635"}],"wp:featuredmedia":[{"embeddable":true,"href":"https:\/\/larevistadigital.com.ar\/blog\/wp-json\/wp\/v2\/media\/35634"}],"wp:attachment":[{"href":"https:\/\/larevistadigital.com.ar\/blog\/wp-json\/wp\/v2\/media?parent=35633"}],"wp:term":[{"taxonomy":"category","embeddable":true,"href":"https:\/\/larevistadigital.com.ar\/blog\/wp-json\/wp\/v2\/categories?post=35633"},{"taxonomy":"post_tag","embeddable":true,"href":"https:\/\/larevistadigital.com.ar\/blog\/wp-json\/wp\/v2\/tags?post=35633"}],"curies":[{"name":"wp","href":"https:\/\/api.w.org\/{rel}","templated":true}]}}