{"id":35636,"date":"2024-03-19T19:13:04","date_gmt":"2024-03-19T22:13:04","guid":{"rendered":"https:\/\/larevistadigital.com.ar\/blog\/?p=35636"},"modified":"2024-03-19T20:17:27","modified_gmt":"2024-03-19T23:17:27","slug":"buenos-aires-un-severo-temporal-fue-dejando-destrozos-a-su-paso","status":"publish","type":"post","link":"https:\/\/larevistadigital.com.ar\/blog\/buenos-aires-un-severo-temporal-fue-dejando-destrozos-a-su-paso\/","title":{"rendered":"BUENOS AIRES: UN SEVERO TEMPORAL FUE DEJANDO DESTROZOS A SU PASO"},"content":{"rendered":"<h2>Una \u00absupercelda\u00bb de clima severo atraves\u00f3 el centro de la provincia de Buenos Aires, dejando a su paso da\u00f1os en infraestructuras, calles inundadas y \u00e1rboles derribados.<\/h2>\n<p>19 de marzo de 2024<\/p>\n<p><strong>BUENOS AIRES &#8211;\u00a0<\/strong> \u00a0Rivadavia, Chivilcoy, Bragado y 9 de Julio fueron algunos de los municipios afectados por este fen\u00f3meno. El mal tiempo inici\u00f3 en las localidades de La Pampa que colindan con la provincia de Buenos Aires.<\/p>\n<p>En Am\u00e9rica (Rivadavia) y Chivilcoy se report\u00f3 la ca\u00edda de granizo de considerable tama\u00f1o. A medida que la supercelda avanzaba, los da\u00f1os se multiplicaban. En Oloscoaga, el fuerte viento acompa\u00f1ado de lluvia caus\u00f3 estragos en viviendas y provoc\u00f3 el derrumbe de un galp\u00f3n, adem\u00e1s de derribar \u00e1rboles. Las secuelas del desastre quedaron evidentes en la Ruta 5, donde elementos y restos de vegetaci\u00f3n fueron arrastrados por el viento.<\/p>\n<p>En respuesta a la emergencia, se convoc\u00f3 a los Bomberos para auxiliar a las personas atrapadas. En 9 de Julio, el temporal no dio tregua. Tanto el aeroclub como el aut\u00f3dromo de la localidad sufrieron graves da\u00f1os, y en la zona rural, los silos tambi\u00e9n resultaron afectados por el fen\u00f3meno.<\/p>\n<p>fuente e imagen: LaNoticia 1<\/p>\n","protected":false},"excerpt":{"rendered":"<div class=\"mh-excerpt\"><p>Una \u00absupercelda\u00bb de clima severo atraves\u00f3 el centro de la provincia de Buenos Aires, dejando a su paso da\u00f1os en infraestructuras, calles inundadas y \u00e1rboles derribados. 19 de marzo de 2024 BUENOS AIRES &#8211;\u00a0 \u00a0Rivadavia, <a class=\"mh-excerpt-more\" href=\"https:\/\/larevistadigital.com.ar\/blog\/buenos-aires-un-severo-temporal-fue-dejando-destrozos-a-su-paso\/\" title=\"BUENOS AIRES: UN SEVERO TEMPORAL FUE DEJANDO DESTROZOS A SU PASO\">[Leer M\u00e1s]<\/a><\/p>\n<\/div>","protected":false},"author":3,"featured_media":35644,"comment_status":"open","ping_status":"open","sticky":false,"template":"","format":"standard","meta":{"_jetpack_memberships_contains_paid_content":false,"footnotes":"","jetpack_publicize_message":"","jetpack_publicize_feature_enabled":true,"jetpack_social_post_already_shared":true,"jetpack_social_options":{"image_generator_settings":{"template":"highway","default_image_id":0,"font":"","enabled":false},"version":2}},"categories":[51,1],"tags":[],"class_list":{"0":"post-35636","1":"post","2":"type-post","3":"status-publish","4":"format-standard","5":"has-post-thumbnail","7":"category-regionales","8":"category-sin-categoria"},"jetpack_publicize_connections":[],"jetpack_featured_media_url":"https:\/\/i0.wp.com\/larevistadigital.com.ar\/blog\/wp-content\/uploads\/captura-2o.jpg?fit=1200%2C636&ssl=1","jetpack_sharing_enabled":true,"jetpack_shortlink":"https:\/\/wp.me\/p8qtrQ-9gM","jetpack-related-posts":[{"id":33306,"url":"https:\/\/larevistadigital.com.ar\/blog\/a-tener-cuidado-ya-hay-217-casos-confirmados-de-triquinosis-en-20-municipios-bonaerenses\/","url_meta":{"origin":35636,"position":0},"title":"A TENER CUIDADO: YA HAY 217 CASOS CONFIRMADOS DE TRIQUINOSIS EN 20 MUNICIPIOS BONAERENSES.","author":"Alejandro Sosa Ruda","date":"5 septiembre, 2023","format":false,"excerpt":"En tanto, hay otros 239 casos en estudio. Todos los casos evolucionaron favorablemente y se provey\u00f3 el tratamiento correspondiente. En la provincia de Buenos Aires, los brotes de triquinosis se producen en su mayor\u00eda durante la \u00e9poca de bajas temperaturas. 5 de Septiembre de 2023 BUENOS AIRES -\u00a0 La provincia\u2026","rel":"","context":"En \u00abREGIONALES\u00bb","block_context":{"text":"REGIONALES","link":"https:\/\/larevistadigital.com.ar\/blog\/category\/regionales\/"},"img":{"alt_text":"","src":"https:\/\/i0.wp.com\/larevistadigital.com.ar\/blog\/wp-content\/uploads\/20230905175519_triquinosis.jpg?fit=880%2C512&ssl=1&resize=350%2C200","width":350,"height":200,"srcset":"https:\/\/i0.wp.com\/larevistadigital.com.ar\/blog\/wp-content\/uploads\/20230905175519_triquinosis.jpg?fit=880%2C512&ssl=1&resize=350%2C200 1x, https:\/\/i0.wp.com\/larevistadigital.com.ar\/blog\/wp-content\/uploads\/20230905175519_triquinosis.jpg?fit=880%2C512&ssl=1&resize=525%2C300 1.5x, https:\/\/i0.wp.com\/larevistadigital.com.ar\/blog\/wp-content\/uploads\/20230905175519_triquinosis.jpg?fit=880%2C512&ssl=1&resize=700%2C400 2x"},"classes":[]},{"id":24373,"url":"https:\/\/larevistadigital.com.ar\/blog\/arboles-caidos-cables-y-otros-danos-chascomus-amanecio-con-las-consecuencias-del-temporal-de-la-madrugada\/","url_meta":{"origin":35636,"position":1},"title":"ARBOLES CA\u00cdDOS, CABLES Y OTROS DA\u00d1OS: CHASCOM\u00daS AMANECI\u00d3 CON LAS CONSECUENCIAS DEL TEMPORAL DE LA MADRUGADA&#8230;","author":"Alejandro Sosa Ruda","date":"7 marzo, 2022","format":false,"excerpt":"CHASCOM\u00daS -\u00a0 Durante la madrugada de ayer, aproximadamente a las 4:00 am la lluvia se vio acompa\u00f1ada por fuertes vientos, que azotaron a gran parte de la provincia de Buenos Aires, y l\u00f3gicamente, Chascom\u00fas no fue la excepci\u00f3n. Tal como en otros lugares, hubo ca\u00eddas de ramas, y \u00e1rboles enteros,\u2026","rel":"","context":"En \u00abDESTACADAS\u00bb","block_context":{"text":"DESTACADAS","link":"https:\/\/larevistadigital.com.ar\/blog\/category\/destacadas\/"},"img":{"alt_text":"","src":"https:\/\/i0.wp.com\/larevistadigital.com.ar\/blog\/wp-content\/uploads\/WhatsApp-Image-2022-03-07-at-09.50.50.jpeg?fit=900%2C1200&ssl=1&resize=350%2C200","width":350,"height":200,"srcset":"https:\/\/i0.wp.com\/larevistadigital.com.ar\/blog\/wp-content\/uploads\/WhatsApp-Image-2022-03-07-at-09.50.50.jpeg?fit=900%2C1200&ssl=1&resize=350%2C200 1x, https:\/\/i0.wp.com\/larevistadigital.com.ar\/blog\/wp-content\/uploads\/WhatsApp-Image-2022-03-07-at-09.50.50.jpeg?fit=900%2C1200&ssl=1&resize=525%2C300 1.5x, https:\/\/i0.wp.com\/larevistadigital.com.ar\/blog\/wp-content\/uploads\/WhatsApp-Image-2022-03-07-at-09.50.50.jpeg?fit=900%2C1200&ssl=1&resize=700%2C400 2x"},"classes":[]},{"id":34864,"url":"https:\/\/larevistadigital.com.ar\/blog\/el-gobernador-kicillof-decreto-el-estado-de-emergencia-y-duelo-por-las-proximas-72-hs-en-buenos-aires\/","url_meta":{"origin":35636,"position":2},"title":"EL GOBERNADOR KICILLOF DECRET\u00d3 EL \u00abESTADO DE EMERGENCIA Y DUELO\u00bb POR LAS PR\u00d3XIMAS 72 HS. EN BUENOS AIRES","author":"Alejandro Sosa Ruda","date":"18 diciembre, 2023","format":false,"excerpt":"El Gobierno de la provincia de Buenos Aires declar\u00f3 hoy el \"estado de emergencia en todo el territorio provincial y duelo para las pr\u00f3ximas 72 horas\" debido a los anegamientos y da\u00f1os de extrema gravedad que ocasion\u00f3 la fuerte tormenta de los \u00faltimos d\u00edas. 18 de diciembre de 2023 BUENOS\u2026","rel":"","context":"En \u00abPOLITICA PROVINCIAL\u00bb","block_context":{"text":"POLITICA PROVINCIAL","link":"https:\/\/larevistadigital.com.ar\/blog\/category\/politica\/politica-provincial\/"},"img":{"alt_text":"","src":"https:\/\/i0.wp.com\/larevistadigital.com.ar\/blog\/wp-content\/uploads\/20231218100048_kicillof-emergenci-duelo.jpg?fit=880%2C512&ssl=1&resize=350%2C200","width":350,"height":200,"srcset":"https:\/\/i0.wp.com\/larevistadigital.com.ar\/blog\/wp-content\/uploads\/20231218100048_kicillof-emergenci-duelo.jpg?fit=880%2C512&ssl=1&resize=350%2C200 1x, https:\/\/i0.wp.com\/larevistadigital.com.ar\/blog\/wp-content\/uploads\/20231218100048_kicillof-emergenci-duelo.jpg?fit=880%2C512&ssl=1&resize=525%2C300 1.5x, https:\/\/i0.wp.com\/larevistadigital.com.ar\/blog\/wp-content\/uploads\/20231218100048_kicillof-emergenci-duelo.jpg?fit=880%2C512&ssl=1&resize=700%2C400 2x"},"classes":[]},{"id":34736,"url":"https:\/\/larevistadigital.com.ar\/blog\/el-gobernador-kicillof-da-un-paso-al-frente-por-la-coparticipacion-en-la-provincia-de-buenos-aires\/","url_meta":{"origin":35636,"position":3},"title":"EL GOBERNADOR KICILLOF DA UN PASO AL FRENTE POR LA COPARTICIPACI\u00d3N EN LA PROVINCIA DE BUENOS AIRES","author":"Alejandro Sosa Ruda","date":"4 diciembre, 2023","format":false,"excerpt":"El Gobernador de la Provincia de Buenos Aires, Axel Kicillof advirti\u00f3 el d\u00eda de hoy que se pondr\u00e1 en \"pi\u00e9 de guerra\" por los recursos coparticipables de la provincia. A trav\u00e9s de una publicaci\u00f3n en su cuenta de \"X\" (ex-Twitter), el mandatario asegur\u00f3 que \"va a continuar peleando por los\u2026","rel":"","context":"En \u00abPOLITICA\u00bb","block_context":{"text":"POLITICA","link":"https:\/\/larevistadigital.com.ar\/blog\/category\/politica\/"},"img":{"alt_text":"","src":"https:\/\/i0.wp.com\/larevistadigital.com.ar\/blog\/wp-content\/uploads\/1701645238273.jpg?fit=790%2C493&ssl=1&resize=350%2C200","width":350,"height":200,"srcset":"https:\/\/i0.wp.com\/larevistadigital.com.ar\/blog\/wp-content\/uploads\/1701645238273.jpg?fit=790%2C493&ssl=1&resize=350%2C200 1x, https:\/\/i0.wp.com\/larevistadigital.com.ar\/blog\/wp-content\/uploads\/1701645238273.jpg?fit=790%2C493&ssl=1&resize=525%2C300 1.5x, https:\/\/i0.wp.com\/larevistadigital.com.ar\/blog\/wp-content\/uploads\/1701645238273.jpg?fit=790%2C493&ssl=1&resize=700%2C400 2x"},"classes":[]},{"id":39028,"url":"https:\/\/larevistadigital.com.ar\/blog\/oficializan-la-convocatoria-a-elecciones-paso-en-territorio-bonaerense\/","url_meta":{"origin":35636,"position":4},"title":"Oficializan la convocatoria a elecciones PASO en territorio bonaerense","author":"Alejandro Sosa Ruda","date":"16 marzo, 2025","format":false,"excerpt":"El Gobernador de la Provincia de Buenos Aires, Axel Kicillof, en el marco de las atribuciones que le confiere la Constituci\u00f3n de la Provincia de Buenos Aires, firm\u00f3 el Decreto 367\/2025, mediante el cual se convoca al pueblo bonaerense a Elecciones Primarias, Abiertas, Simult\u00e1neas y Obligatorias (PASO), estableciendo el 13\u2026","rel":"","context":"En \u00abDESTACADAS\u00bb","block_context":{"text":"DESTACADAS","link":"https:\/\/larevistadigital.com.ar\/blog\/category\/destacadas\/"},"img":{"alt_text":"","src":"https:\/\/i0.wp.com\/larevistadigital.com.ar\/blog\/wp-content\/uploads\/20250315154706_kicillof-magario-153-apertura-sesiones-legislativas.jpg?fit=880%2C512&ssl=1&resize=350%2C200","width":350,"height":200,"srcset":"https:\/\/i0.wp.com\/larevistadigital.com.ar\/blog\/wp-content\/uploads\/20250315154706_kicillof-magario-153-apertura-sesiones-legislativas.jpg?fit=880%2C512&ssl=1&resize=350%2C200 1x, https:\/\/i0.wp.com\/larevistadigital.com.ar\/blog\/wp-content\/uploads\/20250315154706_kicillof-magario-153-apertura-sesiones-legislativas.jpg?fit=880%2C512&ssl=1&resize=525%2C300 1.5x, https:\/\/i0.wp.com\/larevistadigital.com.ar\/blog\/wp-content\/uploads\/20250315154706_kicillof-magario-153-apertura-sesiones-legislativas.jpg?fit=880%2C512&ssl=1&resize=700%2C400 2x"},"classes":[]},{"id":21473,"url":"https:\/\/larevistadigital.com.ar\/blog\/fotos-y-video-temporal-impresionante-granizada-en-saladillo-y-9-de-julio\/","url_meta":{"origin":35636,"position":5},"title":"[FOTOS] TEMPORAL: IMPRESIONANTE GRANIZADA EN SALADILLO Y 9 DE JULIO","author":"Alejandro Sosa Ruda","date":"8 agosto, 2021","format":false,"excerpt":"Algunas ciudades de la Provincia de Buenos Aires, se vieron cubiertas de granizo tanto en zonas urbanas y sub urbanas como rurales. As\u00ed fue que una muy fuerte tormenta con granizo cay\u00f3 en la ciudad de Saladillo durante la ma\u00f1ana, dejando colmadas a las calles y veredas con gruesas capas,\u2026","rel":"","context":"En \u00abINTERES GENERAL\u00bb","block_context":{"text":"INTERES GENERAL","link":"https:\/\/larevistadigital.com.ar\/blog\/category\/interes-general\/"},"img":{"alt_text":"","src":"https:\/\/i0.wp.com\/larevistadigital.com.ar\/blog\/wp-content\/uploads\/SALADILLO.png?fit=766%2C571&ssl=1&resize=350%2C200","width":350,"height":200,"srcset":"https:\/\/i0.wp.com\/larevistadigital.com.ar\/blog\/wp-content\/uploads\/SALADILLO.png?fit=766%2C571&ssl=1&resize=350%2C200 1x, https:\/\/i0.wp.com\/larevistadigital.com.ar\/blog\/wp-content\/uploads\/SALADILLO.png?fit=766%2C571&ssl=1&resize=525%2C300 1.5x, https:\/\/i0.wp.com\/larevistadigital.com.ar\/blog\/wp-content\/uploads\/SALADILLO.png?fit=766%2C571&ssl=1&resize=700%2C400 2x"},"classes":[]}],"_links":{"self":[{"href":"https:\/\/larevistadigital.com.ar\/blog\/wp-json\/wp\/v2\/posts\/35636","targetHints":{"allow":["GET"]}}],"collection":[{"href":"https:\/\/larevistadigital.com.ar\/blog\/wp-json\/wp\/v2\/posts"}],"about":[{"href":"https:\/\/larevistadigital.com.ar\/blog\/wp-json\/wp\/v2\/types\/post"}],"author":[{"embeddable":true,"href":"https:\/\/larevistadigital.com.ar\/blog\/wp-json\/wp\/v2\/users\/3"}],"replies":[{"embeddable":true,"href":"https:\/\/larevistadigital.com.ar\/blog\/wp-json\/wp\/v2\/comments?post=35636"}],"version-history":[{"count":1,"href":"https:\/\/larevistadigital.com.ar\/blog\/wp-json\/wp\/v2\/posts\/35636\/revisions"}],"predecessor-version":[{"id":35639,"href":"https:\/\/larevistadigital.com.ar\/blog\/wp-json\/wp\/v2\/posts\/35636\/revisions\/35639"}],"wp:featuredmedia":[{"embeddable":true,"href":"https:\/\/larevistadigital.com.ar\/blog\/wp-json\/wp\/v2\/media\/35644"}],"wp:attachment":[{"href":"https:\/\/larevistadigital.com.ar\/blog\/wp-json\/wp\/v2\/media?parent=35636"}],"wp:term":[{"taxonomy":"category","embeddable":true,"href":"https:\/\/larevistadigital.com.ar\/blog\/wp-json\/wp\/v2\/categories?post=35636"},{"taxonomy":"post_tag","embeddable":true,"href":"https:\/\/larevistadigital.com.ar\/blog\/wp-json\/wp\/v2\/tags?post=35636"}],"curies":[{"name":"wp","href":"https:\/\/api.w.org\/{rel}","templated":true}]}}