{"id":35645,"date":"2024-03-20T00:41:16","date_gmt":"2024-03-20T03:41:16","guid":{"rendered":"https:\/\/larevistadigital.com.ar\/blog\/?p=35645"},"modified":"2024-03-20T00:41:16","modified_gmt":"2024-03-20T03:41:16","slug":"andres-sanucci-internas-en-la-ucr-bordalecou-deberia-hablar-de-su-bloque","status":"publish","type":"post","link":"https:\/\/larevistadigital.com.ar\/blog\/andres-sanucci-internas-en-la-ucr-bordalecou-deberia-hablar-de-su-bloque\/","title":{"rendered":"ANDR\u00c9S SANUCCI: \u00ab\u00bfINTERNAS EN LA UCR?&#8230; BORDALECOU DEBER\u00cdA HABLAR DE SU BLOQUE\u00bb&#8230;"},"content":{"rendered":"<h2>El Presidente del Concejo Deliberante local, Andr\u00e9s Sanucci habl\u00f3 de la actualidad del Cuerpo, y narr\u00f3 las responsabilidades que su cargo exige.<\/h2>\n<p>19 de marzo de 2024<\/p>\n<p><strong>CHASCOM\u00daS &#8211;\u00a0\u00a0<\/strong>El concejal y Presidente del Concejo Deliberante de Chascom\u00fas, <strong>Andr\u00e9s Sanucci<\/strong>, fue entrevistado por <strong>Alejandro \u00abEl Tano\u00bb Sosa<\/strong> y <strong>Carlos Lasserre<\/strong> durante el programa <strong>\u00abAtaque de Radio\u00bb<\/strong> que se emite por la <strong>FM AMISTAD (102.7) de lunes a viernes de 10,30 a 12,30hs.<\/strong><\/p>\n<blockquote>\n<h3>En la nota, <strong>Sanucci <\/strong>mencion\u00f3 que vive su cargo con mucha intensidad cada d\u00eda, y que existen muchas demandas acerca muchos temas y que a veces, al no poder dar soluci\u00f3n a todo se siente sobrepasado. Destacando que el cargo que ostenta es el ser presidente de los cuatro bloques que conforman el concejo, pero que trata de acordar con todos e interceder para lograr destrabar ciertas cosas.<\/h3>\n<\/blockquote>\n<p>En referencia a las palabras del Jefe del Bloque oficialista <strong>Leandro Bordalecou,\u00a0<\/strong>quien confirm\u00f3 durante un reportaje en el mismo programa, que las comisiones no estaban conformadas porque a\u00fan no se designaron los presidentes de las mismas, algo que la UCR hab\u00eda pactado con el oficialismo a cambio del apoyo a \u00e9l mismo por la presidencia del bloque, <strong>Sanucci<\/strong> dijo que <strong><em>\u00abes de p\u00fablico conocimiento que yo acced\u00ed a la presidencia del Concejo Deliberante con los votos del vecinalismo y el peronismo, pero la realidad fes que yo debo mediar, y procurar que el reparto sea parejo\u00bb.\u00a0<\/em><\/strong><\/p>\n<blockquote>\n<h3>Agreg\u00f3 que <em><strong>\u00abHoy estamos muy cerca de que todos tengan una o dos presidencias, y que as\u00ed est\u00e9n conformes, esto para que puedan empezar a funcionar las comisiones\u00bb<\/strong><\/em>.<\/h3>\n<\/blockquote>\n<p>Hizo hincapi\u00e9 en que todos quieren tener presidencias en las comisiones, y esto se debe a que el presidente de las comisiones en caso de empate, tienen doble voto que termina volcando la balanza a favor, reiterando que est\u00e1 decidido a cumplir el papel de lograr participaci\u00f3n de todos los bloques.<\/p>\n<blockquote>\n<h3>Record\u00f3 la conformaci\u00f3n de los cuatro bloques del concejo, y dijo que hay siete comisiones, m\u00e1s la de labor deliberativa, a saber: Presupuesto, Reglamento, Obras, Cultura, Producci\u00f3n, g\u00e9nero y Sas (Seguridad y Salud).<\/h3>\n<\/blockquote>\n<p><strong><em>\u00abAcordate que para la pr\u00f3xima sesi\u00f3n (ser\u00eda el pr\u00f3ximo jueves), ya va a estar solucionado el tema de las comisiones y las presidencias. Si as\u00ed no fuera, ser\u00eda un papel\u00f3n para m\u00ed y para todos\u00bb<\/em><\/strong>, sostuvo <strong>Sanucci<\/strong>.<\/p>\n<blockquote>\n<h3>M\u00e1s tarde, cuando se lo consult\u00f3 acerca de si existen internas partidarias\u00a0 que perjudican el cumplimiento de lo acordado, <strong>Sanucci<\/strong> respondi\u00f3 que <strong><em>\u00abSomos cinco concejales, y muchas veces no pensamos igual de los temas. Tengo un excelente di\u00e1logo con Lorena Escaray que es la presidenta del bloque, con Ramiro tengo una muy buena relaci\u00f3n y hemos votado lo mismo o a veces no.\u00bb<\/em><\/strong><\/h3>\n<\/blockquote>\n<p>Agreg\u00f3 que<strong><em> \u00abSeguramenta ahora tendremos algunas diferencias, de acuerdo a lo que \u00e9l (por Ferrante) pretenda respecto de las presidencias de las comisiones, pero nos llevamos muy bien. Ayer no nos pusimos de acuerdo y nos fuimos juntos caminando, eso es normal y forma parte de la pol\u00edtica.\u00bb<\/em><\/strong><\/p>\n<blockquote>\n<h3>Cuando se le consult\u00f3 por el proyecto del oficialismo de asfaltar algunas calles en el Barrio F\u00e1tima, dijo que<em><strong> \u00abhay una cuesti\u00f3n t\u00e9cnica que debemos charlar, ya que no est\u00e1 claro en la Ley Org\u00e1nica Municipal, por lo que debe discutirse\u00bb<\/strong><\/em>.<\/h3>\n<\/blockquote>\n<p>Explic\u00f3 que <strong><em>\u00abEse proyecto ed de un trabajo que se hace a cambio de la entrega de dos terrenos y eso es lo que no est\u00e1 claro. y el problema es que desde el ejecutivo, se pretende entregar esos terrenos a la empresa que construya, mientras nosotros opinamos que eso debe hacerse a trav\u00e9s de una Licitaci\u00f3n P\u00fablica, siendo este el desacuerdo que tenemos\u00bb<\/em><\/strong>, agregando que<strong><em> \u00abNo se est\u00e1 cuestionando a la empresa que hace el trabajo, sino el mecanismo que se utiliza\u00bb.<\/em><\/strong><\/p>\n<p>Luego, cerr\u00f3 diciendo que <em><strong>\u00abSeguramente esta semana se van a solucionar los problemas de las comisiones, si pensamos en la gente y dejando de lado esas mezquindades y egos personales, que todos tenemos, pero en estas instancia tenemos que pensar que esto va a ser malo para el presidente del concejo y del ejecutivo, si esto no sale. Cuando veo esas cosas, pienso que tenemos que terminar con esas cositas, porque sino no vamos a llegar a buen puerto\u00bb.<\/strong><\/em><\/p>\n<p>Un <strong>Andr\u00e9s Sanucci<\/strong> aut\u00e9ntico y que demostr\u00f3 con cr\u00e9ces su crecimiento en la arena de la pol\u00edtica.<\/p>\n<p>&nbsp;<\/p>\n<p>&nbsp;<\/p>\n","protected":false},"excerpt":{"rendered":"<div class=\"mh-excerpt\"><p>El Presidente del Concejo Deliberante local, Andr\u00e9s Sanucci habl\u00f3 de la actualidad del Cuerpo, y narr\u00f3 las responsabilidades que su cargo exige. 19 de marzo de 2024 CHASCOM\u00daS &#8211;\u00a0\u00a0El concejal y Presidente del Concejo Deliberante <a class=\"mh-excerpt-more\" href=\"https:\/\/larevistadigital.com.ar\/blog\/andres-sanucci-internas-en-la-ucr-bordalecou-deberia-hablar-de-su-bloque\/\" title=\"ANDR\u00c9S SANUCCI: \u00ab\u00bfINTERNAS EN LA UCR?&#8230; BORDALECOU DEBER\u00cdA HABLAR DE SU BLOQUE\u00bb&#8230;\">[Leer M\u00e1s]<\/a><\/p>\n<\/div>","protected":false},"author":3,"featured_media":35647,"comment_status":"open","ping_status":"open","sticky":false,"template":"","format":"standard","meta":{"_jetpack_memberships_contains_paid_content":false,"footnotes":"","jetpack_publicize_message":"","jetpack_publicize_feature_enabled":true,"jetpack_social_post_already_shared":true,"jetpack_social_options":{"image_generator_settings":{"template":"highway","default_image_id":0,"font":"","enabled":false},"version":2}},"categories":[41,23],"tags":[],"class_list":{"0":"post-35645","1":"post","2":"type-post","3":"status-publish","4":"format-standard","5":"has-post-thumbnail","7":"category-destacadas","8":"category-politica-local"},"jetpack_publicize_connections":[],"jetpack_featured_media_url":"https:\/\/i0.wp.com\/larevistadigital.com.ar\/blog\/wp-content\/uploads\/ANDRES-SANUCCI.jpg?fit=750%2C750&ssl=1","jetpack_sharing_enabled":true,"jetpack_shortlink":"https:\/\/wp.me\/p8qtrQ-9gV","jetpack-related-posts":[{"id":38470,"url":"https:\/\/larevistadigital.com.ar\/blog\/marcelo-teilleche-critica-a-sanucci-y-defiende-el-veto-del-intendente-tensiones-en-el-concejo-deliberante-de-chascomus\/","url_meta":{"origin":35645,"position":0},"title":"Marcelo Teilleche: \u201cLo que plantea Sanucci es una \u201chijaputez\u201d","author":"Alejandro Sosa Ruda","date":"18 enero, 2025","format":false,"excerpt":"El concejal del PJ hizo duras declaraciones contra el presidente del Concejo Deliberante y el partido radical. CHASCOM\u00daS-\u00a0 \u00a0El concejal del PJ Marcelo Teilleche, expres\u00f3 su molestia con el presidente del Concejo Deliberante de Chascom\u00fas, Andr\u00e9s Sanuci, durante una entrevista mantenida con el \u201cTano\u201d Alejandro Sosa, en el programa \u201cAtaque\u2026","rel":"","context":"En \u00abINTERES GENERAL\u00bb","block_context":{"text":"INTERES GENERAL","link":"https:\/\/larevistadigital.com.ar\/blog\/category\/interes-general\/"},"img":{"alt_text":"","src":"https:\/\/i0.wp.com\/larevistadigital.com.ar\/blog\/wp-content\/uploads\/Captura-de-pantalla-2025-01-16-220054.jpg?fit=693%2C377&ssl=1&resize=350%2C200","width":350,"height":200,"srcset":"https:\/\/i0.wp.com\/larevistadigital.com.ar\/blog\/wp-content\/uploads\/Captura-de-pantalla-2025-01-16-220054.jpg?fit=693%2C377&ssl=1&resize=350%2C200 1x, https:\/\/i0.wp.com\/larevistadigital.com.ar\/blog\/wp-content\/uploads\/Captura-de-pantalla-2025-01-16-220054.jpg?fit=693%2C377&ssl=1&resize=525%2C300 1.5x"},"classes":[]},{"id":36452,"url":"https:\/\/larevistadigital.com.ar\/blog\/chascomus-el-buen-clima-en-el-concejo-deliberante\/","url_meta":{"origin":35645,"position":1},"title":"CHASCOM\u00daS: \u00abEL BUEN CLIMA EN EL CONCEJO DELIBERANTE\u00bb&#8230;","author":"Alejandro Sosa Ruda","date":"27 junio, 2024","format":false,"excerpt":"Una situaci\u00f3n que vuelve a repetirse: La movida de \"Casta\" del Gen y la ajedrec\u00edstica respuesta de Unidad por Chascom\u00fas, que sorprendi\u00f3 a toda la oposici\u00f3n.\u00a0 27 de Junio de 2024 CHASCOM\u00daS -\u00a0 La pol\u00edtica Chascomunense, se viene calentando, a contramano del fr\u00edo invierno que nos viene castigando los \u00faltimos\u2026","rel":"","context":"En \u00abDESTACADAS\u00bb","block_context":{"text":"DESTACADAS","link":"https:\/\/larevistadigital.com.ar\/blog\/category\/destacadas\/"},"img":{"alt_text":"debate en el concejo deliberante","src":"https:\/\/i0.wp.com\/larevistadigital.com.ar\/blog\/wp-content\/uploads\/2765c3b1-c5c8-4ebb-85ae-e8fbea0edaf0.jpg?fit=1024%2C1024&ssl=1&resize=350%2C200","width":350,"height":200,"srcset":"https:\/\/i0.wp.com\/larevistadigital.com.ar\/blog\/wp-content\/uploads\/2765c3b1-c5c8-4ebb-85ae-e8fbea0edaf0.jpg?fit=1024%2C1024&ssl=1&resize=350%2C200 1x, https:\/\/i0.wp.com\/larevistadigital.com.ar\/blog\/wp-content\/uploads\/2765c3b1-c5c8-4ebb-85ae-e8fbea0edaf0.jpg?fit=1024%2C1024&ssl=1&resize=525%2C300 1.5x, https:\/\/i0.wp.com\/larevistadigital.com.ar\/blog\/wp-content\/uploads\/2765c3b1-c5c8-4ebb-85ae-e8fbea0edaf0.jpg?fit=1024%2C1024&ssl=1&resize=700%2C400 2x"},"classes":[]},{"id":42803,"url":"https:\/\/larevistadigital.com.ar\/blog\/chascomus-renovacion-de-bancas-y-autoridades-en-el-concejo-deliberante\/","url_meta":{"origin":35645,"position":2},"title":"Chascom\u00fas: Renovaci\u00f3n de bancas y autoridades en el Concejo Deliberante","author":"Alejandro Sosa Ruda","date":"10 diciembre, 2025","format":false,"excerpt":"Juraron los nuevos ediles y se defini\u00f3 la conducci\u00f3n del cuerpo para el per\u00edodo 2025-2027. 10 de Diciembre de 2025 CHASCOM\u00daS -\u00a0 Este mi\u00e9rcoles se llev\u00f3 a cabo la Sesi\u00f3n Preparatoria en la que asumieron los ocho nuevos concejales votados en las elecciones legislativas del 7 de septiembre pasado. Luego\u2026","rel":"","context":"En \u00abDESTACADAS\u00bb","block_context":{"text":"DESTACADAS","link":"https:\/\/larevistadigital.com.ar\/blog\/category\/destacadas\/"},"img":{"alt_text":"","src":"https:\/\/i0.wp.com\/larevistadigital.com.ar\/blog\/wp-content\/uploads\/6939b305a3e7a.png?fit=668%2C445&ssl=1&resize=350%2C200","width":350,"height":200,"srcset":"https:\/\/i0.wp.com\/larevistadigital.com.ar\/blog\/wp-content\/uploads\/6939b305a3e7a.png?fit=668%2C445&ssl=1&resize=350%2C200 1x, https:\/\/i0.wp.com\/larevistadigital.com.ar\/blog\/wp-content\/uploads\/6939b305a3e7a.png?fit=668%2C445&ssl=1&resize=525%2C300 1.5x"},"classes":[]},{"id":37323,"url":"https:\/\/larevistadigital.com.ar\/blog\/chascomus-decision-ninez-en-el-honorable-concejo-deliberante\/","url_meta":{"origin":35645,"position":3},"title":"Chascom\u00fas: Decisi\u00f3n Ni\u00f1ez en el Honorable Concejo Deliberante","author":"Alejandro Sosa Ruda","date":"26 septiembre, 2024","format":false,"excerpt":"Chicos y chicas de \u201cEl Sanca en Movimiento\u201d presentaron su proyecto ante la comunidad y autoridades municipales. 26 de Septiembre de 2024 CHASCOM\u00daS -\u00a0 Ayer por la tarde los chicos y chicas que participan del programa Decisi\u00f3n Ni\u00f1ez, presentaron el proyecto ante el Honorable Concejo Deliberante, autoridades municipales y la\u2026","rel":"","context":"En \u00abINTERES GENERAL\u00bb","block_context":{"text":"INTERES GENERAL","link":"https:\/\/larevistadigital.com.ar\/blog\/category\/interes-general\/"},"img":{"alt_text":"","src":"https:\/\/i0.wp.com\/larevistadigital.com.ar\/blog\/wp-content\/uploads\/66f59a2fac88d.png?fit=668%2C445&ssl=1&resize=350%2C200","width":350,"height":200,"srcset":"https:\/\/i0.wp.com\/larevistadigital.com.ar\/blog\/wp-content\/uploads\/66f59a2fac88d.png?fit=668%2C445&ssl=1&resize=350%2C200 1x, https:\/\/i0.wp.com\/larevistadigital.com.ar\/blog\/wp-content\/uploads\/66f59a2fac88d.png?fit=668%2C445&ssl=1&resize=525%2C300 1.5x"},"classes":[]},{"id":40871,"url":"https:\/\/larevistadigital.com.ar\/blog\/se-concreto-la-concesion-del-edificio-del-turista\/","url_meta":{"origin":35645,"position":4},"title":"Se concret\u00f3 la concesi\u00f3n del Edificio del Turista","author":"Alejandro Sosa Ruda","date":"13 agosto, 2025","format":false,"excerpt":"El lugar se llamar\u00e1 ahora \u201cCentro Cultural y Comercial Malvinas Argentinas\u201d. 13 de Agosto de 2025 CHASCOM\u00daS -\u00a0 \u00a0El intendente Javier Gast\u00f3n formaliz\u00f3 la concesi\u00f3n del Edificio del Turista, que a partir de ahora llevar\u00e1 el nombre de \u201cCentro Cultural y Comercial Malvinas Argentinas\u201d. La adjudicaci\u00f3n, que tendr\u00e1 una extensi\u00f3n\u2026","rel":"","context":"En \u00abINTERES GENERAL\u00bb","block_context":{"text":"INTERES GENERAL","link":"https:\/\/larevistadigital.com.ar\/blog\/category\/interes-general\/"},"img":{"alt_text":"","src":"https:\/\/i0.wp.com\/larevistadigital.com.ar\/blog\/wp-content\/uploads\/689b82beaafc4.png?fit=668%2C445&ssl=1&resize=350%2C200","width":350,"height":200,"srcset":"https:\/\/i0.wp.com\/larevistadigital.com.ar\/blog\/wp-content\/uploads\/689b82beaafc4.png?fit=668%2C445&ssl=1&resize=350%2C200 1x, https:\/\/i0.wp.com\/larevistadigital.com.ar\/blog\/wp-content\/uploads\/689b82beaafc4.png?fit=668%2C445&ssl=1&resize=525%2C300 1.5x"},"classes":[]},{"id":35703,"url":"https:\/\/larevistadigital.com.ar\/blog\/dio-resultado-beatriz-de-leon-presento-una-nota-en-el-concejo-que-finalmente-fue-tenida-en-cuenta-por-los-ediles\/","url_meta":{"origin":35645,"position":5},"title":"DI\u00d3 RESULTADO: BEATRIZ DE LEON PRESENT\u00d3 UNA NOTA EN EL CONCEJO QUE FINALMENTE FUE TENIDA EN CUENTA POR LOS EDILES","author":"Alejandro Sosa Ruda","date":"24 marzo, 2024","format":false,"excerpt":"La Presidente del \"Partido Libres del Sur\" en Chascom\u00fas, entreg\u00f3 una nota pidiendo que se haga algo para la protecci\u00f3n de los animales, haciendo hincapi\u00e9 en los perros de raza \"galgo\". 24 de marzo de 2024 CHASCOM\u00daS -\u00a0 El d\u00eda 24 de febrero pasado, Beatriz De Le\u00f3n y un grupo\u2026","rel":"","context":"En \u00abCHASCOM\u00daS\u00bb","block_context":{"text":"CHASCOM\u00daS","link":"https:\/\/larevistadigital.com.ar\/blog\/category\/chascomus\/"},"img":{"alt_text":"","src":"https:\/\/i0.wp.com\/larevistadigital.com.ar\/blog\/wp-content\/uploads\/428679564_392980560044152_3688712322140524736_n.jpg?fit=1200%2C675&ssl=1&resize=350%2C200","width":350,"height":200,"srcset":"https:\/\/i0.wp.com\/larevistadigital.com.ar\/blog\/wp-content\/uploads\/428679564_392980560044152_3688712322140524736_n.jpg?fit=1200%2C675&ssl=1&resize=350%2C200 1x, https:\/\/i0.wp.com\/larevistadigital.com.ar\/blog\/wp-content\/uploads\/428679564_392980560044152_3688712322140524736_n.jpg?fit=1200%2C675&ssl=1&resize=525%2C300 1.5x, https:\/\/i0.wp.com\/larevistadigital.com.ar\/blog\/wp-content\/uploads\/428679564_392980560044152_3688712322140524736_n.jpg?fit=1200%2C675&ssl=1&resize=700%2C400 2x, https:\/\/i0.wp.com\/larevistadigital.com.ar\/blog\/wp-content\/uploads\/428679564_392980560044152_3688712322140524736_n.jpg?fit=1200%2C675&ssl=1&resize=1050%2C600 3x"},"classes":[]}],"_links":{"self":[{"href":"https:\/\/larevistadigital.com.ar\/blog\/wp-json\/wp\/v2\/posts\/35645","targetHints":{"allow":["GET"]}}],"collection":[{"href":"https:\/\/larevistadigital.com.ar\/blog\/wp-json\/wp\/v2\/posts"}],"about":[{"href":"https:\/\/larevistadigital.com.ar\/blog\/wp-json\/wp\/v2\/types\/post"}],"author":[{"embeddable":true,"href":"https:\/\/larevistadigital.com.ar\/blog\/wp-json\/wp\/v2\/users\/3"}],"replies":[{"embeddable":true,"href":"https:\/\/larevistadigital.com.ar\/blog\/wp-json\/wp\/v2\/comments?post=35645"}],"version-history":[{"count":1,"href":"https:\/\/larevistadigital.com.ar\/blog\/wp-json\/wp\/v2\/posts\/35645\/revisions"}],"predecessor-version":[{"id":35648,"href":"https:\/\/larevistadigital.com.ar\/blog\/wp-json\/wp\/v2\/posts\/35645\/revisions\/35648"}],"wp:featuredmedia":[{"embeddable":true,"href":"https:\/\/larevistadigital.com.ar\/blog\/wp-json\/wp\/v2\/media\/35647"}],"wp:attachment":[{"href":"https:\/\/larevistadigital.com.ar\/blog\/wp-json\/wp\/v2\/media?parent=35645"}],"wp:term":[{"taxonomy":"category","embeddable":true,"href":"https:\/\/larevistadigital.com.ar\/blog\/wp-json\/wp\/v2\/categories?post=35645"},{"taxonomy":"post_tag","embeddable":true,"href":"https:\/\/larevistadigital.com.ar\/blog\/wp-json\/wp\/v2\/tags?post=35645"}],"curies":[{"name":"wp","href":"https:\/\/api.w.org\/{rel}","templated":true}]}}