{"id":35662,"date":"2024-03-21T09:29:18","date_gmt":"2024-03-21T12:29:18","guid":{"rendered":"https:\/\/larevistadigital.com.ar\/blog\/?p=35662"},"modified":"2024-03-21T09:29:18","modified_gmt":"2024-03-21T12:29:18","slug":"primicia-confirmada-en-un-allanamiento-fue-detenido-un-hombre-y-se-secuestraron-1-kg-de-cocaina-y-una-importante-suma-de-dinero","status":"publish","type":"post","link":"https:\/\/larevistadigital.com.ar\/blog\/primicia-confirmada-en-un-allanamiento-fue-detenido-un-hombre-y-se-secuestraron-1-kg-de-cocaina-y-una-importante-suma-de-dinero\/","title":{"rendered":"PRIMICIA CONFIRMADA: EN UN ALLANAMIENTO, FUE DETENIDO UN HOMBRE Y SE SECUESTRARON 1 KG. DE COCA\u00cdNA Y UNA IMPORTANTE SUMA DE DINERO"},"content":{"rendered":"<h2>Se llev\u00f3 a cabo en calle Inmigrantes Arabes y se logr\u00f3 detener a una persona. Hubo una importante colaboraci\u00f3n de la Secretar\u00eda de Seguridad Ciudadana, con imagenes del Centro de Monitoreo.<\/h2>\n<p>21 de marzo de 2024<\/p>\n<p><strong>CHASCOM\u00daS &#8211;\u00a0 \u00a0<\/strong>Finalmente se confirm\u00f3 lo que <strong>La Revista Digital<\/strong> anticip\u00f3 en primicia ayer por la ma\u00f1ana, dando cuenta de un importante allanamiento que se estaba llevando a cabo en la ciudad.<\/p>\n<p>M\u00e1s tarde, nos fuimos enterando algunos detalles del mismo y luego conseguimos informaci\u00f3n de la Polic\u00eda Federal, donde se inform\u00f3 que <em><strong>\u00abSe detuvo a un traficante que realizaba delivery al menudeo en la localidad bonaerense de Chascom\u00fas. En el operativo se incaut\u00f3 casi un kilo de coca\u00edna y una gran cantidad de dinero en efectivo\u00bb.<\/strong><\/em><\/p>\n<blockquote>\n<h3>Contin\u00faan diciendo que <strong><em>\u00abEl procedimiento se efectu\u00f3 tras diversas tareas de campo desplegadas por los Agentes de la Divisi\u00f3n Unidad Operativa Federal Chascom\u00fas desde diciembre de 2023\u00bb.<\/em><\/strong><\/h3>\n<\/blockquote>\n<div class=\"x11i5rnm xat24cr x1mh8g0r x1vvkbs xtlvy1s x126k92a\">\n<div dir=\"auto\">Con las pruebas obtenidas, el Juzgado de Garant\u00edas N\u00ba5 del Departamento Judicial de Dolores, a cargo del <strong>Dr. Christian Gasquet<\/strong>, orden\u00f3 el allanamiento a un domicilio ubicado en calle Inmigrantes \u00c1rabes al 400.<\/div>\n<\/div>\n<div class=\"x11i5rnm xat24cr x1mh8g0r x1vvkbs xtlvy1s x126k92a\">\n<blockquote>\n<h3 dir=\"auto\">Durante el procedimiento, realizado junto al <strong>can detector de drogas \u201cBruno\u201d y su gu\u00eda de la Divisi\u00f3n Unidad Operativa Federal Azul y el Grupo Especial de Operaciones Federales (G.E.O.F.)<\/strong>, un hombre argentino de 40 a\u00f1os fue detenido.<\/h3>\n<\/blockquote>\n<div dir=\"auto\">Asimismo, <strong>se secuestr\u00f3 cerca de un kilo de coca\u00edna compactada, 4.105.080 pesos, 4.950 d\u00f3lares, dos motos, una camioneta, una m\u00e1quina de contar billetes, una balanza de precisi\u00f3n, un cuchillo y dos tel\u00e9fonos celulares.<\/strong><\/div>\n<div dir=\"auto\"><\/div>\n<div dir=\"auto\"><img data-recalc-dims=\"1\" loading=\"lazy\" decoding=\"async\" class=\"alignnone size-full wp-image-35663\" src=\"https:\/\/i0.wp.com\/larevistadigital.com.ar\/blog\/wp-content\/uploads\/433647828_389072657232584_7344000050425269115_n.jpg?resize=1599%2C899&#038;ssl=1\" alt=\"\" width=\"1599\" height=\"899\" srcset=\"https:\/\/i0.wp.com\/larevistadigital.com.ar\/blog\/wp-content\/uploads\/433647828_389072657232584_7344000050425269115_n.jpg?w=1599&amp;ssl=1 1599w, https:\/\/i0.wp.com\/larevistadigital.com.ar\/blog\/wp-content\/uploads\/433647828_389072657232584_7344000050425269115_n.jpg?resize=300%2C169&amp;ssl=1 300w, https:\/\/i0.wp.com\/larevistadigital.com.ar\/blog\/wp-content\/uploads\/433647828_389072657232584_7344000050425269115_n.jpg?resize=1024%2C576&amp;ssl=1 1024w, https:\/\/i0.wp.com\/larevistadigital.com.ar\/blog\/wp-content\/uploads\/433647828_389072657232584_7344000050425269115_n.jpg?resize=768%2C432&amp;ssl=1 768w, https:\/\/i0.wp.com\/larevistadigital.com.ar\/blog\/wp-content\/uploads\/433647828_389072657232584_7344000050425269115_n.jpg?resize=1536%2C864&amp;ssl=1 1536w, https:\/\/i0.wp.com\/larevistadigital.com.ar\/blog\/wp-content\/uploads\/433647828_389072657232584_7344000050425269115_n.jpg?resize=678%2C381&amp;ssl=1 678w\" sizes=\"auto, (max-width: 1000px) 100vw, 1000px\" \/>El detenido, junto con\u00a0 los elementos secuestrados, qued\u00f3 a disposici\u00f3n del magistrado. Por este hecho intervino la Unidad Funcional de Instrucci\u00f3n y Juicio N\u00b03 del Departamento Judicial de Dolores, Ayudant\u00eda Fiscal de Estupefacientes de Chascom\u00fas, a cargo del <strong>Dr. Jorge Larrarte<\/strong>.\u00bb<\/div>\n<\/div>\n<div dir=\"auto\"><\/div>\n<div dir=\"auto\">fuente. Propia &#8211; Sergio Peralta<\/div>\n<div class=\"x11i5rnm xat24cr x1mh8g0r x1vvkbs xtlvy1s x126k92a\">\n<div dir=\"auto\"><\/div>\n<\/div>\n<div dir=\"auto\"><\/div>\n","protected":false},"excerpt":{"rendered":"<div class=\"mh-excerpt\"><p>Se llev\u00f3 a cabo en calle Inmigrantes Arabes y se logr\u00f3 detener a una persona. Hubo una importante colaboraci\u00f3n de la Secretar\u00eda de Seguridad Ciudadana, con imagenes del Centro de Monitoreo. 21 de marzo de <a class=\"mh-excerpt-more\" href=\"https:\/\/larevistadigital.com.ar\/blog\/primicia-confirmada-en-un-allanamiento-fue-detenido-un-hombre-y-se-secuestraron-1-kg-de-cocaina-y-una-importante-suma-de-dinero\/\" title=\"PRIMICIA CONFIRMADA: EN UN ALLANAMIENTO, FUE DETENIDO UN HOMBRE Y SE SECUESTRARON 1 KG. DE COCA\u00cdNA Y UNA IMPORTANTE SUMA DE DINERO\">[Leer M\u00e1s]<\/a><\/p>\n<\/div>","protected":false},"author":3,"featured_media":35664,"comment_status":"open","ping_status":"open","sticky":false,"template":"","format":"standard","meta":{"_jetpack_memberships_contains_paid_content":false,"footnotes":"","jetpack_publicize_message":"","jetpack_publicize_feature_enabled":true,"jetpack_social_post_already_shared":true,"jetpack_social_options":{"image_generator_settings":{"template":"highway","default_image_id":0,"font":"","enabled":false},"version":2}},"categories":[41,44],"tags":[],"class_list":{"0":"post-35662","1":"post","2":"type-post","3":"status-publish","4":"format-standard","5":"has-post-thumbnail","7":"category-destacadas","8":"category-policiales"},"jetpack_publicize_connections":[],"jetpack_featured_media_url":"https:\/\/i0.wp.com\/larevistadigital.com.ar\/blog\/wp-content\/uploads\/434078330_389072630565920_4992071101961100517_n.jpg?fit=1160%2C740&ssl=1","jetpack_sharing_enabled":true,"jetpack_shortlink":"https:\/\/wp.me\/p8qtrQ-9hc","jetpack-related-posts":[{"id":28778,"url":"https:\/\/larevistadigital.com.ar\/blog\/chascomus-incautan-cocaina-en-un-allanamiento\/","url_meta":{"origin":35662,"position":0},"title":"CHASCOM\u00daS: INCAUTAN COCA\u00cdNA EN UN ALLANAMIENTO.","author":"Alejandro Sosa Ruda","date":"4 noviembre, 2022","format":false,"excerpt":"La cantidad secuestrada no fue suficiente para detener a la persona, seg\u00fan dispuso el Juez Gasquet. 4 de noviembre de 2022 CHASCOM\u00daS -\u00a0\u00a0Durante el d\u00eda de ayer y en horas de la tarde, se efectiviz\u00f3 un importante allanamiento para con una vivienda ubicada en la calle Saturnino Justo de la\u2026","rel":"","context":"En \u00abINTERES GENERAL\u00bb","block_context":{"text":"INTERES GENERAL","link":"https:\/\/larevistadigital.com.ar\/blog\/category\/interes-general\/"},"img":{"alt_text":"","src":"https:\/\/i0.wp.com\/larevistadigital.com.ar\/blog\/wp-content\/uploads\/WhatsApp-Image-2022-11-03-at-21.16.28-e1667570805685.jpeg?fit=821%2C1200&ssl=1&resize=350%2C200","width":350,"height":200,"srcset":"https:\/\/i0.wp.com\/larevistadigital.com.ar\/blog\/wp-content\/uploads\/WhatsApp-Image-2022-11-03-at-21.16.28-e1667570805685.jpeg?fit=821%2C1200&ssl=1&resize=350%2C200 1x, https:\/\/i0.wp.com\/larevistadigital.com.ar\/blog\/wp-content\/uploads\/WhatsApp-Image-2022-11-03-at-21.16.28-e1667570805685.jpeg?fit=821%2C1200&ssl=1&resize=525%2C300 1.5x, https:\/\/i0.wp.com\/larevistadigital.com.ar\/blog\/wp-content\/uploads\/WhatsApp-Image-2022-11-03-at-21.16.28-e1667570805685.jpeg?fit=821%2C1200&ssl=1&resize=700%2C400 2x"},"classes":[]},{"id":31034,"url":"https:\/\/larevistadigital.com.ar\/blog\/mar-del-plata-secuestran-mas-de-cien-kg-de-cocaina-en-un-allanamiento-en-un-bunker-de-drogas\/","url_meta":{"origin":35662,"position":1},"title":"MAR DEL PLATA: SECUESTRAN M\u00c1S DE CIEN KG. DE COCA\u00cdNA EN UN ALLANAMIENTO EN UN BUNKER DE DROGAS","author":"Alejandro Sosa Ruda","date":"14 abril, 2023","format":false,"excerpt":"Se logr\u00f3 secuestrar una importante cantidad de droga, y se detuvo una persona. 14 de abril de 2023 MAR DEL PLATA -\u00a0 La Polic\u00eda Federal llev\u00f3 a cabo un allanamiento en un b\u00fanker de drogas en el barrio Malvinas Argentinas, donde detuvieron al principal sospechoso y secuestraron alrededor de cien\u2026","rel":"","context":"En \u00abPOLICIALES\u00bb","block_context":{"text":"POLICIALES","link":"https:\/\/larevistadigital.com.ar\/blog\/category\/policiales\/"},"img":{"alt_text":"","src":"https:\/\/i0.wp.com\/larevistadigital.com.ar\/blog\/wp-content\/uploads\/Captura-de-pantalla-2023-04-14-125738.png?fit=808%2C452&ssl=1&resize=350%2C200","width":350,"height":200,"srcset":"https:\/\/i0.wp.com\/larevistadigital.com.ar\/blog\/wp-content\/uploads\/Captura-de-pantalla-2023-04-14-125738.png?fit=808%2C452&ssl=1&resize=350%2C200 1x, https:\/\/i0.wp.com\/larevistadigital.com.ar\/blog\/wp-content\/uploads\/Captura-de-pantalla-2023-04-14-125738.png?fit=808%2C452&ssl=1&resize=525%2C300 1.5x, https:\/\/i0.wp.com\/larevistadigital.com.ar\/blog\/wp-content\/uploads\/Captura-de-pantalla-2023-04-14-125738.png?fit=808%2C452&ssl=1&resize=700%2C400 2x"},"classes":[]},{"id":25455,"url":"https:\/\/larevistadigital.com.ar\/blog\/chascomus-ampliando-informacion-importante-cantidad-de-droga-y-una-persona-detenida-en-el-procedimiento-de-anoche-en-calle-julian-quintana\/","url_meta":{"origin":35662,"position":2},"title":"CHASCOM\u00daS (AMPLIANDO INFORMACI\u00d3N): IMPORTANTE CANTIDAD DE DROGA Y UNA PERSONA DETENIDA EN EL PROCEDIMIENTO DE ANOCHE EN CALLE JULIAN QUINTANA","author":"Alejandro Sosa Ruda","date":"28 mayo, 2022","format":false,"excerpt":"CHASCOM\u00daS -\u00a0 \u00a0Tal como informamos en primicia en la tarde noche de ayer, se llev\u00f3 a cabo un allanamiento en calle Juli\u00e1n Quintana entre Salta y San Lorenzo, que arroj\u00f3 como resultado la detecci\u00f3n de marihuana en una importante cantidad, (m\u00e1s de un kilo) convirti\u00e9ndose en una de las detecciones\u2026","rel":"","context":"En \u00abDESTACADAS\u00bb","block_context":{"text":"DESTACADAS","link":"https:\/\/larevistadigital.com.ar\/blog\/category\/destacadas\/"},"img":{"alt_text":"","src":"https:\/\/i0.wp.com\/larevistadigital.com.ar\/blog\/wp-content\/uploads\/OPERATIVO-JULIAN-QUINTANA-Y-SALTA.jpg?fit=960%2C878&ssl=1&resize=350%2C200","width":350,"height":200,"srcset":"https:\/\/i0.wp.com\/larevistadigital.com.ar\/blog\/wp-content\/uploads\/OPERATIVO-JULIAN-QUINTANA-Y-SALTA.jpg?fit=960%2C878&ssl=1&resize=350%2C200 1x, https:\/\/i0.wp.com\/larevistadigital.com.ar\/blog\/wp-content\/uploads\/OPERATIVO-JULIAN-QUINTANA-Y-SALTA.jpg?fit=960%2C878&ssl=1&resize=525%2C300 1.5x, https:\/\/i0.wp.com\/larevistadigital.com.ar\/blog\/wp-content\/uploads\/OPERATIVO-JULIAN-QUINTANA-Y-SALTA.jpg?fit=960%2C878&ssl=1&resize=700%2C400 2x"},"classes":[]},{"id":26403,"url":"https:\/\/larevistadigital.com.ar\/blog\/chascomus-tres-allanamientos-con-resultado-positivo-dos-aprehendidos-y-secuestro-de-marihuana-y-cocaina\/","url_meta":{"origin":35662,"position":3},"title":"CHASCOM\u00daS: TRES ALLANAMIENTOS CON RESULTADO POSITIVO, DOS APREHENDIDOS Y SECUESTRO DE MARIHUANA Y COCA\u00cdNA","author":"Alejandro Sosa Ruda","date":"7 julio, 2022","format":false,"excerpt":"CHASCOM\u00daS -\u00a0 Durante el d\u00eda de ayer, 6 de julio, se llevaron a cabo tres allanamientos por infracci\u00f3n a la ley 23.737 (estupefacientes), luego de que se tom\u00f3 conocimiento de que en tres lugares se estar\u00edan comercializando drogas. De esta manera se dio conocimiento a la UFI 3 a cargo\u2026","rel":"","context":"En \u00abDESTACADAS\u00bb","block_context":{"text":"DESTACADAS","link":"https:\/\/larevistadigital.com.ar\/blog\/category\/destacadas\/"},"img":{"alt_text":"","src":"https:\/\/i0.wp.com\/larevistadigital.com.ar\/blog\/wp-content\/uploads\/WhatsApp-Image-2022-07-06-at-11.11.42-PM-1.jpeg?fit=850%2C813&ssl=1&resize=350%2C200","width":350,"height":200,"srcset":"https:\/\/i0.wp.com\/larevistadigital.com.ar\/blog\/wp-content\/uploads\/WhatsApp-Image-2022-07-06-at-11.11.42-PM-1.jpeg?fit=850%2C813&ssl=1&resize=350%2C200 1x, https:\/\/i0.wp.com\/larevistadigital.com.ar\/blog\/wp-content\/uploads\/WhatsApp-Image-2022-07-06-at-11.11.42-PM-1.jpeg?fit=850%2C813&ssl=1&resize=525%2C300 1.5x, https:\/\/i0.wp.com\/larevistadigital.com.ar\/blog\/wp-content\/uploads\/WhatsApp-Image-2022-07-06-at-11.11.42-PM-1.jpeg?fit=850%2C813&ssl=1&resize=700%2C400 2x"},"classes":[]},{"id":39076,"url":"https:\/\/larevistadigital.com.ar\/blog\/gral-madariaga-detienen-a-sujeto-de-71-anos-y-secuestran-importante-cantidad-de-cocaina\/","url_meta":{"origin":35662,"position":4},"title":"Gral: Madariaga: Detienen a sujeto de 71 a\u00f1os y secuestran importante cantidad de coca\u00edna","author":"Alejandro Sosa Ruda","date":"22 marzo, 2025","format":false,"excerpt":"Tras una investigaci\u00f3n iniciada por denuncias vecinales, hallaron coca\u00edna fraccionada para la venta y dinero en efectivo 22 de Marzo de 2025 GENERAL MADARIAGA -\u00a0 Un hombre de 71 a\u00f1os fue aprehendido en General Madariaga por presunta comercializaci\u00f3n de estupefacientes, luego de una minuciosa investigaci\u00f3n iniciada a partir de denuncias\u2026","rel":"","context":"En \u00abPOLICIALES\u00bb","block_context":{"text":"POLICIALES","link":"https:\/\/larevistadigital.com.ar\/blog\/category\/policiales\/"},"img":{"alt_text":"","src":"https:\/\/i0.wp.com\/larevistadigital.com.ar\/blog\/wp-content\/uploads\/543ef4b8d9a9f610e380d6787612dc99becdd64c.jpg?fit=1140%2C642&ssl=1&resize=350%2C200","width":350,"height":200,"srcset":"https:\/\/i0.wp.com\/larevistadigital.com.ar\/blog\/wp-content\/uploads\/543ef4b8d9a9f610e380d6787612dc99becdd64c.jpg?fit=1140%2C642&ssl=1&resize=350%2C200 1x, https:\/\/i0.wp.com\/larevistadigital.com.ar\/blog\/wp-content\/uploads\/543ef4b8d9a9f610e380d6787612dc99becdd64c.jpg?fit=1140%2C642&ssl=1&resize=525%2C300 1.5x, https:\/\/i0.wp.com\/larevistadigital.com.ar\/blog\/wp-content\/uploads\/543ef4b8d9a9f610e380d6787612dc99becdd64c.jpg?fit=1140%2C642&ssl=1&resize=700%2C400 2x, https:\/\/i0.wp.com\/larevistadigital.com.ar\/blog\/wp-content\/uploads\/543ef4b8d9a9f610e380d6787612dc99becdd64c.jpg?fit=1140%2C642&ssl=1&resize=1050%2C600 3x"},"classes":[]},{"id":36978,"url":"https:\/\/larevistadigital.com.ar\/blog\/chascomus-otro-allanamiento-por-drogas-con-resultado-positivo\/","url_meta":{"origin":35662,"position":5},"title":"CHASCOM\u00daS: OTRO ALLANAMIENTO POR DROGAS CON RESULTADO POSITIVO","author":"Alejandro Sosa Ruda","date":"15 agosto, 2024","format":false,"excerpt":"La polic\u00eda logr\u00f3 nuevamente desarticular una organizaci\u00f3n dedicada al narcotr\u00e1fico. 15 de Agosto de 2024 CHASCOM\u00daS -\u00a0 \u00a0Luego de que personal de la Subdelegaci\u00f3n Chascom\u00fas de Investigaciones del Tr\u00e1fico de Drogas Il\u00edcitas logr\u00f3 reunir pruebas acerca de la comisi\u00f3n de un delito, se realiz\u00f3 un allanamiento dictado por el fiscal\u2026","rel":"","context":"En \u00abDESTACADAS\u00bb","block_context":{"text":"DESTACADAS","link":"https:\/\/larevistadigital.com.ar\/blog\/category\/destacadas\/"},"img":{"alt_text":"","src":"https:\/\/i0.wp.com\/larevistadigital.com.ar\/blog\/wp-content\/uploads\/Captura-de-pantalla-2024-08-15-201234.png?fit=969%2C575&ssl=1&resize=350%2C200","width":350,"height":200,"srcset":"https:\/\/i0.wp.com\/larevistadigital.com.ar\/blog\/wp-content\/uploads\/Captura-de-pantalla-2024-08-15-201234.png?fit=969%2C575&ssl=1&resize=350%2C200 1x, https:\/\/i0.wp.com\/larevistadigital.com.ar\/blog\/wp-content\/uploads\/Captura-de-pantalla-2024-08-15-201234.png?fit=969%2C575&ssl=1&resize=525%2C300 1.5x, https:\/\/i0.wp.com\/larevistadigital.com.ar\/blog\/wp-content\/uploads\/Captura-de-pantalla-2024-08-15-201234.png?fit=969%2C575&ssl=1&resize=700%2C400 2x"},"classes":[]}],"_links":{"self":[{"href":"https:\/\/larevistadigital.com.ar\/blog\/wp-json\/wp\/v2\/posts\/35662","targetHints":{"allow":["GET"]}}],"collection":[{"href":"https:\/\/larevistadigital.com.ar\/blog\/wp-json\/wp\/v2\/posts"}],"about":[{"href":"https:\/\/larevistadigital.com.ar\/blog\/wp-json\/wp\/v2\/types\/post"}],"author":[{"embeddable":true,"href":"https:\/\/larevistadigital.com.ar\/blog\/wp-json\/wp\/v2\/users\/3"}],"replies":[{"embeddable":true,"href":"https:\/\/larevistadigital.com.ar\/blog\/wp-json\/wp\/v2\/comments?post=35662"}],"version-history":[{"count":1,"href":"https:\/\/larevistadigital.com.ar\/blog\/wp-json\/wp\/v2\/posts\/35662\/revisions"}],"predecessor-version":[{"id":35665,"href":"https:\/\/larevistadigital.com.ar\/blog\/wp-json\/wp\/v2\/posts\/35662\/revisions\/35665"}],"wp:featuredmedia":[{"embeddable":true,"href":"https:\/\/larevistadigital.com.ar\/blog\/wp-json\/wp\/v2\/media\/35664"}],"wp:attachment":[{"href":"https:\/\/larevistadigital.com.ar\/blog\/wp-json\/wp\/v2\/media?parent=35662"}],"wp:term":[{"taxonomy":"category","embeddable":true,"href":"https:\/\/larevistadigital.com.ar\/blog\/wp-json\/wp\/v2\/categories?post=35662"},{"taxonomy":"post_tag","embeddable":true,"href":"https:\/\/larevistadigital.com.ar\/blog\/wp-json\/wp\/v2\/tags?post=35662"}],"curies":[{"name":"wp","href":"https:\/\/api.w.org\/{rel}","templated":true}]}}