{"id":35669,"date":"2024-03-23T11:06:44","date_gmt":"2024-03-23T14:06:44","guid":{"rendered":"https:\/\/larevistadigital.com.ar\/blog\/?p=35669"},"modified":"2024-03-23T11:06:44","modified_gmt":"2024-03-23T14:06:44","slug":"el-congreso-de-cicop-acepto-la-propuesta-salarial-para-el-mes-de-marzo","status":"publish","type":"post","link":"https:\/\/larevistadigital.com.ar\/blog\/el-congreso-de-cicop-acepto-la-propuesta-salarial-para-el-mes-de-marzo\/","title":{"rendered":"EL CONGRESO DE CICOP, ACEPT\u00d3 LA PROPUESTA SALARIAL PARA EL MES DE MARZO"},"content":{"rendered":"<h2>El gremio de los profesionales de la salud p\u00fablica aprob\u00f3 hoy la oferta de aumento del 13,5% para el mes de marzo a cobrarse con el salario de abril.<\/h2>\n<p>23 de marzo de 2024<\/p>\n<p>El Congreso Provincial de Delegados de la Asociaci\u00f3n Sindical de Profesionales de la Salud de la Provincia de Buenos Aires (CICOP), que sesion\u00f3 este viernes 22 de marzo de manera presencial y virtual, aprob\u00f3 por amplia mayor\u00eda la oferta paritaria formulada por el Gobierno bonaerense para los y las profesionales de la salud encuadrados en la Ley de Carrera Hospitalaria 10.471.<\/p>\n<blockquote>\n<h3>El presidente de CICOP, Pablo Maciel, detall\u00f3 que <em>\u201cla propuesta consiste en un incremento del 13,5% para el mes de marzo a cobrarse con los salarios de abril y adem\u00e1s incluye la reapertura de las negociaciones en abril\u201d.\u00a0<\/em><\/h3>\n<\/blockquote>\n<p><strong><em>\u201cEl acuerdo paritario tambi\u00e9n contempla aumento en las asignaciones familiares y en los tramos de ingreso familiar. A su vez, garantiza la continuidad de las Mesas T\u00e9cnicas para trabajar pases a planta permanente de becarios y personal en situaci\u00f3n transitoria\u201d<\/em><\/strong>, agreg\u00f3 el titular del gremio.<\/p>\n<blockquote>\n<h3>En concreto, un profesional de la salud ingresante con 36 hs guardia cobrar\u00e1 en abril $714.317 y su par ingresante con 48 hs y dedicaci\u00f3n exclusiva alcanzar\u00e1 los $1.020.657, en tanto que un residente de primer a\u00f1o con \u00abguardia en zonas de baja cobertura\u00bb percibir\u00e1 $810.852.<\/h3>\n<\/blockquote>\n<p>Asimismo, <strong>Macie<\/strong>l record\u00f3 que <em><strong>\u201ca esto hay que sumarle la nueva bonificaci\u00f3n del 40% del b\u00e1sico por trayectoria formativa para los profesionales de la salud con residencia completa. Se trata de una mejora remunerativa, cuyo primer tramo de 10% comenzar\u00e1 a percibirse con el sueldo de mayo\u201d<\/strong><\/em>. Luego, se abonar\u00e1 otro 10% con el sueldo de agosto (total: 20%), otro 10% con el sueldo de noviembre (total: 30%) y otro 10% con el sueldo de febrero 2025 (total: 40%).<\/p>\n<p><strong><em>\u201cSeguimos exigiendo al gobierno provincial los mayores esfuerzos para que los salarios de los trabajadores de la salud no pierdan frente a la inflaci\u00f3n. Entendemos que los acuerdos paritarios se est\u00e1n realizando en un momento dif\u00edcil por la situaci\u00f3n nacional y que la Provincia no es ajena a ese escenario. Valoramos que las discusiones paritarias sean mensuales, algo que no est\u00e1 sucediendo en todas las provincias\u00bb<\/em><\/strong>, concluy\u00f3 el dirigente.<\/p>\n<p>Finalmente, el cuerpo de delegados congresales ratific\u00f3 su participaci\u00f3n activa en las actividades y movilizaciones por el 24 de marzo. De igual modo, expres\u00f3 su repudio ante el brutal ataque padecido por una militante de H.I.J.O.S e inst\u00f3 al Gobierno Nacional a cesar sus manifestaciones de violencia y odio.<\/p>\n<p>&nbsp;<\/p>\n<p>&nbsp;<\/p>\n","protected":false},"excerpt":{"rendered":"<div class=\"mh-excerpt\"><p>El gremio de los profesionales de la salud p\u00fablica aprob\u00f3 hoy la oferta de aumento del 13,5% para el mes de marzo a cobrarse con el salario de abril. 23 de marzo de 2024 El <a class=\"mh-excerpt-more\" href=\"https:\/\/larevistadigital.com.ar\/blog\/el-congreso-de-cicop-acepto-la-propuesta-salarial-para-el-mes-de-marzo\/\" title=\"EL CONGRESO DE CICOP, ACEPT\u00d3 LA PROPUESTA SALARIAL PARA EL MES DE MARZO\">[Leer M\u00e1s]<\/a><\/p>\n<\/div>","protected":false},"author":3,"featured_media":35670,"comment_status":"open","ping_status":"open","sticky":false,"template":"","format":"standard","meta":{"_jetpack_memberships_contains_paid_content":false,"footnotes":"","jetpack_publicize_message":"","jetpack_publicize_feature_enabled":true,"jetpack_social_post_already_shared":true,"jetpack_social_options":{"image_generator_settings":{"template":"highway","default_image_id":0,"font":"","enabled":false},"version":2}},"categories":[51],"tags":[],"class_list":{"0":"post-35669","1":"post","2":"type-post","3":"status-publish","4":"format-standard","5":"has-post-thumbnail","7":"category-regionales"},"jetpack_publicize_connections":[],"jetpack_featured_media_url":"https:\/\/i0.wp.com\/larevistadigital.com.ar\/blog\/wp-content\/uploads\/mail-9.jpg?fit=1400%2C933&ssl=1","jetpack_sharing_enabled":true,"jetpack_shortlink":"https:\/\/wp.me\/p8qtrQ-9hj","jetpack-related-posts":[{"id":44508,"url":"https:\/\/larevistadigital.com.ar\/blog\/profesionales-de-la-salud-de-cicop-aceptaron-el-aumento-salarial-propuesto-por-la-provincia\/","url_meta":{"origin":35669,"position":0},"title":"Profesionales de la salud de CICOP aceptaron el aumento salarial propuesto por la Provincia","author":"Alejandro Sosa Ruda","date":"15 marzo, 2026","format":false,"excerpt":"La oferta del Gobierno bonaerense contempla una suba del 9% en tres tramos, con instancia de revisi\u00f3n en mayo y reapertura de las negociaciones en junio. Se comenzar\u00e1n a discutir recategorizaciones. 15 de marzo de 2026 La\u00a0Asociaci\u00f3n Sindical de Profesionales de la\u00a0Salud\u00a0de la provincia de Buenos Aires (CICOP)\u00a0aprob\u00f3 este viernes\u2026","rel":"","context":"En \u00abGREMIALES\u00bb","block_context":{"text":"GREMIALES","link":"https:\/\/larevistadigital.com.ar\/blog\/category\/gremiales\/"},"img":{"alt_text":"","src":"https:\/\/i0.wp.com\/larevistadigital.com.ar\/blog\/wp-content\/uploads\/Captura-de-pantalla-2026-03-15-011338.jpg?fit=628%2C406&ssl=1&resize=350%2C200","width":350,"height":200,"srcset":"https:\/\/i0.wp.com\/larevistadigital.com.ar\/blog\/wp-content\/uploads\/Captura-de-pantalla-2026-03-15-011338.jpg?fit=628%2C406&ssl=1&resize=350%2C200 1x, https:\/\/i0.wp.com\/larevistadigital.com.ar\/blog\/wp-content\/uploads\/Captura-de-pantalla-2026-03-15-011338.jpg?fit=628%2C406&ssl=1&resize=525%2C300 1.5x"},"classes":[]},{"id":22187,"url":"https:\/\/larevistadigital.com.ar\/blog\/los-profesionales-de-la-salud-de-cicop-rechazaron-la-propuesta-salarial-del-gobierno\/","url_meta":{"origin":35669,"position":1},"title":"LOS PROFESIONALES DE LA SALUD DE CICOP, RECHAZARON LA PROPUESTA SALARIAL DEL GOBIERNO","author":"Alejandro Sosa Ruda","date":"30 septiembre, 2021","format":false,"excerpt":"La misma consiste en un incremento del 41,5% para el mes de octubre y del 45% al mes de noviembre, con reapertura en diciembre. Desde el gremio la consideraron insuficiente en los montos ofrecidos y exigen resoluci\u00f3n de las distintas demandas extrasalariales, tales como el reconocimiento de todos los aportes\u2026","rel":"","context":"En \u00abINTERES GENERAL\u00bb","block_context":{"text":"INTERES GENERAL","link":"https:\/\/larevistadigital.com.ar\/blog\/category\/interes-general\/"},"img":{"alt_text":"","src":"https:\/\/i0.wp.com\/larevistadigital.com.ar\/blog\/wp-content\/uploads\/Captura-de-pantalla-2021-09-30-012431.jpg?fit=933%2C602&ssl=1&resize=350%2C200","width":350,"height":200,"srcset":"https:\/\/i0.wp.com\/larevistadigital.com.ar\/blog\/wp-content\/uploads\/Captura-de-pantalla-2021-09-30-012431.jpg?fit=933%2C602&ssl=1&resize=350%2C200 1x, https:\/\/i0.wp.com\/larevistadigital.com.ar\/blog\/wp-content\/uploads\/Captura-de-pantalla-2021-09-30-012431.jpg?fit=933%2C602&ssl=1&resize=525%2C300 1.5x, https:\/\/i0.wp.com\/larevistadigital.com.ar\/blog\/wp-content\/uploads\/Captura-de-pantalla-2021-09-30-012431.jpg?fit=933%2C602&ssl=1&resize=700%2C400 2x"},"classes":[]},{"id":19966,"url":"https:\/\/larevistadigital.com.ar\/blog\/cicop-los-trabajadores-de-la-salud-acamparon-frente-a-la-municipalidad-de-pinamar\/","url_meta":{"origin":35669,"position":2},"title":"CICOP: LOS TRABAJADORES DE LA SALUD ACAMPARON FRENTE A LA MUNICIPALIDAD DE PINAMAR","author":"Alejandro Sosa Ruda","date":"30 abril, 2021","format":false,"excerpt":"Fue para rechazar la oferta salarial del ejecutivo local. Desde CICOP Seccional Pinamar advirtieron que\u00a0\u201cestamos dando la pelea en el peor momento de la pandemia y el intendente Yeza se nos r\u00ede en la cara con una magra propuesta de aumento de apenas 17,5% para el primer trimestre del 2021\u201d.\u2026","rel":"","context":"En \u00abGREMIALES\u00bb","block_context":{"text":"GREMIALES","link":"https:\/\/larevistadigital.com.ar\/blog\/category\/gremiales\/"},"img":{"alt_text":"","src":"https:\/\/i0.wp.com\/larevistadigital.com.ar\/blog\/wp-content\/uploads\/CICOP.png?fit=1200%2C797&ssl=1&resize=350%2C200","width":350,"height":200,"srcset":"https:\/\/i0.wp.com\/larevistadigital.com.ar\/blog\/wp-content\/uploads\/CICOP.png?fit=1200%2C797&ssl=1&resize=350%2C200 1x, https:\/\/i0.wp.com\/larevistadigital.com.ar\/blog\/wp-content\/uploads\/CICOP.png?fit=1200%2C797&ssl=1&resize=525%2C300 1.5x, https:\/\/i0.wp.com\/larevistadigital.com.ar\/blog\/wp-content\/uploads\/CICOP.png?fit=1200%2C797&ssl=1&resize=700%2C400 2x, https:\/\/i0.wp.com\/larevistadigital.com.ar\/blog\/wp-content\/uploads\/CICOP.png?fit=1200%2C797&ssl=1&resize=1050%2C600 3x"},"classes":[]},{"id":29148,"url":"https:\/\/larevistadigital.com.ar\/blog\/cicop-para-los-dias-1-y-7-de-diciembre\/","url_meta":{"origin":35669,"position":3},"title":"CICOP PARA A LOS PROFESIONALES DE LA SALUD, LOS D\u00cdAS 1\u00b0 Y 7 DE DICIEMBRE","author":"Alejandro Sosa Ruda","date":"29 noviembre, 2022","format":false,"excerpt":"El gremio de profesionales de la salud p\u00fablica bonaerense comienza diciembre con dos paros \"por recomposici\u00f3n salarial en salud, aprobaci\u00f3n del proyecto de pase de Ley 10.430 a 10.471, por pase a planta de todos los becarios y becarias, contra el Impuesto a las Ganancias, por la extensi\u00f3n del Desgaste\u2026","rel":"","context":"En \u00abGREMIALES\u00bb","block_context":{"text":"GREMIALES","link":"https:\/\/larevistadigital.com.ar\/blog\/category\/gremiales\/"},"img":{"alt_text":"","src":"https:\/\/i0.wp.com\/larevistadigital.com.ar\/blog\/wp-content\/uploads\/mail-1.png?fit=1200%2C1199&ssl=1&resize=350%2C200","width":350,"height":200,"srcset":"https:\/\/i0.wp.com\/larevistadigital.com.ar\/blog\/wp-content\/uploads\/mail-1.png?fit=1200%2C1199&ssl=1&resize=350%2C200 1x, https:\/\/i0.wp.com\/larevistadigital.com.ar\/blog\/wp-content\/uploads\/mail-1.png?fit=1200%2C1199&ssl=1&resize=525%2C300 1.5x, https:\/\/i0.wp.com\/larevistadigital.com.ar\/blog\/wp-content\/uploads\/mail-1.png?fit=1200%2C1199&ssl=1&resize=700%2C400 2x, https:\/\/i0.wp.com\/larevistadigital.com.ar\/blog\/wp-content\/uploads\/mail-1.png?fit=1200%2C1199&ssl=1&resize=1050%2C600 3x"},"classes":[]},{"id":35575,"url":"https:\/\/larevistadigital.com.ar\/blog\/la-provincia-ofrecio-a-los-bonaerenses-un-aumento\/","url_meta":{"origin":35669,"position":4},"title":"LA PROVINCIA OFRECI\u00d3 A LOS BONAERENSES UN AUMENTO","author":"Alejandro Sosa Ruda","date":"16 marzo, 2024","format":false,"excerpt":"El Frente de Unidad Docente Bonaerense (FUDB) fue convocado este viernes por el Gobierno de la Provincia para participar en la reuni\u00f3n de la Comisi\u00f3n Paritaria Docente, que se llev\u00f3 a cabo en el Ministerio de Trabajo. En el encuentro estuvieron presentes integrantes de los Ministerios de Trabajo, Econom\u00eda y\u2026","rel":"","context":"En \u00abPOLITICA PROVINCIAL\u00bb","block_context":{"text":"POLITICA PROVINCIAL","link":"https:\/\/larevistadigital.com.ar\/blog\/category\/politica\/politica-provincial\/"},"img":{"alt_text":"","src":"https:\/\/i0.wp.com\/larevistadigital.com.ar\/blog\/wp-content\/uploads\/20240316094700_paritaria-docente-fudb-amet-feb-sadop-suteba-udocba.jpg?fit=880%2C512&ssl=1&resize=350%2C200","width":350,"height":200,"srcset":"https:\/\/i0.wp.com\/larevistadigital.com.ar\/blog\/wp-content\/uploads\/20240316094700_paritaria-docente-fudb-amet-feb-sadop-suteba-udocba.jpg?fit=880%2C512&ssl=1&resize=350%2C200 1x, https:\/\/i0.wp.com\/larevistadigital.com.ar\/blog\/wp-content\/uploads\/20240316094700_paritaria-docente-fudb-amet-feb-sadop-suteba-udocba.jpg?fit=880%2C512&ssl=1&resize=525%2C300 1.5x, https:\/\/i0.wp.com\/larevistadigital.com.ar\/blog\/wp-content\/uploads\/20240316094700_paritaria-docente-fudb-amet-feb-sadop-suteba-udocba.jpg?fit=880%2C512&ssl=1&resize=700%2C400 2x"},"classes":[]},{"id":13207,"url":"https:\/\/larevistadigital.com.ar\/blog\/cicop-los-profesionales-de-la-salud-exigen-al-gobierno-provincial-actualizar-los-salarios-en-noviembre\/","url_meta":{"origin":35669,"position":5},"title":"CICOP: LOS PROFESIONALES DE LA SALUD EXIGEN AL GOBIERNO PROVINCIAL ACTUALIZAR LOS SALARIOS EN NOVIEMBRE","author":"Alejandro Sosa Ruda","date":"17 noviembre, 2019","format":false,"excerpt":"El Consejo Directivo de la Asociaci\u00f3n Sindical de Profesionales de la Salud de la Provincia de Buenos Aires (CICOP) realiz\u00f3 este mi\u00e9rcoles\u00a0una presentaci\u00f3n formal ante el Ministerio de Trabajo bonaerense, que encabeza Marcelo Villegas, para exigir el cumplimiento de los distintos compromisos asumidos por el gobierno de Mar\u00eda Eugenia Vidal\u2026","rel":"","context":"En \u00abGREMIALES\u00bb","block_context":{"text":"GREMIALES","link":"https:\/\/larevistadigital.com.ar\/blog\/category\/gremiales\/"},"img":{"alt_text":"","src":"https:\/\/i0.wp.com\/larevistadigital.com.ar\/blog\/wp-content\/uploads\/nota-1583357-cicop-pidio-kicillof-asuma-compromiso-detener-deterioro-sistema-salud-publica-924718.jpg?fit=1200%2C630&ssl=1&resize=350%2C200","width":350,"height":200,"srcset":"https:\/\/i0.wp.com\/larevistadigital.com.ar\/blog\/wp-content\/uploads\/nota-1583357-cicop-pidio-kicillof-asuma-compromiso-detener-deterioro-sistema-salud-publica-924718.jpg?fit=1200%2C630&ssl=1&resize=350%2C200 1x, https:\/\/i0.wp.com\/larevistadigital.com.ar\/blog\/wp-content\/uploads\/nota-1583357-cicop-pidio-kicillof-asuma-compromiso-detener-deterioro-sistema-salud-publica-924718.jpg?fit=1200%2C630&ssl=1&resize=525%2C300 1.5x, https:\/\/i0.wp.com\/larevistadigital.com.ar\/blog\/wp-content\/uploads\/nota-1583357-cicop-pidio-kicillof-asuma-compromiso-detener-deterioro-sistema-salud-publica-924718.jpg?fit=1200%2C630&ssl=1&resize=700%2C400 2x, https:\/\/i0.wp.com\/larevistadigital.com.ar\/blog\/wp-content\/uploads\/nota-1583357-cicop-pidio-kicillof-asuma-compromiso-detener-deterioro-sistema-salud-publica-924718.jpg?fit=1200%2C630&ssl=1&resize=1050%2C600 3x"},"classes":[]}],"_links":{"self":[{"href":"https:\/\/larevistadigital.com.ar\/blog\/wp-json\/wp\/v2\/posts\/35669","targetHints":{"allow":["GET"]}}],"collection":[{"href":"https:\/\/larevistadigital.com.ar\/blog\/wp-json\/wp\/v2\/posts"}],"about":[{"href":"https:\/\/larevistadigital.com.ar\/blog\/wp-json\/wp\/v2\/types\/post"}],"author":[{"embeddable":true,"href":"https:\/\/larevistadigital.com.ar\/blog\/wp-json\/wp\/v2\/users\/3"}],"replies":[{"embeddable":true,"href":"https:\/\/larevistadigital.com.ar\/blog\/wp-json\/wp\/v2\/comments?post=35669"}],"version-history":[{"count":1,"href":"https:\/\/larevistadigital.com.ar\/blog\/wp-json\/wp\/v2\/posts\/35669\/revisions"}],"predecessor-version":[{"id":35671,"href":"https:\/\/larevistadigital.com.ar\/blog\/wp-json\/wp\/v2\/posts\/35669\/revisions\/35671"}],"wp:featuredmedia":[{"embeddable":true,"href":"https:\/\/larevistadigital.com.ar\/blog\/wp-json\/wp\/v2\/media\/35670"}],"wp:attachment":[{"href":"https:\/\/larevistadigital.com.ar\/blog\/wp-json\/wp\/v2\/media?parent=35669"}],"wp:term":[{"taxonomy":"category","embeddable":true,"href":"https:\/\/larevistadigital.com.ar\/blog\/wp-json\/wp\/v2\/categories?post=35669"},{"taxonomy":"post_tag","embeddable":true,"href":"https:\/\/larevistadigital.com.ar\/blog\/wp-json\/wp\/v2\/tags?post=35669"}],"curies":[{"name":"wp","href":"https:\/\/api.w.org\/{rel}","templated":true}]}}