{"id":35672,"date":"2024-03-23T11:53:42","date_gmt":"2024-03-23T14:53:42","guid":{"rendered":"https:\/\/larevistadigital.com.ar\/blog\/?p=35672"},"modified":"2024-03-23T11:53:42","modified_gmt":"2024-03-23T14:53:42","slug":"comenzo-la-campana-de-vacunacion-antigripal-2024","status":"publish","type":"post","link":"https:\/\/larevistadigital.com.ar\/blog\/comenzo-la-campana-de-vacunacion-antigripal-2024\/","title":{"rendered":"COMENZ\u00d3 LA CAMPA\u00d1A DE VACUNACI\u00d3N ANTIGRIPAL 2024"},"content":{"rendered":"<h2>La vacunaci\u00f3n antigripal estar\u00e1 disponible desde el 21 de marzo y estar\u00e1 disponible en todos los vacunatorios de la Provincia de Buenos Aires.<\/h2>\n<p>23 de marzo de 2024<\/p>\n<p><strong>BUENOS AIRES &#8211;\u00a0 <\/strong>Desde el 21 de marzo, la vacuna antigripal est\u00e1 disponible y su aplicaci\u00f3n gratuita se realizar\u00e1 en forma escalonada, de acuerdo al nivel de riesgo de cada grupo.<\/p>\n<p><strong>QUI\u00c9NES TIENEN QUE VACUNARSE&#8230;<\/strong><\/p>\n<ul>\n<li>Personal de Salud<\/li>\n<li>Mayores de 65 a\u00f1os<\/li>\n<li>Personas embarazadas (en cualquier trimestre de gestaci\u00f3n)<\/li>\n<li>Personas Pu\u00e9rparas, dentro de los diez d\u00edas posteriores al pasto, preferentemente antes del egreso del la maternidad.<\/li>\n<li>Ni\u00f1os y ni\u00f1as de entre 6 meses y 2 a\u00f1os.<\/li>\n<li>Personas de 2 a 64 a\u00f1os con factores de riesgo.<\/li>\n<li>Personal estrat\u00e9gico.<\/li>\n<\/ul>\n<blockquote>\n<h3>La primera etapa, comenz\u00f3 el 21 de marzo, para personas embarazadas, personal de salud y mayores de 65 a\u00f1os.<\/h3>\n<\/blockquote>\n<p>Quienes est\u00e9n transitando la semana 32 a 36 del embarazo, <strong>TAMBI\u00c9N PODR\u00c1N ACCEDER A LA NUEVA VACUNA OBLIGATORIA Y GRATUITA, CONTRA EL VIRUS SINCICIAL RESPIRATORIO (VSR) QUE PREVIENE LAS FORMAS GRAVES DE BRONQUIOLITIS EN LOS BEB\u00c9S.<\/strong><\/p>\n<p>Vacunarse cada a\u00f1o, reduce las complicaciones, hospitalizaciones, muertes y secuelas ocasionadas por la gripe, en los grupos de mayor riesgo, y nos protege en los meses de mayor circulaci\u00f3n del virus.<\/p>\n<blockquote>\n<h3>La vacuna\u00a0es gratuita, no requiere orden m\u00e9dica y puede aplicarse junto a otras vacunas\u00a0como la de COVID-19, la vacuna contra el neumococo u otras del Calendario Nacional.<\/h3>\n<\/blockquote>\n<p>Consult\u00e1 por el vacunatorio m\u00e1s cercano a tu domicilio en\u00a0<strong><a id=\"yiv303971882079361185\" href=\"https:\/\/nts.embluemail.com\/p\/cl?data=jPwYq7iam%2BibVS1l%2BG7MoP5wwQVWtsQP70t6YBXHQF%2FARBr8HUY8oQogf3c7sbGlVO22ejt6eOFGjP%2F9BlyeQbf0asA5a054f2WtZ3mdg0g%3D!-!5a7gm,:!-!https%3A%2F%2Fwww.gba.gob.ar%2Fvacunacion%2F%23muni%3Futm_source=emBlue%26utm_medium=email%26utm_campaign=2024+COMUNICACI%C3%93N+P%C3%9ABLICA+%26utm_content=Campa%C3%B1a+Antigripal+Grupo+1--Comenz%C3%B3+la+Campa%C3%B1a+de+Vacunaci%C3%B3n+Antigripal+2024%26utm_term=multiple--2--none--50-60--ENVIO+SIMPLE\" target=\"_blank\" rel=\"nofollow noopener noreferrer\">www.gba.gob.ar\/vacunacion\/#muni<\/a><\/strong><\/p>\n<p>&nbsp;<\/p>\n","protected":false},"excerpt":{"rendered":"<div class=\"mh-excerpt\"><p>La vacunaci\u00f3n antigripal estar\u00e1 disponible desde el 21 de marzo y estar\u00e1 disponible en todos los vacunatorios de la Provincia de Buenos Aires. 23 de marzo de 2024 BUENOS AIRES &#8211;\u00a0 Desde el 21 de <a class=\"mh-excerpt-more\" href=\"https:\/\/larevistadigital.com.ar\/blog\/comenzo-la-campana-de-vacunacion-antigripal-2024\/\" title=\"COMENZ\u00d3 LA CAMPA\u00d1A DE VACUNACI\u00d3N ANTIGRIPAL 2024\">[Leer M\u00e1s]<\/a><\/p>\n<\/div>","protected":false},"author":3,"featured_media":35674,"comment_status":"open","ping_status":"open","sticky":false,"template":"","format":"standard","meta":{"_jetpack_memberships_contains_paid_content":false,"footnotes":"","jetpack_publicize_message":"","jetpack_publicize_feature_enabled":true,"jetpack_social_post_already_shared":true,"jetpack_social_options":{"image_generator_settings":{"template":"highway","default_image_id":0,"font":"","enabled":false},"version":2}},"categories":[24,51],"tags":[],"class_list":{"0":"post-35672","1":"post","2":"type-post","3":"status-publish","4":"format-standard","5":"has-post-thumbnail","7":"category-politica-provincial","8":"category-regionales"},"jetpack_publicize_connections":[],"jetpack_featured_media_url":"https:\/\/i0.wp.com\/larevistadigital.com.ar\/blog\/wp-content\/uploads\/Captura-de-pantalla-2024-03-23-115147.png?fit=800%2C256&ssl=1","jetpack_sharing_enabled":true,"jetpack_shortlink":"https:\/\/wp.me\/p8qtrQ-9hm","jetpack-related-posts":[{"id":39112,"url":"https:\/\/larevistadigital.com.ar\/blog\/la-provincia-comienza-a-aplicar-la-vacuna-antigripal-a-mayores-de-65\/","url_meta":{"origin":35672,"position":0},"title":"La Provincia comienza a aplicar la vacuna antigripal a mayores de 65","author":"Alejandro Sosa Ruda","date":"24 marzo, 2025","format":false,"excerpt":"La primera etapa est\u00e1 dirigida tambi\u00e9n al personal de salud. A partir del 7 de abril, se ampliar\u00e1 la convocatoria para todos los grupos poblacionales de riesgo. 24 de Marzo de 2025 BUENOS AIRES -\u00a0 El ministerio de Salud de la Provincia pone en marcha la Campa\u00f1a Nacional de Vacunaci\u00f3n\u2026","rel":"","context":"En \u00abREGIONALES\u00bb","block_context":{"text":"REGIONALES","link":"https:\/\/larevistadigital.com.ar\/blog\/category\/regionales\/"},"img":{"alt_text":"","src":"https:\/\/i0.wp.com\/larevistadigital.com.ar\/blog\/wp-content\/uploads\/vacuna-antigripal.jpg?fit=700%2C467&ssl=1&resize=350%2C200","width":350,"height":200,"srcset":"https:\/\/i0.wp.com\/larevistadigital.com.ar\/blog\/wp-content\/uploads\/vacuna-antigripal.jpg?fit=700%2C467&ssl=1&resize=350%2C200 1x, https:\/\/i0.wp.com\/larevistadigital.com.ar\/blog\/wp-content\/uploads\/vacuna-antigripal.jpg?fit=700%2C467&ssl=1&resize=525%2C300 1.5x, https:\/\/i0.wp.com\/larevistadigital.com.ar\/blog\/wp-content\/uploads\/vacuna-antigripal.jpg?fit=700%2C467&ssl=1&resize=700%2C400 2x"},"classes":[]},{"id":44463,"url":"https:\/\/larevistadigital.com.ar\/blog\/chascomus-comienza-la-campana-de-vacunacion-antigripal\/","url_meta":{"origin":35672,"position":1},"title":"Chascom\u00fas: Comienza la campa\u00f1a de vacunaci\u00f3n antigripal","author":"Alejandro Sosa Ruda","date":"10 marzo, 2026","format":false,"excerpt":"Se implementar\u00e1 en dos etapas dando prioridad a personas con mayor riesgo de contraer la enfermedad. 10 de marzo de 2026 CHASCOM\u00daS -\u00a0 \u00a0Este mi\u00e9rcoles comienza la campa\u00f1a anual de vacunaci\u00f3n antigripal promovida desde el gobierno provincial. La inmunizaci\u00f3n tiene por objetivo reducir las complicaciones, secuelas y muertes ocasionadas por\u2026","rel":"","context":"En \u00abCHASCOM\u00daS\u00bb","block_context":{"text":"CHASCOM\u00daS","link":"https:\/\/larevistadigital.com.ar\/blog\/category\/chascomus\/"},"img":{"alt_text":"","src":"https:\/\/i0.wp.com\/larevistadigital.com.ar\/blog\/wp-content\/uploads\/69b0534e1ddfe.png?fit=668%2C445&ssl=1&resize=350%2C200","width":350,"height":200,"srcset":"https:\/\/i0.wp.com\/larevistadigital.com.ar\/blog\/wp-content\/uploads\/69b0534e1ddfe.png?fit=668%2C445&ssl=1&resize=350%2C200 1x, https:\/\/i0.wp.com\/larevistadigital.com.ar\/blog\/wp-content\/uploads\/69b0534e1ddfe.png?fit=668%2C445&ssl=1&resize=525%2C300 1.5x"},"classes":[]},{"id":35790,"url":"https:\/\/larevistadigital.com.ar\/blog\/comenzo-la-campana-de-vacunacion-antigripal-2024-2\/","url_meta":{"origin":35672,"position":2},"title":"COMENZ\u00d3 LA CAMPA\u00d1A DE VACUNACI\u00d3N ANTIGRIPAL 2024","author":"Alejandro Sosa Ruda","date":"9 abril, 2024","format":false,"excerpt":"Para una mejor organizaci\u00f3n, se habilitar\u00e1n dos sedes simult\u00e1neas de aplicaci\u00f3n . 9 de abril de 2024 CHASCOM\u00daS -\u00a0 Este lunes se inici\u00f3 la inoculaci\u00f3n de la vacuna antigripal para los grupos de riesgo, luego de haberse completado la inmunizaci\u00f3n para el personal de salud. Se administra de manera gratuita\u2026","rel":"","context":"En \u00abCHASCOM\u00daS\u00bb","block_context":{"text":"CHASCOM\u00daS","link":"https:\/\/larevistadigital.com.ar\/blog\/category\/chascomus\/"},"img":{"alt_text":"","src":"https:\/\/i0.wp.com\/larevistadigital.com.ar\/blog\/wp-content\/uploads\/2024_04_09_00_52_46_7413260.jpg?fit=600%2C400&ssl=1&resize=350%2C200","width":350,"height":200,"srcset":"https:\/\/i0.wp.com\/larevistadigital.com.ar\/blog\/wp-content\/uploads\/2024_04_09_00_52_46_7413260.jpg?fit=600%2C400&ssl=1&resize=350%2C200 1x, https:\/\/i0.wp.com\/larevistadigital.com.ar\/blog\/wp-content\/uploads\/2024_04_09_00_52_46_7413260.jpg?fit=600%2C400&ssl=1&resize=525%2C300 1.5x"},"classes":[]},{"id":19788,"url":"https:\/\/larevistadigital.com.ar\/blog\/desde-el-proximo-juever-se-aplicara-la-vacuna-antigripal-aca-los-lugares-donde-presentarse\/","url_meta":{"origin":35672,"position":3},"title":"DESDE EL PR\u00d3XIMO JUEVES SE APLICAR\u00c1 LA VACUNA ANTIGRIPAL: AC\u00c1 LOS LUGARES DONDE PRESENTARSE","author":"Alejandro Sosa Ruda","date":"21 abril, 2021","format":false,"excerpt":"Con el fin de brindar el acceso de la salud a toda la comunidad y en este contexto, evitar la circulaci\u00f3n y aglomeraci\u00f3n de las personas se dispuso descentralizar la vacunaci\u00f3n en distintos puntos estrat\u00e9gicos de la ciudad. En el marco de la pandemia, la descentralizaci\u00f3n de la salud cumple\u2026","rel":"","context":"En \u00abCHASCOM\u00daS\u00bb","block_context":{"text":"CHASCOM\u00daS","link":"https:\/\/larevistadigital.com.ar\/blog\/category\/chascomus\/"},"img":{"alt_text":"","src":"https:\/\/i0.wp.com\/larevistadigital.com.ar\/blog\/wp-content\/uploads\/VACUNACION-GRIPE.jpeg?fit=1200%2C1198&ssl=1&resize=350%2C200","width":350,"height":200,"srcset":"https:\/\/i0.wp.com\/larevistadigital.com.ar\/blog\/wp-content\/uploads\/VACUNACION-GRIPE.jpeg?fit=1200%2C1198&ssl=1&resize=350%2C200 1x, https:\/\/i0.wp.com\/larevistadigital.com.ar\/blog\/wp-content\/uploads\/VACUNACION-GRIPE.jpeg?fit=1200%2C1198&ssl=1&resize=525%2C300 1.5x, https:\/\/i0.wp.com\/larevistadigital.com.ar\/blog\/wp-content\/uploads\/VACUNACION-GRIPE.jpeg?fit=1200%2C1198&ssl=1&resize=700%2C400 2x, https:\/\/i0.wp.com\/larevistadigital.com.ar\/blog\/wp-content\/uploads\/VACUNACION-GRIPE.jpeg?fit=1200%2C1198&ssl=1&resize=1050%2C600 3x"},"classes":[]},{"id":386,"url":"https:\/\/larevistadigital.com.ar\/blog\/vidal-recorrio-una-unidad-sanitaria-lanus-donde-funciona-centro-vacunacion\/","url_meta":{"origin":35672,"position":4},"title":"Vidal recorri\u00f3 una Unidad Sanitaria de Lan\u00fas donde funciona un centro de vacunaci\u00f3n","author":"editor","date":"20 febrero, 2017","format":false,"excerpt":"La gobernadora de la provincia de Buenos Aires, Mar\u00eda Eugenia Vidal, visit\u00f3 hoy la Unidad Sanitaria \u201cDr. N. Natiello\u201d de Lan\u00fas, donde funciona uno de los centros del Plan Anual de Vacunaci\u00f3n, y m\u00e1s de 5 mil vecinos por mes reciben asistencia m\u00e9dica. Junto al intendente N\u00e9stor Grindetti, el director\u2026","rel":"","context":"En \u00abPOLITICA\u00bb","block_context":{"text":"POLITICA","link":"https:\/\/larevistadigital.com.ar\/blog\/category\/politica\/"},"img":{"alt_text":"","src":"https:\/\/i0.wp.com\/larevistadigital.com.ar\/blog\/wp-content\/uploads\/2017\/02\/MV200217.jpg?fit=524%2C343&ssl=1&resize=350%2C200","width":350,"height":200},"classes":[]},{"id":45023,"url":"https:\/\/larevistadigital.com.ar\/blog\/chascomus-se-ve-afectado-por-la-falta-de-envio-de-vacunas-antigripales-por-parte-del-gobierno-nacional\/","url_meta":{"origin":35672,"position":5},"title":"Chascom\u00fas se ve afectado por la falta de env\u00edo de vacunas antigripales por parte del Gobierno Nacional","author":"Alejandro Sosa Ruda","date":"8 abril, 2026","format":false,"excerpt":"La demora en la entrega de vacunas afecta a municipios de todo el pa\u00eds. En Chascom\u00fas, esta situaci\u00f3n genera dificultades para avanzar con normalidad en la campa\u00f1a de vacunaci\u00f3n antigripal y otros esquemas del calendario obligatorio. 08 de abril de 2026 CHASCOM\u00daS -\u00a0 \u00a0Desde el Gobierno de la Provincia de\u2026","rel":"","context":"En \u00abINTERES GENERAL\u00bb","block_context":{"text":"INTERES GENERAL","link":"https:\/\/larevistadigital.com.ar\/blog\/category\/interes-general\/"},"img":{"alt_text":"","src":"https:\/\/i0.wp.com\/larevistadigital.com.ar\/blog\/wp-content\/uploads\/69d6998872fd9.png?fit=668%2C445&ssl=1&resize=350%2C200","width":350,"height":200,"srcset":"https:\/\/i0.wp.com\/larevistadigital.com.ar\/blog\/wp-content\/uploads\/69d6998872fd9.png?fit=668%2C445&ssl=1&resize=350%2C200 1x, https:\/\/i0.wp.com\/larevistadigital.com.ar\/blog\/wp-content\/uploads\/69d6998872fd9.png?fit=668%2C445&ssl=1&resize=525%2C300 1.5x"},"classes":[]}],"_links":{"self":[{"href":"https:\/\/larevistadigital.com.ar\/blog\/wp-json\/wp\/v2\/posts\/35672","targetHints":{"allow":["GET"]}}],"collection":[{"href":"https:\/\/larevistadigital.com.ar\/blog\/wp-json\/wp\/v2\/posts"}],"about":[{"href":"https:\/\/larevistadigital.com.ar\/blog\/wp-json\/wp\/v2\/types\/post"}],"author":[{"embeddable":true,"href":"https:\/\/larevistadigital.com.ar\/blog\/wp-json\/wp\/v2\/users\/3"}],"replies":[{"embeddable":true,"href":"https:\/\/larevistadigital.com.ar\/blog\/wp-json\/wp\/v2\/comments?post=35672"}],"version-history":[{"count":2,"href":"https:\/\/larevistadigital.com.ar\/blog\/wp-json\/wp\/v2\/posts\/35672\/revisions"}],"predecessor-version":[{"id":35675,"href":"https:\/\/larevistadigital.com.ar\/blog\/wp-json\/wp\/v2\/posts\/35672\/revisions\/35675"}],"wp:featuredmedia":[{"embeddable":true,"href":"https:\/\/larevistadigital.com.ar\/blog\/wp-json\/wp\/v2\/media\/35674"}],"wp:attachment":[{"href":"https:\/\/larevistadigital.com.ar\/blog\/wp-json\/wp\/v2\/media?parent=35672"}],"wp:term":[{"taxonomy":"category","embeddable":true,"href":"https:\/\/larevistadigital.com.ar\/blog\/wp-json\/wp\/v2\/categories?post=35672"},{"taxonomy":"post_tag","embeddable":true,"href":"https:\/\/larevistadigital.com.ar\/blog\/wp-json\/wp\/v2\/tags?post=35672"}],"curies":[{"name":"wp","href":"https:\/\/api.w.org\/{rel}","templated":true}]}}