{"id":35676,"date":"2024-03-23T12:15:39","date_gmt":"2024-03-23T15:15:39","guid":{"rendered":"https:\/\/larevistadigital.com.ar\/blog\/?p=35676"},"modified":"2024-03-23T12:15:39","modified_gmt":"2024-03-23T15:15:39","slug":"aporte-de-5500-millones-en-ioma-aumentan-la-cobertura-para-medicamentos-ambulatorios-cronicos","status":"publish","type":"post","link":"https:\/\/larevistadigital.com.ar\/blog\/aporte-de-5500-millones-en-ioma-aumentan-la-cobertura-para-medicamentos-ambulatorios-cronicos\/","title":{"rendered":"APORTE DE 5,500. MILLONES: EN IOMA AUMENTAN LA COBERTURA PARA MEDICAMENTOS AMBULATORIOS CR\u00d3NICOS"},"content":{"rendered":"<h2 class=\"fparrafo ctext fz18 lh25\">IOMA reorganiza su vadem\u00e9cum, y tras un enorme aporte de m\u00e1s de 5500 millones de pesos, se duplic\u00f3 la inversi\u00f3n en medicamentos ambulatorios para aumentar la cobertura.<\/h2>\n<p>23 de marzo de 2024<\/p>\n<p><strong>BUENOS AIRES &#8211;\u00a0<\/strong> Seg\u00fan explicaron desde el instituto,<b>\u00a0<\/b>la devaluaci\u00f3n del 118% de diciembre de 2023, la liberalizaci\u00f3n de los precios m\u00e1s la inflaci\u00f3n de los \u00faltimos tres meses que impuso el gobierno nacional, signific\u00f3 entre otros problemas para IOMA, la imposibilidad de continuar con la cobertura que se ven\u00eda ampliando para determinados medicamentos y que, en algunos de \u00e9stos, hab\u00edan alcanzado el 100%.<\/p>\n<blockquote>\n<h3>Mediante un comunicado, desde la obra social de los bonaerenses, indicaron que lamentablemente, como consecuencia del plan econ\u00f3mico del gobierno nacional, de diciembre pasado a febrero de 2024, los medicamentos aumentaron un promedio del 74%, lo que implic\u00f3 que el porcentaje de cobertura que ten\u00eda IOMA pasara a ser en promedio del 28%.<\/h3>\n<\/blockquote>\n<p>Hoy, si bien no se ha podido recuperar el porcentaje de cobertura que se ten\u00eda hasta noviembre de 2023, IOMA, mediante un esfuerzo enorme, reorganiza su vadem\u00e9cum, y ahora los medicamentos ambulatorios cr\u00f3nicos contar\u00e1n con una cobertura del 60%.<\/p>\n<blockquote>\n<h3>De esta manera, los\u00a0<strong><a href=\"https:\/\/www.ioma.gba.gob.ar\/index.php\/servicios-y-prestaciones\/como-acceder-a-las-prestaciones\/medicamentos\/medicamentos-ambulatorios\/\" target=\"_blank\" rel=\"noopener\">medicamentos ambulatorios cr\u00f3nicos<\/a><\/strong>, actualmente cuentan con una cobertura del 60 %, lo que significa un ahorro considerable para el bolsillo de las y los afiliados.<\/h3>\n<\/blockquote>\n<p>Por \u00faltimo, el comunicado destaca que <strong><em>\u201ccon esta importante inversi\u00f3n de IOMA en medicamentos ambulatorios, el objetivo es alcanzar los valores hist\u00f3ricos de cobertura que se ven\u00eda reconociendo, lo cual tendr\u00e1 un costo estimado en $5.685 millones mensuales, sin tomar en cuenta los incrementos de precios, esto proyectado a todo el a\u00f1o equivale a unos $51.165 millones. Lo que representa un incremento en el gasto actual de 102.5%\u201d<\/em><\/strong>. (<b>InfoGEI<\/b>)Ac<\/p>\n","protected":false},"excerpt":{"rendered":"<div class=\"mh-excerpt\"><p>IOMA reorganiza su vadem\u00e9cum, y tras un enorme aporte de m\u00e1s de 5500 millones de pesos, se duplic\u00f3 la inversi\u00f3n en medicamentos ambulatorios para aumentar la cobertura. 23 de marzo de 2024 BUENOS AIRES &#8211;\u00a0 <a class=\"mh-excerpt-more\" href=\"https:\/\/larevistadigital.com.ar\/blog\/aporte-de-5500-millones-en-ioma-aumentan-la-cobertura-para-medicamentos-ambulatorios-cronicos\/\" title=\"APORTE DE 5,500. MILLONES: EN IOMA AUMENTAN LA COBERTURA PARA MEDICAMENTOS AMBULATORIOS CR\u00d3NICOS\">[Leer M\u00e1s]<\/a><\/p>\n<\/div>","protected":false},"author":3,"featured_media":35677,"comment_status":"open","ping_status":"open","sticky":false,"template":"","format":"standard","meta":{"_jetpack_memberships_contains_paid_content":false,"footnotes":"","jetpack_publicize_message":"","jetpack_publicize_feature_enabled":true,"jetpack_social_post_already_shared":true,"jetpack_social_options":{"image_generator_settings":{"template":"highway","default_image_id":0,"font":"","enabled":false},"version":2}},"categories":[24,51],"tags":[],"class_list":{"0":"post-35676","1":"post","2":"type-post","3":"status-publish","4":"format-standard","5":"has-post-thumbnail","7":"category-politica-provincial","8":"category-regionales"},"jetpack_publicize_connections":[],"jetpack_featured_media_url":"https:\/\/i0.wp.com\/larevistadigital.com.ar\/blog\/wp-content\/uploads\/20240322163008_ioma-aumento-cobertura-medicamentos-ambulatorios-cronicos.jpg?fit=880%2C512&ssl=1","jetpack_sharing_enabled":true,"jetpack_shortlink":"https:\/\/wp.me\/p8qtrQ-9hq","jetpack-related-posts":[{"id":13736,"url":"https:\/\/larevistadigital.com.ar\/blog\/ioma-le-debe-mas-de-13-000-000-a-las-farmacias-de-chascomus\/","url_meta":{"origin":35676,"position":0},"title":"IOMA LE DEBE M\u00c1S DE 13.000.000.- A LAS FARMACIAS DE CHASCOM\u00daS","author":"Alejandro Sosa Ruda","date":"19 diciembre, 2019","format":false,"excerpt":"IOMA le debe m\u00e1s de 13 millones de pesos a las farmacias de Chascom\u00fas, por los medicamentos dispensados desde el mes de agosto de 2019 a la fecha. As\u00ed lo inform\u00f3 el Colegio de Farmac\u00e9uticos de Chascom\u00fas, detallando que son $12.284.136,74 en ambulatorios y $1.004.817,48 en accesorios. Sobre esta situaci\u00f3n\u2026","rel":"","context":"En \u00abINTERES GENERAL\u00bb","block_context":{"text":"INTERES GENERAL","link":"https:\/\/larevistadigital.com.ar\/blog\/category\/interes-general\/"},"img":{"alt_text":"","src":"https:\/\/i0.wp.com\/larevistadigital.com.ar\/blog\/wp-content\/uploads\/mail-3.jpg?fit=600%2C400&ssl=1&resize=350%2C200","width":350,"height":200,"srcset":"https:\/\/i0.wp.com\/larevistadigital.com.ar\/blog\/wp-content\/uploads\/mail-3.jpg?fit=600%2C400&ssl=1&resize=350%2C200 1x, https:\/\/i0.wp.com\/larevistadigital.com.ar\/blog\/wp-content\/uploads\/mail-3.jpg?fit=600%2C400&ssl=1&resize=525%2C300 1.5x"},"classes":[]},{"id":21921,"url":"https:\/\/larevistadigital.com.ar\/blog\/tandil-mas-de-24-000-afiliados-de-ioma-sin-cobertura-por-un-conflicto-con-los-medicos\/","url_meta":{"origin":35676,"position":1},"title":"TANDIL: MAS DE 24.000 AFILIADOS DE IOMA SIN COBERTURA POR UN CONFLICTO CON LOS M\u00c9DICOS","author":"Alejandro Sosa Ruda","date":"8 septiembre, 2021","format":false,"excerpt":"La Defensor\u00eda del Pueblo bonaerense convoc\u00f3 a una mediaci\u00f3n a las partes este martes, pero no se lleg\u00f3 a un acuerdo. TANDIL - M\u00e1s de 24 mil afiliados de IOMA en Tandil se ven afectados por un conflicto entre el C\u00edrculo M\u00e9dico del distrito y la obra social bonaerense que\u2026","rel":"","context":"En \u00abREGIONALES\u00bb","block_context":{"text":"REGIONALES","link":"https:\/\/larevistadigital.com.ar\/blog\/category\/regionales\/"},"img":{"alt_text":"","src":"https:\/\/i0.wp.com\/larevistadigital.com.ar\/blog\/wp-content\/uploads\/374677bca7339f6b19fe221e600a596da308f652.jpg?fit=1140%2C744&ssl=1&resize=350%2C200","width":350,"height":200,"srcset":"https:\/\/i0.wp.com\/larevistadigital.com.ar\/blog\/wp-content\/uploads\/374677bca7339f6b19fe221e600a596da308f652.jpg?fit=1140%2C744&ssl=1&resize=350%2C200 1x, https:\/\/i0.wp.com\/larevistadigital.com.ar\/blog\/wp-content\/uploads\/374677bca7339f6b19fe221e600a596da308f652.jpg?fit=1140%2C744&ssl=1&resize=525%2C300 1.5x, https:\/\/i0.wp.com\/larevistadigital.com.ar\/blog\/wp-content\/uploads\/374677bca7339f6b19fe221e600a596da308f652.jpg?fit=1140%2C744&ssl=1&resize=700%2C400 2x, https:\/\/i0.wp.com\/larevistadigital.com.ar\/blog\/wp-content\/uploads\/374677bca7339f6b19fe221e600a596da308f652.jpg?fit=1140%2C744&ssl=1&resize=1050%2C600 3x"},"classes":[]},{"id":36561,"url":"https:\/\/larevistadigital.com.ar\/blog\/kicillof-y-kreplak-anunciaron-la-ampliacion-de-la-cobertura-de-medicamentos-oncologicos\/","url_meta":{"origin":35676,"position":2},"title":"KICILLOF Y KREPLAK ANUNCIARON LA AMPLIACI\u00d3N DE LA COBERTURA DE MEDICAMENTOS ONCOL\u00d3GICOS","author":"Alejandro Sosa Ruda","date":"3 julio, 2024","format":false,"excerpt":"La Provincia invertir\u00e1 $12.000 millones para brindar m\u00e1s y mejores tratamientos contra el c\u00e1ncer. 03 de Julio de 2024 BUENOS AIRES -\u00a0 El gobernador Axel Kicillof anunci\u00f3 este martes junto al ministro de Salud, Nicol\u00e1s Kreplak, la ampliaci\u00f3n del vadem\u00e9cum provincial de medicamentos oncol\u00f3gicos, que con una inversi\u00f3n de $12.000\u2026","rel":"","context":"En \u00abDESTACADAS\u00bb","block_context":{"text":"DESTACADAS","link":"https:\/\/larevistadigital.com.ar\/blog\/category\/destacadas\/"},"img":{"alt_text":"","src":"https:\/\/i0.wp.com\/larevistadigital.com.ar\/blog\/wp-content\/uploads\/DAE3236.jpg?fit=743%2C530&ssl=1&resize=350%2C200","width":350,"height":200,"srcset":"https:\/\/i0.wp.com\/larevistadigital.com.ar\/blog\/wp-content\/uploads\/DAE3236.jpg?fit=743%2C530&ssl=1&resize=350%2C200 1x, https:\/\/i0.wp.com\/larevistadigital.com.ar\/blog\/wp-content\/uploads\/DAE3236.jpg?fit=743%2C530&ssl=1&resize=525%2C300 1.5x, https:\/\/i0.wp.com\/larevistadigital.com.ar\/blog\/wp-content\/uploads\/DAE3236.jpg?fit=743%2C530&ssl=1&resize=700%2C400 2x"},"classes":[]},{"id":5191,"url":"https:\/\/larevistadigital.com.ar\/blog\/chascomus-colegio-farmacpeuticos-confirma-pago-ioma-aunque-aun-atraso\/","url_meta":{"origin":35676,"position":3},"title":"CHASCOM\u00daS: EL COLEGIO DE FARMAC\u00c9UTICOS CONFIRMA PAGO DE IOMA, AUNQUE A\u00daN HAY ATRASO","author":"Alejandro Sosa Ruda","date":"7 marzo, 2018","format":false,"excerpt":"As\u00ed lo afirm\u00f3 el presidente del Col\u00e9gio de Farmac\u00e9uticos, Luis Ferrari\u00a0durante una entrevista radial en el programa \"La Primera Ma\u00f1ana\" que se emite por FM Volver 95.3 mhtz. Ferrari, en di\u00e1logo con Julio Giribaldi, conductor del ciclo radial,\u00a0asegur\u00f3 que la Obra Social IOMA, hab\u00eda venido \"pagando regularmente\", hasta que se\u2026","rel":"","context":"En \u00abGREMIALES\u00bb","block_context":{"text":"GREMIALES","link":"https:\/\/larevistadigital.com.ar\/blog\/category\/gremiales\/"},"img":{"alt_text":"","src":"https:\/\/i0.wp.com\/larevistadigital.com.ar\/blog\/wp-content\/uploads\/2018\/03\/ferrari_06demarzode2108_elfuerte.jpg?fit=737%2C415&ssl=1&resize=350%2C200","width":350,"height":200,"srcset":"https:\/\/i0.wp.com\/larevistadigital.com.ar\/blog\/wp-content\/uploads\/2018\/03\/ferrari_06demarzode2108_elfuerte.jpg?fit=737%2C415&ssl=1&resize=350%2C200 1x, https:\/\/i0.wp.com\/larevistadigital.com.ar\/blog\/wp-content\/uploads\/2018\/03\/ferrari_06demarzode2108_elfuerte.jpg?fit=737%2C415&ssl=1&resize=525%2C300 1.5x, https:\/\/i0.wp.com\/larevistadigital.com.ar\/blog\/wp-content\/uploads\/2018\/03\/ferrari_06demarzode2108_elfuerte.jpg?fit=737%2C415&ssl=1&resize=700%2C400 2x"},"classes":[]},{"id":1257,"url":"https:\/\/larevistadigital.com.ar\/blog\/con-conferencia-de-prensa-vidal-hara-oficial-la-nueva-conduccion-de-ioma\/","url_meta":{"origin":35676,"position":4},"title":"CON CONFERENCIA DE PRENSA, VIDAL HAR\u00c1 OFICIAL LA NUEVA CONDUCCI\u00d3N DE IOMA","author":"Alejandro Sosa Ruda","date":"17 marzo, 2017","format":false,"excerpt":"En una\u00a0 conferencia de prensa que brindar\u00e1 la gobernadora de la Provincia de Buenos Aires, Mar\u00eda Eugenia Vidal, se dar\u00e1 a conocer la nueva conducci\u00f3n de la obra social IOMA. Recordemos que quien ejerc\u00eda la presidencia de IOMA, era Sergio Cassinotti, que fue removido de ese lugar, para ocupar la\u2026","rel":"","context":"En \u00abDESTACADAS\u00bb","block_context":{"text":"DESTACADAS","link":"https:\/\/larevistadigital.com.ar\/blog\/category\/destacadas\/"},"img":{"alt_text":"","src":"https:\/\/i0.wp.com\/larevistadigital.com.ar\/blog\/wp-content\/uploads\/2017\/03\/maria-eugenia-vidal.jpg?fit=700%2C394&ssl=1&resize=350%2C200","width":350,"height":200,"srcset":"https:\/\/i0.wp.com\/larevistadigital.com.ar\/blog\/wp-content\/uploads\/2017\/03\/maria-eugenia-vidal.jpg?fit=700%2C394&ssl=1&resize=350%2C200 1x, https:\/\/i0.wp.com\/larevistadigital.com.ar\/blog\/wp-content\/uploads\/2017\/03\/maria-eugenia-vidal.jpg?fit=700%2C394&ssl=1&resize=525%2C300 1.5x, https:\/\/i0.wp.com\/larevistadigital.com.ar\/blog\/wp-content\/uploads\/2017\/03\/maria-eugenia-vidal.jpg?fit=700%2C394&ssl=1&resize=700%2C400 2x"},"classes":[]},{"id":5109,"url":"https:\/\/larevistadigital.com.ar\/blog\/paro-los-medicos-ante-atraso-ioma\/","url_meta":{"origin":35676,"position":5},"title":"Paro de los m\u00e9dicos ante el atraso de IOMA","author":"admin","date":"1 marzo, 2018","format":false,"excerpt":"Malas noticias Los m\u00e9dicos nucleados en el CEMIBO confirmaron hoy al mediod\u00eda que, dada la falta de respuesta por parte del IOMA frente a los reiterados reclamos por pagos adeudados, a partir de ma\u00f1ana jueves 1\u00ba de marzo y hasta el s\u00e1bado 3 inclusive, no se atender\u00e1 a los afiliados\u2026","rel":"","context":"En \u00abGREMIALES\u00bb","block_context":{"text":"GREMIALES","link":"https:\/\/larevistadigital.com.ar\/blog\/category\/gremiales\/"},"img":{"alt_text":"","src":"https:\/\/i0.wp.com\/larevistadigital.com.ar\/blog\/wp-content\/uploads\/2018\/03\/ioma_20deenerode2108_elfuerte.jpg?fit=737%2C415&ssl=1&resize=350%2C200","width":350,"height":200,"srcset":"https:\/\/i0.wp.com\/larevistadigital.com.ar\/blog\/wp-content\/uploads\/2018\/03\/ioma_20deenerode2108_elfuerte.jpg?fit=737%2C415&ssl=1&resize=350%2C200 1x, https:\/\/i0.wp.com\/larevistadigital.com.ar\/blog\/wp-content\/uploads\/2018\/03\/ioma_20deenerode2108_elfuerte.jpg?fit=737%2C415&ssl=1&resize=525%2C300 1.5x, https:\/\/i0.wp.com\/larevistadigital.com.ar\/blog\/wp-content\/uploads\/2018\/03\/ioma_20deenerode2108_elfuerte.jpg?fit=737%2C415&ssl=1&resize=700%2C400 2x"},"classes":[]}],"_links":{"self":[{"href":"https:\/\/larevistadigital.com.ar\/blog\/wp-json\/wp\/v2\/posts\/35676","targetHints":{"allow":["GET"]}}],"collection":[{"href":"https:\/\/larevistadigital.com.ar\/blog\/wp-json\/wp\/v2\/posts"}],"about":[{"href":"https:\/\/larevistadigital.com.ar\/blog\/wp-json\/wp\/v2\/types\/post"}],"author":[{"embeddable":true,"href":"https:\/\/larevistadigital.com.ar\/blog\/wp-json\/wp\/v2\/users\/3"}],"replies":[{"embeddable":true,"href":"https:\/\/larevistadigital.com.ar\/blog\/wp-json\/wp\/v2\/comments?post=35676"}],"version-history":[{"count":1,"href":"https:\/\/larevistadigital.com.ar\/blog\/wp-json\/wp\/v2\/posts\/35676\/revisions"}],"predecessor-version":[{"id":35678,"href":"https:\/\/larevistadigital.com.ar\/blog\/wp-json\/wp\/v2\/posts\/35676\/revisions\/35678"}],"wp:featuredmedia":[{"embeddable":true,"href":"https:\/\/larevistadigital.com.ar\/blog\/wp-json\/wp\/v2\/media\/35677"}],"wp:attachment":[{"href":"https:\/\/larevistadigital.com.ar\/blog\/wp-json\/wp\/v2\/media?parent=35676"}],"wp:term":[{"taxonomy":"category","embeddable":true,"href":"https:\/\/larevistadigital.com.ar\/blog\/wp-json\/wp\/v2\/categories?post=35676"},{"taxonomy":"post_tag","embeddable":true,"href":"https:\/\/larevistadigital.com.ar\/blog\/wp-json\/wp\/v2\/tags?post=35676"}],"curies":[{"name":"wp","href":"https:\/\/api.w.org\/{rel}","templated":true}]}}