{"id":35679,"date":"2024-03-23T12:22:48","date_gmt":"2024-03-23T15:22:48","guid":{"rendered":"https:\/\/larevistadigital.com.ar\/blog\/?p=35679"},"modified":"2024-03-23T12:22:48","modified_gmt":"2024-03-23T15:22:48","slug":"convocan-a-las-pymes-a-la-marcha-del-24-en-defensa-de-la-patria","status":"publish","type":"post","link":"https:\/\/larevistadigital.com.ar\/blog\/convocan-a-las-pymes-a-la-marcha-del-24-en-defensa-de-la-patria\/","title":{"rendered":"CONVOCAN A LAS PYMES A LA MARCHA DEL 24 EN DEFENSA DE LA PATRIA"},"content":{"rendered":"<h2 class=\"fparrafo ctext fz18 lh25\">A 100 d\u00edas del actual Gobierno de Milei y Caputo la Asociaci\u00f3n de Empresarios y Empresarias Nacionales Para el Desarrollo Argentino (ENAC), convoc\u00f3 a las pymes de la industria, del comercio y la agricultura a la marcha del 24 de Marzo a \u201cdefender a la Patria y para que nunca m\u00e1s vuelva a implementarse en Argentina un plan econ\u00f3mico que planifique la miseria\u201d.<\/h2>\n<p>23 de marzo de 2024<\/p>\n<p><strong>BUENOS AIRES &#8211;\u00a0<\/strong><b>\u00a0<\/b>Refiri\u00e9ndose a la situaci\u00f3n actual del sector Pyme, el titular de la entidad gremial empresaria, <strong>Leo Bilanski<\/strong>, expres\u00f3: <strong><em>\u201cla ca\u00edda del poder adquisitivo del trabajo, la consecuente ca\u00edda de ventas y de la capacidad instalada en las pymes junto con el aumento de los combustibles, la suba descontrolada de las tarifas de luz y gas hacen inviable nuestras empresas nacionales pymes. Si a esto le sumamos el ej\u00e9rcito de trabajadores que no llega a alcanzar con su ingreso la canasta b\u00e1sica total estamos frente a una agresi\u00f3n social que es deliberada e inhumana\u201d.<\/em><\/strong><\/p>\n<p>Al respecto, el empresario sostuvo que <strong><em>\u201cNo conformes con esta situaci\u00f3n que genera el propio gobierno incentivando una brutal recesi\u00f3n econ\u00f3mica, tambi\u00e9n promueve la apertura indiscriminada de importaciones que significa provocar un nuevo industricidio con cierre de empresas, p\u00e9rdida de empleo registrado y aumento de la pobreza, adem\u00e1s de un discurso de odio que solo promueve la violencia desde el Estado. Ya lo denunci\u00f3 Rodolfo Walsh en su Carta Abierta a la Junta Militar del 16-12-1976 cuando Mart\u00ednez de Hoz era ministro de econom\u00eda con el apoyo de la UIA de ese momento, la misma entidad que hoy cogobierna junto a la CEOcracia y apoya el ilegal e ileg\u00edtimo DNU 70\/2023 del Presidente Javier Milei\u201d.<\/em><\/strong><\/p>\n<blockquote>\n<h3>En tal sentido, desde ENAC consideraron oportuno<em> \u201cmanifestarnos muy firmemente este 24 de Marzo, en paz y democr\u00e1ticamente, para defender a nuestra Patria de esta nueva ola libertaria\u201d.\u00a0<\/em><\/h3>\n<\/blockquote>\n<p>Por \u00faltimo, <strong>Bilanski<\/strong> finaliz\u00f3 diciendo: <strong><em>\u201cHacemos un llamado a los empresarios nacionales pymes a organizarse para lograr la unidad que nos permita el desarrollo nacional con soberan\u00eda pol\u00edtica, independencia econ\u00f3mica y justicia social<\/em><\/strong>\u201d. (<b>InfoGEI<\/b>)Ac<\/p>\n","protected":false},"excerpt":{"rendered":"<div class=\"mh-excerpt\"><p>A 100 d\u00edas del actual Gobierno de Milei y Caputo la Asociaci\u00f3n de Empresarios y Empresarias Nacionales Para el Desarrollo Argentino (ENAC), convoc\u00f3 a las pymes de la industria, del comercio y la agricultura a <a class=\"mh-excerpt-more\" href=\"https:\/\/larevistadigital.com.ar\/blog\/convocan-a-las-pymes-a-la-marcha-del-24-en-defensa-de-la-patria\/\" title=\"CONVOCAN A LAS PYMES A LA MARCHA DEL 24 EN DEFENSA DE LA PATRIA\">[Leer M\u00e1s]<\/a><\/p>\n<\/div>","protected":false},"author":3,"featured_media":35680,"comment_status":"open","ping_status":"open","sticky":false,"template":"","format":"standard","meta":{"_jetpack_memberships_contains_paid_content":false,"footnotes":"","jetpack_publicize_message":"","jetpack_publicize_feature_enabled":true,"jetpack_social_post_already_shared":true,"jetpack_social_options":{"image_generator_settings":{"template":"highway","default_image_id":0,"font":"","enabled":false},"version":2}},"categories":[50,12],"tags":[],"class_list":{"0":"post-35679","1":"post","2":"type-post","3":"status-publish","4":"format-standard","5":"has-post-thumbnail","7":"category-interes-general","8":"category-politica"},"jetpack_publicize_connections":[],"jetpack_featured_media_url":"https:\/\/i0.wp.com\/larevistadigital.com.ar\/blog\/wp-content\/uploads\/20240322153305_leo-bilanski-enac.jpg?fit=880%2C512&ssl=1","jetpack_sharing_enabled":true,"jetpack_shortlink":"https:\/\/wp.me\/p8qtrQ-9ht","jetpack-related-posts":[{"id":591,"url":"https:\/\/larevistadigital.com.ar\/blog\/entidades-empresarias-pymes-se-movilizaran-7-marzo-defensa-del-trabajo-la-produccion\/","url_meta":{"origin":35679,"position":0},"title":"Entidades empresarias Pymes se movilizar\u00e1n el 7 de Marzo \u201cen defensa del trabajo y la producci\u00f3n\u201d","author":"editor","date":"6 marzo, 2017","format":false,"excerpt":"Un conjunto de entidades pymes expresaron mediante un comunicado su adhesi\u00f3n a la movilizaci\u00f3n del 7 de marzo. \u201cAdherimos y comprometemos nuestra participaci\u00f3n en la movilizaci\u00f3n convocada por la CGT para el 7 de Marzo, al Ministerio de Producci\u00f3n de la Naci\u00f3n\u201d, dice el comunicado. La Plata, 05 Mar (InfoGEI).-\u2026","rel":"","context":"En \u00abECONOMIA\u00bb","block_context":{"text":"ECONOMIA","link":"https:\/\/larevistadigital.com.ar\/blog\/category\/economia\/"},"img":{"alt_text":"","src":"https:\/\/i0.wp.com\/larevistadigital.com.ar\/blog\/wp-content\/uploads\/2017\/03\/20170305182751_empresarios_pyme.jpg?fit=620%2C370&ssl=1&resize=350%2C200","width":350,"height":200,"srcset":"https:\/\/i0.wp.com\/larevistadigital.com.ar\/blog\/wp-content\/uploads\/2017\/03\/20170305182751_empresarios_pyme.jpg?fit=620%2C370&ssl=1&resize=350%2C200 1x, https:\/\/i0.wp.com\/larevistadigital.com.ar\/blog\/wp-content\/uploads\/2017\/03\/20170305182751_empresarios_pyme.jpg?fit=620%2C370&ssl=1&resize=525%2C300 1.5x"},"classes":[]},{"id":44588,"url":"https:\/\/larevistadigital.com.ar\/blog\/casi-400-empresas-inscriptas-en-una-nueva-ronda-de-negocios-en-san-martin\/","url_meta":{"origin":35679,"position":1},"title":"Casi 400 empresas inscriptas en una nueva Ronda de Negocios en San Mart\u00edn","author":"Alejandro Sosa Ruda","date":"17 marzo, 2026","format":false,"excerpt":"El encuentro dio lugar a m\u00e1s de 1.500 entrevistas de negocios. Las Rondas de Negocios son una exitosa pol\u00edtica provincial para incentivar la interacci\u00f3n entre empresas bonaerenses y promover la actividad productiva y comercial. 17 de marzo de 2026 El Ministerio de Producci\u00f3n, Ciencia e Innovaci\u00f3n Tecnol\u00f3gica de la provincia\u2026","rel":"","context":"En \u00abPOLITICA\u00bb","block_context":{"text":"POLITICA","link":"https:\/\/larevistadigital.com.ar\/blog\/category\/politica\/"},"img":{"alt_text":"","src":"https:\/\/i0.wp.com\/larevistadigital.com.ar\/blog\/wp-content\/uploads\/Captura-de-pantalla-2026-03-17-232836.jpg?fit=693%2C372&ssl=1&resize=350%2C200","width":350,"height":200,"srcset":"https:\/\/i0.wp.com\/larevistadigital.com.ar\/blog\/wp-content\/uploads\/Captura-de-pantalla-2026-03-17-232836.jpg?fit=693%2C372&ssl=1&resize=350%2C200 1x, https:\/\/i0.wp.com\/larevistadigital.com.ar\/blog\/wp-content\/uploads\/Captura-de-pantalla-2026-03-17-232836.jpg?fit=693%2C372&ssl=1&resize=525%2C300 1.5x"},"classes":[]},{"id":37825,"url":"https:\/\/larevistadigital.com.ar\/blog\/alerta-en-la-industria-en-2024-cerraron-16-500-pymes\/","url_meta":{"origin":35679,"position":2},"title":"Alerta en la industria: en 2024 cerraron 16.500 PyMEs","author":"Alejandro Sosa Ruda","date":"12 noviembre, 2024","format":false,"excerpt":"En 2024, la crisis econ\u00f3mica ha llevado al cierre de 16.500 PyMEs, siendo el sector industrial uno de los m\u00e1s golpeados, seg\u00fan datos del Frente Productivo Nacional. 12 de Noviembre de 2024 BUENOS AIRES -\u00a0 Adem\u00e1s, se reporta el cierre de 10.000 kioscos y almacenes y la p\u00e9rdida de 160.000\u2026","rel":"","context":"En \u00abINTERES GENERAL\u00bb","block_context":{"text":"INTERES GENERAL","link":"https:\/\/larevistadigital.com.ar\/blog\/category\/interes-general\/"},"img":{"alt_text":"","src":"https:\/\/i0.wp.com\/larevistadigital.com.ar\/blog\/wp-content\/uploads\/20241112172203_alerta-industria-cerraron-16-500-pymes.jpg?fit=880%2C512&ssl=1&resize=350%2C200","width":350,"height":200,"srcset":"https:\/\/i0.wp.com\/larevistadigital.com.ar\/blog\/wp-content\/uploads\/20241112172203_alerta-industria-cerraron-16-500-pymes.jpg?fit=880%2C512&ssl=1&resize=350%2C200 1x, https:\/\/i0.wp.com\/larevistadigital.com.ar\/blog\/wp-content\/uploads\/20241112172203_alerta-industria-cerraron-16-500-pymes.jpg?fit=880%2C512&ssl=1&resize=525%2C300 1.5x, https:\/\/i0.wp.com\/larevistadigital.com.ar\/blog\/wp-content\/uploads\/20241112172203_alerta-industria-cerraron-16-500-pymes.jpg?fit=880%2C512&ssl=1&resize=700%2C400 2x"},"classes":[]},{"id":1012,"url":"https:\/\/larevistadigital.com.ar\/blog\/el-jueves-16-de-marzo-se-llevara-a-cabo-en-nuestra-ciudad-una-jornada-de-capacitacion\/","url_meta":{"origin":35679,"position":3},"title":"El jueves 16 de marzo se llevar\u00e1 a cabo en nuestra ciudad una jornada de capacitaci\u00f3n","author":"editor","date":"12 marzo, 2017","format":false,"excerpt":"En el marco del D\u00eda de la Producci\u00f3n en Chascom\u00fas Inform\u00f3 el Municipio, que el pr\u00f3ximo 16 de marzo se llevar\u00e1 a cabo en nuestra ciudad una jornada de capacitaci\u00f3n destinada a Pymes, emprendedores, equipos t\u00e9cnicos de oficinas de empleo y producci\u00f3n y las C\u00e1maras de Comercio, con el objetivo\u2026","rel":"","context":"En \u00abCHASCOM\u00daS\u00bb","block_context":{"text":"CHASCOM\u00daS","link":"https:\/\/larevistadigital.com.ar\/blog\/category\/chascomus\/"},"img":{"alt_text":"","src":"https:\/\/i0.wp.com\/larevistadigital.com.ar\/blog\/wp-content\/uploads\/2017\/03\/c700x420.jpg?fit=700%2C420&ssl=1&resize=350%2C200","width":350,"height":200,"srcset":"https:\/\/i0.wp.com\/larevistadigital.com.ar\/blog\/wp-content\/uploads\/2017\/03\/c700x420.jpg?fit=700%2C420&ssl=1&resize=350%2C200 1x, https:\/\/i0.wp.com\/larevistadigital.com.ar\/blog\/wp-content\/uploads\/2017\/03\/c700x420.jpg?fit=700%2C420&ssl=1&resize=525%2C300 1.5x, https:\/\/i0.wp.com\/larevistadigital.com.ar\/blog\/wp-content\/uploads\/2017\/03\/c700x420.jpg?fit=700%2C420&ssl=1&resize=700%2C400 2x"},"classes":[]},{"id":37718,"url":"https:\/\/larevistadigital.com.ar\/blog\/para-los-empresarios-argentinos-la-economia-sigue-en-recesion\/","url_meta":{"origin":35679,"position":4},"title":"Para los empresarios argentinos, la econom\u00eda sigue en recesi\u00f3n","author":"Alejandro Sosa Ruda","date":"5 noviembre, 2024","format":false,"excerpt":"La Asociaci\u00f3n de Empresarios y Empresarias Nacionales para el Desarrollo Argentino (ENAC) realiz\u00f3 la Encuesta Radar Pyme del tercer trimestre de 2024, recabaron datos de 400 empresas en 22 provincias. Los resultados reflejan que un 84,2% de los empresarios percibe la econom\u00eda en recesi\u00f3n o depresi\u00f3n. Sin embargo, el sector\u2026","rel":"","context":"En \u00abDESTACADAS\u00bb","block_context":{"text":"DESTACADAS","link":"https:\/\/larevistadigital.com.ar\/blog\/category\/destacadas\/"},"img":{"alt_text":"","src":"https:\/\/i0.wp.com\/larevistadigital.com.ar\/blog\/wp-content\/uploads\/20241104172442_radar-pyme-empresarios-economia-real-recesion.jpg?fit=880%2C512&ssl=1&resize=350%2C200","width":350,"height":200,"srcset":"https:\/\/i0.wp.com\/larevistadigital.com.ar\/blog\/wp-content\/uploads\/20241104172442_radar-pyme-empresarios-economia-real-recesion.jpg?fit=880%2C512&ssl=1&resize=350%2C200 1x, https:\/\/i0.wp.com\/larevistadigital.com.ar\/blog\/wp-content\/uploads\/20241104172442_radar-pyme-empresarios-economia-real-recesion.jpg?fit=880%2C512&ssl=1&resize=525%2C300 1.5x, https:\/\/i0.wp.com\/larevistadigital.com.ar\/blog\/wp-content\/uploads\/20241104172442_radar-pyme-empresarios-economia-real-recesion.jpg?fit=880%2C512&ssl=1&resize=700%2C400 2x"},"classes":[]},{"id":38031,"url":"https:\/\/larevistadigital.com.ar\/blog\/las-dos-cta-junto-a-sindicatos-utep-y-pymes-movilizan-contra-las-politicas-de-milei\/","url_meta":{"origin":35679,"position":5},"title":"Las dos CTA junto a sindicatos, UTEP y PyMEs movilizan contra las pol\u00edticas de Milei","author":"Alejandro Sosa Ruda","date":"30 noviembre, 2024","format":false,"excerpt":"La CTA Aut\u00f3noma y la CTA de los Trabajadores anunciaron una movilizaci\u00f3n nacional el pr\u00f3ximo 5 de diciembre, con epicentro en Plaza de Mayo a las 13 horas. 30 de Noviembre de 2024 En un comunicado conjunto, denunciaron que las pol\u00edticas de ajuste implementadas han incrementado la desocupaci\u00f3n, la pobreza\u2026","rel":"","context":"En \u00abGREMIALES\u00bb","block_context":{"text":"GREMIALES","link":"https:\/\/larevistadigital.com.ar\/blog\/category\/gremiales\/"},"img":{"alt_text":"","src":"https:\/\/i0.wp.com\/larevistadigital.com.ar\/blog\/wp-content\/uploads\/20241129194155_godoy-yasky-cya-utep-pymes-marcha-contra-milei.jpg?fit=880%2C512&ssl=1&resize=350%2C200","width":350,"height":200,"srcset":"https:\/\/i0.wp.com\/larevistadigital.com.ar\/blog\/wp-content\/uploads\/20241129194155_godoy-yasky-cya-utep-pymes-marcha-contra-milei.jpg?fit=880%2C512&ssl=1&resize=350%2C200 1x, https:\/\/i0.wp.com\/larevistadigital.com.ar\/blog\/wp-content\/uploads\/20241129194155_godoy-yasky-cya-utep-pymes-marcha-contra-milei.jpg?fit=880%2C512&ssl=1&resize=525%2C300 1.5x, https:\/\/i0.wp.com\/larevistadigital.com.ar\/blog\/wp-content\/uploads\/20241129194155_godoy-yasky-cya-utep-pymes-marcha-contra-milei.jpg?fit=880%2C512&ssl=1&resize=700%2C400 2x"},"classes":[]}],"_links":{"self":[{"href":"https:\/\/larevistadigital.com.ar\/blog\/wp-json\/wp\/v2\/posts\/35679","targetHints":{"allow":["GET"]}}],"collection":[{"href":"https:\/\/larevistadigital.com.ar\/blog\/wp-json\/wp\/v2\/posts"}],"about":[{"href":"https:\/\/larevistadigital.com.ar\/blog\/wp-json\/wp\/v2\/types\/post"}],"author":[{"embeddable":true,"href":"https:\/\/larevistadigital.com.ar\/blog\/wp-json\/wp\/v2\/users\/3"}],"replies":[{"embeddable":true,"href":"https:\/\/larevistadigital.com.ar\/blog\/wp-json\/wp\/v2\/comments?post=35679"}],"version-history":[{"count":1,"href":"https:\/\/larevistadigital.com.ar\/blog\/wp-json\/wp\/v2\/posts\/35679\/revisions"}],"predecessor-version":[{"id":35681,"href":"https:\/\/larevistadigital.com.ar\/blog\/wp-json\/wp\/v2\/posts\/35679\/revisions\/35681"}],"wp:featuredmedia":[{"embeddable":true,"href":"https:\/\/larevistadigital.com.ar\/blog\/wp-json\/wp\/v2\/media\/35680"}],"wp:attachment":[{"href":"https:\/\/larevistadigital.com.ar\/blog\/wp-json\/wp\/v2\/media?parent=35679"}],"wp:term":[{"taxonomy":"category","embeddable":true,"href":"https:\/\/larevistadigital.com.ar\/blog\/wp-json\/wp\/v2\/categories?post=35679"},{"taxonomy":"post_tag","embeddable":true,"href":"https:\/\/larevistadigital.com.ar\/blog\/wp-json\/wp\/v2\/tags?post=35679"}],"curies":[{"name":"wp","href":"https:\/\/api.w.org\/{rel}","templated":true}]}}