{"id":35682,"date":"2024-03-23T12:32:02","date_gmt":"2024-03-23T15:32:02","guid":{"rendered":"https:\/\/larevistadigital.com.ar\/blog\/?p=35682"},"modified":"2024-03-23T12:32:02","modified_gmt":"2024-03-23T15:32:02","slug":"el-programa-de-salud-bucal-municipal-busca-prevenir-la-caries-desde-la-primera-infancia","status":"publish","type":"post","link":"https:\/\/larevistadigital.com.ar\/blog\/el-programa-de-salud-bucal-municipal-busca-prevenir-la-caries-desde-la-primera-infancia\/","title":{"rendered":"EL PROGRAMA DE SALUD BUCAL MUNICIPAL BUSCA PREVENIR LA CARIES DESDE LA PRIMERA INFANCIA"},"content":{"rendered":"<h2 class=\"notaIntro\">Con una charla realizada el viernes por la ma\u00f1ana en el Centro Integrador Comunitario (CIC) del barrio 30 de Mayo, se lanz\u00f3 el programa municipal <em>\u00abLa Salud en Boca de Todos los Ni\u00f1os y Ni\u00f1as de Chascom\u00fas\u00bb.<\/em><\/h2>\n<p>23 de marzo de 2024<\/p>\n<p class=\"notaTexto\">CHASCOM\u00daS &#8211;\u00a0 \u00a0Este proyecto, encabezado por la secretaria de Salud P\u00fablica, <strong>Marcela Arias<\/strong>, junto al referente del programa, el odont\u00f3logo pedi\u00e1trico <strong>Carlos Martins<\/strong>, tiene como objetivo principal promover la salud bucal en los m\u00e1s peque\u00f1os.<\/p>\n<blockquote>\n<h3 class=\"notaTexto\">El programa se enfoca en la prevenci\u00f3n de caries en ni\u00f1os de hasta tres a\u00f1os a trav\u00e9s de una serie de talleres dedicados a la promoci\u00f3n de la salud bucal. Adem\u00e1s, se implementar\u00e1n acciones como ex\u00e1menes cl\u00ednicos bucales y la aplicaci\u00f3n de fl\u00faor t\u00f3pico en aquellos ni\u00f1os con riesgo moderado o alto de padecer caries.<\/h3>\n<\/blockquote>\n<p class=\"notaTexto\">La secretaria de Salud, <strong>Marcela Arias<\/strong>, expres\u00f3: <strong><em>\u00abCon esta propuesta esperamos alcanzar los mayores niveles de salud bucal en ni\u00f1os y ni\u00f1as, logrando una cobertura y calidad de atenci\u00f3n con un impacto significativo en la comunidad. Buscamos la igualdad de derechos, recursos y capacidades b\u00e1sicas para facilitar una participaci\u00f3n social plena\u00bb.<\/em><\/strong><\/p>\n<p class=\"notaTexto\">Por su parte, el odont\u00f3logo pedi\u00e1trico <strong>Carlos Martins<\/strong> destac\u00f3 la importancia de construir alianzas estrat\u00e9gicas con instituciones educativas y espacios de primera infancia. <strong><em>\u00abInvitamos a los talleres infantiles privados a sumarse al programa, con el objetivo de construir un puente conjunto para la prevenci\u00f3n de caries en estos ni\u00f1os. Adem\u00e1s, habr\u00e1 acciones espec\u00edficas de la disciplina odontol\u00f3gica, con diagn\u00f3sticos individuales y colectivos por instituci\u00f3n\u00bb<\/em><\/strong>, explic\u00f3.<\/p>\n","protected":false},"excerpt":{"rendered":"<div class=\"mh-excerpt\"><p>Con una charla realizada el viernes por la ma\u00f1ana en el Centro Integrador Comunitario (CIC) del barrio 30 de Mayo, se lanz\u00f3 el programa municipal \u00abLa Salud en Boca de Todos los Ni\u00f1os y Ni\u00f1as <a class=\"mh-excerpt-more\" href=\"https:\/\/larevistadigital.com.ar\/blog\/el-programa-de-salud-bucal-municipal-busca-prevenir-la-caries-desde-la-primera-infancia\/\" title=\"EL PROGRAMA DE SALUD BUCAL MUNICIPAL BUSCA PREVENIR LA CARIES DESDE LA PRIMERA INFANCIA\">[Leer M\u00e1s]<\/a><\/p>\n<\/div>","protected":false},"author":3,"featured_media":35683,"comment_status":"open","ping_status":"open","sticky":false,"template":"","format":"standard","meta":{"_jetpack_memberships_contains_paid_content":false,"footnotes":"","jetpack_publicize_message":"","jetpack_publicize_feature_enabled":true,"jetpack_social_post_already_shared":true,"jetpack_social_options":{"image_generator_settings":{"template":"highway","default_image_id":0,"font":"","enabled":false},"version":2}},"categories":[6],"tags":[],"class_list":{"0":"post-35682","1":"post","2":"type-post","3":"status-publish","4":"format-standard","5":"has-post-thumbnail","7":"category-chascomus"},"jetpack_publicize_connections":[],"jetpack_featured_media_url":"https:\/\/i0.wp.com\/larevistadigital.com.ar\/blog\/wp-content\/uploads\/2024_03_23_01_23_03_6460605.jpg?fit=600%2C401&ssl=1","jetpack_sharing_enabled":true,"jetpack_shortlink":"https:\/\/wp.me\/p8qtrQ-9hw","jetpack-related-posts":[{"id":35630,"url":"https:\/\/larevistadigital.com.ar\/blog\/presentacion-del-programa-de-salud-bucal-municipal-en-la-primera-infancia\/","url_meta":{"origin":35682,"position":0},"title":"PRESENTACI\u00d3N DEL PROGRAMA DE SALUD BUCAL MUNICIPAL EN LA PRIMERA INFANCIA","author":"Alejandro Sosa Ruda","date":"19 marzo, 2024","format":false,"excerpt":"La propuesta est\u00e1 orientada a la prevenci\u00f3n y el cuidado de la salud bucal de los ni\u00f1os y las ni\u00f1as de Chascom\u00fas desde su nacimiento hasta los tres a\u00f1os de edad. 19 de marzo de 2024 CHASCOM\u00daS -\u00a0 \u00a0El pr\u00f3ximo viernes a las 8:30 horasse llevar\u00e1 a cabo la presentaci\u00f3n\u2026","rel":"","context":"En \u00abCHASCOM\u00daS\u00bb","block_context":{"text":"CHASCOM\u00daS","link":"https:\/\/larevistadigital.com.ar\/blog\/category\/chascomus\/"},"img":{"alt_text":"","src":"https:\/\/i0.wp.com\/larevistadigital.com.ar\/blog\/wp-content\/uploads\/2024_03_20_01_24_25_2283393.jpg?fit=600%2C400&ssl=1&resize=350%2C200","width":350,"height":200,"srcset":"https:\/\/i0.wp.com\/larevistadigital.com.ar\/blog\/wp-content\/uploads\/2024_03_20_01_24_25_2283393.jpg?fit=600%2C400&ssl=1&resize=350%2C200 1x, https:\/\/i0.wp.com\/larevistadigital.com.ar\/blog\/wp-content\/uploads\/2024_03_20_01_24_25_2283393.jpg?fit=600%2C400&ssl=1&resize=525%2C300 1.5x"},"classes":[]},{"id":28035,"url":"https:\/\/larevistadigital.com.ar\/blog\/hoy-jornada-de-salud-vacunacion-y-salud-bucal-en-el-barrio-san-cayetano\/","url_meta":{"origin":35682,"position":1},"title":"HOY: JORNADA DE SALUD, VACUNACI\u00d3N Y SALUD BUCAL EN EL BARRIO SAN CAYETANO","author":"Alejandro Sosa Ruda","date":"23 septiembre, 2022","format":false,"excerpt":"CHASCOMUS -\u00a0 \u00a0Se realiza en el marco de un convenio entre el Ministerio de Salud y el Club Atl\u00e9tico Boca J\u00faniors, para realizar \"jornadas de salud\". Consiste en lo que es \"vacunaci\u00f3n Covid\" del nuevo calendario, y talleres de salud bucal, dirigido principalmente a los ni\u00f1os. En este caso, el\u2026","rel":"","context":"En \u00abSin categor\u00eda\u00bb","block_context":{"text":"Sin categor\u00eda","link":"https:\/\/larevistadigital.com.ar\/blog\/category\/sin-categoria\/"},"img":{"alt_text":"","src":"https:\/\/i0.wp.com\/larevistadigital.com.ar\/blog\/wp-content\/uploads\/WhatsApp-Image-2022-09-23-at-11.58.15.jpeg?fit=1200%2C900&ssl=1&resize=350%2C200","width":350,"height":200,"srcset":"https:\/\/i0.wp.com\/larevistadigital.com.ar\/blog\/wp-content\/uploads\/WhatsApp-Image-2022-09-23-at-11.58.15.jpeg?fit=1200%2C900&ssl=1&resize=350%2C200 1x, https:\/\/i0.wp.com\/larevistadigital.com.ar\/blog\/wp-content\/uploads\/WhatsApp-Image-2022-09-23-at-11.58.15.jpeg?fit=1200%2C900&ssl=1&resize=525%2C300 1.5x, https:\/\/i0.wp.com\/larevistadigital.com.ar\/blog\/wp-content\/uploads\/WhatsApp-Image-2022-09-23-at-11.58.15.jpeg?fit=1200%2C900&ssl=1&resize=700%2C400 2x, https:\/\/i0.wp.com\/larevistadigital.com.ar\/blog\/wp-content\/uploads\/WhatsApp-Image-2022-09-23-at-11.58.15.jpeg?fit=1200%2C900&ssl=1&resize=1050%2C600 3x"},"classes":[]},{"id":6219,"url":"https:\/\/larevistadigital.com.ar\/blog\/chascomus-se-promueven-habitos-saludables-en-las-escuelas-de-la-ciudad\/","url_meta":{"origin":35682,"position":2},"title":"CHASCOM\u00daS: SE PROMUEVEN H\u00c1BITOS SALUDABLES EN LAS ESCUELAS DE LA CIUDAD","author":"Alejandro Sosa Ruda","date":"16 agosto, 2018","format":false,"excerpt":"Como parte del Programa de Promoci\u00f3n de Entornos Saludables impulsado desde la Secretar\u00eda de Salud, se realiz\u00f3 d\u00edas atr\u00e1s un taller sobre Salud Bucodental, Promoci\u00f3n de la Salud, Prevenci\u00f3n de Enfermedades Prevalentes: caries y enfermedad periodontal, con los alumnos de 6\u00b0 a\u00f1o, turno tarde de la Escuela Normal Durante el\u2026","rel":"","context":"En \u00abCHASCOM\u00daS\u00bb","block_context":{"text":"CHASCOM\u00daS","link":"https:\/\/larevistadigital.com.ar\/blog\/category\/chascomus\/"},"img":{"alt_text":"","src":"https:\/\/i0.wp.com\/larevistadigital.com.ar\/blog\/wp-content\/uploads\/2018\/08\/safe_image-1.jpg?fit=650%2C339&ssl=1&resize=350%2C200","width":350,"height":200,"srcset":"https:\/\/i0.wp.com\/larevistadigital.com.ar\/blog\/wp-content\/uploads\/2018\/08\/safe_image-1.jpg?fit=650%2C339&ssl=1&resize=350%2C200 1x, https:\/\/i0.wp.com\/larevistadigital.com.ar\/blog\/wp-content\/uploads\/2018\/08\/safe_image-1.jpg?fit=650%2C339&ssl=1&resize=525%2C300 1.5x"},"classes":[]},{"id":41421,"url":"https:\/\/larevistadigital.com.ar\/blog\/la-municipalidad-de-chascomus-refuerza-el-cuidado-integral-de-embarazadas-y-bebes\/","url_meta":{"origin":35682,"position":3},"title":"La Municipalidad de Chascom\u00fas refuerza el cuidado integral de embarazadas y beb\u00e9s","author":"Alejandro Sosa Ruda","date":"12 septiembre, 2025","format":false,"excerpt":"A trav\u00e9s del programa \u201cCuidar Junt@s\u201d se har\u00e1n controles m\u00e9dicos y se entregar\u00e1n refuerzos nutricionales, sin turno previo, en los CAPS barriales. 12 de septiembre de 20254 CHASCOM\u00daS -\u00a0 \u00a0Este viernes se llev\u00f3 a cabo una reuni\u00f3n destinada a coordinar las acciones del programa municipal \u201cCuidar Junt@s\u201d, que promueve el\u2026","rel":"","context":"En \u00abCHASCOM\u00daS\u00bb","block_context":{"text":"CHASCOM\u00daS","link":"https:\/\/larevistadigital.com.ar\/blog\/category\/chascomus\/"},"img":{"alt_text":"","src":"https:\/\/i0.wp.com\/larevistadigital.com.ar\/blog\/wp-content\/uploads\/68c451feb467a.png?fit=668%2C445&ssl=1&resize=350%2C200","width":350,"height":200,"srcset":"https:\/\/i0.wp.com\/larevistadigital.com.ar\/blog\/wp-content\/uploads\/68c451feb467a.png?fit=668%2C445&ssl=1&resize=350%2C200 1x, https:\/\/i0.wp.com\/larevistadigital.com.ar\/blog\/wp-content\/uploads\/68c451feb467a.png?fit=668%2C445&ssl=1&resize=525%2C300 1.5x"},"classes":[]},{"id":39772,"url":"https:\/\/larevistadigital.com.ar\/blog\/chascomus-fue-entregado-equipamiento-para-caps-barriales\/","url_meta":{"origin":35682,"position":4},"title":"Chascom\u00fas: Fue entregado equipamiento para CAPS barriales","author":"Alejandro Sosa Ruda","date":"16 mayo, 2025","format":false,"excerpt":"El intendente Javier Gast\u00f3n visit\u00f3 este jueves los Centros de Atenci\u00f3n Primaria de la Salud (CAPS) de Ipor\u00e1 y La Noria. 16 de Mayo de 2025 CHASCOM\u00daS-\u00a0 \u00a0Durante su visita, en la que estuvo acompa\u00f1ado por la secretaria de Salud P\u00fablica, Marcela Arias, Gast\u00f3n hizo entrega de balanzas pedi\u00e1tricas para\u2026","rel":"","context":"En \u00abCHASCOM\u00daS\u00bb","block_context":{"text":"CHASCOM\u00daS","link":"https:\/\/larevistadigital.com.ar\/blog\/category\/chascomus\/"},"img":{"alt_text":"","src":"https:\/\/i0.wp.com\/larevistadigital.com.ar\/blog\/wp-content\/uploads\/6826287578bfb.png?fit=668%2C445&ssl=1&resize=350%2C200","width":350,"height":200,"srcset":"https:\/\/i0.wp.com\/larevistadigital.com.ar\/blog\/wp-content\/uploads\/6826287578bfb.png?fit=668%2C445&ssl=1&resize=350%2C200 1x, https:\/\/i0.wp.com\/larevistadigital.com.ar\/blog\/wp-content\/uploads\/6826287578bfb.png?fit=668%2C445&ssl=1&resize=525%2C300 1.5x"},"classes":[]},{"id":40788,"url":"https:\/\/larevistadigital.com.ar\/blog\/chascomus-nuevo-equipamiento-para-atencion-pediatrica-en-el-hospital-san-vicente-de-paul\/","url_meta":{"origin":35682,"position":5},"title":"Chascom\u00fas: Nuevo equipamiento para atenci\u00f3n pedi\u00e1trica en el Hospital San Vicente de Paul","author":"Alejandro Sosa Ruda","date":"6 agosto, 2025","format":false,"excerpt":"El centro de salud municipal suma una C\u00e1nula de Alto Flujo de Ox\u00edgeno para casos respiratorios infantiles. 06 de Agosto de 2025 CHASCOM\u00daS\u00a0 -\u00a0 \u00a0El intendente Javier Gast\u00f3n y la secretaria de Salud P\u00fablica, Marcela Arias, recibieron una nueva C\u00e1nula de Alto Flujo de Ox\u00edgeno (CAFO) destinada a la Sala\u2026","rel":"","context":"En \u00abCHASCOM\u00daS\u00bb","block_context":{"text":"CHASCOM\u00daS","link":"https:\/\/larevistadigital.com.ar\/blog\/category\/chascomus\/"},"img":{"alt_text":"","src":"https:\/\/i0.wp.com\/larevistadigital.com.ar\/blog\/wp-content\/uploads\/Nuevo-equipamiento-para-pediatria-Hospital-Municipal-de-Chascomus.png?fit=668%2C445&ssl=1&resize=350%2C200","width":350,"height":200,"srcset":"https:\/\/i0.wp.com\/larevistadigital.com.ar\/blog\/wp-content\/uploads\/Nuevo-equipamiento-para-pediatria-Hospital-Municipal-de-Chascomus.png?fit=668%2C445&ssl=1&resize=350%2C200 1x, https:\/\/i0.wp.com\/larevistadigital.com.ar\/blog\/wp-content\/uploads\/Nuevo-equipamiento-para-pediatria-Hospital-Municipal-de-Chascomus.png?fit=668%2C445&ssl=1&resize=525%2C300 1.5x"},"classes":[]}],"_links":{"self":[{"href":"https:\/\/larevistadigital.com.ar\/blog\/wp-json\/wp\/v2\/posts\/35682","targetHints":{"allow":["GET"]}}],"collection":[{"href":"https:\/\/larevistadigital.com.ar\/blog\/wp-json\/wp\/v2\/posts"}],"about":[{"href":"https:\/\/larevistadigital.com.ar\/blog\/wp-json\/wp\/v2\/types\/post"}],"author":[{"embeddable":true,"href":"https:\/\/larevistadigital.com.ar\/blog\/wp-json\/wp\/v2\/users\/3"}],"replies":[{"embeddable":true,"href":"https:\/\/larevistadigital.com.ar\/blog\/wp-json\/wp\/v2\/comments?post=35682"}],"version-history":[{"count":1,"href":"https:\/\/larevistadigital.com.ar\/blog\/wp-json\/wp\/v2\/posts\/35682\/revisions"}],"predecessor-version":[{"id":35684,"href":"https:\/\/larevistadigital.com.ar\/blog\/wp-json\/wp\/v2\/posts\/35682\/revisions\/35684"}],"wp:featuredmedia":[{"embeddable":true,"href":"https:\/\/larevistadigital.com.ar\/blog\/wp-json\/wp\/v2\/media\/35683"}],"wp:attachment":[{"href":"https:\/\/larevistadigital.com.ar\/blog\/wp-json\/wp\/v2\/media?parent=35682"}],"wp:term":[{"taxonomy":"category","embeddable":true,"href":"https:\/\/larevistadigital.com.ar\/blog\/wp-json\/wp\/v2\/categories?post=35682"},{"taxonomy":"post_tag","embeddable":true,"href":"https:\/\/larevistadigital.com.ar\/blog\/wp-json\/wp\/v2\/tags?post=35682"}],"curies":[{"name":"wp","href":"https:\/\/api.w.org\/{rel}","templated":true}]}}