{"id":35687,"date":"2024-03-23T12:56:54","date_gmt":"2024-03-23T15:56:54","guid":{"rendered":"https:\/\/larevistadigital.com.ar\/blog\/?p=35687"},"modified":"2024-03-23T12:57:30","modified_gmt":"2024-03-23T15:57:30","slug":"alberto-fernandez-fue-corrido-de-la-presidencia-del-pj-que-ahora-es-conducido-por-una-comision","status":"publish","type":"post","link":"https:\/\/larevistadigital.com.ar\/blog\/alberto-fernandez-fue-corrido-de-la-presidencia-del-pj-que-ahora-es-conducido-por-una-comision\/","title":{"rendered":"ALBERTO FERN\u00c1NDEZ FUE \u00abCORRIDO\u00bb DE LA PRESIDENCIA DEL PJ, QUE AHORA ES CONDUCIDO POR UNA COMISI\u00d3N."},"content":{"rendered":"<h2>Este viernes el PJ oficializ\u00f3 la salida de su \u00faltimo titular, quien hab\u00eda pedido una licencia. Fuerte rechazo a la gesti\u00f3n de Javier Milei.<\/h2>\n<p>23 de marzo de 2024<\/p>\n<p><strong>BUENOS AIRES &#8211;\u00a0 <\/strong>El Partido Justicialista (PJ) llev\u00f3 a cabo el viernes pasado un congreso nacional en el cual formaliz\u00f3 la dimisi\u00f3n de su \u00faltimo l\u00edder, el expresidente <strong>Alberto Fern\u00e1ndez<\/strong> (al aceptar su solicitud de licencia), y estableci\u00f3 una comisi\u00f3n encargada de dirigir el partido hasta las pr\u00f3ximas elecciones internas.<\/p>\n<div class=\"flex-1 overflow-hidden\">\n<div class=\"react-scroll-to-bottom--css-mqnnn-79elbk h-full\">\n<div class=\"react-scroll-to-bottom--css-mqnnn-1n7m0yu\">\n<div class=\"flex flex-col text-sm pb-9\">\n<div class=\"w-full text-token-text-primary\" data-testid=\"conversation-turn-7\">\n<div class=\"px-4 py-2 justify-center text-base md:gap-6 m-auto\">\n<div class=\"flex flex-1 text-base mx-auto gap-3 md:px-5 lg:px-1 xl:px-5 md:max-w-3xl lg:max-w-[40rem] xl:max-w-[48rem] group final-completion\">\n<div class=\"relative flex w-full flex-col agent-turn\">\n<div class=\"flex-col gap-1 md:gap-3\">\n<div class=\"flex flex-grow flex-col max-w-full\">\n<div class=\"min-h-[20px] text-message flex flex-col items-start gap-3 whitespace-pre-wrap break-words [.text-message+&amp;]:mt-5 overflow-x-auto\" data-message-author-role=\"assistant\" data-message-id=\"8bfc5cdc-978b-4d0b-9b58-565b51eeaa13\">\n<div class=\"markdown prose w-full break-words dark:prose-invert dark\">\n<blockquote>\n<h3>La reuni\u00f3n tuvo lugar en el microestadio de Ferro, ubicado en el barrio porte\u00f1o de Caballito, y cont\u00f3 con la participaci\u00f3n de aproximadamente 500 congresistas. Durante el evento, se constituy\u00f3 una Comisi\u00f3n de Acci\u00f3n Pol\u00edtica (CAP) llamada \u00abPara el modelo argentino\u00bb.<\/h3>\n<\/blockquote>\n<p>En el marco del congreso, se emiti\u00f3 una declaraci\u00f3n en la cual el PJ expres\u00f3 su preocupaci\u00f3n por la situaci\u00f3n que atraviesa Argentina, tanto en t\u00e9rminos econ\u00f3micos como sociales y culturales, se\u00f1alando que el gobierno de <strong>Javier Milei<\/strong> ha implementado medidas <strong><em>\u00abdr\u00e1sticas que afectan severamente a la mayor\u00eda de nuestra poblaci\u00f3n\u00bb.<\/em><\/strong><\/p>\n<blockquote>\n<h3>El PJ afirm\u00f3 la necesidad de prepararse para recuperar el liderazgo del Estado nacional, fortaleciendo su presencia en el parlamento en las elecciones de medio t\u00e9rmino del pr\u00f3ximo a\u00f1o y logrando victorias en los comicios provinciales y nacionales siguientes.<\/h3>\n<\/blockquote>\n<p>En cuanto a la declaraci\u00f3n del PJ Nacional, tambi\u00e9n se inst\u00f3 a <strong><em>\u00abrestablecer un aut\u00e9ntico federalismo de consenso\u00bb<\/em><\/strong> para superar la actual situaci\u00f3n de desintegraci\u00f3n y castigo a las provincias, as\u00ed como a revalorizar el sistema cient\u00edfico-tecnol\u00f3gico.<\/p>\n<blockquote>\n<h3>Adem\u00e1s, se resalt\u00f3 la importancia de promover r\u00e1pidamente un desarrollo con justicia social y una adecuada distribuci\u00f3n de la riqueza, llamando a la dirigencia y a las diversas organizaciones a materializar el deseo de hacer realidad la felicidad del pueblo.<\/h3>\n<\/blockquote>\n<p>El evento fue presidido por el gobernador de Formosa, <strong>Gildo Insfr\u00e1n<\/strong>, y cont\u00f3 con la destacada presencia del gobernador de Buenos Aires, <strong>Axel Kicillof<\/strong>. <strong>Insfr\u00e1n<\/strong> detall\u00f3 en sus redes sociales que durante el encuentro se abordaron temas como la comisi\u00f3n de poderes, la aprobaci\u00f3n de estados contables del ejercicio 2023, la elecci\u00f3n de los miembros de la Junta Electoral Partidaria, entre otros asuntos relacionados con la intervenci\u00f3n del PJ en los distritos de Jujuy y Corrientes, as\u00ed como la formaci\u00f3n de la Comisi\u00f3n de Acci\u00f3n Pol\u00edtica.<\/p>\n<p>El mandatario provincial convoc\u00f3 a <strong><em>\u00abtodos los sectores del campo nacional y popular a trabajar en pos de un proyecto que supere el modelo de ajuste y entrega que prevalece en el pa\u00eds, para avanzar hacia una Argentina m\u00e1s justa, libre y soberana, que garantice igualdad de oportunidades y condiciones para el desarrollo pleno de todos los argentinos y argentinas\u00bb<\/em><\/strong>.<\/p>\n<\/div>\n<\/div>\n<\/div>\n<div class=\"mt-1 flex justify-start gap-3 empty:hidden\">\n<div class=\"text-gray-400 flex self-end lg:self-center items-center justify-center lg:justify-start mt-0 -ml-1 h-7 gap-[2px] visible\">\n<p>fuente e imagen:0221.com.ar<\/p>\n<div class=\"flex items-center gap-1.5 text-xs\"><\/div>\n<div class=\"flex\"><\/div>\n<\/div>\n<\/div>\n<div class=\"pr-2 lg:pr-0\"><\/div>\n<\/div>\n<\/div>\n<\/div>\n<\/div>\n<\/div>\n<\/div>\n<\/div>\n<\/div>\n<\/div>\n<div class=\"w-full pt-2 md:pt-0 dark:border-white\/20 md:border-transparent md:dark:border-transparent md:w-[calc(100%-.5rem)]\">\n<div class=\"relative flex h-full flex-1 flex-col\">\n<div class=\"absolute bottom-full left-0 right-0\"><\/div>\n<div class=\"flex w-full items-center\"><\/div>\n<\/div>\n<\/div>\n","protected":false},"excerpt":{"rendered":"<div class=\"mh-excerpt\"><p>Este viernes el PJ oficializ\u00f3 la salida de su \u00faltimo titular, quien hab\u00eda pedido una licencia. Fuerte rechazo a la gesti\u00f3n de Javier Milei. 23 de marzo de 2024 BUENOS AIRES &#8211;\u00a0 El Partido Justicialista <a class=\"mh-excerpt-more\" href=\"https:\/\/larevistadigital.com.ar\/blog\/alberto-fernandez-fue-corrido-de-la-presidencia-del-pj-que-ahora-es-conducido-por-una-comision\/\" title=\"ALBERTO FERN\u00c1NDEZ FUE \u00abCORRIDO\u00bb DE LA PRESIDENCIA DEL PJ, QUE AHORA ES CONDUCIDO POR UNA COMISI\u00d3N.\">[Leer M\u00e1s]<\/a><\/p>\n<\/div>","protected":false},"author":3,"featured_media":35688,"comment_status":"open","ping_status":"open","sticky":false,"template":"","format":"standard","meta":{"_jetpack_memberships_contains_paid_content":false,"footnotes":"","jetpack_publicize_message":"","jetpack_publicize_feature_enabled":true,"jetpack_social_post_already_shared":true,"jetpack_social_options":{"image_generator_settings":{"template":"highway","default_image_id":0,"font":"","enabled":false},"version":2}},"categories":[50,12],"tags":[],"class_list":{"0":"post-35687","1":"post","2":"type-post","3":"status-publish","4":"format-standard","5":"has-post-thumbnail","7":"category-interes-general","8":"category-politica"},"jetpack_publicize_connections":[],"jetpack_featured_media_url":"https:\/\/i0.wp.com\/larevistadigital.com.ar\/blog\/wp-content\/uploads\/Captura-de-pantalla-2024-03-23-125045.png?fit=899%2C508&ssl=1","jetpack_sharing_enabled":true,"jetpack_shortlink":"https:\/\/wp.me\/p8qtrQ-9hB","jetpack-related-posts":[{"id":32013,"url":"https:\/\/larevistadigital.com.ar\/blog\/el-pj-bonaerense-acepto-la-propuesta-de-scioli-para-el-armado-de-listas-pero-critico-con-dureza-a-alberto-fernandez\/","url_meta":{"origin":35687,"position":0},"title":"EL PJ BONAERENSE ACEPT\u00d3 LA PROPUESTA DE SCIOLI PARA EL ARMADO DE LISTAS, PERO CRITIC\u00d3 CON DUREZA A ALBERTO FERN\u00c1NDEZ","author":"Alejandro Sosa Ruda","date":"14 junio, 2023","format":false,"excerpt":"El partido que lidera M\u00e1ximo Kirchner emiti\u00f3 un duro comunicado hacia la gesti\u00f3n del Presidente. Adem\u00e1s, insinu\u00f3 que habr\u00e1 PASO en el oficialismo e inform\u00f3 que el piso para integrar la n\u00f3mina de diputados ser\u00e1 la que quer\u00eda el ex gobernador 14 de junio de 2023 BUENOS AIRES -\u00a0 Durante\u2026","rel":"","context":"En \u00abPOLITICA PROVINCIAL\u00bb","block_context":{"text":"POLITICA PROVINCIAL","link":"https:\/\/larevistadigital.com.ar\/blog\/category\/politica\/politica-provincial\/"},"img":{"alt_text":"","src":"https:\/\/i0.wp.com\/larevistadigital.com.ar\/blog\/wp-content\/uploads\/Captura-de-pantalla-2023-06-14-201735.jpg?fit=735%2C417&ssl=1&resize=350%2C200","width":350,"height":200,"srcset":"https:\/\/i0.wp.com\/larevistadigital.com.ar\/blog\/wp-content\/uploads\/Captura-de-pantalla-2023-06-14-201735.jpg?fit=735%2C417&ssl=1&resize=350%2C200 1x, https:\/\/i0.wp.com\/larevistadigital.com.ar\/blog\/wp-content\/uploads\/Captura-de-pantalla-2023-06-14-201735.jpg?fit=735%2C417&ssl=1&resize=525%2C300 1.5x, https:\/\/i0.wp.com\/larevistadigital.com.ar\/blog\/wp-content\/uploads\/Captura-de-pantalla-2023-06-14-201735.jpg?fit=735%2C417&ssl=1&resize=700%2C400 2x"},"classes":[]},{"id":14415,"url":"https:\/\/larevistadigital.com.ar\/blog\/arranca-la-batalla-para-controlar-el-pj\/","url_meta":{"origin":35687,"position":1},"title":"ARRANCA LA BATALLA PARA CONTROLAR EL PJ","author":"Alejandro Sosa Ruda","date":"29 enero, 2020","format":false,"excerpt":"En el mes de mayo, el PJ nacional deber\u00e1 elegir sus nuevas autoridades. Y aunque Jos\u00e9 Luis Gioja aspire a renovar su cargo, trascendi\u00f3 que Cristina Fern\u00e1ndez de Kirchner estar\u00eda dispuesta a darle batalla, y ya tendr\u00eda elegido a su candidato: el gobernador del Chaco, Jorge \u201cCoqui\u201d Capitanich. La contienda\u2026","rel":"","context":"En \u00abINTERES GENERAL\u00bb","block_context":{"text":"INTERES GENERAL","link":"https:\/\/larevistadigital.com.ar\/blog\/category\/interes-general\/"},"img":{"alt_text":"","src":"https:\/\/i0.wp.com\/larevistadigital.com.ar\/blog\/wp-content\/uploads\/20200129002755_captura-de-pantalla-2020-01-29-a-la-s-00-17-41-2.png?fit=880%2C495&ssl=1&resize=350%2C200","width":350,"height":200,"srcset":"https:\/\/i0.wp.com\/larevistadigital.com.ar\/blog\/wp-content\/uploads\/20200129002755_captura-de-pantalla-2020-01-29-a-la-s-00-17-41-2.png?fit=880%2C495&ssl=1&resize=350%2C200 1x, https:\/\/i0.wp.com\/larevistadigital.com.ar\/blog\/wp-content\/uploads\/20200129002755_captura-de-pantalla-2020-01-29-a-la-s-00-17-41-2.png?fit=880%2C495&ssl=1&resize=525%2C300 1.5x, https:\/\/i0.wp.com\/larevistadigital.com.ar\/blog\/wp-content\/uploads\/20200129002755_captura-de-pantalla-2020-01-29-a-la-s-00-17-41-2.png?fit=880%2C495&ssl=1&resize=700%2C400 2x"},"classes":[]},{"id":31166,"url":"https:\/\/larevistadigital.com.ar\/blog\/alberto-fernandez-se-bajo-de-la-carrera-y-no-sera-candidato-a-presidente\/","url_meta":{"origin":35687,"position":2},"title":"ALBERTO FERNANDEZ SE BAJ\u00d3 DE LA CARRERA Y NO SER\u00c1 CANDIDATO A PRESIDENTE.","author":"Alejandro Sosa Ruda","date":"21 abril, 2023","format":false,"excerpt":"En la previa del Consejo del PJ public\u00f3 un video en el que anunci\u00f3 que se corre de la pelea por una candidatura en Primarias. En Casa Rosada aclararon que se pondr\u00e1 \u201cal frente del armado electoral\u201d del Frente de Todos. 21 de abril de 2023 Alberto Fern\u00e1ndez anunci\u00f3 este\u2026","rel":"","context":"En \u00abPOLITICA\u00bb","block_context":{"text":"POLITICA","link":"https:\/\/larevistadigital.com.ar\/blog\/category\/politica\/"},"img":{"alt_text":"","src":"https:\/\/i0.wp.com\/larevistadigital.com.ar\/blog\/wp-content\/uploads\/descarga-20.jpg?fit=800%2C448&ssl=1&resize=350%2C200","width":350,"height":200,"srcset":"https:\/\/i0.wp.com\/larevistadigital.com.ar\/blog\/wp-content\/uploads\/descarga-20.jpg?fit=800%2C448&ssl=1&resize=350%2C200 1x, https:\/\/i0.wp.com\/larevistadigital.com.ar\/blog\/wp-content\/uploads\/descarga-20.jpg?fit=800%2C448&ssl=1&resize=525%2C300 1.5x, https:\/\/i0.wp.com\/larevistadigital.com.ar\/blog\/wp-content\/uploads\/descarga-20.jpg?fit=800%2C448&ssl=1&resize=700%2C400 2x"},"classes":[]},{"id":20727,"url":"https:\/\/larevistadigital.com.ar\/blog\/alfonsin-habla-por-fuera-de-la-ucr-y-respalda-a-alberto-fernandez\/","url_meta":{"origin":35687,"position":3},"title":"ALFONS\u00cdN HABLA \u00abPOR FUERA\u00bb DE LA UCR, Y RESPALDA A ALBERTO FERN\u00c1NDEZ","author":"Alejandro Sosa Ruda","date":"11 junio, 2021","format":false,"excerpt":"El embajador argentino en Espa\u00f1a, defendi\u00f3 al presidente Alberto Fern\u00e1ndez, y ubic\u00e1ndose impl\u00edcitamente fuera de su partido, critic\u00f3 la postura de la UCR, por formar parte de Cambiemos. Ricardo Alfons\u00edn, dijo que \u00abhay una interpretaci\u00f3n forzada\u00bb sobre la frase de Alberto Fern\u00e1ndez acerca de la descendencia de los habitantes de\u2026","rel":"","context":"En \u00abDESTACADAS\u00bb","block_context":{"text":"DESTACADAS","link":"https:\/\/larevistadigital.com.ar\/blog\/category\/destacadas\/"},"img":{"alt_text":"","src":"https:\/\/i0.wp.com\/larevistadigital.com.ar\/blog\/wp-content\/uploads\/64b5de0c758fbeb51d6edda5758bbb37.jpg?fit=1200%2C840&ssl=1&resize=350%2C200","width":350,"height":200,"srcset":"https:\/\/i0.wp.com\/larevistadigital.com.ar\/blog\/wp-content\/uploads\/64b5de0c758fbeb51d6edda5758bbb37.jpg?fit=1200%2C840&ssl=1&resize=350%2C200 1x, https:\/\/i0.wp.com\/larevistadigital.com.ar\/blog\/wp-content\/uploads\/64b5de0c758fbeb51d6edda5758bbb37.jpg?fit=1200%2C840&ssl=1&resize=525%2C300 1.5x, https:\/\/i0.wp.com\/larevistadigital.com.ar\/blog\/wp-content\/uploads\/64b5de0c758fbeb51d6edda5758bbb37.jpg?fit=1200%2C840&ssl=1&resize=700%2C400 2x, https:\/\/i0.wp.com\/larevistadigital.com.ar\/blog\/wp-content\/uploads\/64b5de0c758fbeb51d6edda5758bbb37.jpg?fit=1200%2C840&ssl=1&resize=1050%2C600 3x"},"classes":[]},{"id":22826,"url":"https:\/\/larevistadigital.com.ar\/blog\/otro-intendente-bonaerense-se-suma-al-equipo-de-alberto-fernandez\/","url_meta":{"origin":35687,"position":4},"title":"OTRO INTENDENTE BONAERENSE SE SUMA AL EQUIPO DE ALBERTO FERN\u00c1NDEZ","author":"Alejandro Sosa Ruda","date":"3 diciembre, 2021","format":false,"excerpt":"Su designaci\u00f3n se formaliz\u00f3 durante una reuni\u00f3n que mantuvo con el presidente Alberto Fern\u00e1ndez y el ministro de Transporte. Sujarchuk se suma a la lista de intendentes bonaerenses (Mart\u00edn Insaurralde, Jorge Ferraresi, Jorge Macri, Juan Zabaleta, Gabriel Katopodis, Alexis Guerrera, Leonardo Nardini, entre otros) que en el \u00faltimo a\u00f1o dejaron\u2026","rel":"","context":"En \u00abINTERES GENERAL\u00bb","block_context":{"text":"INTERES GENERAL","link":"https:\/\/larevistadigital.com.ar\/blog\/category\/interes-general\/"},"img":{"alt_text":"","src":"https:\/\/i0.wp.com\/larevistadigital.com.ar\/blog\/wp-content\/uploads\/20211202173155_sujarchuk.jpg?fit=880%2C512&ssl=1&resize=350%2C200","width":350,"height":200,"srcset":"https:\/\/i0.wp.com\/larevistadigital.com.ar\/blog\/wp-content\/uploads\/20211202173155_sujarchuk.jpg?fit=880%2C512&ssl=1&resize=350%2C200 1x, https:\/\/i0.wp.com\/larevistadigital.com.ar\/blog\/wp-content\/uploads\/20211202173155_sujarchuk.jpg?fit=880%2C512&ssl=1&resize=525%2C300 1.5x, https:\/\/i0.wp.com\/larevistadigital.com.ar\/blog\/wp-content\/uploads\/20211202173155_sujarchuk.jpg?fit=880%2C512&ssl=1&resize=700%2C400 2x"},"classes":[]},{"id":30045,"url":"https:\/\/larevistadigital.com.ar\/blog\/interna-sin-tregua-alberto-fernandez-convoco-a-la-mesa-politica-del-fdt-pero-no-iran-ni-cristina-ni-maximo\/","url_meta":{"origin":35687,"position":5},"title":"INTERNA SIN TREGUA: ALBERTO FERNANDEZ CONVOC\u00d3 A LA MESA POL\u00cdTICA DEL FDT PERO NO IR\u00c1N NI CRISTINA NI M\u00c1XIMO.","author":"Alejandro Sosa Ruda","date":"8 febrero, 2023","format":false,"excerpt":"La estructura se reunir\u00e1 el jueves 16. Jorge Capitanich admiti\u00f3 que las PASO ya no se pueden suspender. 08 de febrero de 2023 Alberto Fern\u00e1ndez\u00a0le puso fecha y hora a la convocatoria de la mesa nacional del Frente de Todos. Esta tarde, desde la Casa Rosada, confirmaron que el encuentro\u2026","rel":"","context":"En \u00abPOLITICA NACIONAL\u00bb","block_context":{"text":"POLITICA NACIONAL","link":"https:\/\/larevistadigital.com.ar\/blog\/category\/politica\/politica-nacional\/"},"img":{"alt_text":"","src":"https:\/\/i0.wp.com\/larevistadigital.com.ar\/blog\/wp-content\/uploads\/dd-1.jpg?fit=695%2C340&ssl=1&resize=350%2C200","width":350,"height":200,"srcset":"https:\/\/i0.wp.com\/larevistadigital.com.ar\/blog\/wp-content\/uploads\/dd-1.jpg?fit=695%2C340&ssl=1&resize=350%2C200 1x, https:\/\/i0.wp.com\/larevistadigital.com.ar\/blog\/wp-content\/uploads\/dd-1.jpg?fit=695%2C340&ssl=1&resize=525%2C300 1.5x"},"classes":[]}],"_links":{"self":[{"href":"https:\/\/larevistadigital.com.ar\/blog\/wp-json\/wp\/v2\/posts\/35687","targetHints":{"allow":["GET"]}}],"collection":[{"href":"https:\/\/larevistadigital.com.ar\/blog\/wp-json\/wp\/v2\/posts"}],"about":[{"href":"https:\/\/larevistadigital.com.ar\/blog\/wp-json\/wp\/v2\/types\/post"}],"author":[{"embeddable":true,"href":"https:\/\/larevistadigital.com.ar\/blog\/wp-json\/wp\/v2\/users\/3"}],"replies":[{"embeddable":true,"href":"https:\/\/larevistadigital.com.ar\/blog\/wp-json\/wp\/v2\/comments?post=35687"}],"version-history":[{"count":2,"href":"https:\/\/larevistadigital.com.ar\/blog\/wp-json\/wp\/v2\/posts\/35687\/revisions"}],"predecessor-version":[{"id":35690,"href":"https:\/\/larevistadigital.com.ar\/blog\/wp-json\/wp\/v2\/posts\/35687\/revisions\/35690"}],"wp:featuredmedia":[{"embeddable":true,"href":"https:\/\/larevistadigital.com.ar\/blog\/wp-json\/wp\/v2\/media\/35688"}],"wp:attachment":[{"href":"https:\/\/larevistadigital.com.ar\/blog\/wp-json\/wp\/v2\/media?parent=35687"}],"wp:term":[{"taxonomy":"category","embeddable":true,"href":"https:\/\/larevistadigital.com.ar\/blog\/wp-json\/wp\/v2\/categories?post=35687"},{"taxonomy":"post_tag","embeddable":true,"href":"https:\/\/larevistadigital.com.ar\/blog\/wp-json\/wp\/v2\/tags?post=35687"}],"curies":[{"name":"wp","href":"https:\/\/api.w.org\/{rel}","templated":true}]}}