{"id":35693,"date":"2024-03-23T13:46:56","date_gmt":"2024-03-23T16:46:56","guid":{"rendered":"https:\/\/larevistadigital.com.ar\/blog\/?p=35693"},"modified":"2024-03-23T13:46:56","modified_gmt":"2024-03-23T16:46:56","slug":"caso-baez-sosa-casacion-confirmo-las-condenas-a-los-rugbiers","status":"publish","type":"post","link":"https:\/\/larevistadigital.com.ar\/blog\/caso-baez-sosa-casacion-confirmo-las-condenas-a-los-rugbiers\/","title":{"rendered":"CASO B\u00c1EZ SOSA: CASACI\u00d3N CONFIRM\u00d3 LAS CONDENAS A LOS RUGBIERS"},"content":{"rendered":"<h2 class=\"nota__hero__summary\">Corrigi\u00f3 la calificaci\u00f3n y consider\u00f3 que no hubo alevos\u00eda, pero esa decisi\u00f3n no alter\u00f3 las penas para los 8 asesinos, de los cuales 5 recibieron prisi\u00f3n perpetua.<\/h2>\n<p>23 de marzo de 2024<\/p>\n<p><strong>LA COSTA &#8211;<\/strong>\u00a0 La C\u00e1mara de Casaci\u00f3n de la provincia de Buenos Aires ha ratificado las condenas dictadas contra los rugbiers responsables del asesinato de Fernando B\u00e1ez Sosa el 18 de enero de 2020 en Villa Gesell, aunque ha corregido la calificaci\u00f3n legal inicial.<\/p>\n<blockquote>\n<h3>Si bien la calificaci\u00f3n de alevos\u00eda fue modificada, los jueces confirmaron que cinco de los acusados deber\u00e1n cumplir prisi\u00f3n perpetua, mientras que los tres restantes fueron condenados a 15 a\u00f1os de prisi\u00f3n.<\/h3>\n<\/blockquote>\n<p>En un fallo extenso de 150 p\u00e1ginas, los jueces de la Sala II,<strong> Fernando Mancini<\/strong> y <strong>Mar\u00eda Florencia Budi\u00f1o<\/strong>, sostuvieron que el homicidio de Fernando fue premeditado y llevado a cabo con la participaci\u00f3n de dos o m\u00e1s personas, como lo establece el art\u00edculo 80 del C\u00f3digo Penal de la Naci\u00f3n.<\/p>\n<blockquote>\n<h3>Respecto a la calificaci\u00f3n de alevos\u00eda, los jueces de Casaci\u00f3n consideraron que no se demostraron todas las circunstancias requeridas por la normativa penal. <em>\u00abAunque el hecho pudiera parecer alevoso en t\u00e9rminos coloquiales, t\u00e9cnicamente no se han probado todas las condiciones exigidas por el C\u00f3digo Penal para considerarlo como tal\u00bb<\/em>, se\u00f1alaron desde el tribunal.<\/h3>\n<\/blockquote>\n<p>Sin embargo, al mantenerse la premeditaci\u00f3n, no hubo cambios en la pena impuesta. El recurso de la Defensa fue parcialmente aceptado, pero sin beneficios para esta parte, mientras que los recursos de los fiscales y el particular damnificado fueron rechazados.<\/p>\n<blockquote>\n<h3>La pr\u00f3xima instancia judicial ser\u00e1 la Suprema Corte de Justicia de la Provincia de Buenos Aires, que deber\u00e1 pronunciarse sobre los recursos extraordinarios que las partes presenten. Se dispone de un plazo de 10 d\u00edas para recurrir a esta instancia, seg\u00fan inform\u00f3 el portal Infobae.<\/h3>\n<\/blockquote>\n<p>El fallo describe detalladamente la agresi\u00f3n como un ataque con capacidad letal, destacando la brutalidad del mismo y la participaci\u00f3n activa de los acusados. Se cuestiona la postura adoptada por los jueces de Dolores, quienes sostuvieron que el dolo de matar surgi\u00f3 una vez que la v\u00edctima qued\u00f3 indefensa en el suelo.<\/p>\n<blockquote>\n<h3>El asesinato de Fernando B\u00e1ez Sosa tuvo lugar frente a la discoteca Le Brique en Villa Gesell, tras una discusi\u00f3n en el interior del establecimiento. El caso conmocion\u00f3 profundamente al p\u00fablico en enero de 2020.<\/h3>\n<\/blockquote>\n<p>Tres a\u00f1os despu\u00e9s, en febrero de 2023, el Tribunal Oral en lo Criminal N\u00ba 1 de Dolores hab\u00eda impuesto las condenas que ahora han quedado firmes, con prisi\u00f3n perpetua para <strong>M\u00e1ximo Thomsen, Ciro Pertossi, Enzo Comelli, Mat\u00edas Benicelli y Luciano Pertossi<\/strong>, y penas de 15 a\u00f1os de c\u00e1rcel para <strong>Ayrton Viollaz, Blas Cinalli y Lucas Pertossi<\/strong> como part\u00edcipes secundarios.<\/p>\n<p>fuente e imagen: entrel\u00edneas<\/p>\n","protected":false},"excerpt":{"rendered":"<div class=\"mh-excerpt\"><p>Corrigi\u00f3 la calificaci\u00f3n y consider\u00f3 que no hubo alevos\u00eda, pero esa decisi\u00f3n no alter\u00f3 las penas para los 8 asesinos, de los cuales 5 recibieron prisi\u00f3n perpetua. 23 de marzo de 2024 LA COSTA &#8211;\u00a0 <a class=\"mh-excerpt-more\" href=\"https:\/\/larevistadigital.com.ar\/blog\/caso-baez-sosa-casacion-confirmo-las-condenas-a-los-rugbiers\/\" title=\"CASO B\u00c1EZ SOSA: CASACI\u00d3N CONFIRM\u00d3 LAS CONDENAS A LOS RUGBIERS\">[Leer M\u00e1s]<\/a><\/p>\n<\/div>","protected":false},"author":3,"featured_media":35694,"comment_status":"open","ping_status":"open","sticky":false,"template":"","format":"standard","meta":{"_jetpack_memberships_contains_paid_content":false,"footnotes":"","jetpack_publicize_message":"","jetpack_publicize_feature_enabled":true,"jetpack_social_post_already_shared":true,"jetpack_social_options":{"image_generator_settings":{"template":"highway","default_image_id":0,"font":"","enabled":false},"version":2}},"categories":[50],"tags":[],"class_list":{"0":"post-35693","1":"post","2":"type-post","3":"status-publish","4":"format-standard","5":"has-post-thumbnail","7":"category-interes-general"},"jetpack_publicize_connections":[],"jetpack_featured_media_url":"https:\/\/i0.wp.com\/larevistadigital.com.ar\/blog\/wp-content\/uploads\/0b3005939bffd257b60471737f3b917f9f0b6c0c.jpg?fit=1140%2C640&ssl=1","jetpack_sharing_enabled":true,"jetpack_shortlink":"https:\/\/wp.me\/p8qtrQ-9hH","jetpack-related-posts":[{"id":14842,"url":"https:\/\/larevistadigital.com.ar\/blog\/el-juez-ratifico-las-preventivas-de-los-rugbiers-y-subio-la-caratula-por-alevosia\/","url_meta":{"origin":35693,"position":0},"title":"EL JUEZ RATIFIC\u00d3 LAS PREVENTIVAS DE LOS RUGBIERS, Y SUBI\u00d3 LA CAR\u00c1TULA POR \u00abALEVOS\u00cdA\u00bb","author":"Alejandro Sosa Ruda","date":"14 febrero, 2020","format":false,"excerpt":"David Mancinelli\u00a0resolvi\u00f3 que los imputados por el asesinato del joven a la salida de un boliche en Villa Gesell continuar\u00e1n en prisi\u00f3n.\u00a0Mir\u00e1 la resoluci\u00f3n. El juez de Garant\u00edas de\u00a0Villa Gesell,\u00a0David Mancinelli, dict\u00f3 este viernes la prisi\u00f3n preventiva para los ocho rugbiers imputados por el crimen de\u00a0Fernando B\u00e1ez Sosa\u00a0(18), cometido el\u2026","rel":"","context":"En \u00abINTERES GENERAL\u00bb","block_context":{"text":"INTERES GENERAL","link":"https:\/\/larevistadigital.com.ar\/blog\/category\/interes-general\/"},"img":{"alt_text":"","src":"https:\/\/i0.wp.com\/larevistadigital.com.ar\/blog\/wp-content\/uploads\/14-02-2020-villa-gesell-luego-de-estar-0.jpg?fit=960%2C640&ssl=1&resize=350%2C200","width":350,"height":200,"srcset":"https:\/\/i0.wp.com\/larevistadigital.com.ar\/blog\/wp-content\/uploads\/14-02-2020-villa-gesell-luego-de-estar-0.jpg?fit=960%2C640&ssl=1&resize=350%2C200 1x, https:\/\/i0.wp.com\/larevistadigital.com.ar\/blog\/wp-content\/uploads\/14-02-2020-villa-gesell-luego-de-estar-0.jpg?fit=960%2C640&ssl=1&resize=525%2C300 1.5x, https:\/\/i0.wp.com\/larevistadigital.com.ar\/blog\/wp-content\/uploads\/14-02-2020-villa-gesell-luego-de-estar-0.jpg?fit=960%2C640&ssl=1&resize=700%2C400 2x"},"classes":[]},{"id":30016,"url":"https:\/\/larevistadigital.com.ar\/blog\/caso-baez-sosa-perpetua-para-thomsen-comelli-benicelli-ciro-y-luciano-pertosi-violaz-cinalli-y-lucas-pertosi-participes-secundarios-y-15-anos-de-prision\/","url_meta":{"origin":35693,"position":1},"title":"CASO BAEZ SOSA: PERPETUA PARA THOMSEN, COMELLI BENICELLI, CIRO Y LUCIANO PERTOSI. VIOLAZ, CINALLI Y LUCAS PERTOSI PART\u00cdCIPES SECUNDARIOS Y 15 A\u00d1OS DE PRISI\u00d3N.","author":"Alejandro Sosa Ruda","date":"6 febrero, 2023","format":false,"excerpt":"El jurado declar\u00f3 culpables por unanimidad a Thompsen, Comelli, Benicelli, Ciro y Luciano Pertosi, mientras que Violaz, Cinalli y Lucas Pertosi fueron condenados a 15 a\u00f1os de prisi\u00f3n. DOLORES -\u00a0 Finalmente lleg\u00f3 el momento de la lectura del veredicto, y de los ocho imputados, cinco fueron condenados a cadena perpetua,\u2026","rel":"","context":"En \u00abDESTACADAS\u00bb","block_context":{"text":"DESTACADAS","link":"https:\/\/larevistadigital.com.ar\/blog\/category\/destacadas\/"},"img":{"alt_text":"","src":"https:\/\/i0.wp.com\/larevistadigital.com.ar\/blog\/wp-content\/uploads\/Captura-de-pantalla-2023-02-06-134941.jpg?fit=922%2C448&ssl=1&resize=350%2C200","width":350,"height":200,"srcset":"https:\/\/i0.wp.com\/larevistadigital.com.ar\/blog\/wp-content\/uploads\/Captura-de-pantalla-2023-02-06-134941.jpg?fit=922%2C448&ssl=1&resize=350%2C200 1x, https:\/\/i0.wp.com\/larevistadigital.com.ar\/blog\/wp-content\/uploads\/Captura-de-pantalla-2023-02-06-134941.jpg?fit=922%2C448&ssl=1&resize=525%2C300 1.5x, https:\/\/i0.wp.com\/larevistadigital.com.ar\/blog\/wp-content\/uploads\/Captura-de-pantalla-2023-02-06-134941.jpg?fit=922%2C448&ssl=1&resize=700%2C400 2x"},"classes":[]},{"id":31623,"url":"https:\/\/larevistadigital.com.ar\/blog\/caso-melmann-perpetua-para-panadero-por-abuso-y-asesinato-de-natalia\/","url_meta":{"origin":35693,"position":2},"title":"CASO MELMANN: PERPETUA PARA PANADERO, POR ABUSO Y ASESINATO DE NATALIA","author":"Alejandro Sosa Ruda","date":"17 mayo, 2023","format":false,"excerpt":"As\u00ed lo resolvi\u00f3 el Tribunal Oral N\u00b04 de Mar del Plata en relaci\u00f3n al entonces polic\u00eda Ricardo Panadero. Es el cuarto polic\u00eda condenado a prisi\u00f3n perpetua. 17 de mayo de 2023 Ricardo Panadero, exsargento de la polic\u00eda bonaerense, ha sido condenado a prisi\u00f3n perpetua por su responsabilidad en la privaci\u00f3n\u2026","rel":"","context":"En \u00abINTERES GENERAL\u00bb","block_context":{"text":"INTERES GENERAL","link":"https:\/\/larevistadigital.com.ar\/blog\/category\/interes-general\/"},"img":{"alt_text":"","src":"https:\/\/i0.wp.com\/larevistadigital.com.ar\/blog\/wp-content\/uploads\/Captura-de-pantalla-2023-05-17-121359.png?fit=795%2C504&ssl=1&resize=350%2C200","width":350,"height":200,"srcset":"https:\/\/i0.wp.com\/larevistadigital.com.ar\/blog\/wp-content\/uploads\/Captura-de-pantalla-2023-05-17-121359.png?fit=795%2C504&ssl=1&resize=350%2C200 1x, https:\/\/i0.wp.com\/larevistadigital.com.ar\/blog\/wp-content\/uploads\/Captura-de-pantalla-2023-05-17-121359.png?fit=795%2C504&ssl=1&resize=525%2C300 1.5x, https:\/\/i0.wp.com\/larevistadigital.com.ar\/blog\/wp-content\/uploads\/Captura-de-pantalla-2023-05-17-121359.png?fit=795%2C504&ssl=1&resize=700%2C400 2x"},"classes":[]},{"id":29793,"url":"https:\/\/larevistadigital.com.ar\/blog\/caso-baez-sosa-ahora-declaro-ciro-pertosi-y-aseguro-que-freno-la-patada-contra-fernando-en-el-piso\/","url_meta":{"origin":35693,"position":3},"title":"CASO BAEZ SOSA: AHORA DECLAR\u00d3 CIRO PERTOSI, Y ASEGUR\u00d3 QUE \u00abFREN\u00d3 LA  PATADA CONTRA FERNANDO EN EL PISO\u00bb","author":"Alejandro Sosa Ruda","date":"17 enero, 2023","format":false,"excerpt":"Luego de que ayer declarara M\u00e1ximo Thomsen, hoy pidi\u00f3 declarar otro de los imputados en el juicio por el asesinato de Fernando B\u00e1ez Sosa. Tambi\u00e9n explic\u00f3 a qu\u00e9 se refiri\u00f3 cuando mand\u00f3 el audio en el que dice \"de esto no se entera nadie\". 17 de enero de 2023 DOLORES\u2026","rel":"","context":"En \u00abDESTACADAS\u00bb","block_context":{"text":"DESTACADAS","link":"https:\/\/larevistadigital.com.ar\/blog\/category\/destacadas\/"},"img":{"alt_text":"","src":"https:\/\/i0.wp.com\/larevistadigital.com.ar\/blog\/wp-content\/uploads\/47d0257f2ae147453fcdfa354d7557d82ec132a2.jpg?fit=1140%2C641&ssl=1&resize=350%2C200","width":350,"height":200,"srcset":"https:\/\/i0.wp.com\/larevistadigital.com.ar\/blog\/wp-content\/uploads\/47d0257f2ae147453fcdfa354d7557d82ec132a2.jpg?fit=1140%2C641&ssl=1&resize=350%2C200 1x, https:\/\/i0.wp.com\/larevistadigital.com.ar\/blog\/wp-content\/uploads\/47d0257f2ae147453fcdfa354d7557d82ec132a2.jpg?fit=1140%2C641&ssl=1&resize=525%2C300 1.5x, https:\/\/i0.wp.com\/larevistadigital.com.ar\/blog\/wp-content\/uploads\/47d0257f2ae147453fcdfa354d7557d82ec132a2.jpg?fit=1140%2C641&ssl=1&resize=700%2C400 2x, https:\/\/i0.wp.com\/larevistadigital.com.ar\/blog\/wp-content\/uploads\/47d0257f2ae147453fcdfa354d7557d82ec132a2.jpg?fit=1140%2C641&ssl=1&resize=1050%2C600 3x"},"classes":[]},{"id":29773,"url":"https:\/\/larevistadigital.com.ar\/blog\/caso-baez-sosa-ni-los-propios-amigos-pueden-hablar-bien-de-los-acusados-dijo-burlando\/","url_meta":{"origin":35693,"position":4},"title":"CASO BAEZ SOSA: \u00abNI LOS PROPIOS AMIGOS PUEDEN HABLAR BIEN DE LOS ACUSADOS\u00bb DIJO BURLANDO","author":"Alejandro Sosa Ruda","date":"16 enero, 2023","format":false,"excerpt":"Declararon Tomas Colazo y Juan Pedro Guarino. Alejo Milanessi no lo hizo. Si bien el abogado dijo que\u00a0\"hubo muchas contradicciones\", aclar\u00f3 que tratan\u00a0\"de darle agilidad en las diligencias\". 16 de enero de 2023 DOLORES -\u00a0 Fernando Burlando, abogado de los padres de Fernando B\u00e1ez Sosa en la puerta de los\u2026","rel":"","context":"En \u00abINTERES GENERAL\u00bb","block_context":{"text":"INTERES GENERAL","link":"https:\/\/larevistadigital.com.ar\/blog\/category\/interes-general\/"},"img":{"alt_text":"","src":"https:\/\/i0.wp.com\/larevistadigital.com.ar\/blog\/wp-content\/uploads\/686822-16-01-2023-juan-pedro-guarino-uno-de.jpg?fit=1200%2C1050&ssl=1&resize=350%2C200","width":350,"height":200,"srcset":"https:\/\/i0.wp.com\/larevistadigital.com.ar\/blog\/wp-content\/uploads\/686822-16-01-2023-juan-pedro-guarino-uno-de.jpg?fit=1200%2C1050&ssl=1&resize=350%2C200 1x, https:\/\/i0.wp.com\/larevistadigital.com.ar\/blog\/wp-content\/uploads\/686822-16-01-2023-juan-pedro-guarino-uno-de.jpg?fit=1200%2C1050&ssl=1&resize=525%2C300 1.5x, https:\/\/i0.wp.com\/larevistadigital.com.ar\/blog\/wp-content\/uploads\/686822-16-01-2023-juan-pedro-guarino-uno-de.jpg?fit=1200%2C1050&ssl=1&resize=700%2C400 2x, https:\/\/i0.wp.com\/larevistadigital.com.ar\/blog\/wp-content\/uploads\/686822-16-01-2023-juan-pedro-guarino-uno-de.jpg?fit=1200%2C1050&ssl=1&resize=1050%2C600 3x"},"classes":[]},{"id":25728,"url":"https:\/\/larevistadigital.com.ar\/blog\/indignacion-de-familiares-de-victimas-por-la-domiciliaria-otorgada-a-etchecolaz\/","url_meta":{"origin":35693,"position":5},"title":"INDIGNACI\u00d3N DE FAMILIARES DE V\u00cdCTIMAS POR LA \u00abDOMICILIARIA\u00bb OTORGADA A ETCHECOLAZ","author":"Alejandro Sosa Ruda","date":"9 junio, 2022","format":false,"excerpt":"Los familiares de Julio L\u00f3pez y de Horacio \u00dangaro se\u00f1alaron que con este fallo los jueces \"volvieron a hacer desaparecer\" a sus familiares. La C\u00e1mara Federal de Casaci\u00f3n Penal concedi\u00f3 la prisi\u00f3n domiciliaria al\u00a0exdirector de Investigaciones de la Polic\u00eda Bonaerense, Miguel Etchecolatz,\u00a0y a otros\u00a0represores condenados por delitos de lesa humanidad\u2026","rel":"","context":"En \u00abINTERES GENERAL\u00bb","block_context":{"text":"INTERES GENERAL","link":"https:\/\/larevistadigital.com.ar\/blog\/category\/interes-general\/"},"img":{"alt_text":"","src":"https:\/\/i0.wp.com\/larevistadigital.com.ar\/blog\/wp-content\/uploads\/1540935704999.jpg?fit=1200%2C594&ssl=1&resize=350%2C200","width":350,"height":200,"srcset":"https:\/\/i0.wp.com\/larevistadigital.com.ar\/blog\/wp-content\/uploads\/1540935704999.jpg?fit=1200%2C594&ssl=1&resize=350%2C200 1x, https:\/\/i0.wp.com\/larevistadigital.com.ar\/blog\/wp-content\/uploads\/1540935704999.jpg?fit=1200%2C594&ssl=1&resize=525%2C300 1.5x, https:\/\/i0.wp.com\/larevistadigital.com.ar\/blog\/wp-content\/uploads\/1540935704999.jpg?fit=1200%2C594&ssl=1&resize=700%2C400 2x, https:\/\/i0.wp.com\/larevistadigital.com.ar\/blog\/wp-content\/uploads\/1540935704999.jpg?fit=1200%2C594&ssl=1&resize=1050%2C600 3x"},"classes":[]}],"_links":{"self":[{"href":"https:\/\/larevistadigital.com.ar\/blog\/wp-json\/wp\/v2\/posts\/35693","targetHints":{"allow":["GET"]}}],"collection":[{"href":"https:\/\/larevistadigital.com.ar\/blog\/wp-json\/wp\/v2\/posts"}],"about":[{"href":"https:\/\/larevistadigital.com.ar\/blog\/wp-json\/wp\/v2\/types\/post"}],"author":[{"embeddable":true,"href":"https:\/\/larevistadigital.com.ar\/blog\/wp-json\/wp\/v2\/users\/3"}],"replies":[{"embeddable":true,"href":"https:\/\/larevistadigital.com.ar\/blog\/wp-json\/wp\/v2\/comments?post=35693"}],"version-history":[{"count":1,"href":"https:\/\/larevistadigital.com.ar\/blog\/wp-json\/wp\/v2\/posts\/35693\/revisions"}],"predecessor-version":[{"id":35695,"href":"https:\/\/larevistadigital.com.ar\/blog\/wp-json\/wp\/v2\/posts\/35693\/revisions\/35695"}],"wp:featuredmedia":[{"embeddable":true,"href":"https:\/\/larevistadigital.com.ar\/blog\/wp-json\/wp\/v2\/media\/35694"}],"wp:attachment":[{"href":"https:\/\/larevistadigital.com.ar\/blog\/wp-json\/wp\/v2\/media?parent=35693"}],"wp:term":[{"taxonomy":"category","embeddable":true,"href":"https:\/\/larevistadigital.com.ar\/blog\/wp-json\/wp\/v2\/categories?post=35693"},{"taxonomy":"post_tag","embeddable":true,"href":"https:\/\/larevistadigital.com.ar\/blog\/wp-json\/wp\/v2\/tags?post=35693"}],"curies":[{"name":"wp","href":"https:\/\/api.w.org\/{rel}","templated":true}]}}