{"id":35703,"date":"2024-03-24T22:42:33","date_gmt":"2024-03-25T01:42:33","guid":{"rendered":"https:\/\/larevistadigital.com.ar\/blog\/?p=35703"},"modified":"2024-03-24T22:42:33","modified_gmt":"2024-03-25T01:42:33","slug":"dio-resultado-beatriz-de-leon-presento-una-nota-en-el-concejo-que-finalmente-fue-tenida-en-cuenta-por-los-ediles","status":"publish","type":"post","link":"https:\/\/larevistadigital.com.ar\/blog\/dio-resultado-beatriz-de-leon-presento-una-nota-en-el-concejo-que-finalmente-fue-tenida-en-cuenta-por-los-ediles\/","title":{"rendered":"DI\u00d3 RESULTADO: BEATRIZ DE LEON PRESENT\u00d3 UNA NOTA EN EL CONCEJO QUE FINALMENTE FUE TENIDA EN CUENTA POR LOS EDILES"},"content":{"rendered":"<h2>La Presidente del \u00abPartido Libres del Sur\u00bb en Chascom\u00fas, entreg\u00f3 una nota pidiendo que se haga algo para la protecci\u00f3n de los animales, haciendo hincapi\u00e9 en los perros de raza \u00abgalgo\u00bb.<\/h2>\n<p>24 de marzo de 2024<\/p>\n<p><strong>CHASCOM\u00daS &#8211;\u00a0 <\/strong>El d\u00eda 24 de febrero pasado, <strong>Beatriz De Le\u00f3n<\/strong> y un grupo de militantes del Partido Libres del Sur, invitaron a su local de calle Libres del Sur 615 a diferentes organizaciones protectoras de animales, donde llevaron a cabo una charla acerca de los problemas del tema y las posibles acciones para ayudar y solucionar este lamentable problema.<\/p>\n<blockquote>\n<h3>En la reuni\u00f3n, se habl\u00f3 de llevar a cabo en conjunto un plan de acci\u00f3n, sobre el problema de abandono y maltrato animal.<\/h3>\n<\/blockquote>\n<p>Entre otras cosas, esto tuvo como corolario una nota que el grupo comandado por <strong>De Le\u00f3n<\/strong> present\u00f3 al Presidente del\u00a0 Concejo Deliberante de Chascom\u00fas, <strong>Andr\u00e9s Sanucci<\/strong>, con fecha 26 de febrero de este a\u00f1o.<\/p>\n<p><strong>LA NOTA PRESENTADA<\/strong><\/p>\n<p><img data-recalc-dims=\"1\" loading=\"lazy\" decoding=\"async\" class=\"alignnone size-full wp-image-35704\" src=\"https:\/\/i0.wp.com\/larevistadigital.com.ar\/blog\/wp-content\/uploads\/nota-concejo-Beatriz.jpg?resize=864%2C1180&#038;ssl=1\" alt=\"\" width=\"864\" height=\"1180\" srcset=\"https:\/\/i0.wp.com\/larevistadigital.com.ar\/blog\/wp-content\/uploads\/nota-concejo-Beatriz.jpg?w=864&amp;ssl=1 864w, https:\/\/i0.wp.com\/larevistadigital.com.ar\/blog\/wp-content\/uploads\/nota-concejo-Beatriz.jpg?resize=220%2C300&amp;ssl=1 220w, https:\/\/i0.wp.com\/larevistadigital.com.ar\/blog\/wp-content\/uploads\/nota-concejo-Beatriz.jpg?resize=750%2C1024&amp;ssl=1 750w, https:\/\/i0.wp.com\/larevistadigital.com.ar\/blog\/wp-content\/uploads\/nota-concejo-Beatriz.jpg?resize=768%2C1049&amp;ssl=1 768w\" sizes=\"auto, (max-width: 864px) 100vw, 864px\" \/><\/p>\n<p>Como se aprecia en la nota presentada por <strong>Beatriz De Le\u00f3n<\/strong>, se solicita una reuni\u00f3n con todos los bloques integrantes del concejo para debatir los problemas al respecto y las posibles soluciones a esta situaci\u00f3n.<\/p>\n<blockquote>\n<h3>El grupo de Libres del Sur, ven\u00eda desde tiempo atr\u00e1s, realizando reuniones y charlas con distintas organizaciones protectoras de animales y vecinos preocupados por la problem\u00e1tica.<\/h3>\n<\/blockquote>\n<p>Algunos de los temas que se abordaron son castraci\u00f3n, quir\u00f3fano m\u00f3vil, registro de animales y campa\u00f1as de concientizaci\u00f3n.<\/p>\n<p>Luego de esto, que evidentemente fue el puntapi\u00e9 para ser tratado, con fecha 22 de marzo de 2024 apareci\u00f3 alguna publicaci\u00f3n en redes sociales, donde se menciona que bajo el n\u00famero 5813 del concejo, se ingres\u00f3 el proyecto de ordenanza donde se reconoce el trabajo de las asociaciones protectoras.<\/p>\n<p><strong>LA PUBLICACI\u00d3N&#8230;<\/strong><\/p>\n<p><img data-recalc-dims=\"1\" loading=\"lazy\" decoding=\"async\" class=\"alignnone size-full wp-image-35705\" src=\"https:\/\/i0.wp.com\/larevistadigital.com.ar\/blog\/wp-content\/uploads\/Captura-de-pantalla-2024-03-24-222506.png?resize=598%2C578&#038;ssl=1\" alt=\"\" width=\"598\" height=\"578\" srcset=\"https:\/\/i0.wp.com\/larevistadigital.com.ar\/blog\/wp-content\/uploads\/Captura-de-pantalla-2024-03-24-222506.png?w=598&amp;ssl=1 598w, https:\/\/i0.wp.com\/larevistadigital.com.ar\/blog\/wp-content\/uploads\/Captura-de-pantalla-2024-03-24-222506.png?resize=300%2C290&amp;ssl=1 300w\" sizes=\"auto, (max-width: 598px) 100vw, 598px\" \/><\/p>\n<p>As\u00ed pues, el pedido de <strong>Beatriz De Le\u00f3n<\/strong> fue escuchado, lo que nos parece muy positivo. Siempre es positivo que los ediles, se hagan eco del trabajo de una referente pol\u00edtica y social, pero esperamos que quien se suma desde su rol de concejal a\u00a0 esta iniciativa, tambi\u00e9n reconozca que esa referente fue quien impuls\u00f3 y trabaj\u00f3 por este tema.<\/p>\n","protected":false},"excerpt":{"rendered":"<div class=\"mh-excerpt\"><p>La Presidente del \u00abPartido Libres del Sur\u00bb en Chascom\u00fas, entreg\u00f3 una nota pidiendo que se haga algo para la protecci\u00f3n de los animales, haciendo hincapi\u00e9 en los perros de raza \u00abgalgo\u00bb. 24 de marzo de <a class=\"mh-excerpt-more\" href=\"https:\/\/larevistadigital.com.ar\/blog\/dio-resultado-beatriz-de-leon-presento-una-nota-en-el-concejo-que-finalmente-fue-tenida-en-cuenta-por-los-ediles\/\" title=\"DI\u00d3 RESULTADO: BEATRIZ DE LEON PRESENT\u00d3 UNA NOTA EN EL CONCEJO QUE FINALMENTE FUE TENIDA EN CUENTA POR LOS EDILES\">[Leer M\u00e1s]<\/a><\/p>\n<\/div>","protected":false},"author":3,"featured_media":35706,"comment_status":"open","ping_status":"open","sticky":false,"template":"","format":"standard","meta":{"_jetpack_memberships_contains_paid_content":false,"footnotes":"","jetpack_publicize_message":"","jetpack_publicize_feature_enabled":true,"jetpack_social_post_already_shared":true,"jetpack_social_options":{"image_generator_settings":{"template":"highway","default_image_id":0,"font":"","enabled":false},"version":2}},"categories":[6,23],"tags":[],"class_list":{"0":"post-35703","1":"post","2":"type-post","3":"status-publish","4":"format-standard","5":"has-post-thumbnail","7":"category-chascomus","8":"category-politica-local"},"jetpack_publicize_connections":[],"jetpack_featured_media_url":"https:\/\/i0.wp.com\/larevistadigital.com.ar\/blog\/wp-content\/uploads\/428679564_392980560044152_3688712322140524736_n.jpg?fit=2048%2C1152&ssl=1","jetpack_sharing_enabled":true,"jetpack_shortlink":"https:\/\/wp.me\/p8qtrQ-9hR","jetpack-related-posts":[{"id":32493,"url":"https:\/\/larevistadigital.com.ar\/blog\/chascomus-partido-libres-del-sur-beatriz-de-leon-lanza-su-candidatura-con-la-presencia-y-apoyo-de-la-candidata-a-gobernadora-silvia-saravia\/","url_meta":{"origin":35703,"position":0},"title":"CHASCOM\u00daS, PARTIDO LIBRES DEL SUR: BEATRIZ DE LE\u00d3N LANZA SU CANDIDATURA CON LA PRESENCIA Y APOYO DE LA CANDIDATA A GOBERNADORA, SILVIA SARAVIA","author":"Alejandro Sosa Ruda","date":"19 julio, 2023","format":false,"excerpt":"La referente del Partido Libres del sur, Mar\u00eda Beatriz de Le\u00f3n logr\u00f3 un muy interesante apoyo de la candidata a gobernadora, Silvia Saravia, que visitar\u00e1 Chascom\u00fas y estar\u00e1 en la presentaci\u00f3n de la lista local. 19 de julio de 2023 CHASCOM\u00daS -\u00a0 Mar\u00eda Beatriz De Le\u00f3n presentar\u00e1 la lista que\u2026","rel":"","context":"En \u00abPOLITICA LOCAL\u00bb","block_context":{"text":"POLITICA LOCAL","link":"https:\/\/larevistadigital.com.ar\/blog\/category\/politica\/politica-local\/"},"img":{"alt_text":"","src":"https:\/\/i0.wp.com\/larevistadigital.com.ar\/blog\/wp-content\/uploads\/WhatsApp-Image-2023-07-03-at-16.33.12.jpeg?fit=1200%2C905&ssl=1&resize=350%2C200","width":350,"height":200,"srcset":"https:\/\/i0.wp.com\/larevistadigital.com.ar\/blog\/wp-content\/uploads\/WhatsApp-Image-2023-07-03-at-16.33.12.jpeg?fit=1200%2C905&ssl=1&resize=350%2C200 1x, https:\/\/i0.wp.com\/larevistadigital.com.ar\/blog\/wp-content\/uploads\/WhatsApp-Image-2023-07-03-at-16.33.12.jpeg?fit=1200%2C905&ssl=1&resize=525%2C300 1.5x, https:\/\/i0.wp.com\/larevistadigital.com.ar\/blog\/wp-content\/uploads\/WhatsApp-Image-2023-07-03-at-16.33.12.jpeg?fit=1200%2C905&ssl=1&resize=700%2C400 2x, https:\/\/i0.wp.com\/larevistadigital.com.ar\/blog\/wp-content\/uploads\/WhatsApp-Image-2023-07-03-at-16.33.12.jpeg?fit=1200%2C905&ssl=1&resize=1050%2C600 3x"},"classes":[]},{"id":32500,"url":"https:\/\/larevistadigital.com.ar\/blog\/chascomus-el-partido-libres-del-sur-beatriz-de-leon-lanza-su-candidatura-con-la-presencia-y-apoyo-de-la-candidata-a-gobernadora-silvia-saravia\/","url_meta":{"origin":35703,"position":1},"title":"CHASCOM\u00daS, EL PARTIDO LIBRES DEL SUR: BEATRIZ DE LE\u00d3N LANZA SU CANDIDATURA CON LA PRESENCIA Y APOYO DE LA CANDIDATA A GOBERNADORA, SILVIA SARAVIA","author":"Alejandro Sosa Ruda","date":"20 julio, 2023","format":false,"excerpt":"La referente del Partido Libres del sur, Mar\u00eda Beatriz de Le\u00f3n logr\u00f3 un muy interesante apoyo de la candidata a gobernadora, Silvia Saravia, que visitar\u00e1 Chascom\u00fas y estar\u00e1 en la presentaci\u00f3n de la lista local. 20 de julio de 2023 CHASCOM\u00daS -\u00a0 Mar\u00eda Beatriz De Le\u00f3n presentar\u00e1 la lista que\u2026","rel":"","context":"En \u00abPOLITICA LOCAL\u00bb","block_context":{"text":"POLITICA LOCAL","link":"https:\/\/larevistadigital.com.ar\/blog\/category\/politica\/politica-local\/"},"img":{"alt_text":"","src":"https:\/\/i0.wp.com\/larevistadigital.com.ar\/blog\/wp-content\/uploads\/LIBRES-DEL-SUR.jpg?fit=1200%2C900&ssl=1&resize=350%2C200","width":350,"height":200,"srcset":"https:\/\/i0.wp.com\/larevistadigital.com.ar\/blog\/wp-content\/uploads\/LIBRES-DEL-SUR.jpg?fit=1200%2C900&ssl=1&resize=350%2C200 1x, https:\/\/i0.wp.com\/larevistadigital.com.ar\/blog\/wp-content\/uploads\/LIBRES-DEL-SUR.jpg?fit=1200%2C900&ssl=1&resize=525%2C300 1.5x, https:\/\/i0.wp.com\/larevistadigital.com.ar\/blog\/wp-content\/uploads\/LIBRES-DEL-SUR.jpg?fit=1200%2C900&ssl=1&resize=700%2C400 2x, https:\/\/i0.wp.com\/larevistadigital.com.ar\/blog\/wp-content\/uploads\/LIBRES-DEL-SUR.jpg?fit=1200%2C900&ssl=1&resize=1050%2C600 3x"},"classes":[]},{"id":30241,"url":"https:\/\/larevistadigital.com.ar\/blog\/chascomus-beatriz-de-leon-encabeza-la-lista-unica-para-las-internas-del-partido-libres-del-sur\/","url_meta":{"origin":35703,"position":2},"title":"CHASCOM\u00daS: BEATRIZ DE LE\u00d3N ENCABEZA LA LISTA \u00daNICA PARA LAS INTERNAS DEL PARTIDO LIBRES DEL SUR","author":"Alejandro Sosa Ruda","date":"25 febrero, 2023","format":false,"excerpt":"Se realizaran el pr\u00f3ximo 11 de marzo, en toda la provincia de Buenos Aires. 25 de febrero de 2023 CHASCOM\u00daS -\u00a0 En el marco de la elecci\u00f3n interna que realizar\u00e1 el Movimiento Libres del Sur, en toda la provincia de Buenos Aires el pr\u00f3ximo 11 de marzo; en nuestra ciudad,\u2026","rel":"","context":"En \u00abCHASCOM\u00daS\u00bb","block_context":{"text":"CHASCOM\u00daS","link":"https:\/\/larevistadigital.com.ar\/blog\/category\/chascomus\/"},"img":{"alt_text":"","src":"https:\/\/i0.wp.com\/larevistadigital.com.ar\/blog\/wp-content\/uploads\/333162920_1258483558431162_7998417187376837282_n.jpg?fit=843%2C843&ssl=1&resize=350%2C200","width":350,"height":200,"srcset":"https:\/\/i0.wp.com\/larevistadigital.com.ar\/blog\/wp-content\/uploads\/333162920_1258483558431162_7998417187376837282_n.jpg?fit=843%2C843&ssl=1&resize=350%2C200 1x, https:\/\/i0.wp.com\/larevistadigital.com.ar\/blog\/wp-content\/uploads\/333162920_1258483558431162_7998417187376837282_n.jpg?fit=843%2C843&ssl=1&resize=525%2C300 1.5x, https:\/\/i0.wp.com\/larevistadigital.com.ar\/blog\/wp-content\/uploads\/333162920_1258483558431162_7998417187376837282_n.jpg?fit=843%2C843&ssl=1&resize=700%2C400 2x"},"classes":[]},{"id":26831,"url":"https:\/\/larevistadigital.com.ar\/blog\/los-datos-de-chascomus-del-relevamiento-del-humor-social-realizado-por-el-partido-libres-del-sur\/","url_meta":{"origin":35703,"position":3},"title":"LOS DATOS DE CHASCOM\u00daS, DEL RELEVAMIENTO DEL \u00abHUMOR SOCIAL\u00bb REALIZADO POR EL PARTIDO LIBRES DEL SUR","author":"Alejandro Sosa Ruda","date":"27 julio, 2022","format":false,"excerpt":"CHASCOM\u00daS -\u00a0 D\u00edas atr\u00e1s, publicamos que desde el partido Libres del Sur realiz\u00f3 una medici\u00f3n del \"Humor Social\" respecto de lo que la sociedad siente en relaci\u00f3n a la actualidad econ\u00f3mica. En Chascom\u00fas, el trabajo se hizo\u00a0de la mano de la regente del partido,\u00a0Beatriz De Le\u00f3n\u00a0y de los referentes de\u2026","rel":"","context":"En \u00abINTERES GENERAL\u00bb","block_context":{"text":"INTERES GENERAL","link":"https:\/\/larevistadigital.com.ar\/blog\/category\/interes-general\/"},"img":{"alt_text":"","src":"https:\/\/i0.wp.com\/larevistadigital.com.ar\/blog\/wp-content\/uploads\/WhatsApp-Image-2022-07-22-at-12.06.28-PM.jpeg?fit=1200%2C540&ssl=1&resize=350%2C200","width":350,"height":200,"srcset":"https:\/\/i0.wp.com\/larevistadigital.com.ar\/blog\/wp-content\/uploads\/WhatsApp-Image-2022-07-22-at-12.06.28-PM.jpeg?fit=1200%2C540&ssl=1&resize=350%2C200 1x, https:\/\/i0.wp.com\/larevistadigital.com.ar\/blog\/wp-content\/uploads\/WhatsApp-Image-2022-07-22-at-12.06.28-PM.jpeg?fit=1200%2C540&ssl=1&resize=525%2C300 1.5x, https:\/\/i0.wp.com\/larevistadigital.com.ar\/blog\/wp-content\/uploads\/WhatsApp-Image-2022-07-22-at-12.06.28-PM.jpeg?fit=1200%2C540&ssl=1&resize=700%2C400 2x, https:\/\/i0.wp.com\/larevistadigital.com.ar\/blog\/wp-content\/uploads\/WhatsApp-Image-2022-07-22-at-12.06.28-PM.jpeg?fit=1200%2C540&ssl=1&resize=1050%2C600 3x"},"classes":[]},{"id":32244,"url":"https:\/\/larevistadigital.com.ar\/blog\/chascomus-las-listas-y-candidatos-para-agosto-hoy-beatriz-de-leon-del-partido-libres-del-sur\/","url_meta":{"origin":35703,"position":4},"title":"CHASCOM\u00daS: LAS LISTAS Y CANDIDATOS PARA AGOSTO. HOY BEATRIZ DE LE\u00d3N DEL PARTIDO LIBRES DEL SUR.","author":"Alejandro Sosa Ruda","date":"3 julio, 2023","format":false,"excerpt":"Presentando las listas para la elecci\u00f3n de agosto, La Revista Digital comienza hoy con el Partido Libres del Sur que lleva como candidata a Intendente a Mar\u00eda Beatriz de Le\u00f3n. 3 de julio de 2023 CHASCOM\u00daS -\u00a0 En el marco del armado de listas para las elecciones, la candidata a\u2026","rel":"","context":"En \u00abINTERES GENERAL\u00bb","block_context":{"text":"INTERES GENERAL","link":"https:\/\/larevistadigital.com.ar\/blog\/category\/interes-general\/"},"img":{"alt_text":"","src":"https:\/\/i0.wp.com\/larevistadigital.com.ar\/blog\/wp-content\/uploads\/WhatsApp-Image-2023-07-03-at-16.18.04.jpeg?fit=1200%2C734&ssl=1&resize=350%2C200","width":350,"height":200,"srcset":"https:\/\/i0.wp.com\/larevistadigital.com.ar\/blog\/wp-content\/uploads\/WhatsApp-Image-2023-07-03-at-16.18.04.jpeg?fit=1200%2C734&ssl=1&resize=350%2C200 1x, https:\/\/i0.wp.com\/larevistadigital.com.ar\/blog\/wp-content\/uploads\/WhatsApp-Image-2023-07-03-at-16.18.04.jpeg?fit=1200%2C734&ssl=1&resize=525%2C300 1.5x, https:\/\/i0.wp.com\/larevistadigital.com.ar\/blog\/wp-content\/uploads\/WhatsApp-Image-2023-07-03-at-16.18.04.jpeg?fit=1200%2C734&ssl=1&resize=700%2C400 2x, https:\/\/i0.wp.com\/larevistadigital.com.ar\/blog\/wp-content\/uploads\/WhatsApp-Image-2023-07-03-at-16.18.04.jpeg?fit=1200%2C734&ssl=1&resize=1050%2C600 3x"},"classes":[]},{"id":24148,"url":"https:\/\/larevistadigital.com.ar\/blog\/la-referente-de-libres-del-sur-beatriz-de-leon-y-sus-companeros-realizan-una-campana-contra-el-acuerdo-con-el-fmi\/","url_meta":{"origin":35703,"position":5},"title":"LA REFERENTE DE \u00abLIBRES DEL SUR\u00bb, BEATRIZ DE LEON Y SUS COMPA\u00d1EROS REALIZAN UNA CAMPA\u00d1A CONTRA EL ACUERDO CON EL FMI","author":"Alejandro Sosa Ruda","date":"23 febrero, 2022","format":false,"excerpt":"CHASCOM\u00daS -\u00a0 Bajo la conducci\u00f3n de Mar\u00eda Beatriz De Le\u00f3n, referente del partido Libres del Sur, se est\u00e1 haciendo una fuerte campa\u00f1a para que no se apoye el acuerdo con el Fondo Monetario Nacional. La presencia en las calles de la gente de Libres del Sur que responde a De\u2026","rel":"","context":"En \u00abCHASCOM\u00daS\u00bb","block_context":{"text":"CHASCOM\u00daS","link":"https:\/\/larevistadigital.com.ar\/blog\/category\/chascomus\/"},"img":{"alt_text":"","src":"https:\/\/i0.wp.com\/larevistadigital.com.ar\/blog\/wp-content\/uploads\/WhatsApp-Image-2022-02-21-at-14.21.34.jpeg?fit=1200%2C900&ssl=1&resize=350%2C200","width":350,"height":200,"srcset":"https:\/\/i0.wp.com\/larevistadigital.com.ar\/blog\/wp-content\/uploads\/WhatsApp-Image-2022-02-21-at-14.21.34.jpeg?fit=1200%2C900&ssl=1&resize=350%2C200 1x, https:\/\/i0.wp.com\/larevistadigital.com.ar\/blog\/wp-content\/uploads\/WhatsApp-Image-2022-02-21-at-14.21.34.jpeg?fit=1200%2C900&ssl=1&resize=525%2C300 1.5x, https:\/\/i0.wp.com\/larevistadigital.com.ar\/blog\/wp-content\/uploads\/WhatsApp-Image-2022-02-21-at-14.21.34.jpeg?fit=1200%2C900&ssl=1&resize=700%2C400 2x, https:\/\/i0.wp.com\/larevistadigital.com.ar\/blog\/wp-content\/uploads\/WhatsApp-Image-2022-02-21-at-14.21.34.jpeg?fit=1200%2C900&ssl=1&resize=1050%2C600 3x"},"classes":[]}],"_links":{"self":[{"href":"https:\/\/larevistadigital.com.ar\/blog\/wp-json\/wp\/v2\/posts\/35703","targetHints":{"allow":["GET"]}}],"collection":[{"href":"https:\/\/larevistadigital.com.ar\/blog\/wp-json\/wp\/v2\/posts"}],"about":[{"href":"https:\/\/larevistadigital.com.ar\/blog\/wp-json\/wp\/v2\/types\/post"}],"author":[{"embeddable":true,"href":"https:\/\/larevistadigital.com.ar\/blog\/wp-json\/wp\/v2\/users\/3"}],"replies":[{"embeddable":true,"href":"https:\/\/larevistadigital.com.ar\/blog\/wp-json\/wp\/v2\/comments?post=35703"}],"version-history":[{"count":1,"href":"https:\/\/larevistadigital.com.ar\/blog\/wp-json\/wp\/v2\/posts\/35703\/revisions"}],"predecessor-version":[{"id":35707,"href":"https:\/\/larevistadigital.com.ar\/blog\/wp-json\/wp\/v2\/posts\/35703\/revisions\/35707"}],"wp:featuredmedia":[{"embeddable":true,"href":"https:\/\/larevistadigital.com.ar\/blog\/wp-json\/wp\/v2\/media\/35706"}],"wp:attachment":[{"href":"https:\/\/larevistadigital.com.ar\/blog\/wp-json\/wp\/v2\/media?parent=35703"}],"wp:term":[{"taxonomy":"category","embeddable":true,"href":"https:\/\/larevistadigital.com.ar\/blog\/wp-json\/wp\/v2\/categories?post=35703"},{"taxonomy":"post_tag","embeddable":true,"href":"https:\/\/larevistadigital.com.ar\/blog\/wp-json\/wp\/v2\/tags?post=35703"}],"curies":[{"name":"wp","href":"https:\/\/api.w.org\/{rel}","templated":true}]}}