{"id":35708,"date":"2024-03-24T23:19:34","date_gmt":"2024-03-25T02:19:34","guid":{"rendered":"https:\/\/larevistadigital.com.ar\/blog\/?p=35708"},"modified":"2024-03-25T08:50:41","modified_gmt":"2024-03-25T11:50:41","slug":"kiciloff-particio-en-la-marcha-del-dia-de-la-memoria-venimos-a-marchar-por-el-futuro","status":"publish","type":"post","link":"https:\/\/larevistadigital.com.ar\/blog\/kiciloff-particio-en-la-marcha-del-dia-de-la-memoria-venimos-a-marchar-por-el-futuro\/","title":{"rendered":"KICILOFF PARTICIP\u00d3 EN LA MARCHA DEL D\u00cdA DE LA MEMORIA \u00abVENIMOS A MARCHAR POR EL FUTURO\u00bb"},"content":{"rendered":"<h2>El gobernador asegur\u00f3 que \u00abestos d\u00edas vuelven a decir que aqu\u00ed hubo una guerra\u00bb. Y remarc\u00f3 que \u00abQuienes fueron juzgados est\u00e1n presos por desaparecer, torturar y robar bebes.<\/h2>\n<p>24 de marzo de 2024<\/p>\n<p><strong>Axel Kicillof<\/strong>, junto a la vicegobernadora <strong>Ver\u00f3nica Magario<\/strong> e intendentes bonaerenses, participaron en la marcha hacia Plaza de Mayo con motivo del D\u00eda Nacional de la Memoria por la Verdad y la Justicia el 24 de marzo.<\/p>\n<blockquote>\n<h3>En sus palabras, expres\u00f3: <em>\u00abEn estos d\u00edas en los que vuelven a decir que en la Argentina hubo una guerra, necesitamos que todos entiendan bien: quienes fueron juzgados est\u00e1n presos por desaparecer, torturar y robar beb\u00e9s\u00bb.<\/em><\/h3>\n<\/blockquote>\n<p>Adem\u00e1s, hizo hincapi\u00e9 en que <strong><em>\u00abLa Dictadura fue contra compa\u00f1eros militantes, por supuesto, pero tambi\u00e9n fue contra sindicalistas, delegados de f\u00e1bricas y todos aquellos que presentaran resistencia frente a un modelo de hambre, desindustrializaci\u00f3n y quita de derechos\u00bb.<\/em><\/strong><\/p>\n<p>Asimismo, resalt\u00f3 la importancia de defender los derechos fundamentales como la salud, la educaci\u00f3n y la dignidad, a pesar de las dificultades actuales. En este sentido, record\u00f3 que<em><strong> \u00abes complicado construir una nueva alternativa desde el campo popular, pero nunca nos olvidemos que N\u00e9stor Kirchner baj\u00f3 los cuadros y, junto a Cristina, le dijeron basta a la impunidad y recuperaron los ingresos, el trabajo y la soberan\u00eda\u00bb.<\/strong><\/em><\/p>\n<blockquote>\n<h3>En la caravana estuvieron presentes, entre otros, el intendente de Ensenada, Mario Secco, de Berisso, Fabi\u00e1n Cagliardi, de Avellaneda, Jorge Ferraresi, de Pehuaj\u00f3, Pablo Zurro, y de La Matanza, Fernando Espinoza, as\u00ed como ministros de su gabinete.<\/h3>\n<\/blockquote>\n<p>Finalmente, <strong>Kicillof<\/strong> destac\u00f3 que<strong><em> \u00abel ejemplo de esta plaza junto a las organizaciones, los pibes, las pibas y las familias, es para que se entienda bien: ellos vienen a reprimir, nosotros venimos a marchar por el futuro\u00bb<\/em><\/strong>. Concluy\u00f3 reafirmando: <strong><em>\u00abEste 24 de marzo venimos a reafirmar nuevamente que fueron 30.000 compa\u00f1eros y compa\u00f1eras desaparecidas\u00bb.<\/em><\/strong><\/p>\n","protected":false},"excerpt":{"rendered":"<div class=\"mh-excerpt\"><p>El gobernador asegur\u00f3 que \u00abestos d\u00edas vuelven a decir que aqu\u00ed hubo una guerra\u00bb. Y remarc\u00f3 que \u00abQuienes fueron juzgados est\u00e1n presos por desaparecer, torturar y robar bebes. 24 de marzo de 2024 Axel Kicillof, <a class=\"mh-excerpt-more\" href=\"https:\/\/larevistadigital.com.ar\/blog\/kiciloff-particio-en-la-marcha-del-dia-de-la-memoria-venimos-a-marchar-por-el-futuro\/\" title=\"KICILOFF PARTICIP\u00d3 EN LA MARCHA DEL D\u00cdA DE LA MEMORIA \u00abVENIMOS A MARCHAR POR EL FUTURO\u00bb\">[Leer M\u00e1s]<\/a><\/p>\n<\/div>","protected":false},"author":3,"featured_media":35709,"comment_status":"open","ping_status":"open","sticky":false,"template":"","format":"standard","meta":{"_jetpack_memberships_contains_paid_content":false,"footnotes":"","jetpack_publicize_message":"","jetpack_publicize_feature_enabled":true,"jetpack_social_post_already_shared":true,"jetpack_social_options":{"image_generator_settings":{"template":"highway","default_image_id":0,"font":"","enabled":false},"version":2}},"categories":[24,51],"tags":[],"class_list":{"0":"post-35708","1":"post","2":"type-post","3":"status-publish","4":"format-standard","5":"has-post-thumbnail","7":"category-politica-provincial","8":"category-regionales"},"jetpack_publicize_connections":[],"jetpack_featured_media_url":"https:\/\/i0.wp.com\/larevistadigital.com.ar\/blog\/wp-content\/uploads\/Captura-de-pantalla-2024-03-24-230913.png?fit=1088%2C528&ssl=1","jetpack_sharing_enabled":true,"jetpack_shortlink":"https:\/\/wp.me\/p8qtrQ-9hW","jetpack-related-posts":[{"id":15394,"url":"https:\/\/larevistadigital.com.ar\/blog\/durante-la-pandemia-casi-100-presos-salieron-de-batan\/","url_meta":{"origin":35708,"position":0},"title":"DURANTE LA PANDEMIA, CASI 100 PRESOS SALIERON DE BAT\u00c1N","author":"Alejandro Sosa Ruda","date":"28 mayo, 2020","format":false,"excerpt":"La cifra surgi\u00f3 a trav\u00e9s de un relevamiento realizado por LA CAPITAL en los distintos juzgados marplatenses: 48 reclusos obtuvieron la libertad asistida o condicional, y 47 el beneficio de prisi\u00f3n domiciliaria. En tanto, se rechazaron 150 pedidos del mismo tipo y restan ser respondidos m\u00e1s de 300. Desde marzo\u2026","rel":"","context":"En \u00abREGIONALES\u00bb","block_context":{"text":"REGIONALES","link":"https:\/\/larevistadigital.com.ar\/blog\/category\/regionales\/"},"img":{"alt_text":"","src":"https:\/\/i0.wp.com\/larevistadigital.com.ar\/blog\/wp-content\/uploads\/Screenshot_1-112.jpg?fit=1006%2C696&ssl=1&resize=350%2C200","width":350,"height":200,"srcset":"https:\/\/i0.wp.com\/larevistadigital.com.ar\/blog\/wp-content\/uploads\/Screenshot_1-112.jpg?fit=1006%2C696&ssl=1&resize=350%2C200 1x, https:\/\/i0.wp.com\/larevistadigital.com.ar\/blog\/wp-content\/uploads\/Screenshot_1-112.jpg?fit=1006%2C696&ssl=1&resize=525%2C300 1.5x, https:\/\/i0.wp.com\/larevistadigital.com.ar\/blog\/wp-content\/uploads\/Screenshot_1-112.jpg?fit=1006%2C696&ssl=1&resize=700%2C400 2x"},"classes":[]},{"id":4956,"url":"https:\/\/larevistadigital.com.ar\/blog\/hebe-bonafini-convoco-la-marcha-moyano-los-pibes-chorros-los-presos-politicos\/","url_meta":{"origin":35708,"position":1},"title":"HEBE DE BONAFINI CONVOC\u00d3 A LA MARCHA DE MOYANO \u00abPOR LOS PIBES CHORROS Y LOS PRESOS POL\u00cdTICOS\u00bb","author":"Alejandro Sosa Ruda","date":"20 febrero, 2018","format":false,"excerpt":"DIJO ADEM\u00c1S QUE LA MOVILIZACI\u00d3N \"ES DE TODOS\" Y QUE MOYANO EST\u00c1 M\u00c1S SOLO QUE \"ADAN EN EL D\u00cdA DE LA MADRE\" Pol\u00e9mica como siempre, la titular de Madres de Plaza de Mayo,\u00a0Hebe de Bonafini, convoc\u00f3 a la marcha que encabezar\u00e1\u00a0Hugo Moyano\u00a0este mi\u00e9rcoles contra las pol\u00edticas econ\u00f3micas del Gobierno y\u2026","rel":"","context":"En \u00abGREMIALES\u00bb","block_context":{"text":"GREMIALES","link":"https:\/\/larevistadigital.com.ar\/blog\/category\/gremiales\/"},"img":{"alt_text":"","src":"https:\/\/i0.wp.com\/larevistadigital.com.ar\/blog\/wp-content\/uploads\/2018\/02\/0002936312.jpg?fit=770%2C433&ssl=1&resize=350%2C200","width":350,"height":200,"srcset":"https:\/\/i0.wp.com\/larevistadigital.com.ar\/blog\/wp-content\/uploads\/2018\/02\/0002936312.jpg?fit=770%2C433&ssl=1&resize=350%2C200 1x, https:\/\/i0.wp.com\/larevistadigital.com.ar\/blog\/wp-content\/uploads\/2018\/02\/0002936312.jpg?fit=770%2C433&ssl=1&resize=525%2C300 1.5x, https:\/\/i0.wp.com\/larevistadigital.com.ar\/blog\/wp-content\/uploads\/2018\/02\/0002936312.jpg?fit=770%2C433&ssl=1&resize=700%2C400 2x"},"classes":[]},{"id":40577,"url":"https:\/\/larevistadigital.com.ar\/blog\/intentaron-robar-un-cajero-en-mar-del-plata-pero-fueron-sorprendidos-por-la-policia-y-quedaron-presos\/","url_meta":{"origin":35708,"position":2},"title":"Intentaron robar un cajero en Mar del Plata, pero fueron sorprendidos por la Polic\u00eda y quedaron presos","author":"Alejandro Sosa Ruda","date":"21 julio, 2025","format":false,"excerpt":"Dos hombres fueron detenidos en plena madrugada tras forzar un cajero autom\u00e1tico del Banco Provincia. No alcanzaron a llevarse nada y quedaron registrados en las c\u00e1maras de seguridad. 21 de Julio de 2025 MAR DEL PLATA\u00a0 -\u00a0 \u00a0Un intento de robo al cajero autom\u00e1tico de la sucursal Monolito del Banco\u2026","rel":"","context":"En \u00abPOLICIALES\u00bb","block_context":{"text":"POLICIALES","link":"https:\/\/larevistadigital.com.ar\/blog\/category\/policiales\/"},"img":{"alt_text":"","src":"https:\/\/i0.wp.com\/larevistadigital.com.ar\/blog\/wp-content\/uploads\/Captura-de-pantalla-2025-07-21-143854.jpg?fit=812%2C288&ssl=1&resize=350%2C200","width":350,"height":200,"srcset":"https:\/\/i0.wp.com\/larevistadigital.com.ar\/blog\/wp-content\/uploads\/Captura-de-pantalla-2025-07-21-143854.jpg?fit=812%2C288&ssl=1&resize=350%2C200 1x, https:\/\/i0.wp.com\/larevistadigital.com.ar\/blog\/wp-content\/uploads\/Captura-de-pantalla-2025-07-21-143854.jpg?fit=812%2C288&ssl=1&resize=525%2C300 1.5x, https:\/\/i0.wp.com\/larevistadigital.com.ar\/blog\/wp-content\/uploads\/Captura-de-pantalla-2025-07-21-143854.jpg?fit=812%2C288&ssl=1&resize=700%2C400 2x"},"classes":[]},{"id":29946,"url":"https:\/\/larevistadigital.com.ar\/blog\/rechazan-el-beneficio-de-la-libertad-condicional-a-dos-condenados-a-perpetua-por-el-caso-de-natalia-melmann\/","url_meta":{"origin":35708,"position":3},"title":"RECHAZAN EL BENEFICIO DE LA LIBERTAD CONDICIONAL A DOS CONDENADOS A PERPETUA POR EL CASO DE NATALIA MELMANN","author":"Alejandro Sosa Ruda","date":"2 febrero, 2023","format":false,"excerpt":"El fallo de la C\u00e1mara de Apelaciones marplatense recay\u00f3 sobre Oscar Echenique (61) y Ricardo Anselmini (53), culpables de secuestrar, torturar, abusar y asesinar a la menor en 2001. La decisi\u00f3n de la C\u00e1mara fue por mayor\u00eda dado que el juez Esteban Vi\u00f1as vot\u00f3 por otorgarle el beneficio a los\u2026","rel":"","context":"En \u00abINTERES GENERAL\u00bb","block_context":{"text":"INTERES GENERAL","link":"https:\/\/larevistadigital.com.ar\/blog\/category\/interes-general\/"},"img":{"alt_text":"","src":"https:\/\/i0.wp.com\/larevistadigital.com.ar\/blog\/wp-content\/uploads\/20230202165628_nata.jpg?fit=880%2C512&ssl=1&resize=350%2C200","width":350,"height":200,"srcset":"https:\/\/i0.wp.com\/larevistadigital.com.ar\/blog\/wp-content\/uploads\/20230202165628_nata.jpg?fit=880%2C512&ssl=1&resize=350%2C200 1x, https:\/\/i0.wp.com\/larevistadigital.com.ar\/blog\/wp-content\/uploads\/20230202165628_nata.jpg?fit=880%2C512&ssl=1&resize=525%2C300 1.5x, https:\/\/i0.wp.com\/larevistadigital.com.ar\/blog\/wp-content\/uploads\/20230202165628_nata.jpg?fit=880%2C512&ssl=1&resize=700%2C400 2x"},"classes":[]},{"id":9220,"url":"https:\/\/larevistadigital.com.ar\/blog\/dolores-se-escaparon-dos-presos-de-la-unidad-6-uno-fue-recapturado-en-maipu\/","url_meta":{"origin":35708,"position":4},"title":"DOLORES: SE ESCAPARON DOS PRESOS DE LA UNIDAD 6, UNO FUE RECAPTURADO EN MAIP\u00da","author":"Alejandro Sosa Ruda","date":"20 marzo, 2019","format":false,"excerpt":"Dos internos que estaban en la c\u00e1rcel de Dolores, quebrantaron el r\u00e9gimen abierto art\u00edculo 100 de la ley 12.256 que fuera otorgado por sus respectivos juzgados. Este r\u00e9gimen implica una faz de confianza con custodia m\u00ednima, aclarando que no se fugaron del instituto, ni saltaron el muro. Los internos son\u2026","rel":"","context":"En \u00abDOLORES\u00bb","block_context":{"text":"DOLORES","link":"https:\/\/larevistadigital.com.ar\/blog\/category\/dolores\/"},"img":{"alt_text":"","src":"https:\/\/i0.wp.com\/larevistadigital.com.ar\/blog\/wp-content\/uploads\/2019\/03\/Screenshot_2-10.jpg?fit=872%2C548&ssl=1&resize=350%2C200","width":350,"height":200,"srcset":"https:\/\/i0.wp.com\/larevistadigital.com.ar\/blog\/wp-content\/uploads\/2019\/03\/Screenshot_2-10.jpg?fit=872%2C548&ssl=1&resize=350%2C200 1x, https:\/\/i0.wp.com\/larevistadigital.com.ar\/blog\/wp-content\/uploads\/2019\/03\/Screenshot_2-10.jpg?fit=872%2C548&ssl=1&resize=525%2C300 1.5x, https:\/\/i0.wp.com\/larevistadigital.com.ar\/blog\/wp-content\/uploads\/2019\/03\/Screenshot_2-10.jpg?fit=872%2C548&ssl=1&resize=700%2C400 2x"},"classes":[]},{"id":17164,"url":"https:\/\/larevistadigital.com.ar\/blog\/la-plata-quiso-robar-una-bicicleta-y-lo-reventaron-a-palos\/","url_meta":{"origin":35708,"position":5},"title":"LA PLATA: QUISO ROBAR UNA BICICLETA Y LO REVENTARON A PALOS","author":"Alejandro Sosa Ruda","date":"24 octubre, 2020","format":false,"excerpt":"Un testigo del\u00a0violento episodio en diagonal 80 entre 117 y 118 le relat\u00f3 a 0221.com.ar c\u00f3mo fue que esta persona termin\u00f3 desmayada producto de los golpes. Un violento episodio gener\u00f3 conmoci\u00f3n en la tarde de este viernes en Barrio Hip\u00f3dromo.\u00a0Testigos del hecho explicaron a\u00a00221.com.ar\u00a0que\u00a0todo sucedi\u00f3 cuando un hombre fue descubierto\u2026","rel":"","context":"En \u00abPOLICIALES\u00bb","block_context":{"text":"POLICIALES","link":"https:\/\/larevistadigital.com.ar\/blog\/category\/policiales\/"},"img":{"alt_text":"","src":"https:\/\/i0.wp.com\/larevistadigital.com.ar\/blog\/wp-content\/uploads\/1585350928772.jpg?fit=1200%2C797&ssl=1&resize=350%2C200","width":350,"height":200,"srcset":"https:\/\/i0.wp.com\/larevistadigital.com.ar\/blog\/wp-content\/uploads\/1585350928772.jpg?fit=1200%2C797&ssl=1&resize=350%2C200 1x, https:\/\/i0.wp.com\/larevistadigital.com.ar\/blog\/wp-content\/uploads\/1585350928772.jpg?fit=1200%2C797&ssl=1&resize=525%2C300 1.5x, https:\/\/i0.wp.com\/larevistadigital.com.ar\/blog\/wp-content\/uploads\/1585350928772.jpg?fit=1200%2C797&ssl=1&resize=700%2C400 2x, https:\/\/i0.wp.com\/larevistadigital.com.ar\/blog\/wp-content\/uploads\/1585350928772.jpg?fit=1200%2C797&ssl=1&resize=1050%2C600 3x"},"classes":[]}],"_links":{"self":[{"href":"https:\/\/larevistadigital.com.ar\/blog\/wp-json\/wp\/v2\/posts\/35708","targetHints":{"allow":["GET"]}}],"collection":[{"href":"https:\/\/larevistadigital.com.ar\/blog\/wp-json\/wp\/v2\/posts"}],"about":[{"href":"https:\/\/larevistadigital.com.ar\/blog\/wp-json\/wp\/v2\/types\/post"}],"author":[{"embeddable":true,"href":"https:\/\/larevistadigital.com.ar\/blog\/wp-json\/wp\/v2\/users\/3"}],"replies":[{"embeddable":true,"href":"https:\/\/larevistadigital.com.ar\/blog\/wp-json\/wp\/v2\/comments?post=35708"}],"version-history":[{"count":2,"href":"https:\/\/larevistadigital.com.ar\/blog\/wp-json\/wp\/v2\/posts\/35708\/revisions"}],"predecessor-version":[{"id":35717,"href":"https:\/\/larevistadigital.com.ar\/blog\/wp-json\/wp\/v2\/posts\/35708\/revisions\/35717"}],"wp:featuredmedia":[{"embeddable":true,"href":"https:\/\/larevistadigital.com.ar\/blog\/wp-json\/wp\/v2\/media\/35709"}],"wp:attachment":[{"href":"https:\/\/larevistadigital.com.ar\/blog\/wp-json\/wp\/v2\/media?parent=35708"}],"wp:term":[{"taxonomy":"category","embeddable":true,"href":"https:\/\/larevistadigital.com.ar\/blog\/wp-json\/wp\/v2\/categories?post=35708"},{"taxonomy":"post_tag","embeddable":true,"href":"https:\/\/larevistadigital.com.ar\/blog\/wp-json\/wp\/v2\/tags?post=35708"}],"curies":[{"name":"wp","href":"https:\/\/api.w.org\/{rel}","templated":true}]}}