{"id":35711,"date":"2024-03-24T23:29:17","date_gmt":"2024-03-25T02:29:17","guid":{"rendered":"https:\/\/larevistadigital.com.ar\/blog\/?p=35711"},"modified":"2024-03-24T23:29:17","modified_gmt":"2024-03-25T02:29:17","slug":"ruta-3-triple-choque-con-dos-jovenes-muertos-a-la-altura-de-tres-arroyos","status":"publish","type":"post","link":"https:\/\/larevistadigital.com.ar\/blog\/ruta-3-triple-choque-con-dos-jovenes-muertos-a-la-altura-de-tres-arroyos\/","title":{"rendered":"RUTA 3: TRIPLE CHOQUE CON DOS JOVENES MUERTOS A LA ALTURA DE TRES ARROYOS"},"content":{"rendered":"<h2>Hubo cuatro heridos. Dos que iban en el mismo que los que fallecieron y un matrimonio de Neuqu\u00e9n que iba en una camioneta.<\/h2>\n<p>24 de marzo de 2024<\/p>\n<p><strong>BUENOS AIRES &#8211;\u00a0 \u00a0<\/strong>En un tr\u00e1gico suceso ocurrido en la ruta 3, cerca de Cascallares, en el partido de Tres Arroyos, lamentablemente perdieron la vida dos j\u00f3venes: Alejo Mignaga, de 20 a\u00f1os, y Bautista Sampedro, de 21.<\/p>\n<blockquote>\n<h3>El incidente involucr\u00f3 a un autom\u00f3vil, una camioneta y un cami\u00f3n. En el autom\u00f3vil Ford Focus viajaban cuatro ocupantes, todos naturales de Tres Arroyos. Adem\u00e1s de los fallecidos, dos j\u00f3venes resultaron heridos.<\/h3>\n<\/blockquote>\n<p>El cami\u00f3n, conducido por un hombre de Mar del Plata, afortunadamente no sufri\u00f3 da\u00f1os personales.<\/p>\n<blockquote>\n<h3>En cuanto a la camioneta Kangoo, llevaba a una pareja de Neuqu\u00e9n que fue trasladada al hospital tras el accidente.<\/h3>\n<\/blockquote>\n<p>Las primeras investigaciones sugieren que el choque pudo haber sido resultado de un intento de sobrepaso, con uno de los veh\u00edculos impactando frontalmente contra el otro que circulaba en direcci\u00f3n contraria.<\/p>\n<p>La Polic\u00eda Vial, liderada por el Subcomisario Mario Pio, junto con la Secretar\u00eda Fiscal de la UFI 16, est\u00e1n trabajando en el caso para esclarecer lo sucedido.<\/p>\n","protected":false},"excerpt":{"rendered":"<div class=\"mh-excerpt\"><p>Hubo cuatro heridos. Dos que iban en el mismo que los que fallecieron y un matrimonio de Neuqu\u00e9n que iba en una camioneta. 24 de marzo de 2024 BUENOS AIRES &#8211;\u00a0 \u00a0En un tr\u00e1gico suceso <a class=\"mh-excerpt-more\" href=\"https:\/\/larevistadigital.com.ar\/blog\/ruta-3-triple-choque-con-dos-jovenes-muertos-a-la-altura-de-tres-arroyos\/\" title=\"RUTA 3: TRIPLE CHOQUE CON DOS JOVENES MUERTOS A LA ALTURA DE TRES ARROYOS\">[Leer M\u00e1s]<\/a><\/p>\n<\/div>","protected":false},"author":3,"featured_media":35712,"comment_status":"open","ping_status":"open","sticky":false,"template":"","format":"standard","meta":{"_jetpack_memberships_contains_paid_content":false,"footnotes":"","jetpack_publicize_message":"","jetpack_publicize_feature_enabled":true,"jetpack_social_post_already_shared":true,"jetpack_social_options":{"image_generator_settings":{"template":"highway","default_image_id":0,"font":"","enabled":false},"version":2}},"categories":[44,51],"tags":[],"class_list":{"0":"post-35711","1":"post","2":"type-post","3":"status-publish","4":"format-standard","5":"has-post-thumbnail","7":"category-policiales","8":"category-regionales"},"jetpack_publicize_connections":[],"jetpack_featured_media_url":"https:\/\/i0.wp.com\/larevistadigital.com.ar\/blog\/wp-content\/uploads\/Captura-de-pantalla-2024-03-24-232309.png?fit=1092%2C521&ssl=1","jetpack_sharing_enabled":true,"jetpack_shortlink":"https:\/\/wp.me\/p8qtrQ-9hZ","jetpack-related-posts":[{"id":29159,"url":"https:\/\/larevistadigital.com.ar\/blog\/mueren-tres-personas-en-un-choque-entre-un-auto-y-una-camioneta\/","url_meta":{"origin":35711,"position":0},"title":"MUEREN TRES PERSONAS EN UN CHOQUE ENTRE UN AUTO Y UNA CAMIONETA","author":"Alejandro Sosa Ruda","date":"29 noviembre, 2022","format":false,"excerpt":"Sucedi\u00f3 en la ruta provincial 72, entre las localidades de Oriente y Copetonas. Dos de los fallecidos ten\u00edan 16 a\u00f1os y el otro, 42. El choque ocurri\u00f3 el domingo a la ma\u00f1ana. El fiscal Gabriel Lopazo, de Tres Arroyos, solicit\u00f3 demorar al conductor de la camioneta en la causa caratulada\u2026","rel":"","context":"En \u00abPOLICIALES\u00bb","block_context":{"text":"POLICIALES","link":"https:\/\/larevistadigital.com.ar\/blog\/category\/policiales\/"},"img":{"alt_text":"","src":"https:\/\/i0.wp.com\/larevistadigital.com.ar\/blog\/wp-content\/uploads\/20221128174603_3a.jpg?fit=880%2C512&ssl=1&resize=350%2C200","width":350,"height":200,"srcset":"https:\/\/i0.wp.com\/larevistadigital.com.ar\/blog\/wp-content\/uploads\/20221128174603_3a.jpg?fit=880%2C512&ssl=1&resize=350%2C200 1x, https:\/\/i0.wp.com\/larevistadigital.com.ar\/blog\/wp-content\/uploads\/20221128174603_3a.jpg?fit=880%2C512&ssl=1&resize=525%2C300 1.5x, https:\/\/i0.wp.com\/larevistadigital.com.ar\/blog\/wp-content\/uploads\/20221128174603_3a.jpg?fit=880%2C512&ssl=1&resize=700%2C400 2x"},"classes":[]},{"id":19141,"url":"https:\/\/larevistadigital.com.ar\/blog\/ruta-2-accidente-a-la-altura-de-castelli-con-cinco-heridos\/","url_meta":{"origin":35711,"position":1},"title":"RUTA 2: ACCIDENTE A LA ALTURA DE CASTELLI CON CINCO HERIDOS","author":"Alejandro Sosa Ruda","date":"2 marzo, 2021","format":false,"excerpt":"El choque fue protagonizado por un cami\u00f3n y una camioneta. Los servicios de emergencia debieron asistir a los ocupantes de los veh\u00edculos. Un total de cinco personas resultaron heridas como consecuencia de un accidente de tr\u00e1nsito ocurrido en el kil\u00f3metro 193 de la Ruta 2, en jurisdicci\u00f3n del partido de\u2026","rel":"","context":"En \u00abINTERES GENERAL\u00bb","block_context":{"text":"INTERES GENERAL","link":"https:\/\/larevistadigital.com.ar\/blog\/category\/interes-general\/"},"img":{"alt_text":"","src":"https:\/\/i0.wp.com\/larevistadigital.com.ar\/blog\/wp-content\/uploads\/baddb3d915a1a844eab9dab86c67cb371d190bb7.jpg?fit=1140%2C699&ssl=1&resize=350%2C200","width":350,"height":200,"srcset":"https:\/\/i0.wp.com\/larevistadigital.com.ar\/blog\/wp-content\/uploads\/baddb3d915a1a844eab9dab86c67cb371d190bb7.jpg?fit=1140%2C699&ssl=1&resize=350%2C200 1x, https:\/\/i0.wp.com\/larevistadigital.com.ar\/blog\/wp-content\/uploads\/baddb3d915a1a844eab9dab86c67cb371d190bb7.jpg?fit=1140%2C699&ssl=1&resize=525%2C300 1.5x, https:\/\/i0.wp.com\/larevistadigital.com.ar\/blog\/wp-content\/uploads\/baddb3d915a1a844eab9dab86c67cb371d190bb7.jpg?fit=1140%2C699&ssl=1&resize=700%2C400 2x, https:\/\/i0.wp.com\/larevistadigital.com.ar\/blog\/wp-content\/uploads\/baddb3d915a1a844eab9dab86c67cb371d190bb7.jpg?fit=1140%2C699&ssl=1&resize=1050%2C600 3x"},"classes":[]},{"id":34657,"url":"https:\/\/larevistadigital.com.ar\/blog\/ruta-3-mueren-dos-jovenes-al-chocar-con-un-camion-que-se-cruzo-de-carril\/","url_meta":{"origin":35711,"position":2},"title":"RUTA 3: MUEREN DOS JOVENES AL CHOCAR CON UN CAMI\u00d3N QUE SE CRUZ\u00d3 DE CARRIL","author":"Alejandro Sosa Ruda","date":"27 noviembre, 2023","format":false,"excerpt":"El impacto frontal entre ambos veh\u00edculos, se cobr\u00f3 la vida de Nahuel Fernando Vega y Pablo S\u00e1nchez. Por su parte, Braian Leonel Fleitas, sufri\u00f3 lesiones de gravedad y fue trasladado en estado cr\u00edtico al Hospital Municipal \"Dr. \u00c1ngel Pintos\" de Azul. 27 de Noviembre de 2023 AZUL -\u00a0\u00a0El fatal hecho\u2026","rel":"","context":"En \u00abPOLICIALES\u00bb","block_context":{"text":"POLICIALES","link":"https:\/\/larevistadigital.com.ar\/blog\/category\/policiales\/"},"img":{"alt_text":"","src":"https:\/\/i0.wp.com\/larevistadigital.com.ar\/blog\/wp-content\/uploads\/20231127155859_choque.jpg?fit=880%2C512&ssl=1&resize=350%2C200","width":350,"height":200,"srcset":"https:\/\/i0.wp.com\/larevistadigital.com.ar\/blog\/wp-content\/uploads\/20231127155859_choque.jpg?fit=880%2C512&ssl=1&resize=350%2C200 1x, https:\/\/i0.wp.com\/larevistadigital.com.ar\/blog\/wp-content\/uploads\/20231127155859_choque.jpg?fit=880%2C512&ssl=1&resize=525%2C300 1.5x, https:\/\/i0.wp.com\/larevistadigital.com.ar\/blog\/wp-content\/uploads\/20231127155859_choque.jpg?fit=880%2C512&ssl=1&resize=700%2C400 2x"},"classes":[]},{"id":23001,"url":"https:\/\/larevistadigital.com.ar\/blog\/terrible-choque-en-tres-arroyos-un-patrullero-destruido-y-6-heridos\/","url_meta":{"origin":35711,"position":3},"title":"TERRIBLE CHOQUE EN TRES ARROYOS: UN PATRULLERO DESTRUIDO Y 6 HERIDOS","author":"Alejandro Sosa Ruda","date":"24 diciembre, 2021","format":false,"excerpt":"El hecho se produjo alrededor de las 2am de este jueves, cuando el patrullero, impact\u00f3 contra el lateral de la Chery. La violencia del choque gener\u00f3 que el rodado policial impacte contra un \u00e1rbol y quede destruido. TRES ARROYOS -\u00a0 Un impactante accidente se produjo esta madrugada en pleno centro\u2026","rel":"","context":"En \u00abPOLICIALES\u00bb","block_context":{"text":"POLICIALES","link":"https:\/\/larevistadigital.com.ar\/blog\/category\/policiales\/"},"img":{"alt_text":"","src":"https:\/\/i0.wp.com\/larevistadigital.com.ar\/blog\/wp-content\/uploads\/20211223170033_patruuuuiu.jpg?fit=880%2C512&ssl=1&resize=350%2C200","width":350,"height":200,"srcset":"https:\/\/i0.wp.com\/larevistadigital.com.ar\/blog\/wp-content\/uploads\/20211223170033_patruuuuiu.jpg?fit=880%2C512&ssl=1&resize=350%2C200 1x, https:\/\/i0.wp.com\/larevistadigital.com.ar\/blog\/wp-content\/uploads\/20211223170033_patruuuuiu.jpg?fit=880%2C512&ssl=1&resize=525%2C300 1.5x, https:\/\/i0.wp.com\/larevistadigital.com.ar\/blog\/wp-content\/uploads\/20211223170033_patruuuuiu.jpg?fit=880%2C512&ssl=1&resize=700%2C400 2x"},"classes":[]},{"id":21975,"url":"https:\/\/larevistadigital.com.ar\/blog\/terrible-accidente-en-chascomus-murio-un-bebe-de-4-meses-y-hay-heridos\/","url_meta":{"origin":35711,"position":4},"title":"TERRIBLE ACCIDENTE EN CHASCOM\u00daS: MURI\u00d3 UN BEB\u00c9 DE 4 MESES Y HAY  HERIDOS","author":"Alejandro Sosa Ruda","date":"15 septiembre, 2021","format":false,"excerpt":"Ocurri\u00f3 esta madrugada. Estuvieron involucrados tres veh\u00edculos: un mini bus, una camioneta y un cami\u00f3n. CHASCOM\u00daS - Un beb\u00e9 de cuatro meses muri\u00f3 y seis personas resultaron heridas este mi\u00e9rcoles a la madrugada en un choque m\u00faltiple entre tres veh\u00edculos, que volcaron sobre la calzada y la banquina, en la\u2026","rel":"","context":"En \u00abDESTACADAS\u00bb","block_context":{"text":"DESTACADAS","link":"https:\/\/larevistadigital.com.ar\/blog\/category\/destacadas\/"},"img":{"alt_text":"","src":"https:\/\/i0.wp.com\/larevistadigital.com.ar\/blog\/wp-content\/uploads\/choque.png?fit=1200%2C587&ssl=1&resize=350%2C200","width":350,"height":200,"srcset":"https:\/\/i0.wp.com\/larevistadigital.com.ar\/blog\/wp-content\/uploads\/choque.png?fit=1200%2C587&ssl=1&resize=350%2C200 1x, https:\/\/i0.wp.com\/larevistadigital.com.ar\/blog\/wp-content\/uploads\/choque.png?fit=1200%2C587&ssl=1&resize=525%2C300 1.5x, https:\/\/i0.wp.com\/larevistadigital.com.ar\/blog\/wp-content\/uploads\/choque.png?fit=1200%2C587&ssl=1&resize=700%2C400 2x, https:\/\/i0.wp.com\/larevistadigital.com.ar\/blog\/wp-content\/uploads\/choque.png?fit=1200%2C587&ssl=1&resize=1050%2C600 3x"},"classes":[]},{"id":23534,"url":"https:\/\/larevistadigital.com.ar\/blog\/chascomus-ruta-2-cinco-heridos-en-un-accidente\/","url_meta":{"origin":35711,"position":5},"title":"CHASCOM\u00daS, RUTA 2: CINCO HERIDOS EN UN ACCIDENTE","author":"Alejandro Sosa Ruda","date":"24 enero, 2022","format":false,"excerpt":"CHASCOM\u00daS -\u00a0 Hace algunas horas, se produjo un fuerte accidente de tr\u00e1nsito a la altura del kil\u00f3metro 117, de la Ruta 2, en jurisdicci\u00f3n de Chascom\u00fas, sobre el carril sentido a la Costa Atl\u00e1ntica. A\u00fan se desconocen los motivos por los cuales un autom\u00f3vil Renault Logan, choc\u00f3 en la parte\u2026","rel":"","context":"En \u00abINTERES GENERAL\u00bb","block_context":{"text":"INTERES GENERAL","link":"https:\/\/larevistadigital.com.ar\/blog\/category\/interes-general\/"},"img":{"alt_text":"","src":"https:\/\/i0.wp.com\/larevistadigital.com.ar\/blog\/wp-content\/uploads\/WhatsApp-Image-2022-01-23-at-23.16.14-737x415-1.jpeg?fit=737%2C415&ssl=1&resize=350%2C200","width":350,"height":200,"srcset":"https:\/\/i0.wp.com\/larevistadigital.com.ar\/blog\/wp-content\/uploads\/WhatsApp-Image-2022-01-23-at-23.16.14-737x415-1.jpeg?fit=737%2C415&ssl=1&resize=350%2C200 1x, https:\/\/i0.wp.com\/larevistadigital.com.ar\/blog\/wp-content\/uploads\/WhatsApp-Image-2022-01-23-at-23.16.14-737x415-1.jpeg?fit=737%2C415&ssl=1&resize=525%2C300 1.5x, https:\/\/i0.wp.com\/larevistadigital.com.ar\/blog\/wp-content\/uploads\/WhatsApp-Image-2022-01-23-at-23.16.14-737x415-1.jpeg?fit=737%2C415&ssl=1&resize=700%2C400 2x"},"classes":[]}],"_links":{"self":[{"href":"https:\/\/larevistadigital.com.ar\/blog\/wp-json\/wp\/v2\/posts\/35711","targetHints":{"allow":["GET"]}}],"collection":[{"href":"https:\/\/larevistadigital.com.ar\/blog\/wp-json\/wp\/v2\/posts"}],"about":[{"href":"https:\/\/larevistadigital.com.ar\/blog\/wp-json\/wp\/v2\/types\/post"}],"author":[{"embeddable":true,"href":"https:\/\/larevistadigital.com.ar\/blog\/wp-json\/wp\/v2\/users\/3"}],"replies":[{"embeddable":true,"href":"https:\/\/larevistadigital.com.ar\/blog\/wp-json\/wp\/v2\/comments?post=35711"}],"version-history":[{"count":1,"href":"https:\/\/larevistadigital.com.ar\/blog\/wp-json\/wp\/v2\/posts\/35711\/revisions"}],"predecessor-version":[{"id":35713,"href":"https:\/\/larevistadigital.com.ar\/blog\/wp-json\/wp\/v2\/posts\/35711\/revisions\/35713"}],"wp:featuredmedia":[{"embeddable":true,"href":"https:\/\/larevistadigital.com.ar\/blog\/wp-json\/wp\/v2\/media\/35712"}],"wp:attachment":[{"href":"https:\/\/larevistadigital.com.ar\/blog\/wp-json\/wp\/v2\/media?parent=35711"}],"wp:term":[{"taxonomy":"category","embeddable":true,"href":"https:\/\/larevistadigital.com.ar\/blog\/wp-json\/wp\/v2\/categories?post=35711"},{"taxonomy":"post_tag","embeddable":true,"href":"https:\/\/larevistadigital.com.ar\/blog\/wp-json\/wp\/v2\/tags?post=35711"}],"curies":[{"name":"wp","href":"https:\/\/api.w.org\/{rel}","templated":true}]}}