{"id":35721,"date":"2024-03-27T08:33:26","date_gmt":"2024-03-27T11:33:26","guid":{"rendered":"https:\/\/larevistadigital.com.ar\/blog\/?p=35721"},"modified":"2024-03-27T08:33:26","modified_gmt":"2024-03-27T11:33:26","slug":"chascomus-participo-de-la-asamblea-del-consejo-provincial-de-turismo","status":"publish","type":"post","link":"https:\/\/larevistadigital.com.ar\/blog\/chascomus-participo-de-la-asamblea-del-consejo-provincial-de-turismo\/","title":{"rendered":"CHASCOM\u00daS PARTICIP\u00d3 DE LA ASAMBLEA DEL CONSEJO PROVINCIAL DE TURISMO"},"content":{"rendered":"<h2>El secretario de Desarrollo Tur\u00edstico, Productivo y Cultural, Pablo N\u00e1poli, y la directora de Turismo, Soledad Marconi tomaron parte de la 26\u00b0 asamblea ordinaria del CoProTur.<\/h2>\n<p>27 de marzo de 2024<\/p>\n<p><strong>CHASCOM\u00daS &#8211;\u00a0<\/strong> El ministro de Producci\u00f3n, Ciencia e Innovaci\u00f3n Tecnol\u00f3gica de la provincia de Buenos Aires, Augusto Costa, encabez\u00f3 el encuentro realizado en La Plata, junto al intendente local, <strong>Julio Alak<\/strong>, y la subsecretaria de Turismo bonaerense,<strong> Soledad Mart\u00ednez<\/strong>.<\/p>\n<blockquote>\n<h3>En la asamblea se realiz\u00f3 un balance de la temporada 2023\/24 remarcando la baja del consumo, que tuvo una ca\u00edda interanual del 41%, por lo que se analizaron estrategias a nivel regional que permitan impulsar el sector.<\/h3>\n<\/blockquote>\n<p><em><strong>\u201cFue una jornada de intercambio para propiciar el encuentro entre directores y responsables de nuevas gestiones en distintos municipios y, al mismo tiempo, un espacio de diagn\u00f3stico de la situaci\u00f3n actual del sector en la provincia\u201d<\/strong><\/em>, indic\u00f3 <strong>Pablo N\u00e1poli<\/strong>.<\/p>\n<blockquote>\n<h3>Las conclusiones del encuentro se cristalizaron en el documento titulado <em><strong>\u201cPreocupaci\u00f3n ante la situaci\u00f3n del turismo en la provincia de Buenos Aires\u201d<\/strong><\/em> que habla del plan de ajuste del Gobierno Nacional y la falta de pol\u00edticas espec\u00edficas para el turismo.<\/h3>\n<\/blockquote>\n<p>All\u00ed se expresan que, desde la salida de la pandemia, las cifras del turismo en la provincia mejoraron a\u00f1o a a\u00f1o pero que, en 2024, se desplomaron indicadores como ocupaci\u00f3n hotelera, gasto tur\u00edstico o duraci\u00f3n de las estad\u00edas.<\/p>\n<p>La asamblea tambi\u00e9n cont\u00f3 con la presencia del director del Estadio \u00danico \u201cDiego Armando Maradona\u201d, <strong>Cristian Cardozo<\/strong>; del intendente de Luj\u00e1n, <strong>Leonardo Botto<\/strong>; junto a <strong>Gustavo Hani<\/strong>, de la C\u00e1mara Argentina de Turismo (CAT); <strong>Roberto Rodr\u00edguez<\/strong>, de la C\u00e1mara de Turismo de la Provincia de Buenos Aires (CATURBA) y representantes del Banco Provincia, del Colegio de Profesionales en Turismo de la Provincia, de \u00e1mbitos universitarios y de la Asociaci\u00f3n de Hoteles de Turismo de la Rep\u00fablica Argentina (AHT).<\/p>\n","protected":false},"excerpt":{"rendered":"<div class=\"mh-excerpt\"><p>El secretario de Desarrollo Tur\u00edstico, Productivo y Cultural, Pablo N\u00e1poli, y la directora de Turismo, Soledad Marconi tomaron parte de la 26\u00b0 asamblea ordinaria del CoProTur. 27 de marzo de 2024 CHASCOM\u00daS &#8211;\u00a0 El ministro <a class=\"mh-excerpt-more\" href=\"https:\/\/larevistadigital.com.ar\/blog\/chascomus-participo-de-la-asamblea-del-consejo-provincial-de-turismo\/\" title=\"CHASCOM\u00daS PARTICIP\u00d3 DE LA ASAMBLEA DEL CONSEJO PROVINCIAL DE TURISMO\">[Leer M\u00e1s]<\/a><\/p>\n<\/div>","protected":false},"author":3,"featured_media":35722,"comment_status":"open","ping_status":"open","sticky":false,"template":"","format":"standard","meta":{"_jetpack_memberships_contains_paid_content":false,"footnotes":"","jetpack_publicize_message":"","jetpack_publicize_feature_enabled":true,"jetpack_social_post_already_shared":true,"jetpack_social_options":{"image_generator_settings":{"template":"highway","default_image_id":0,"font":"","enabled":false},"version":2}},"categories":[6],"tags":[],"class_list":{"0":"post-35721","1":"post","2":"type-post","3":"status-publish","4":"format-standard","5":"has-post-thumbnail","7":"category-chascomus"},"jetpack_publicize_connections":[],"jetpack_featured_media_url":"https:\/\/i0.wp.com\/larevistadigital.com.ar\/blog\/wp-content\/uploads\/2024_03_27_01_42_21_9616916.jpeg?fit=600%2C800&ssl=1","jetpack_sharing_enabled":true,"jetpack_shortlink":"https:\/\/wp.me\/p8qtrQ-9i9","jetpack-related-posts":[{"id":41814,"url":"https:\/\/larevistadigital.com.ar\/blog\/el-gobernador-kicillof-encabezara-en-chascomus-la-asamblea-del-consejo-provincial-de-turismo\/","url_meta":{"origin":35721,"position":0},"title":"El gobernador Kicillof encabezar\u00e1 en Chascom\u00fas la asamblea del Consejo Provincial de Turismo","author":"Alejandro Sosa Ruda","date":"8 octubre, 2025","format":false,"excerpt":"Representantes del sector se reunir\u00e1n para debatir pol\u00edticas y estrategias de desarrollo tur\u00edstico en la provincia. 08 de Octubre de 2025 CHASCOM\u00daS -\u00a0 \u00a0El pr\u00f3ximo lunes 13, el gobernador Axel Kicillof visitar\u00e1 Chascom\u00fas para encabezar una nueva asamblea del Consejo Provincial de Turismo (CoProTur), un espacio de intercambio que re\u00fane\u2026","rel":"","context":"En \u00abREGIONALES\u00bb","block_context":{"text":"REGIONALES","link":"https:\/\/larevistadigital.com.ar\/blog\/category\/regionales\/"},"img":{"alt_text":"","src":"https:\/\/i0.wp.com\/larevistadigital.com.ar\/blog\/wp-content\/uploads\/68e6a1127f601.png?fit=668%2C445&ssl=1&resize=350%2C200","width":350,"height":200,"srcset":"https:\/\/i0.wp.com\/larevistadigital.com.ar\/blog\/wp-content\/uploads\/68e6a1127f601.png?fit=668%2C445&ssl=1&resize=350%2C200 1x, https:\/\/i0.wp.com\/larevistadigital.com.ar\/blog\/wp-content\/uploads\/68e6a1127f601.png?fit=668%2C445&ssl=1&resize=525%2C300 1.5x"},"classes":[]},{"id":41928,"url":"https:\/\/larevistadigital.com.ar\/blog\/chascomus-fue-sede-de-la-31-asamblea-del-consejo-provincial-de-turismo\/","url_meta":{"origin":35721,"position":1},"title":"Chascom\u00fas fue sede de la 31\u00b0 Asamblea del Consejo Provincial de Turismo","author":"Alejandro Sosa Ruda","date":"13 octubre, 2025","format":false,"excerpt":"El encuentro se realiz\u00f3 en el Club de Regatas y cont\u00f3 con la participaci\u00f3n del intendente Javier Gast\u00f3n, funcionarios provinciales y representantes del sector. 13 de Octubre de 2025 Chascom\u00fas .- BUENOS AIRES\u00a0 -\u00a0 \u00a0 El gobernador Axel Kicillof encabez\u00f3 este viernes en Chascom\u00fas la 31\u00b0 Asamblea Ordinaria del Consejo\u2026","rel":"","context":"En \u00abDESTACADAS\u00bb","block_context":{"text":"DESTACADAS","link":"https:\/\/larevistadigital.com.ar\/blog\/category\/destacadas\/"},"img":{"alt_text":"","src":"https:\/\/i0.wp.com\/larevistadigital.com.ar\/blog\/wp-content\/uploads\/68ed7bfddb9d1.png?fit=668%2C445&ssl=1&resize=350%2C200","width":350,"height":200,"srcset":"https:\/\/i0.wp.com\/larevistadigital.com.ar\/blog\/wp-content\/uploads\/68ed7bfddb9d1.png?fit=668%2C445&ssl=1&resize=350%2C200 1x, https:\/\/i0.wp.com\/larevistadigital.com.ar\/blog\/wp-content\/uploads\/68ed7bfddb9d1.png?fit=668%2C445&ssl=1&resize=525%2C300 1.5x"},"classes":[]},{"id":37253,"url":"https:\/\/larevistadigital.com.ar\/blog\/chascomus-en-el-coprotur\/","url_meta":{"origin":35721,"position":2},"title":"Chascom\u00fas en el CoProTur","author":"Alejandro Sosa Ruda","date":"19 septiembre, 2024","format":false,"excerpt":"Se realiz\u00f3 en Villa Gesell la tercera Asamblea del a\u00f1o organizada por el Ministerio de Producci\u00f3n, Ciencia e Innovaci\u00f3n Tecnol\u00f3gica de la Provincia de Buenos Aires 19 de Septiembre de 2024 Con la presencia de la subsecretaria de Desarrollo Tur\u00edstico y Productivo, Jimena Arano, y de los siete polos tur\u00edsticos\u2026","rel":"","context":"En \u00abSin categor\u00eda\u00bb","block_context":{"text":"Sin categor\u00eda","link":"https:\/\/larevistadigital.com.ar\/blog\/category\/sin-categoria\/"},"img":{"alt_text":"","src":"https:\/\/i0.wp.com\/larevistadigital.com.ar\/blog\/wp-content\/uploads\/66eb0bedc6050.png?fit=668%2C445&ssl=1&resize=350%2C200","width":350,"height":200,"srcset":"https:\/\/i0.wp.com\/larevistadigital.com.ar\/blog\/wp-content\/uploads\/66eb0bedc6050.png?fit=668%2C445&ssl=1&resize=350%2C200 1x, https:\/\/i0.wp.com\/larevistadigital.com.ar\/blog\/wp-content\/uploads\/66eb0bedc6050.png?fit=668%2C445&ssl=1&resize=525%2C300 1.5x"},"classes":[]},{"id":34000,"url":"https:\/\/larevistadigital.com.ar\/blog\/chascomus-asamblea-en-la-escuela-501\/","url_meta":{"origin":35721,"position":3},"title":"CHASCOM\u00daS: ASAMBLEA EN LA ESCUELA 501","author":"Alejandro Sosa Ruda","date":"12 octubre, 2023","format":false,"excerpt":"Se realizar\u00e1 el pr\u00f3ximo 20 de otubre . 12 de Octubre de 2023 CHASCOM\u00daS -\u00a0 La Comisi\u00f3n Directiva de la Asociaci\u00f3n Cooperadora de la Escuela Especial 501. tiene el agrado de invitarlos a la Asamblea General Ordinaria, que se realizar\u00e1 el viernes 20 de octubre de 2023 a las 16:30\u2026","rel":"","context":"En \u00abCHASCOM\u00daS\u00bb","block_context":{"text":"CHASCOM\u00daS","link":"https:\/\/larevistadigital.com.ar\/blog\/category\/chascomus\/"},"img":{"alt_text":"","src":"https:\/\/i0.wp.com\/larevistadigital.com.ar\/blog\/wp-content\/uploads\/WhatsApp-Image-2023-10-10-at-13.11.51.jpeg?fit=537%2C325&ssl=1&resize=350%2C200","width":350,"height":200,"srcset":"https:\/\/i0.wp.com\/larevistadigital.com.ar\/blog\/wp-content\/uploads\/WhatsApp-Image-2023-10-10-at-13.11.51.jpeg?fit=537%2C325&ssl=1&resize=350%2C200 1x, https:\/\/i0.wp.com\/larevistadigital.com.ar\/blog\/wp-content\/uploads\/WhatsApp-Image-2023-10-10-at-13.11.51.jpeg?fit=537%2C325&ssl=1&resize=525%2C300 1.5x"},"classes":[]},{"id":34020,"url":"https:\/\/larevistadigital.com.ar\/blog\/chascomus-turismo-social-de-pami-para-adultos-mayores\/","url_meta":{"origin":35721,"position":4},"title":"CHASCOM\u00daS: TURISMO SOCIAL DE PAMI PARA ADULTOS MAYORES","author":"Alejandro Sosa Ruda","date":"15 octubre, 2023","format":false,"excerpt":"15 de Octubre de 2023 CHASCOM\u00daS -\u00a0 As\u00ed, d\u00edas atr\u00e1s sali\u00f3 el micro al Parque de la Costa, con los afiliados que ganaron su viaje en el encuentro en el Museo del d\u00eda 29, festejo del D\u00eda de las Personas Mayores. Fueron a despedirlos con @javierchapagaston, y en su viaje,\u2026","rel":"","context":"En \u00abSin categor\u00eda\u00bb","block_context":{"text":"Sin categor\u00eda","link":"https:\/\/larevistadigital.com.ar\/blog\/category\/sin-categoria\/"},"img":{"alt_text":"","src":"https:\/\/i0.wp.com\/larevistadigital.com.ar\/blog\/wp-content\/uploads\/387092444_10229465218047150_4506802908154958378_n.jpg?fit=902%2C1128&ssl=1&resize=350%2C200","width":350,"height":200,"srcset":"https:\/\/i0.wp.com\/larevistadigital.com.ar\/blog\/wp-content\/uploads\/387092444_10229465218047150_4506802908154958378_n.jpg?fit=902%2C1128&ssl=1&resize=350%2C200 1x, https:\/\/i0.wp.com\/larevistadigital.com.ar\/blog\/wp-content\/uploads\/387092444_10229465218047150_4506802908154958378_n.jpg?fit=902%2C1128&ssl=1&resize=525%2C300 1.5x, https:\/\/i0.wp.com\/larevistadigital.com.ar\/blog\/wp-content\/uploads\/387092444_10229465218047150_4506802908154958378_n.jpg?fit=902%2C1128&ssl=1&resize=700%2C400 2x"},"classes":[]},{"id":40762,"url":"https:\/\/larevistadigital.com.ar\/blog\/desde-este-miercoles-chascomus-participara-en-las-rondas-de-negocios-de-meet-up-argentina\/","url_meta":{"origin":35721,"position":5},"title":"Desde este mi\u00e9rcoles Chascom\u00fas participar\u00e1 en las Rondas de Negocios de MEET UP Argentina","author":"Alejandro Sosa Ruda","date":"5 agosto, 2025","format":false,"excerpt":"Sin lugar a dudas es el encuentro m\u00e1s importante de la industria del Turismo de Reuniones en el pa\u00eds y nuestra ciudad ofrecer\u00e1 sus servicios. 05 de Agosto de 2025 CHASCOM\u00daS -\u00a0 \u00a0En las jornadas de este mi\u00e9rcoles 6 y jueves 7 de agosto, referentes del \u00e1rea de Turismo de\u2026","rel":"","context":"En \u00abCHASCOM\u00daS\u00bb","block_context":{"text":"CHASCOM\u00daS","link":"https:\/\/larevistadigital.com.ar\/blog\/category\/chascomus\/"},"img":{"alt_text":"","src":"https:\/\/i0.wp.com\/larevistadigital.com.ar\/blog\/wp-content\/uploads\/689233ce776d6.png?fit=668%2C445&ssl=1&resize=350%2C200","width":350,"height":200,"srcset":"https:\/\/i0.wp.com\/larevistadigital.com.ar\/blog\/wp-content\/uploads\/689233ce776d6.png?fit=668%2C445&ssl=1&resize=350%2C200 1x, https:\/\/i0.wp.com\/larevistadigital.com.ar\/blog\/wp-content\/uploads\/689233ce776d6.png?fit=668%2C445&ssl=1&resize=525%2C300 1.5x"},"classes":[]}],"_links":{"self":[{"href":"https:\/\/larevistadigital.com.ar\/blog\/wp-json\/wp\/v2\/posts\/35721","targetHints":{"allow":["GET"]}}],"collection":[{"href":"https:\/\/larevistadigital.com.ar\/blog\/wp-json\/wp\/v2\/posts"}],"about":[{"href":"https:\/\/larevistadigital.com.ar\/blog\/wp-json\/wp\/v2\/types\/post"}],"author":[{"embeddable":true,"href":"https:\/\/larevistadigital.com.ar\/blog\/wp-json\/wp\/v2\/users\/3"}],"replies":[{"embeddable":true,"href":"https:\/\/larevistadigital.com.ar\/blog\/wp-json\/wp\/v2\/comments?post=35721"}],"version-history":[{"count":1,"href":"https:\/\/larevistadigital.com.ar\/blog\/wp-json\/wp\/v2\/posts\/35721\/revisions"}],"predecessor-version":[{"id":35723,"href":"https:\/\/larevistadigital.com.ar\/blog\/wp-json\/wp\/v2\/posts\/35721\/revisions\/35723"}],"wp:featuredmedia":[{"embeddable":true,"href":"https:\/\/larevistadigital.com.ar\/blog\/wp-json\/wp\/v2\/media\/35722"}],"wp:attachment":[{"href":"https:\/\/larevistadigital.com.ar\/blog\/wp-json\/wp\/v2\/media?parent=35721"}],"wp:term":[{"taxonomy":"category","embeddable":true,"href":"https:\/\/larevistadigital.com.ar\/blog\/wp-json\/wp\/v2\/categories?post=35721"},{"taxonomy":"post_tag","embeddable":true,"href":"https:\/\/larevistadigital.com.ar\/blog\/wp-json\/wp\/v2\/tags?post=35721"}],"curies":[{"name":"wp","href":"https:\/\/api.w.org\/{rel}","templated":true}]}}