{"id":35729,"date":"2024-04-03T18:16:08","date_gmt":"2024-04-03T21:16:08","guid":{"rendered":"https:\/\/larevistadigital.com.ar\/blog\/?p=35729"},"modified":"2024-04-03T18:16:08","modified_gmt":"2024-04-03T21:16:08","slug":"chascomus-emotivo-homenaje-a-los-veteranos-de-malvinas","status":"publish","type":"post","link":"https:\/\/larevistadigital.com.ar\/blog\/chascomus-emotivo-homenaje-a-los-veteranos-de-malvinas\/","title":{"rendered":"CHASCOM\u00daS: EMOTIVO HOMENAJE A LOS VETERANOS DE MALVINAS"},"content":{"rendered":"<h2 class=\"notaIntro\">El martes se llev\u00f3 a cabo el acto oficial en conmemoraci\u00f3n del D\u00eda del Veterano de Guerra y de los Ca\u00eddos en la Guerra de Malvinas, al cumplirse el 42\u00ba aniversario del inicio de la guerra en el Atl\u00e1ntico Sur.<\/h2>\n<p>03 de marzo de 2024<\/p>\n<p><strong>CHASCOM\u00daS-<\/strong>\u00a0 \u00a0El\u00a0 intendente <strong>Javier Gast\u00f3n<\/strong> encabez\u00f3 la conmemoraci\u00f3n que se realiz\u00f3 en la plazoleta Atilio Bramuglia al pie del monumento que los recuerda.<\/p>\n<blockquote>\n<h3>La noche anterior, en el mismo lugar, se realiz\u00f3 una vigilia a la que se sumaron artistas locales y agrupaciones de danza para acompa\u00f1ar a los veteranos y excombatientes en el inicio de la fecha.<\/h3>\n<\/blockquote>\n<p>El acto central se inici\u00f3 con el izamiento del pabell\u00f3n nacional y, tras la entonaci\u00f3n del Himno Nacional Argentino ejecutado por la Banda Municipal de M\u00fasica, se realiz\u00f3 un minuto de silencio en homenaje a los h\u00e9roes de Malvinas y a quienes dieron su vida por la Patria, tras lo cual se depositaron ofrendas florales al pie del monumento en nombre de la Municipalidad de Chascom\u00fas y del Centro Vasco.<\/p>\n<blockquote>\n<h3>Veteranos y excombatientes estuvieron acompa\u00f1ados por abanderados y escoltas de escuelas, delegaciones policiales, bomberos voluntarios, colectividades e instituciones de la comunidad, autoridades municipales e instituciones de la comunidad.<\/h3>\n<\/blockquote>\n<p>En representaci\u00f3n del obispo diocesano <strong>Juan Ignacio Li\u00e9bana<\/strong>, el sacerdote <strong>Jorge C\u00f3ceres<\/strong> de la parroquia Coraz\u00f3n de Mar\u00eda brind\u00f3 una oraci\u00f3n en memoria de las almas y de su eterno descanso y deposit\u00f3 un ramo de olivo bendecido durante el Domingo de Ramos, como s\u00edmbolo de la gloria para los ca\u00eddos y homenaje a los vivos.<\/p>\n<blockquote>\n<h3>Luego, Rodolfo Pertusi se dirigi\u00f3 a los presentes en nombre de los ex combatientes, agradeciendo el acompa\u00f1amiento que reciben de la comunidad. En su mensaje record\u00f3 a cada uno de los chascomunenses que tomaron parte en la contiendad.<\/h3>\n<\/blockquote>\n<p>Por su parte, el intendente<strong> Javier Gast\u00f3n<\/strong> hizo uso de la palabra y remarc\u00f3 que <strong><em>\u00abla soberan\u00eda sobre nuestras islas no se discute. Las Malvinas fueron, son y ser\u00e1n siempre argentinas\u201d.<\/em><\/strong><\/p>\n<p><em><strong>\u201cLas personas mueren cuando se las olvida. Entonces, si recordamos a las v\u00edctimas de la guerra, esos h\u00e9roes vivir\u00e1n siempre en la memoria y en el coraz\u00f3n de nuestro pueblo. Por esto estamos hoy ac\u00e1. Por eso en cada ciudad de nuestro pa\u00eds se realiza este acto que, tal vez, sea el que m\u00e1s nos une a los argentinos. Un d\u00eda que nunca pasa desapercibido\u201d<\/strong><\/em>, dijo.<\/p>\n<p>En su mensaje, remarc\u00f3 que esta fecha <strong><em>\u201cune a todos los argentinos\u201d<\/em><\/strong> y expres\u00f3 el agradecimiento a quienes lucharon y dejaron su vida en Malvinas y a las mujeres y hombres que fueron movilizados y prestaron asistencia desde el continente a los que estaban en el archipi\u00e9lago: <strong><em>\u201cJ\u00f3venes que encarnaron el coraje, la uni\u00f3n, la solidaridad. Valores, que seguramente aprendieron en sus casas\u201d.<\/em><\/strong><\/p>\n<blockquote>\n<h3><em><strong>\u201cLos argentinos estamos viviendo momentos muy complicados. Ustedes, que vivieron la crueldad en su m\u00e1xima expresi\u00f3n, son ejemplo para que podamos sacarla de nuestras pr\u00e1cticas cotidianas, no utilizarla ni festejarla\u201d<\/strong><\/em>, consider\u00f3.<\/h3>\n<\/blockquote>\n<p>En ese sentido, agreg\u00f3 que<strong><em> \u201ctodos los d\u00edas, hay vecinos que luchan y se esfuerzan por ayudar a otros a salir adelante, que buscan siempre soluciones a los problemas y se comprometen para que esas soluciones se concreten. Tenemos que imitarlos, tenemos que potenciar esos ejemplos todo el tiempo\u201d.<\/em><\/strong><\/p>\n<p>Busquemos animarnos unos a otros. Si s\u00f3lo empujan el carro siempre los mismos en un momento se van a cansar. Y van a empezar a ser de los que digan <strong><em>\u201cac\u00e1 nadie hace nada\u201d<\/em><\/strong>. Pensar en los dem\u00e1s, trabajar para otros y con otros, hace bien, es algo que se aprende y contagia esperanza. Al contrario, sepamos lo que sucede para involucrarnos en que pasen cosas que nos hagan bien a todos. Sin odio, sin rencor, con amor y empat\u00eda por el otro.<\/p>\n<blockquote>\n<h3>Tras los mensajes, <strong>Pablo N\u00e1poli y Chino Bobadilla<\/strong> interpretaron la canci\u00f3n <em><strong>\u201cAl lado del Camino\u201d<\/strong><\/em>, de Fito P\u00e1ez, y luego alumnos de la escuela primaria N\u00ba 7 se sumaron al homenaje interpretando \u201cA un h\u00e9roe de Malvinas\u201d de Carlos Ram\u00f3n Fern\u00e1ndez y bailando danzas tradicionales.<\/h3>\n<\/blockquote>\n<p>Como cierre de la conmemoraci\u00f3n, la Banda Municipal interpret\u00f3 la Marcha de Malvinas mientras los veteranos realizaron un abrazo a la plaza con la bandera que custodian y a la que la Academia de Taekwondo Chascom\u00fas agreg\u00f3 un nuevo tramo superando los 50 metros de largo.<\/p>\n","protected":false},"excerpt":{"rendered":"<div class=\"mh-excerpt\"><p>El martes se llev\u00f3 a cabo el acto oficial en conmemoraci\u00f3n del D\u00eda del Veterano de Guerra y de los Ca\u00eddos en la Guerra de Malvinas, al cumplirse el 42\u00ba aniversario del inicio de la <a class=\"mh-excerpt-more\" href=\"https:\/\/larevistadigital.com.ar\/blog\/chascomus-emotivo-homenaje-a-los-veteranos-de-malvinas\/\" title=\"CHASCOM\u00daS: EMOTIVO HOMENAJE A LOS VETERANOS DE MALVINAS\">[Leer M\u00e1s]<\/a><\/p>\n<\/div>","protected":false},"author":3,"featured_media":35730,"comment_status":"open","ping_status":"open","sticky":false,"template":"","format":"standard","meta":{"_jetpack_memberships_contains_paid_content":false,"footnotes":"","jetpack_publicize_message":"","jetpack_publicize_feature_enabled":true,"jetpack_social_post_already_shared":true,"jetpack_social_options":{"image_generator_settings":{"template":"highway","default_image_id":0,"font":"","enabled":false},"version":2}},"categories":[6],"tags":[],"class_list":{"0":"post-35729","1":"post","2":"type-post","3":"status-publish","4":"format-standard","5":"has-post-thumbnail","7":"category-chascomus"},"jetpack_publicize_connections":[],"jetpack_featured_media_url":"https:\/\/i0.wp.com\/larevistadigital.com.ar\/blog\/wp-content\/uploads\/2024_04_04_01_06_59_2083893.jpg?fit=600%2C401&ssl=1","jetpack_sharing_enabled":true,"jetpack_shortlink":"https:\/\/wp.me\/p8qtrQ-9ih","jetpack-related-posts":[{"id":39231,"url":"https:\/\/larevistadigital.com.ar\/blog\/este-miercoles-se-realizara-el-acto-en-homenaje-a-los-veteranos-y-caidos-en-malvinas\/","url_meta":{"origin":35729,"position":0},"title":"Este mi\u00e9rcoles se realizar\u00e1 el acto en homenaje a los Veteranos y Ca\u00eddos en Malvinas","author":"Alejandro Sosa Ruda","date":"31 marzo, 2025","format":false,"excerpt":"En la jornada de este 2 de abril, habr\u00e1 de renovarse el homenaje a los Veteranos y los Ca\u00eddos en la Guerra de Malvinas, en su d\u00eda 31 de Marzo de 2025 CHASCOM\u00daS -\u00a0 El acto oficial por el \u201cD\u00eda del Veterano y Ca\u00eddos en la Guerra de Malvinas\u201d, encabezado\u2026","rel":"","context":"En \u00abCHASCOM\u00daS\u00bb","block_context":{"text":"CHASCOM\u00daS","link":"https:\/\/larevistadigital.com.ar\/blog\/category\/chascomus\/"},"img":{"alt_text":"","src":"https:\/\/i0.wp.com\/larevistadigital.com.ar\/blog\/wp-content\/uploads\/67ead6202ef88.png?fit=668%2C445&ssl=1&resize=350%2C200","width":350,"height":200,"srcset":"https:\/\/i0.wp.com\/larevistadigital.com.ar\/blog\/wp-content\/uploads\/67ead6202ef88.png?fit=668%2C445&ssl=1&resize=350%2C200 1x, https:\/\/i0.wp.com\/larevistadigital.com.ar\/blog\/wp-content\/uploads\/67ead6202ef88.png?fit=668%2C445&ssl=1&resize=525%2C300 1.5x"},"classes":[]},{"id":44848,"url":"https:\/\/larevistadigital.com.ar\/blog\/chascomus-vigilia-y-acto-oficial-por-el-dia-del-veterano-y-de-los-caidos-de-la-guerra-de-malvinas\/","url_meta":{"origin":35729,"position":1},"title":"Chascom\u00fas: Vigilia y Acto Oficial por el D\u00eda del Veterano y de los Ca\u00eddos de la Guerra de Malvinas","author":"Alejandro Sosa Ruda","date":"31 marzo, 2026","format":false,"excerpt":"La ceremonia oficial se realizar\u00e1 el jueves 2 de abril, desde las 11 horas, en la Plazoleta Atilio Bramuglia. Previamente, este mi\u00e9rcoles 1\u00b0, desde las 21 horas, se llevar\u00e1 a cabo la tradicional Vigilia. 31 de marzo de 2026 CHASCOM\u00daS -\u00a0 \u00a0La comunidad de Chascom\u00fas se prepara para rendir homenaje\u2026","rel":"","context":"En \u00abCHASCOM\u00daS\u00bb","block_context":{"text":"CHASCOM\u00daS","link":"https:\/\/larevistadigital.com.ar\/blog\/category\/chascomus\/"},"img":{"alt_text":"","src":"https:\/\/i0.wp.com\/larevistadigital.com.ar\/blog\/wp-content\/uploads\/69cbfe6e0e310.png?fit=668%2C445&ssl=1&resize=350%2C200","width":350,"height":200,"srcset":"https:\/\/i0.wp.com\/larevistadigital.com.ar\/blog\/wp-content\/uploads\/69cbfe6e0e310.png?fit=668%2C445&ssl=1&resize=350%2C200 1x, https:\/\/i0.wp.com\/larevistadigital.com.ar\/blog\/wp-content\/uploads\/69cbfe6e0e310.png?fit=668%2C445&ssl=1&resize=525%2C300 1.5x"},"classes":[]},{"id":23527,"url":"https:\/\/larevistadigital.com.ar\/blog\/laura-moujan-solicito-el-cambio-de-la-membreteria-oficial-pidiendo-se-destaquen-los-valores-de-los-veteranos-de-la-guerra-de-malvinas\/","url_meta":{"origin":35729,"position":2},"title":"LAURA MOUJAN SOLICIT\u00d3 EL CAMBIO DE LA MEMBRETER\u00cdA OFICIAL, PIDIENDO SE DESTAQUEN LOS VALORES DE LOS VETERANOS DE LA GUERRA DE MALVINAS","author":"Alejandro Sosa Ruda","date":"24 enero, 2022","format":false,"excerpt":"La referente de Juntos por Chascom\u00fas, pidi\u00f3 con una nota enviada desde su partido el cambio de los membretes, homenajeando a los ex combatientes, sobre todo a los nativos de Chascom\u00fas. CHASCOM\u00daS -\u00a0 La referente y ex candidata del partido Juntos por Chascom\u00fas, Mar\u00eda Laura Mouj\u00e1n, solicit\u00f3 en una nota\u2026","rel":"","context":"En \u00abDESTACADAS\u00bb","block_context":{"text":"DESTACADAS","link":"https:\/\/larevistadigital.com.ar\/blog\/category\/destacadas\/"},"img":{"alt_text":"","src":"https:\/\/i0.wp.com\/larevistadigital.com.ar\/blog\/wp-content\/uploads\/240122777_3043475312600964_7222791303099156458_n.jpg?fit=753%2C786&ssl=1&resize=350%2C200","width":350,"height":200,"srcset":"https:\/\/i0.wp.com\/larevistadigital.com.ar\/blog\/wp-content\/uploads\/240122777_3043475312600964_7222791303099156458_n.jpg?fit=753%2C786&ssl=1&resize=350%2C200 1x, https:\/\/i0.wp.com\/larevistadigital.com.ar\/blog\/wp-content\/uploads\/240122777_3043475312600964_7222791303099156458_n.jpg?fit=753%2C786&ssl=1&resize=525%2C300 1.5x, https:\/\/i0.wp.com\/larevistadigital.com.ar\/blog\/wp-content\/uploads\/240122777_3043475312600964_7222791303099156458_n.jpg?fit=753%2C786&ssl=1&resize=700%2C400 2x"},"classes":[]},{"id":23336,"url":"https:\/\/larevistadigital.com.ar\/blog\/membresia-oficial-de-chascomus-2022-ano-del-40-aniversario-del-fin-de-la-guerra-de-malvinas\/","url_meta":{"origin":35729,"position":3},"title":"MEMBRES\u00cdA OFICIAL DE CHASCOM\u00daS: \u00ab2022, A\u00d1O DEL 40\u00b0 ANIVERSARIO DEL FIN DE LA GUERRA DE MALVINAS\u00bb","author":"Alejandro Sosa Ruda","date":"13 enero, 2022","format":false,"excerpt":"CHASCOM\u00daS -\u00a0 \u00a0Por disposici\u00f3n de la Ordenanza N\u00ba 5596\/2021,sancionada el 18 de noviembre del a\u00f1o 2021, se ha establecido que en el \u00e1mbito local de la administraci\u00f3n p\u00fablica se incluya en toda la membres\u00eda oficial municipal correspondiente al a\u00f1o 2022 la leyenda \u201c2022: a\u00f1o del 40\u00ba Aniversario del fin de\u2026","rel":"","context":"En \u00abCHASCOM\u00daS\u00bb","block_context":{"text":"CHASCOM\u00daS","link":"https:\/\/larevistadigital.com.ar\/blog\/category\/chascomus\/"},"img":{"alt_text":"","src":"https:\/\/i0.wp.com\/larevistadigital.com.ar\/blog\/wp-content\/uploads\/WhatsApp-Image-2022-01-12-at-08.33.15-1.jpeg?fit=1200%2C900&ssl=1&resize=350%2C200","width":350,"height":200,"srcset":"https:\/\/i0.wp.com\/larevistadigital.com.ar\/blog\/wp-content\/uploads\/WhatsApp-Image-2022-01-12-at-08.33.15-1.jpeg?fit=1200%2C900&ssl=1&resize=350%2C200 1x, https:\/\/i0.wp.com\/larevistadigital.com.ar\/blog\/wp-content\/uploads\/WhatsApp-Image-2022-01-12-at-08.33.15-1.jpeg?fit=1200%2C900&ssl=1&resize=525%2C300 1.5x, https:\/\/i0.wp.com\/larevistadigital.com.ar\/blog\/wp-content\/uploads\/WhatsApp-Image-2022-01-12-at-08.33.15-1.jpeg?fit=1200%2C900&ssl=1&resize=700%2C400 2x, https:\/\/i0.wp.com\/larevistadigital.com.ar\/blog\/wp-content\/uploads\/WhatsApp-Image-2022-01-12-at-08.33.15-1.jpeg?fit=1200%2C900&ssl=1&resize=1050%2C600 3x"},"classes":[]},{"id":31953,"url":"https:\/\/larevistadigital.com.ar\/blog\/homenaje-de-las-penas-y-filiales-unidas-de-chascomus-a-los-veteranos-de-malvinas\/","url_meta":{"origin":35729,"position":4},"title":"HOMENAJE DE LAS \u00abPE\u00d1AS Y FILIALES UNIDAS DE CHASCOM\u00daS\u00bb A LOS VETERANOS DE MALVINAS","author":"Alejandro Sosa Ruda","date":"12 junio, 2023","format":false,"excerpt":"Las Pe\u00f1as y Filiales Unidas de Chascom\u00fas se organizaron para homenajear este mi\u00e9rcoles 14 de junio, en contexto del d\u00eda del fin del conflicto armado, a Veteranos de Guerra de Malvinas locales que estuvieron en las islas. Un total de ocho Ex Combatientes, como as\u00ed tambi\u00e9n familiares de otros tres,\u2026","rel":"","context":"En \u00abCHASCOM\u00daS\u00bb","block_context":{"text":"CHASCOM\u00daS","link":"https:\/\/larevistadigital.com.ar\/blog\/category\/chascomus\/"},"img":{"alt_text":"","src":"https:\/\/i0.wp.com\/larevistadigital.com.ar\/blog\/wp-content\/uploads\/Malvinas.jpg?fit=800%2C673&ssl=1&resize=350%2C200","width":350,"height":200,"srcset":"https:\/\/i0.wp.com\/larevistadigital.com.ar\/blog\/wp-content\/uploads\/Malvinas.jpg?fit=800%2C673&ssl=1&resize=350%2C200 1x, https:\/\/i0.wp.com\/larevistadigital.com.ar\/blog\/wp-content\/uploads\/Malvinas.jpg?fit=800%2C673&ssl=1&resize=525%2C300 1.5x, https:\/\/i0.wp.com\/larevistadigital.com.ar\/blog\/wp-content\/uploads\/Malvinas.jpg?fit=800%2C673&ssl=1&resize=700%2C400 2x"},"classes":[]},{"id":43864,"url":"https:\/\/larevistadigital.com.ar\/blog\/indignacion-en-las-toninas-robaron-las-placas-del-monumento-a-los-heroes-de-malvinas\/","url_meta":{"origin":35729,"position":5},"title":"Indignaci\u00f3n en Las Toninas: robaron las placas del Monumento a los H\u00e9roes de Malvinas","author":"Alejandro Sosa Ruda","date":"7 febrero, 2026","format":false,"excerpt":"El intendente Juan de Jes\u00fas denunci\u00f3 el hecho y lo calific\u00f3 como un grave ataque a la memoria colectiva. 07 De Febrero de 2026 LAS TONINAS\u00a0 \u00a0-\u00a0 \u00a0El robo de las placas del Monumento a los H\u00e9roes de la Guerra de Malvinas, ubicado en la Plaza Islas Malvinas de Las\u2026","rel":"","context":"En \u00abPOLICIALES\u00bb","block_context":{"text":"POLICIALES","link":"https:\/\/larevistadigital.com.ar\/blog\/category\/policiales\/"},"img":{"alt_text":"","src":"https:\/\/i0.wp.com\/larevistadigital.com.ar\/blog\/wp-content\/uploads\/a03ca28ed7e92031dd79ab0b8ad5bb1be077657a.jpeg?fit=1140%2C676&ssl=1&resize=350%2C200","width":350,"height":200,"srcset":"https:\/\/i0.wp.com\/larevistadigital.com.ar\/blog\/wp-content\/uploads\/a03ca28ed7e92031dd79ab0b8ad5bb1be077657a.jpeg?fit=1140%2C676&ssl=1&resize=350%2C200 1x, https:\/\/i0.wp.com\/larevistadigital.com.ar\/blog\/wp-content\/uploads\/a03ca28ed7e92031dd79ab0b8ad5bb1be077657a.jpeg?fit=1140%2C676&ssl=1&resize=525%2C300 1.5x, https:\/\/i0.wp.com\/larevistadigital.com.ar\/blog\/wp-content\/uploads\/a03ca28ed7e92031dd79ab0b8ad5bb1be077657a.jpeg?fit=1140%2C676&ssl=1&resize=700%2C400 2x, https:\/\/i0.wp.com\/larevistadigital.com.ar\/blog\/wp-content\/uploads\/a03ca28ed7e92031dd79ab0b8ad5bb1be077657a.jpeg?fit=1140%2C676&ssl=1&resize=1050%2C600 3x"},"classes":[]}],"_links":{"self":[{"href":"https:\/\/larevistadigital.com.ar\/blog\/wp-json\/wp\/v2\/posts\/35729","targetHints":{"allow":["GET"]}}],"collection":[{"href":"https:\/\/larevistadigital.com.ar\/blog\/wp-json\/wp\/v2\/posts"}],"about":[{"href":"https:\/\/larevistadigital.com.ar\/blog\/wp-json\/wp\/v2\/types\/post"}],"author":[{"embeddable":true,"href":"https:\/\/larevistadigital.com.ar\/blog\/wp-json\/wp\/v2\/users\/3"}],"replies":[{"embeddable":true,"href":"https:\/\/larevistadigital.com.ar\/blog\/wp-json\/wp\/v2\/comments?post=35729"}],"version-history":[{"count":1,"href":"https:\/\/larevistadigital.com.ar\/blog\/wp-json\/wp\/v2\/posts\/35729\/revisions"}],"predecessor-version":[{"id":35731,"href":"https:\/\/larevistadigital.com.ar\/blog\/wp-json\/wp\/v2\/posts\/35729\/revisions\/35731"}],"wp:featuredmedia":[{"embeddable":true,"href":"https:\/\/larevistadigital.com.ar\/blog\/wp-json\/wp\/v2\/media\/35730"}],"wp:attachment":[{"href":"https:\/\/larevistadigital.com.ar\/blog\/wp-json\/wp\/v2\/media?parent=35729"}],"wp:term":[{"taxonomy":"category","embeddable":true,"href":"https:\/\/larevistadigital.com.ar\/blog\/wp-json\/wp\/v2\/categories?post=35729"},{"taxonomy":"post_tag","embeddable":true,"href":"https:\/\/larevistadigital.com.ar\/blog\/wp-json\/wp\/v2\/tags?post=35729"}],"curies":[{"name":"wp","href":"https:\/\/api.w.org\/{rel}","templated":true}]}}