{"id":35732,"date":"2024-04-03T18:40:04","date_gmt":"2024-04-03T21:40:04","guid":{"rendered":"https:\/\/larevistadigital.com.ar\/blog\/?p=35732"},"modified":"2024-04-03T18:40:04","modified_gmt":"2024-04-03T21:40:04","slug":"chascomus-durante-abril-continuara-la-campana-de-vacunacion-antirabica","status":"publish","type":"post","link":"https:\/\/larevistadigital.com.ar\/blog\/chascomus-durante-abril-continuara-la-campana-de-vacunacion-antirabica\/","title":{"rendered":"CHASCOM\u00daS: DURANTE ABRIL CONTINUAR\u00c1 LA CAMPA\u00d1A DE VACUNACI\u00d3N ANTIR\u00c1BICA"},"content":{"rendered":"<h2 class=\"notaIntro\"><em>La vacuna debe aplicarse de manera obligatoria a animales dom\u00e9sticos, a partir de los 3 meses de vida, y debe repetirse a\u00f1o tras a\u00f1o.<\/em><\/h2>\n<p>3 de abril de 2024<\/p>\n<p class=\"notaTexto\"><strong>CHASCOM\u00daS &#8211;\u00a0<\/strong> El equipo de la Direcci\u00f3n de Bromatolog\u00eda y Zoonosis contin\u00faa recorriendo barrios para aplicar las vacunas a perros y gatos de toda la ciudad.<\/p>\n<p class=\"notaTexto\">La vacunaci\u00f3n, que se realiza de forma gratuita, es la \u00fanica forma de prevenir la rabia, enfermedad mortal transmitida a trav\u00e9s de la saliva de animales infectados.<\/p>\n<p class=\"notaTexto\">Se recomienda trasladar a las mascotas de manera segura, con collar y correa para perros y en bolso transportador o mochila con cierre para gatos.<br \/>\nEl horario ser\u00e1 de 9 a 12 y, en caso de lluvia, se suspende en el barrio que corresponda y se posterga para el final de la campa\u00f1a.<\/p>\n<h3 class=\"notaTexto\">La vacunaci\u00f3n se realizar\u00e1 de acuerdo al siguiente cronograma:<\/h3>\n<p class=\"notaTexto\"><em><strong>Jueves 4 de abril:<\/strong><\/em> 139 Viviendas (H. Yrigoyen y Las Acacias)<br \/>\n<em><strong>Lunes 8 de abril:<\/strong><\/em> Ipor\u00e1 CAPS (Sargento Cabral e I. \u00c1rabes)<br \/>\n<em><strong>Martes 9 de abril:<\/strong><\/em> Centro C\u00edvico (Bol\u00edvar y Dorrego)<br \/>\n<em><strong>Mi\u00e9rcoles 10 de abril:<\/strong><\/em> San Cayetano, Plaza de los Trabajadores (Miguel Can\u00e9 y Lynch)<br \/>\n<em><strong>Jueves 11 de abril:<\/strong><\/em> 30 de Mayo CAPS (Bulevar 5 y calle 2)<br \/>\n<strong><em>Lunes 15 de abril:<\/em> <\/strong>Villa Luj\u00e1n (Diagonal 7 de Noviembre y Juli\u00e1n Quintana)<br \/>\n<em><strong>Martes 16 de abril:<\/strong><\/em> Anah\u00ed (Belbez\u00e9 N\u00b0 1058)<br \/>\n<strong><em>Mi\u00e9rcoles 17 de abril:<\/em><\/strong> Algarrobo (Diag. 7 de Noviembre y Ameghino)<br \/>\n<em><strong>Jueves 18 de abril:<\/strong><\/em> Porte\u00f1o CAPS (Lucio mansilla y calle 3)<br \/>\n<em><strong>Lunes 22 de abril:<\/strong><\/em> La Esmeralda Plaza (Justo y Los Toldos)<br \/>\n<em><strong>Martes 23 de abril:<\/strong><\/em> Las Violetas (Polideportivo)<br \/>\n<em><strong>Mi\u00e9rcoles 24 de abril:<\/strong><\/em> Lomas Altas (Entrada 2)<br \/>\n<strong><em>Jueves 25 de abril:<\/em> <\/strong>San Nicol\u00e1s (Plaza San Nicol\u00e1s)<\/p>\n","protected":false},"excerpt":{"rendered":"<div class=\"mh-excerpt\"><p>La vacuna debe aplicarse de manera obligatoria a animales dom\u00e9sticos, a partir de los 3 meses de vida, y debe repetirse a\u00f1o tras a\u00f1o. 3 de abril de 2024 CHASCOM\u00daS &#8211;\u00a0 El equipo de la <a class=\"mh-excerpt-more\" href=\"https:\/\/larevistadigital.com.ar\/blog\/chascomus-durante-abril-continuara-la-campana-de-vacunacion-antirabica\/\" title=\"CHASCOM\u00daS: DURANTE ABRIL CONTINUAR\u00c1 LA CAMPA\u00d1A DE VACUNACI\u00d3N ANTIR\u00c1BICA\">[Leer M\u00e1s]<\/a><\/p>\n<\/div>","protected":false},"author":3,"featured_media":35733,"comment_status":"open","ping_status":"open","sticky":false,"template":"","format":"standard","meta":{"_jetpack_memberships_contains_paid_content":false,"footnotes":"","jetpack_publicize_message":"","jetpack_publicize_feature_enabled":true,"jetpack_social_post_already_shared":true,"jetpack_social_options":{"image_generator_settings":{"template":"highway","default_image_id":0,"font":"","enabled":false},"version":2}},"categories":[1],"tags":[],"class_list":{"0":"post-35732","1":"post","2":"type-post","3":"status-publish","4":"format-standard","5":"has-post-thumbnail","7":"category-sin-categoria"},"jetpack_publicize_connections":[],"jetpack_featured_media_url":"https:\/\/i0.wp.com\/larevistadigital.com.ar\/blog\/wp-content\/uploads\/2024_04_04_00_56_33_9131175.jpg?fit=600%2C401&ssl=1","jetpack_sharing_enabled":true,"jetpack_shortlink":"https:\/\/wp.me\/p8qtrQ-9ik","jetpack-related-posts":[{"id":45106,"url":"https:\/\/larevistadigital.com.ar\/blog\/campana-de-vacunacion-antirrabica-en-chascomus-mas-de-1800-mascotas-fueron-inmunizadas\/","url_meta":{"origin":35732,"position":0},"title":"Campa\u00f1a de Vacunaci\u00f3n Antirr\u00e1bica en Chascom\u00fas: M\u00e1s de 1800 mascotas fueron inmunizadas","author":"Alejandro Sosa Ruda","date":"14 abril, 2026","format":false,"excerpt":"Destinada a proteger la salud de los perros y gatos de la ciudad, la campa\u00f1a anual gratuita se desarroll\u00f3 en numerosos barrios de la ciudad. 14 de abril de 2026 CHASCOM\u00daS -\u00a0 \u00a0Concluy\u00f3 la campa\u00f1a antirr\u00e1bica que ofrece la Municipalidad de Chascom\u00fas todos los a\u00f1os de manera gratuita con el\u2026","rel":"","context":"En \u00abCHASCOM\u00daS\u00bb","block_context":{"text":"CHASCOM\u00daS","link":"https:\/\/larevistadigital.com.ar\/blog\/category\/chascomus\/"},"img":{"alt_text":"","src":"https:\/\/i0.wp.com\/larevistadigital.com.ar\/blog\/wp-content\/uploads\/69de7421c1076.png?fit=668%2C445&ssl=1&resize=350%2C200","width":350,"height":200,"srcset":"https:\/\/i0.wp.com\/larevistadigital.com.ar\/blog\/wp-content\/uploads\/69de7421c1076.png?fit=668%2C445&ssl=1&resize=350%2C200 1x, https:\/\/i0.wp.com\/larevistadigital.com.ar\/blog\/wp-content\/uploads\/69de7421c1076.png?fit=668%2C445&ssl=1&resize=525%2C300 1.5x"},"classes":[]},{"id":35531,"url":"https:\/\/larevistadigital.com.ar\/blog\/se-inicia-el-cronograma-anual-de-vacunacion-antirrabica-gratuita\/","url_meta":{"origin":35732,"position":1},"title":"SE INICIA EL CRONOGRAMA ANUAL DE VACUNACI\u00d3N ANTIRR\u00c1BICA GRATUITA","author":"Alejandro Sosa Ruda","date":"13 marzo, 2024","format":false,"excerpt":"El pr\u00f3ximo lunes se inicia el calendario de inmunizaci\u00f3n contra la rabia para animales dom\u00e9sticos que lleva adelante cada a\u00f1o la Municipalidad de Chascom\u00fas. 13 de marzo de 2024 CHASCOM\u00daS -\u00a0 Como es habitual, el equipo de la Direcci\u00f3n de Bromatolog\u00eda y Zoonosis recorre los barrios para aplicar las vacunas\u2026","rel":"","context":"En \u00abSin categor\u00eda\u00bb","block_context":{"text":"Sin categor\u00eda","link":"https:\/\/larevistadigital.com.ar\/blog\/category\/sin-categoria\/"},"img":{"alt_text":"","src":"https:\/\/i0.wp.com\/larevistadigital.com.ar\/blog\/wp-content\/uploads\/VACUNACION.jpg?fit=700%2C466&ssl=1&resize=350%2C200","width":350,"height":200,"srcset":"https:\/\/i0.wp.com\/larevistadigital.com.ar\/blog\/wp-content\/uploads\/VACUNACION.jpg?fit=700%2C466&ssl=1&resize=350%2C200 1x, https:\/\/i0.wp.com\/larevistadigital.com.ar\/blog\/wp-content\/uploads\/VACUNACION.jpg?fit=700%2C466&ssl=1&resize=525%2C300 1.5x, https:\/\/i0.wp.com\/larevistadigital.com.ar\/blog\/wp-content\/uploads\/VACUNACION.jpg?fit=700%2C466&ssl=1&resize=700%2C400 2x"},"classes":[]},{"id":35633,"url":"https:\/\/larevistadigital.com.ar\/blog\/la-vacuna-contra-la-rabia-se-debe-aplicar-todos-los-anos-para-evitar-el-contagio-de-la-enfermedad\/","url_meta":{"origin":35732,"position":2},"title":"LA VACUNA CONTRA LA RABIA SE DEBE APLICAR TODOS LOS A\u00d1OS PARA EVITAR EL CONTAGIO DE LA ENFERMEDAD","author":"Alejandro Sosa Ruda","date":"19 marzo, 2024","format":false,"excerpt":"La directora de Bromatolog\u00eda y Zoonosis, Julia Francese, destac\u00f3 la importancia de inmunizar anualmente a los animales de compa\u00f1\u00eda, al iniciar el martes el cronograma de vacunaci\u00f3n antirr\u00e1bica gratuita organizado por la Municipalidad de Chascom\u00fas. 19 de marzo de 2024 CHASCOM\u00daS -\u00a0 \u00a0El calendario comenz\u00f3 hoy en el barrio San\u2026","rel":"","context":"En \u00abSin categor\u00eda\u00bb","block_context":{"text":"Sin categor\u00eda","link":"https:\/\/larevistadigital.com.ar\/blog\/category\/sin-categoria\/"},"img":{"alt_text":"","src":"https:\/\/i0.wp.com\/larevistadigital.com.ar\/blog\/wp-content\/uploads\/2024_03_20_01_16_59_1221662.jpg?fit=600%2C401&ssl=1&resize=350%2C200","width":350,"height":200,"srcset":"https:\/\/i0.wp.com\/larevistadigital.com.ar\/blog\/wp-content\/uploads\/2024_03_20_01_16_59_1221662.jpg?fit=600%2C401&ssl=1&resize=350%2C200 1x, https:\/\/i0.wp.com\/larevistadigital.com.ar\/blog\/wp-content\/uploads\/2024_03_20_01_16_59_1221662.jpg?fit=600%2C401&ssl=1&resize=525%2C300 1.5x"},"classes":[]},{"id":30743,"url":"https:\/\/larevistadigital.com.ar\/blog\/tandil-en-tres-meses-hallaron-cinco-murcielagos-con-rabia\/","url_meta":{"origin":35732,"position":3},"title":"TANDIL: EN TRES MESES HALLARON CINCO MURCI\u00c9LAGOS CON RABIA","author":"Alejandro Sosa Ruda","date":"28 marzo, 2023","format":false,"excerpt":"Autoridades del \u00e1rea de salud p\u00fablica debieron activar nuevamente un protocolo de vacunaci\u00f3n de urgencia. La rabia es una enfermedad que no tiene tratamiento. 28 de marzo de 2023 TANDIL -\u00a0 En Tandil, desde diciembre hasta este mes de marzo, se han hallado cinco murci\u00e9lagos con rabia, lo que ha\u2026","rel":"","context":"En \u00abREGIONALES\u00bb","block_context":{"text":"REGIONALES","link":"https:\/\/larevistadigital.com.ar\/blog\/category\/regionales\/"},"img":{"alt_text":"","src":"https:\/\/i0.wp.com\/larevistadigital.com.ar\/blog\/wp-content\/uploads\/20230327171923_2328-600x450-1.jpg?fit=880%2C512&ssl=1&resize=350%2C200","width":350,"height":200,"srcset":"https:\/\/i0.wp.com\/larevistadigital.com.ar\/blog\/wp-content\/uploads\/20230327171923_2328-600x450-1.jpg?fit=880%2C512&ssl=1&resize=350%2C200 1x, https:\/\/i0.wp.com\/larevistadigital.com.ar\/blog\/wp-content\/uploads\/20230327171923_2328-600x450-1.jpg?fit=880%2C512&ssl=1&resize=525%2C300 1.5x, https:\/\/i0.wp.com\/larevistadigital.com.ar\/blog\/wp-content\/uploads\/20230327171923_2328-600x450-1.jpg?fit=880%2C512&ssl=1&resize=700%2C400 2x"},"classes":[]},{"id":30403,"url":"https:\/\/larevistadigital.com.ar\/blog\/chascomus-operativo-de-bloqueo-sanitario-tras-el-hallazgo-de-un-murcielago-con-rabia\/","url_meta":{"origin":35732,"position":4},"title":"CHASCOM\u00daS: OPERATIVO DE \u00abBLOQUEO SANITARIO\u00bb TRAS EL HALLAZGO DE UN MURCI\u00c9LAGO CON RABIA.","author":"Alejandro Sosa Ruda","date":"6 marzo, 2023","format":false,"excerpt":"El equipo de Bromatolog\u00eda y Zoonosis trabaj\u00f3 en el sector de Juli\u00e1n Quintana e\/Scalabrini Ortiz y Las Acacias, completando la vacunaci\u00f3n antirr\u00e1bica de mascotas en un radio de 200mts a la redonda del lugar del hallazgo. 6 de marzo de 2023 CHASCOM\u00daS\u00a0 - Tras la notificaci\u00f3n a los respectivos domicilios,\u2026","rel":"","context":"En \u00abCHASCOM\u00daS\u00bb","block_context":{"text":"CHASCOM\u00daS","link":"https:\/\/larevistadigital.com.ar\/blog\/category\/chascomus\/"},"img":{"alt_text":"","src":"https:\/\/i0.wp.com\/larevistadigital.com.ar\/blog\/wp-content\/uploads\/descarga-18.jpg?fit=1200%2C900&ssl=1&resize=350%2C200","width":350,"height":200,"srcset":"https:\/\/i0.wp.com\/larevistadigital.com.ar\/blog\/wp-content\/uploads\/descarga-18.jpg?fit=1200%2C900&ssl=1&resize=350%2C200 1x, https:\/\/i0.wp.com\/larevistadigital.com.ar\/blog\/wp-content\/uploads\/descarga-18.jpg?fit=1200%2C900&ssl=1&resize=525%2C300 1.5x, https:\/\/i0.wp.com\/larevistadigital.com.ar\/blog\/wp-content\/uploads\/descarga-18.jpg?fit=1200%2C900&ssl=1&resize=700%2C400 2x, https:\/\/i0.wp.com\/larevistadigital.com.ar\/blog\/wp-content\/uploads\/descarga-18.jpg?fit=1200%2C900&ssl=1&resize=1050%2C600 3x"},"classes":[]},{"id":30988,"url":"https:\/\/larevistadigital.com.ar\/blog\/tandil-ya-se-detectaron-5-casos-de-murcielagos-con-rabia-en-un-mes\/","url_meta":{"origin":35732,"position":5},"title":"TANDIL: YA SE DETECTARON 5 CASOS DE MURCI\u00c9LAGOS CON RABIA EN UN MES","author":"Alejandro Sosa Ruda","date":"12 abril, 2023","format":false,"excerpt":"La Municipalidad dispuso un operativo de vacunaci\u00f3n para aquellos perros y gatos que vivan en la zona del \u00faltimo hallazgo. 11 de abril de 2023 TANDIL -\u00a0 La ciudad de Tandil registr\u00f3 un nuevo caso de un murci\u00e9lago con rabia, y es el quinto que se detecta en el \u00faltimo\u2026","rel":"","context":"En \u00abREGIONALES\u00bb","block_context":{"text":"REGIONALES","link":"https:\/\/larevistadigital.com.ar\/blog\/category\/regionales\/"},"img":{"alt_text":"","src":"https:\/\/i0.wp.com\/larevistadigital.com.ar\/blog\/wp-content\/uploads\/descarga-1-1.jpg?fit=1200%2C812&ssl=1&resize=350%2C200","width":350,"height":200,"srcset":"https:\/\/i0.wp.com\/larevistadigital.com.ar\/blog\/wp-content\/uploads\/descarga-1-1.jpg?fit=1200%2C812&ssl=1&resize=350%2C200 1x, https:\/\/i0.wp.com\/larevistadigital.com.ar\/blog\/wp-content\/uploads\/descarga-1-1.jpg?fit=1200%2C812&ssl=1&resize=525%2C300 1.5x, https:\/\/i0.wp.com\/larevistadigital.com.ar\/blog\/wp-content\/uploads\/descarga-1-1.jpg?fit=1200%2C812&ssl=1&resize=700%2C400 2x, https:\/\/i0.wp.com\/larevistadigital.com.ar\/blog\/wp-content\/uploads\/descarga-1-1.jpg?fit=1200%2C812&ssl=1&resize=1050%2C600 3x"},"classes":[]}],"_links":{"self":[{"href":"https:\/\/larevistadigital.com.ar\/blog\/wp-json\/wp\/v2\/posts\/35732","targetHints":{"allow":["GET"]}}],"collection":[{"href":"https:\/\/larevistadigital.com.ar\/blog\/wp-json\/wp\/v2\/posts"}],"about":[{"href":"https:\/\/larevistadigital.com.ar\/blog\/wp-json\/wp\/v2\/types\/post"}],"author":[{"embeddable":true,"href":"https:\/\/larevistadigital.com.ar\/blog\/wp-json\/wp\/v2\/users\/3"}],"replies":[{"embeddable":true,"href":"https:\/\/larevistadigital.com.ar\/blog\/wp-json\/wp\/v2\/comments?post=35732"}],"version-history":[{"count":1,"href":"https:\/\/larevistadigital.com.ar\/blog\/wp-json\/wp\/v2\/posts\/35732\/revisions"}],"predecessor-version":[{"id":35734,"href":"https:\/\/larevistadigital.com.ar\/blog\/wp-json\/wp\/v2\/posts\/35732\/revisions\/35734"}],"wp:featuredmedia":[{"embeddable":true,"href":"https:\/\/larevistadigital.com.ar\/blog\/wp-json\/wp\/v2\/media\/35733"}],"wp:attachment":[{"href":"https:\/\/larevistadigital.com.ar\/blog\/wp-json\/wp\/v2\/media?parent=35732"}],"wp:term":[{"taxonomy":"category","embeddable":true,"href":"https:\/\/larevistadigital.com.ar\/blog\/wp-json\/wp\/v2\/categories?post=35732"},{"taxonomy":"post_tag","embeddable":true,"href":"https:\/\/larevistadigital.com.ar\/blog\/wp-json\/wp\/v2\/tags?post=35732"}],"curies":[{"name":"wp","href":"https:\/\/api.w.org\/{rel}","templated":true}]}}