{"id":35735,"date":"2024-04-03T19:43:26","date_gmt":"2024-04-03T22:43:26","guid":{"rendered":"https:\/\/larevistadigital.com.ar\/blog\/?p=35735"},"modified":"2024-04-03T20:14:54","modified_gmt":"2024-04-03T23:14:54","slug":"chascomus-gran-cantidad-de-operativos-por-el-fin-de-semana-largo","status":"publish","type":"post","link":"https:\/\/larevistadigital.com.ar\/blog\/chascomus-gran-cantidad-de-operativos-por-el-fin-de-semana-largo\/","title":{"rendered":"CHASCOM\u00daS: GRAN CANTIDAD DE OPERATIVOS POR EL FIN DE SEMANA LARGO"},"content":{"rendered":"<h2 class=\"notaIntro\"><em>La Secretar\u00eda de Seguridad de Chascom\u00fas implement\u00f3 un extenso dispositivo de seguridad que abarc\u00f3 seis d\u00edas consecutivos durante el fin de semana largo.<\/em><\/h2>\n<p>3 de abril de 2024<\/p>\n<p class=\"notaTexto\"><strong>CHASCOM\u00daS\u00a0 &#8211;\u00a0<\/strong> Los operativos de prevenci\u00f3n de tr\u00e1nsito y control de alcoholemia se llevaron a cabo en varios puntos de la ciudad, sin registrarse incidentes relacionados con el consumo de alcohol ni accidentes vehiculares.<\/p>\n<p>As\u00ed lo hizo saber el Sub Secretario de Seguridad, <strong>Ramiro Cangianelli<\/strong> durante una entrevista con <strong>Alejandro \u00abEl Tano\u00bb Sosa<\/strong> y <strong>Carlos Lasserre<\/strong> durante el programa \u00abAtaque de Radio\u00bb, que se emite por la FM AMISTAD\u00bb (102.7 mhtz.) de lunes a viernes de 10:30 a 12:30 hs.<\/p>\n<blockquote>\n<h3 class=\"notaTexto\">El personal de la Secretar\u00eda de Seguridad Ciudadana municipal estuvo a cargo de los controles en los que particip\u00f3 el Centro de Monitoreo, Inspector\u00eda y la Patrulla de Prevenci\u00f3n. \u00abgracias a Dios no se registraron infracciones ni anomal\u00edas\u00bb, asegur\u00f3 Cangianelli.<\/h3>\n<\/blockquote>\n<p class=\"notaTexto\"><img data-recalc-dims=\"1\" loading=\"lazy\" decoding=\"async\" class=\"alignnone size-full wp-image-35736\" src=\"https:\/\/i0.wp.com\/larevistadigital.com.ar\/blog\/wp-content\/uploads\/2024_04_04_01_02_56_6388404.jpeg?resize=600%2C338&#038;ssl=1\" alt=\"\" width=\"600\" height=\"338\" srcset=\"https:\/\/i0.wp.com\/larevistadigital.com.ar\/blog\/wp-content\/uploads\/2024_04_04_01_02_56_6388404.jpeg?w=600&amp;ssl=1 600w, https:\/\/i0.wp.com\/larevistadigital.com.ar\/blog\/wp-content\/uploads\/2024_04_04_01_02_56_6388404.jpeg?resize=300%2C169&amp;ssl=1 300w\" sizes=\"auto, (max-width: 600px) 100vw, 600px\" \/><\/p>\n<blockquote>\n<h3 class=\"notaTexto\">Adem\u00e1s, se establecieron puestos de control en los accesos a la ciudad, en las inmediaciones del parque de los Libres del Sur, as\u00ed como en las calles Escribano e Hip\u00f3lito Yrigoyen.<\/h3>\n<\/blockquote>\n<p class=\"notaTexto\"><img data-recalc-dims=\"1\" loading=\"lazy\" decoding=\"async\" class=\"alignnone size-full wp-image-35737\" src=\"https:\/\/i0.wp.com\/larevistadigital.com.ar\/blog\/wp-content\/uploads\/2024_04_04_01_02_55_3354941.jpeg?resize=600%2C270&#038;ssl=1\" alt=\"\" width=\"600\" height=\"270\" srcset=\"https:\/\/i0.wp.com\/larevistadigital.com.ar\/blog\/wp-content\/uploads\/2024_04_04_01_02_55_3354941.jpeg?w=600&amp;ssl=1 600w, https:\/\/i0.wp.com\/larevistadigital.com.ar\/blog\/wp-content\/uploads\/2024_04_04_01_02_55_3354941.jpeg?resize=300%2C135&amp;ssl=1 300w\" sizes=\"auto, (max-width: 600px) 100vw, 600px\" \/><\/p>\n<p class=\"notaTexto\">Durante estas inspecciones, no se detectaron casos positivos de alcoholemia.<br \/>\nAdem\u00e1s, se realizaron operativos similares en Presidente Alfons\u00edn y Paso y en la zona rural, en el paraje Giribone.<\/p>\n<p><span style=\"color: #ff0000\"><strong>OTRA VEZ FAKE NEWS &#8230;<\/strong><\/span><\/p>\n<p><strong>Cangianelli<\/strong>, hizo referencia a una noticia falsa que recorri\u00f3 las redes el fin de semana, donde se hablaba de la supuesta presencia de \u00abmotochorros en la ciudad\u00bb, sobre lo que dijo que <strong><em>\u00abEso no es real, ni fue real bajo ning\u00fan punto de vista, no est\u00e1 registrado en ninguna denuncia ni nada por el estilo\u00bb<\/em><\/strong>.<\/p>\n<p>&nbsp;<\/p>\n","protected":false},"excerpt":{"rendered":"<div class=\"mh-excerpt\"><p>La Secretar\u00eda de Seguridad de Chascom\u00fas implement\u00f3 un extenso dispositivo de seguridad que abarc\u00f3 seis d\u00edas consecutivos durante el fin de semana largo. 3 de abril de 2024 CHASCOM\u00daS\u00a0 &#8211;\u00a0 Los operativos de prevenci\u00f3n de <a class=\"mh-excerpt-more\" href=\"https:\/\/larevistadigital.com.ar\/blog\/chascomus-gran-cantidad-de-operativos-por-el-fin-de-semana-largo\/\" title=\"CHASCOM\u00daS: GRAN CANTIDAD DE OPERATIVOS POR EL FIN DE SEMANA LARGO\">[Leer M\u00e1s]<\/a><\/p>\n<\/div>","protected":false},"author":3,"featured_media":35744,"comment_status":"open","ping_status":"open","sticky":false,"template":"","format":"standard","meta":{"_jetpack_memberships_contains_paid_content":false,"footnotes":"","jetpack_publicize_message":"","jetpack_publicize_feature_enabled":true,"jetpack_social_post_already_shared":true,"jetpack_social_options":{"image_generator_settings":{"template":"highway","default_image_id":0,"font":"","enabled":false},"version":2}},"categories":[50,44],"tags":[],"class_list":{"0":"post-35735","1":"post","2":"type-post","3":"status-publish","4":"format-standard","5":"has-post-thumbnail","7":"category-interes-general","8":"category-policiales"},"jetpack_publicize_connections":[],"jetpack_featured_media_url":"https:\/\/i0.wp.com\/larevistadigital.com.ar\/blog\/wp-content\/uploads\/WhatsApp-Image-2022-12-28-at-23.18.12-737x415-1.jpeg?fit=737%2C415&ssl=1","jetpack_sharing_enabled":true,"jetpack_shortlink":"https:\/\/wp.me\/p8qtrQ-9in","jetpack-related-posts":[{"id":37472,"url":"https:\/\/larevistadigital.com.ar\/blog\/chascomus-operativos-preventivos-de-seguridad-para-el-fin-de-semana-largo\/","url_meta":{"origin":35735,"position":0},"title":"CHASCOM\u00daS: Operativos preventivos de seguridad para el fin de semana largo","author":"Alejandro Sosa Ruda","date":"9 octubre, 2024","format":false,"excerpt":"Autoridades municipales y policiales se reunieron para coordinar acciones durante el pr\u00f3ximo fin de semana largo para el que se espera una masiva llegada de turistas y visitantes a la ciudad. 9 de octubre de 2024 CHASCOM\u00daS -\u00a0 La secretaria de Seguridad Ciudadana, Mariela Moscarella, se reuni\u00f3 con autoridades policiales\u2026","rel":"","context":"En \u00abDESTACADAS\u00bb","block_context":{"text":"DESTACADAS","link":"https:\/\/larevistadigital.com.ar\/blog\/category\/destacadas\/"},"img":{"alt_text":"","src":"https:\/\/i0.wp.com\/larevistadigital.com.ar\/blog\/wp-content\/uploads\/6706b8c682e43.png?fit=668%2C445&ssl=1&resize=350%2C200","width":350,"height":200,"srcset":"https:\/\/i0.wp.com\/larevistadigital.com.ar\/blog\/wp-content\/uploads\/6706b8c682e43.png?fit=668%2C445&ssl=1&resize=350%2C200 1x, https:\/\/i0.wp.com\/larevistadigital.com.ar\/blog\/wp-content\/uploads\/6706b8c682e43.png?fit=668%2C445&ssl=1&resize=525%2C300 1.5x"},"classes":[]},{"id":31786,"url":"https:\/\/larevistadigital.com.ar\/blog\/chascomus-gran-actividad-de-prevencion-y-educacion-de-las-fuerzas-de-seguridad-durante-el-fin-de-semana-largo\/","url_meta":{"origin":35735,"position":1},"title":"CHASCOM\u00daS: GRAN ACTIVIDAD DE PREVENCI\u00d3N Y EDUCACI\u00d3N  DE LAS FUERZAS DE SEGURIDAD DURANTE EL FIN DE SEMANA LARGO","author":"Alejandro Sosa Ruda","date":"29 mayo, 2023","format":false,"excerpt":"Durante todo el finde semana largo, la Secretar\u00eda de Seguridad dispuso gran cantidad de operativos y acciones de prevenci\u00f3n de distintos tipo a efectos de brindad una mejor seguridad y prevenir algunas contravenciones y delitos. 28 de mayo de 2023 CHASCOM\u00daS -\u00a0 \u00a0La ciudad de Chascom\u00fas fue escenario de un\u2026","rel":"","context":"En \u00abINTERES GENERAL\u00bb","block_context":{"text":"INTERES GENERAL","link":"https:\/\/larevistadigital.com.ar\/blog\/category\/interes-general\/"},"img":{"alt_text":"","src":"https:\/\/i0.wp.com\/larevistadigital.com.ar\/blog\/wp-content\/uploads\/WhatsApp-Image-2023-05-28-at-20.40.47.jpeg?fit=867%2C1156&ssl=1&resize=350%2C200","width":350,"height":200,"srcset":"https:\/\/i0.wp.com\/larevistadigital.com.ar\/blog\/wp-content\/uploads\/WhatsApp-Image-2023-05-28-at-20.40.47.jpeg?fit=867%2C1156&ssl=1&resize=350%2C200 1x, https:\/\/i0.wp.com\/larevistadigital.com.ar\/blog\/wp-content\/uploads\/WhatsApp-Image-2023-05-28-at-20.40.47.jpeg?fit=867%2C1156&ssl=1&resize=525%2C300 1.5x, https:\/\/i0.wp.com\/larevistadigital.com.ar\/blog\/wp-content\/uploads\/WhatsApp-Image-2023-05-28-at-20.40.47.jpeg?fit=867%2C1156&ssl=1&resize=700%2C400 2x"},"classes":[]},{"id":31562,"url":"https:\/\/larevistadigital.com.ar\/blog\/chascomus-gran-cantidad-de-operativos-de-prevencion-en-transito-durante-el-fin-de-semana\/","url_meta":{"origin":35735,"position":2},"title":"CHASCOM\u00daS: GRAN CANTIDAD DE OPERATIVOS DE PREVENCI\u00d3N EN TR\u00c1NSITO DURANTE EL FIN DE SEMANA","author":"Alejandro Sosa Ruda","date":"15 mayo, 2023","format":false,"excerpt":"La Secretar\u00eda de Seguridad dispuso una importante cantidad de operativos de tr\u00e1nsito donde se detectaron distintas infracciones y se secuestraron veh\u00edculos, con el principal objetivo de erradicar a quienes realizan maniobras que ponen en peligro a vecinos y turistas. 15 de mayo de 2023 CHASCOM\u00daS -\u00a0 \u00a0La Secretaria de Seguridad\u2026","rel":"","context":"En \u00abINTERES GENERAL\u00bb","block_context":{"text":"INTERES GENERAL","link":"https:\/\/larevistadigital.com.ar\/blog\/category\/interes-general\/"},"img":{"alt_text":"","src":"https:\/\/i0.wp.com\/larevistadigital.com.ar\/blog\/wp-content\/uploads\/WhatsApp-Image-2023-05-15-at-06.41.38.jpeg?fit=1200%2C903&ssl=1&resize=350%2C200","width":350,"height":200,"srcset":"https:\/\/i0.wp.com\/larevistadigital.com.ar\/blog\/wp-content\/uploads\/WhatsApp-Image-2023-05-15-at-06.41.38.jpeg?fit=1200%2C903&ssl=1&resize=350%2C200 1x, https:\/\/i0.wp.com\/larevistadigital.com.ar\/blog\/wp-content\/uploads\/WhatsApp-Image-2023-05-15-at-06.41.38.jpeg?fit=1200%2C903&ssl=1&resize=525%2C300 1.5x, https:\/\/i0.wp.com\/larevistadigital.com.ar\/blog\/wp-content\/uploads\/WhatsApp-Image-2023-05-15-at-06.41.38.jpeg?fit=1200%2C903&ssl=1&resize=700%2C400 2x, https:\/\/i0.wp.com\/larevistadigital.com.ar\/blog\/wp-content\/uploads\/WhatsApp-Image-2023-05-15-at-06.41.38.jpeg?fit=1200%2C903&ssl=1&resize=1050%2C600 3x"},"classes":[]},{"id":32061,"url":"https:\/\/larevistadigital.com.ar\/blog\/chascomus-intensos-operativos-en-zona-rural-accesos-a-la-ciudad-y-estacion-ferroautomotor-por-el-fin-de-semana-largo\/","url_meta":{"origin":35735,"position":3},"title":"CHASCOM\u00daS: INTENSOS OPERATIVOS EN ZONA RURAL, ACCESOS A LA CIUDAD Y ESTACI\u00d3N FERROAUTOMOTOR, POR EL FIN DE SEMANA LARGO.","author":"Alejandro Sosa Ruda","date":"17 junio, 2023","format":false,"excerpt":"Si bien los operativos se realizan con regularidad, se han visto intensificados por el fin de semana largo. 17 de junio de 2023 CHASCOM\u00daS -\u00a0 La Secretar\u00eda de Seguridad, ha tomado la firme decisi\u00f3n de intensificar las tareas de prevenci\u00f3n, con operativos en distintos lugares del distrito, tal como lo\u2026","rel":"","context":"En \u00abDESTACADAS\u00bb","block_context":{"text":"DESTACADAS","link":"https:\/\/larevistadigital.com.ar\/blog\/category\/destacadas\/"},"img":{"alt_text":"","src":"https:\/\/i0.wp.com\/larevistadigital.com.ar\/blog\/wp-content\/uploads\/WhatsApp-Image-2023-06-17-at-11.16.23.jpeg?fit=1200%2C674&ssl=1&resize=350%2C200","width":350,"height":200,"srcset":"https:\/\/i0.wp.com\/larevistadigital.com.ar\/blog\/wp-content\/uploads\/WhatsApp-Image-2023-06-17-at-11.16.23.jpeg?fit=1200%2C674&ssl=1&resize=350%2C200 1x, https:\/\/i0.wp.com\/larevistadigital.com.ar\/blog\/wp-content\/uploads\/WhatsApp-Image-2023-06-17-at-11.16.23.jpeg?fit=1200%2C674&ssl=1&resize=525%2C300 1.5x, https:\/\/i0.wp.com\/larevistadigital.com.ar\/blog\/wp-content\/uploads\/WhatsApp-Image-2023-06-17-at-11.16.23.jpeg?fit=1200%2C674&ssl=1&resize=700%2C400 2x, https:\/\/i0.wp.com\/larevistadigital.com.ar\/blog\/wp-content\/uploads\/WhatsApp-Image-2023-06-17-at-11.16.23.jpeg?fit=1200%2C674&ssl=1&resize=1050%2C600 3x"},"classes":[]},{"id":26704,"url":"https:\/\/larevistadigital.com.ar\/blog\/gran-cantidad-de-operativos-de-control-policial-durante-el-fin-de-semana\/","url_meta":{"origin":35735,"position":4},"title":"GRAN CANTIDAD DE OPERATIVOS DE CONTROL POLICIAL Y DE SEGURIDAD CIUDADANA DURANTE EL FIN DE SEMANA","author":"Alejandro Sosa Ruda","date":"18 julio, 2022","format":false,"excerpt":"CHASCOM\u00daS - La polic\u00eda local a cargo del Jefe Comunal Federico Valdivia, junto a la Secretar\u00eda de Seguridad Ciudadana,\u00a0ha intensificado los operativos en la ciudad tanto durante el d\u00eda, como en horario nocturno. As\u00ed pudo observarse durante el fin de semana, donde se realizaron controles en distintos puntos de la\u2026","rel":"","context":"En \u00abDESTACADAS\u00bb","block_context":{"text":"DESTACADAS","link":"https:\/\/larevistadigital.com.ar\/blog\/category\/destacadas\/"},"img":{"alt_text":"","src":"https:\/\/i0.wp.com\/larevistadigital.com.ar\/blog\/wp-content\/uploads\/WhatsApp-Image-2022-07-18-at-6.25.35-PM.jpeg?fit=1200%2C800&ssl=1&resize=350%2C200","width":350,"height":200,"srcset":"https:\/\/i0.wp.com\/larevistadigital.com.ar\/blog\/wp-content\/uploads\/WhatsApp-Image-2022-07-18-at-6.25.35-PM.jpeg?fit=1200%2C800&ssl=1&resize=350%2C200 1x, https:\/\/i0.wp.com\/larevistadigital.com.ar\/blog\/wp-content\/uploads\/WhatsApp-Image-2022-07-18-at-6.25.35-PM.jpeg?fit=1200%2C800&ssl=1&resize=525%2C300 1.5x, https:\/\/i0.wp.com\/larevistadigital.com.ar\/blog\/wp-content\/uploads\/WhatsApp-Image-2022-07-18-at-6.25.35-PM.jpeg?fit=1200%2C800&ssl=1&resize=700%2C400 2x, https:\/\/i0.wp.com\/larevistadigital.com.ar\/blog\/wp-content\/uploads\/WhatsApp-Image-2022-07-18-at-6.25.35-PM.jpeg?fit=1200%2C800&ssl=1&resize=1050%2C600 3x"},"classes":[]},{"id":36414,"url":"https:\/\/larevistadigital.com.ar\/blog\/operativos-especiales-de-prevencion-con-drones-en-chascomus-durante-el-fin-de-semana-largo\/","url_meta":{"origin":35735,"position":5},"title":"OPERATIVOS ESPECIALES DE PREVENCI\u00d3N CON DRONES EN CHASCOM\u00daS DURANTE EL FIN DE SEMANA LARGO","author":"Alejandro Sosa Ruda","date":"24 junio, 2024","format":false,"excerpt":"La Municipalidad de Chascom\u00fas, en conjunto con las fuerzas policiales descentralizadas de la provincia de Buenos Aires, realiz\u00f3 una serie de operativos preventivos de seguridad durante el pasado fin de semana largo, con el uso de drones para la vigilancia a\u00e9rea. 24 de Junio de 2024 CHASCOM\u00daS\u00a0 -\u00a0 La Subsecretar\u00eda\u2026","rel":"","context":"En \u00abINTERES GENERAL\u00bb","block_context":{"text":"INTERES GENERAL","link":"https:\/\/larevistadigital.com.ar\/blog\/category\/interes-general\/"},"img":{"alt_text":"","src":"https:\/\/i0.wp.com\/larevistadigital.com.ar\/blog\/wp-content\/uploads\/2024_06_25_00_58_17_824511.jpg?fit=600%2C377&ssl=1&resize=350%2C200","width":350,"height":200,"srcset":"https:\/\/i0.wp.com\/larevistadigital.com.ar\/blog\/wp-content\/uploads\/2024_06_25_00_58_17_824511.jpg?fit=600%2C377&ssl=1&resize=350%2C200 1x, https:\/\/i0.wp.com\/larevistadigital.com.ar\/blog\/wp-content\/uploads\/2024_06_25_00_58_17_824511.jpg?fit=600%2C377&ssl=1&resize=525%2C300 1.5x"},"classes":[]}],"_links":{"self":[{"href":"https:\/\/larevistadigital.com.ar\/blog\/wp-json\/wp\/v2\/posts\/35735","targetHints":{"allow":["GET"]}}],"collection":[{"href":"https:\/\/larevistadigital.com.ar\/blog\/wp-json\/wp\/v2\/posts"}],"about":[{"href":"https:\/\/larevistadigital.com.ar\/blog\/wp-json\/wp\/v2\/types\/post"}],"author":[{"embeddable":true,"href":"https:\/\/larevistadigital.com.ar\/blog\/wp-json\/wp\/v2\/users\/3"}],"replies":[{"embeddable":true,"href":"https:\/\/larevistadigital.com.ar\/blog\/wp-json\/wp\/v2\/comments?post=35735"}],"version-history":[{"count":2,"href":"https:\/\/larevistadigital.com.ar\/blog\/wp-json\/wp\/v2\/posts\/35735\/revisions"}],"predecessor-version":[{"id":35740,"href":"https:\/\/larevistadigital.com.ar\/blog\/wp-json\/wp\/v2\/posts\/35735\/revisions\/35740"}],"wp:featuredmedia":[{"embeddable":true,"href":"https:\/\/larevistadigital.com.ar\/blog\/wp-json\/wp\/v2\/media\/35744"}],"wp:attachment":[{"href":"https:\/\/larevistadigital.com.ar\/blog\/wp-json\/wp\/v2\/media?parent=35735"}],"wp:term":[{"taxonomy":"category","embeddable":true,"href":"https:\/\/larevistadigital.com.ar\/blog\/wp-json\/wp\/v2\/categories?post=35735"},{"taxonomy":"post_tag","embeddable":true,"href":"https:\/\/larevistadigital.com.ar\/blog\/wp-json\/wp\/v2\/tags?post=35735"}],"curies":[{"name":"wp","href":"https:\/\/api.w.org\/{rel}","templated":true}]}}