{"id":35741,"date":"2024-04-03T20:13:15","date_gmt":"2024-04-03T23:13:15","guid":{"rendered":"https:\/\/larevistadigital.com.ar\/blog\/?p=35741"},"modified":"2024-04-03T20:13:15","modified_gmt":"2024-04-03T23:13:15","slug":"mena-el-elogio-de-milei-a-margaret-thatcher-es-una-falta-de-respeto-con-los-ex-combatientes-y-los-47-millones-de-argentinos","status":"publish","type":"post","link":"https:\/\/larevistadigital.com.ar\/blog\/mena-el-elogio-de-milei-a-margaret-thatcher-es-una-falta-de-respeto-con-los-ex-combatientes-y-los-47-millones-de-argentinos\/","title":{"rendered":"MENA: \u201cEL ELOGIO DE MILEI A MARGARET THATCHER ES UNA FALTA DE RESPETO CON LOS EX COMBATIENTES Y LOS 47 MILLONES DE ARGENTINOS\u201d"},"content":{"rendered":"<p>03 de abril de 2024<\/p>\n<p><strong>BUENOS AIRES &#8211;\u00a0<\/strong> Durante un homenaje al di\u00e1cono del Servicio Penitenciario provincial (SPB) <strong>Horacio Gonz\u00e1lez<\/strong>, quien, en 1982 actu\u00f3 como Cabo principal de la Fuerza A\u00e9rea Argentina y tripul\u00f3 un H\u00e9rcules C130 transportando mercader\u00eda, armamento, municiones, soldados y otros suministros destinados a proveer a los combatientes, el ministro de Justicia y Derechos Humanos bonaerense, <strong>Juan Mart\u00edn Mena<\/strong>, asegur\u00f3 hoy que <em><strong>\u201cdeclararse admirador de la jefa de una potencia extranjera que orden\u00f3 la muerte de argentinos y argentinas, es faltar el respeto a los 47 millones de argentinos y muy particularmente a los veteranos y veteranas de Malvinas y sus familias\u201d.<\/strong><\/em><\/p>\n<p>El titular de la cartera encabez\u00f3 este mediod\u00eda en la escuela de cadetes un reconocimiento oficial al hombre que particip\u00f3 de seis acciones de combate real al frente de un avi\u00f3n que, adem\u00e1s, serv\u00eda para reabastecer combustible en vuelo a los cazas argentinos Douglas A-4 Skyhawk, con desplazamientos que deb\u00edan concretarse casi a nivel del mar para no ser detectado por los radares enemigos.<\/p>\n<p>En el acto, <strong>Mena<\/strong> explic\u00f3 que <strong><em>\u201cMilei se manifest\u00f3 fan\u00e1tico de Margaret Thatcher, la primera ministra brit\u00e1nica que orden\u00f3 el hundimiento del crucero ARA General Belgrano, que estaba muy lejos del teatro de operaciones de la guerra y le cost\u00f3 la vida a la mitad de los argentinos que murieron en el conflicto b\u00e9lico del Atl\u00e1ntico Sur\u201d.<\/em><\/strong><\/p>\n<p>En otro orden el funcionario tambi\u00e9n se refiri\u00f3 a la reconciliaci\u00f3n con las Fuerzas Armadas a las que convoc\u00f3 ayer el primer mandatario, y tras afirmar que<strong><em> \u201cme dio mucha pena que el Presidente, en ejercicio de la comandancia en jefe de las Fuerzas Armadas, mezcle el acto de conmemoraci\u00f3n de nuestros , combatientes con un pedido de reconciliaci\u00f3n con las Fuerzas Armadas, porque nosotros no tenemos que reconciliarnos con nadie porque no estamos ni peleados ni enemistados con nuestras Fuerzas Armadas, que son un orgullo para todos los argentinos y las argentinas\u201d<\/em><\/strong><\/p>\n<p><strong><em>\u201cHablar y mezclar a criminales genocidas con nuestras queridas Fuerzas Armadas y fuerzas de seguridad que nada tienen que ver con la comisi\u00f3n de delitos aberrantes, y hacerlo un 2 de abril, me parece una profunda falta de respeto no s\u00f3lo para los veteranos y veteranas de Malvinas, sino para todo el pueblo argentino. Nosotros queremos conmemorar Malvinas, queremos rescatar y enaltecer el rol profesional de nuestras Fuerzas Armadas y de nuestras fuerzas de seguridad democr\u00e1ticas\u201d<\/em><\/strong>, complet\u00f3 <strong>Mena<\/strong>.<\/p>\n<p>El Ministro tambi\u00e9n subray\u00f3 que <strong><em>\u201cqueremos reclamar juntos el pleno ejercicio de la soberan\u00eda sobre nuestras islas, y para eso, lo primero que hay que hacer es no s\u00f3lo mantener muy viva la memoria, sino rendir un homenaje cotidiano y permanente a quienes se pusieron al hombro la defensa de la patria, la defensa de nuestra bandera y combatieron en nombre y representaci\u00f3n nuestra; y mezclar eso con otras cuestiones me parece una falta de respeto profunda y absolutamente imperdonable\u201d.<\/em><\/strong><\/p>\n<p><span style=\"color: #ff0000\"><strong>EL HOMENAJE<\/strong><\/span><\/p>\n<p>Nacido en Comodoro Rivadavia, <strong>Horacio Gonz\u00e1lez<\/strong> fue un excombatiente que curs\u00f3 su capacitaci\u00f3n de ingreso a la Fuerza A\u00e9rea en la provincia de C\u00f3rdoba entre 1971 y 1973, de donde egres\u00f3 a los 19 a\u00f1os y fue destinado a la primera Brigada A\u00e9rea de El Palomar, en la provincia de Buenos Aires.<\/p>\n<p>Luego de 37 a\u00f1os de servicio, y tras haber completado 9 mil horas de vuelo, en 2007 se retir\u00f3 de la Fuerza A\u00e9rea con el grado de Suboficial Mayor. Desde hace 17 a\u00f1os ejerce como di\u00e1cono del Servicio Penitenciario Bonaerense.<\/p>\n<p><strong>Gonz\u00e1lez<\/strong> forma parte de una lista conformada por otros integrantes ya retirados del SPB que cumplieron servicio durante la guerra del Atl\u00e1ntico Sur, y que est\u00e1 compuesta entre otros por el <strong>suboficial mayor Vicente Cappelletti, los inspectores Mayor Miguel Angel Courtade y Juan Jos\u00e9 Di Nardo; el suboficial principal Omar Aquiles Ib\u00e1\u00f1ez, y los suboficiales mayor Julio Cesar Pace, Alberto Puerari, Jos\u00e9 Antonio Romero y Carlos Vandevalle.<\/strong><\/p>\n<div>\n<div class=\"yiv8076203392gmail_signature\" dir=\"ltr\">\n<div dir=\"ltr\">\n<div>\n<div dir=\"ltr\">\n<div>\n<div dir=\"ltr\">\n<div>\n<div dir=\"ltr\">\n<div>\n<div dir=\"ltr\">\n<div>\n<div dir=\"ltr\">\n<div>\n<div dir=\"ltr\">\n<div>\n<div dir=\"ltr\">\n<div>\n<div dir=\"ltr\">\n<div dir=\"ltr\">\n<div>\n<div>\n<div><\/div>\n<\/div>\n<\/div>\n<\/div>\n<\/div>\n<\/div>\n<\/div>\n<\/div>\n<\/div>\n<\/div>\n<\/div>\n<\/div>\n<\/div>\n<\/div>\n<\/div>\n<\/div>\n<\/div>\n<\/div>\n<\/div>\n<\/div>\n<\/div>\n<\/div>\n<\/div>\n","protected":false},"excerpt":{"rendered":"<div class=\"mh-excerpt\"><p>03 de abril de 2024 BUENOS AIRES &#8211;\u00a0 Durante un homenaje al di\u00e1cono del Servicio Penitenciario provincial (SPB) Horacio Gonz\u00e1lez, quien, en 1982 actu\u00f3 como Cabo principal de la Fuerza A\u00e9rea Argentina y tripul\u00f3 un <a class=\"mh-excerpt-more\" href=\"https:\/\/larevistadigital.com.ar\/blog\/mena-el-elogio-de-milei-a-margaret-thatcher-es-una-falta-de-respeto-con-los-ex-combatientes-y-los-47-millones-de-argentinos\/\" title=\"MENA: \u201cEL ELOGIO DE MILEI A MARGARET THATCHER ES UNA FALTA DE RESPETO CON LOS EX COMBATIENTES Y LOS 47 MILLONES DE ARGENTINOS\u201d\">[Leer M\u00e1s]<\/a><\/p>\n<\/div>","protected":false},"author":3,"featured_media":35742,"comment_status":"open","ping_status":"open","sticky":false,"template":"","format":"standard","meta":{"_jetpack_memberships_contains_paid_content":false,"footnotes":"","jetpack_publicize_message":"","jetpack_publicize_feature_enabled":true,"jetpack_social_post_already_shared":true,"jetpack_social_options":{"image_generator_settings":{"template":"highway","default_image_id":0,"font":"","enabled":false},"version":2}},"categories":[50,12],"tags":[],"class_list":{"0":"post-35741","1":"post","2":"type-post","3":"status-publish","4":"format-standard","5":"has-post-thumbnail","7":"category-interes-general","8":"category-politica"},"jetpack_publicize_connections":[],"jetpack_featured_media_url":"https:\/\/i0.wp.com\/larevistadigital.com.ar\/blog\/wp-content\/uploads\/Mena-Malvinas.jpeg?fit=1528%2C1019&ssl=1","jetpack_sharing_enabled":true,"jetpack_shortlink":"https:\/\/wp.me\/p8qtrQ-9it","jetpack-related-posts":[{"id":6895,"url":"https:\/\/larevistadigital.com.ar\/blog\/chascomus-evento-imperdible-reconocido-por-la-cruz-roja-como-un-ejemplo-mundial-a-seguir\/","url_meta":{"origin":35741,"position":0},"title":"CHASCOM\u00daS: EVENTO IMPERDIBLE, RECONOCIDO POR LA CRUZ ROJA COMO UN \u00abEJEMPLO MUNDIAL A SEGUIR\u00bb","author":"Alejandro Sosa Ruda","date":"17 octubre, 2018","format":false,"excerpt":"Los ex combatientes de Malvinas de Chascom\u00fas, tienen la satisfacci\u00f3n de invitar a los vecinos de nuestra ciudad a la charla que brindara el ex combatiente Julio Aro, evento que es organizado conjuntamente con la Orquesta-Escuela de Chascom\u00fas, y que se realizar\u00e1 en el sal\u00f3n principal del Consejo Profesional de\u2026","rel":"","context":"En \u00abCHASCOM\u00daS\u00bb","block_context":{"text":"CHASCOM\u00daS","link":"https:\/\/larevistadigital.com.ar\/blog\/category\/chascomus\/"},"img":{"alt_text":"","src":"https:\/\/i0.wp.com\/larevistadigital.com.ar\/blog\/wp-content\/uploads\/2018\/10\/1522071319615.jpg?fit=1200%2C790&ssl=1&resize=350%2C200","width":350,"height":200,"srcset":"https:\/\/i0.wp.com\/larevistadigital.com.ar\/blog\/wp-content\/uploads\/2018\/10\/1522071319615.jpg?fit=1200%2C790&ssl=1&resize=350%2C200 1x, https:\/\/i0.wp.com\/larevistadigital.com.ar\/blog\/wp-content\/uploads\/2018\/10\/1522071319615.jpg?fit=1200%2C790&ssl=1&resize=525%2C300 1.5x, https:\/\/i0.wp.com\/larevistadigital.com.ar\/blog\/wp-content\/uploads\/2018\/10\/1522071319615.jpg?fit=1200%2C790&ssl=1&resize=700%2C400 2x, https:\/\/i0.wp.com\/larevistadigital.com.ar\/blog\/wp-content\/uploads\/2018\/10\/1522071319615.jpg?fit=1200%2C790&ssl=1&resize=1050%2C600 3x"},"classes":[]},{"id":34207,"url":"https:\/\/larevistadigital.com.ar\/blog\/comunicado-del-comite-nacional-de-la-ucr-la-ucr-no-acompanara-a-ninguno-de-los-candidatos\/","url_meta":{"origin":35741,"position":1},"title":"COMUNICADO DEL COMITE NACIONAL DE LA UCR: \u00abLA UCR NO ACOMPA\u00d1AR\u00c1 A NINGUNO DE LOS CANDIDATOS\u00bb","author":"Alejandro Sosa Ruda","date":"26 octubre, 2023","format":false,"excerpt":"Buenos Aires, 25 de octubre de 2023.- El pa\u00eds est\u00e1 viviendo una grave crisis econ\u00f3mica, pol\u00edtica, moral y social. Con una inflaci\u00f3n creciente, niveles de pobreza y corrupci\u00f3n alarmantes, y una incertidumbre que afecta el d\u00eda a d\u00eda y la visi\u00f3n de largo plazo de todos los argentinos. En ese\u2026","rel":"","context":"En \u00abDESTACADAS\u00bb","block_context":{"text":"DESTACADAS","link":"https:\/\/larevistadigital.com.ar\/blog\/category\/destacadas\/"},"img":{"alt_text":"","src":"https:\/\/i0.wp.com\/larevistadigital.com.ar\/blog\/wp-content\/uploads\/31a61-a888a-b05b9-06-28-ucr-e1698326695916.jpg?fit=1200%2C568&ssl=1&resize=350%2C200","width":350,"height":200,"srcset":"https:\/\/i0.wp.com\/larevistadigital.com.ar\/blog\/wp-content\/uploads\/31a61-a888a-b05b9-06-28-ucr-e1698326695916.jpg?fit=1200%2C568&ssl=1&resize=350%2C200 1x, https:\/\/i0.wp.com\/larevistadigital.com.ar\/blog\/wp-content\/uploads\/31a61-a888a-b05b9-06-28-ucr-e1698326695916.jpg?fit=1200%2C568&ssl=1&resize=525%2C300 1.5x, https:\/\/i0.wp.com\/larevistadigital.com.ar\/blog\/wp-content\/uploads\/31a61-a888a-b05b9-06-28-ucr-e1698326695916.jpg?fit=1200%2C568&ssl=1&resize=700%2C400 2x, https:\/\/i0.wp.com\/larevistadigital.com.ar\/blog\/wp-content\/uploads\/31a61-a888a-b05b9-06-28-ucr-e1698326695916.jpg?fit=1200%2C568&ssl=1&resize=1050%2C600 3x"},"classes":[]},{"id":39531,"url":"https:\/\/larevistadigital.com.ar\/blog\/dolar-barato-durante-el-primer-trimestre-de-2025-el-turismo-emisivo-triplico-al-receptivo\/","url_meta":{"origin":35741,"position":2},"title":"D\u00f3lar barato: Durante el primer trimestre de 2025, el turismo emisivo triplic\u00f3 al receptivo","author":"Alejandro Sosa Ruda","date":"26 abril, 2025","format":false,"excerpt":"Entre enero y marzo, Argentina experiment\u00f3 un marcado desequilibrio en el turismo internacional: fueron muchos m\u00e1s los argentinos que viajaron al exterior que los extranjeros que llegaron al pa\u00eds. En total, m\u00e1s de 5 millones de argentinos salieron del pa\u00eds en ese per\u00edodo, generando un d\u00e9ficit de 1.236 millones de\u2026","rel":"","context":"En \u00abINTERES GENERAL\u00bb","block_context":{"text":"INTERES GENERAL","link":"https:\/\/larevistadigital.com.ar\/blog\/category\/interes-general\/"},"img":{"alt_text":"","src":"https:\/\/i0.wp.com\/larevistadigital.com.ar\/blog\/wp-content\/uploads\/20250426153225_turistas-extranjeros-argentinos-exterior.jpg?fit=880%2C512&ssl=1&resize=350%2C200","width":350,"height":200,"srcset":"https:\/\/i0.wp.com\/larevistadigital.com.ar\/blog\/wp-content\/uploads\/20250426153225_turistas-extranjeros-argentinos-exterior.jpg?fit=880%2C512&ssl=1&resize=350%2C200 1x, https:\/\/i0.wp.com\/larevistadigital.com.ar\/blog\/wp-content\/uploads\/20250426153225_turistas-extranjeros-argentinos-exterior.jpg?fit=880%2C512&ssl=1&resize=525%2C300 1.5x, https:\/\/i0.wp.com\/larevistadigital.com.ar\/blog\/wp-content\/uploads\/20250426153225_turistas-extranjeros-argentinos-exterior.jpg?fit=880%2C512&ssl=1&resize=700%2C400 2x"},"classes":[]},{"id":23683,"url":"https:\/\/larevistadigital.com.ar\/blog\/el-concejo-deliberante-escucho-los-fundamentos-de-los-ex-combatientes-de-malvinas-para-modificar-la-membreteria\/","url_meta":{"origin":35741,"position":3},"title":"EL CONCEJO DELIBERANTE ESCUCH\u00d3 LOS FUNDAMENTOS DE LOS EX COMBATIENTES DE MALVINAS PARA MODIFICAR LA MEMBRETER\u00cdA","author":"Alejandro Sosa Ruda","date":"30 enero, 2022","format":false,"excerpt":"CHASCOM\u00daS -\u00a0 En la ma\u00f1ana del viernes 28 de enero desde el Honorable Concejo Deliberante recibimos a los Veteranos de Guerra de Malvinas (VGM) Luis La Mant\u00eda, Rodolfo Pertusi y Gustavo Padr\u00e1n.\u00a0 De la reuni\u00f3n participaron ediles del Cuerpo Legislativo y su Presidente, Ramiro Ferrante. Los Ex Combatientes compartieron su\u2026","rel":"","context":"En \u00abINTERES GENERAL\u00bb","block_context":{"text":"INTERES GENERAL","link":"https:\/\/larevistadigital.com.ar\/blog\/category\/interes-general\/"},"img":{"alt_text":"","src":"https:\/\/i0.wp.com\/larevistadigital.com.ar\/blog\/wp-content\/uploads\/WhatsApp-Image-2022-01-28-at-19.42.41.jpeg?fit=1200%2C900&ssl=1&resize=350%2C200","width":350,"height":200,"srcset":"https:\/\/i0.wp.com\/larevistadigital.com.ar\/blog\/wp-content\/uploads\/WhatsApp-Image-2022-01-28-at-19.42.41.jpeg?fit=1200%2C900&ssl=1&resize=350%2C200 1x, https:\/\/i0.wp.com\/larevistadigital.com.ar\/blog\/wp-content\/uploads\/WhatsApp-Image-2022-01-28-at-19.42.41.jpeg?fit=1200%2C900&ssl=1&resize=525%2C300 1.5x, https:\/\/i0.wp.com\/larevistadigital.com.ar\/blog\/wp-content\/uploads\/WhatsApp-Image-2022-01-28-at-19.42.41.jpeg?fit=1200%2C900&ssl=1&resize=700%2C400 2x, https:\/\/i0.wp.com\/larevistadigital.com.ar\/blog\/wp-content\/uploads\/WhatsApp-Image-2022-01-28-at-19.42.41.jpeg?fit=1200%2C900&ssl=1&resize=1050%2C600 3x"},"classes":[]},{"id":32114,"url":"https:\/\/larevistadigital.com.ar\/blog\/estadistica-preocupante-el-11-de-los-argentinos-sufrio-estafas-virtuales\/","url_meta":{"origin":35741,"position":4},"title":"ESTAD\u00cdSTICA PREOCUPANTE: EL 11% DE LOS ARGENTINOS SUFRI\u00d3 ESTAFAS VIRTUALES","author":"Alejandro Sosa Ruda","date":"26 junio, 2023","format":false,"excerpt":"Las razones del crecimiento de este \u00e1mbito delictual son varias. Desde la pandemia much\u00edsimas personas se sumaron a hacer tr\u00e1mites y transacciones digitales. Este fen\u00f3meno implic\u00f3 sumar al mundo de las transacciones online una gran masa de gente, muchas veces sin experiencia digital. 26 de junio de 2023 De acuerdo\u2026","rel":"","context":"En \u00abINTERES GENERAL\u00bb","block_context":{"text":"INTERES GENERAL","link":"https:\/\/larevistadigital.com.ar\/blog\/category\/interes-general\/"},"img":{"alt_text":"","src":"https:\/\/i0.wp.com\/larevistadigital.com.ar\/blog\/wp-content\/uploads\/20230626173944_estafas.jpg?fit=880%2C512&ssl=1&resize=350%2C200","width":350,"height":200,"srcset":"https:\/\/i0.wp.com\/larevistadigital.com.ar\/blog\/wp-content\/uploads\/20230626173944_estafas.jpg?fit=880%2C512&ssl=1&resize=350%2C200 1x, https:\/\/i0.wp.com\/larevistadigital.com.ar\/blog\/wp-content\/uploads\/20230626173944_estafas.jpg?fit=880%2C512&ssl=1&resize=525%2C300 1.5x, https:\/\/i0.wp.com\/larevistadigital.com.ar\/blog\/wp-content\/uploads\/20230626173944_estafas.jpg?fit=880%2C512&ssl=1&resize=700%2C400 2x"},"classes":[]},{"id":42355,"url":"https:\/\/larevistadigital.com.ar\/blog\/axel-kicillof-envio-una-carta-abierta-a-javier-milei-y-le-pidio-dialogo-y-respeto-al-federalismo\/","url_meta":{"origin":35741,"position":5},"title":"Axel Kicillof envi\u00f3 una carta abierta a Javier Milei y le pidi\u00f3 di\u00e1logo y respeto al federalismo","author":"Alejandro Sosa Ruda","date":"1 noviembre, 2025","format":false,"excerpt":"Axel Kicillof le envi\u00f3 una carta a Javier Milei cuestionando las pol\u00edticas econ\u00f3micas del Gobierno y reclamando inclusi\u00f3n en la reuni\u00f3n de gobernadores. El gobernador de la provincia de\u00a0Buenos Aires,\u00a0Axel Kicillof, le envi\u00f3 una carta abierta al presidente\u00a0Javier Milei en la que expres\u00f3 su preocupaci\u00f3n por los efectos del modelo\u2026","rel":"","context":"En \u00abDESTACADAS\u00bb","block_context":{"text":"DESTACADAS","link":"https:\/\/larevistadigital.com.ar\/blog\/category\/destacadas\/"},"img":{"alt_text":"","src":"https:\/\/i0.wp.com\/larevistadigital.com.ar\/blog\/wp-content\/uploads\/Captura-de-pantalla-2025-11-01-224308.jpg?fit=858%2C428&ssl=1&resize=350%2C200","width":350,"height":200,"srcset":"https:\/\/i0.wp.com\/larevistadigital.com.ar\/blog\/wp-content\/uploads\/Captura-de-pantalla-2025-11-01-224308.jpg?fit=858%2C428&ssl=1&resize=350%2C200 1x, https:\/\/i0.wp.com\/larevistadigital.com.ar\/blog\/wp-content\/uploads\/Captura-de-pantalla-2025-11-01-224308.jpg?fit=858%2C428&ssl=1&resize=525%2C300 1.5x, https:\/\/i0.wp.com\/larevistadigital.com.ar\/blog\/wp-content\/uploads\/Captura-de-pantalla-2025-11-01-224308.jpg?fit=858%2C428&ssl=1&resize=700%2C400 2x"},"classes":[]}],"_links":{"self":[{"href":"https:\/\/larevistadigital.com.ar\/blog\/wp-json\/wp\/v2\/posts\/35741","targetHints":{"allow":["GET"]}}],"collection":[{"href":"https:\/\/larevistadigital.com.ar\/blog\/wp-json\/wp\/v2\/posts"}],"about":[{"href":"https:\/\/larevistadigital.com.ar\/blog\/wp-json\/wp\/v2\/types\/post"}],"author":[{"embeddable":true,"href":"https:\/\/larevistadigital.com.ar\/blog\/wp-json\/wp\/v2\/users\/3"}],"replies":[{"embeddable":true,"href":"https:\/\/larevistadigital.com.ar\/blog\/wp-json\/wp\/v2\/comments?post=35741"}],"version-history":[{"count":1,"href":"https:\/\/larevistadigital.com.ar\/blog\/wp-json\/wp\/v2\/posts\/35741\/revisions"}],"predecessor-version":[{"id":35743,"href":"https:\/\/larevistadigital.com.ar\/blog\/wp-json\/wp\/v2\/posts\/35741\/revisions\/35743"}],"wp:featuredmedia":[{"embeddable":true,"href":"https:\/\/larevistadigital.com.ar\/blog\/wp-json\/wp\/v2\/media\/35742"}],"wp:attachment":[{"href":"https:\/\/larevistadigital.com.ar\/blog\/wp-json\/wp\/v2\/media?parent=35741"}],"wp:term":[{"taxonomy":"category","embeddable":true,"href":"https:\/\/larevistadigital.com.ar\/blog\/wp-json\/wp\/v2\/categories?post=35741"},{"taxonomy":"post_tag","embeddable":true,"href":"https:\/\/larevistadigital.com.ar\/blog\/wp-json\/wp\/v2\/tags?post=35741"}],"curies":[{"name":"wp","href":"https:\/\/api.w.org\/{rel}","templated":true}]}}