{"id":35745,"date":"2024-04-03T20:21:13","date_gmt":"2024-04-03T23:21:13","guid":{"rendered":"https:\/\/larevistadigital.com.ar\/blog\/?p=35745"},"modified":"2024-04-03T20:21:13","modified_gmt":"2024-04-03T23:21:13","slug":"jimena-arano-tuvimos-un-fin-de-semana-muy-exitoso","status":"publish","type":"post","link":"https:\/\/larevistadigital.com.ar\/blog\/jimena-arano-tuvimos-un-fin-de-semana-muy-exitoso\/","title":{"rendered":"JIMENA ARANO: TUVIMOS UN FIN DE SEMANA MUY EXITOSO"},"content":{"rendered":"<h2 class=\"notaIntro\"><em>As\u00ed lo defini\u00f3 la subsecretaria de Desarrollo Tur\u00edstico y Productivo Municipal, al ser consultada esta ma\u00f1ana por distintos medios radiales.<\/em><\/h2>\n<p>3 de abril de 2024<\/p>\n<p class=\"notaTexto\"><strong>CHASCOM\u00daS &#8211;\u00a0<\/strong> Este fin de semana largo dej\u00f3 un balance muy positivo para nuestra ciudad, con una gran afluencia de turistas y con datos que dan cuenta de ello: <em><strong>\u201cTuvimos una ocupaci\u00f3n del 98 a 100%. La mayor\u00eda de los visitantes eligi\u00f3 la promoci\u00f3n de 5 noches, aunque los datos finitos los sabremos en las pr\u00f3ximas horas\u201d<\/strong><\/em>, detall\u00f3 la funcionaria.<\/p>\n<p class=\"notaTexto\"><strong><em>\u201cNuestros visitantes estuvieron disfrutando de todas las propuestas que ofreci\u00f3 nuestra ciudad\u201d<\/em><\/strong> mencion\u00f3 <strong>Arano<\/strong>. En lo referente a las visitas guiadas, que estuvieron muy requeridas, se cubrieron los cupos ofrecidos.<\/p>\n<blockquote>\n<h3 class=\"notaTexto\"><strong>A los circuitos que se realizan habitualmente como Casco Hist\u00f3rico, Casa de Casco, City Tour Ra\u00fal Alfons\u00edn, Camino de Santiago, entre otros; el viernes, s\u00e1bado y lunes pasados, se agreg\u00f3 un tour por la laguna, con gran \u00e9xito.<\/strong><\/h3>\n<\/blockquote>\n<p class=\"notaTexto\">Asimismo, <strong>Jimena Arano<\/strong> dijo que: <strong><em>\u201cSabemos, por los datos aportados por los emprendedores, los artesanos, las islas gastron\u00f3micas, que este fin de semana largo hubo mayor consumo, se vendi\u00f3 m\u00e1s que en otros fines de semana, superando las expectativas\u201d.<\/em><\/strong>Y agreg\u00f3: <em><strong>\u00abEn este contexto tan dif\u00edcil para todos, es muy importante que generemos distintos espacios para dinamizar la econom\u00eda local y propuestas para turistas y vecinos<\/strong><\/em>\u00ab.<\/p>\n<blockquote>\n<h3 class=\"notaTexto\">Finalmente, la subsecretaria municipal anticip\u00f3 que: <em>\u201cEstamos promocionando la nueva marca Chascom\u00fas todo el a\u00f1o, para posicionarnos como destino tur\u00edstico.<\/em><\/h3>\n<\/blockquote>\n<p class=\"notaTexto\">Estos datos, fueron reafirmados por el intendente municipal Javier Gast\u00f3n, tambi\u00e9n en entrevistas radiales, al manifestar que \u201cHubo mucha gente, muchas visitas. Lo ve\u00edamos en la ocupaci\u00f3n hotelera y gastron\u00f3mica\u201d.<\/p>\n<p class=\"notaTexto\">Al tiempo que coment\u00f3: <strong><em>\u201cEstuve visitando el centro de Artesanos y Emprendedores y en todos los puestos hac\u00edan referencia a la gran afluencia de turistas. Hab\u00edan trabajado muy bien y fue un gran espaldarazo econ\u00f3mico para poder sostener las actividades de cada uno de los sectores de la econom\u00eda\u201d.<\/em><\/strong><\/p>\n","protected":false},"excerpt":{"rendered":"<div class=\"mh-excerpt\"><p>As\u00ed lo defini\u00f3 la subsecretaria de Desarrollo Tur\u00edstico y Productivo Municipal, al ser consultada esta ma\u00f1ana por distintos medios radiales. 3 de abril de 2024 CHASCOM\u00daS &#8211;\u00a0 Este fin de semana largo dej\u00f3 un balance <a class=\"mh-excerpt-more\" href=\"https:\/\/larevistadigital.com.ar\/blog\/jimena-arano-tuvimos-un-fin-de-semana-muy-exitoso\/\" title=\"JIMENA ARANO: TUVIMOS UN FIN DE SEMANA MUY EXITOSO\">[Leer M\u00e1s]<\/a><\/p>\n<\/div>","protected":false},"author":3,"featured_media":35746,"comment_status":"open","ping_status":"open","sticky":false,"template":"","format":"standard","meta":{"_jetpack_memberships_contains_paid_content":false,"footnotes":"","jetpack_publicize_message":"","jetpack_publicize_feature_enabled":true,"jetpack_social_post_already_shared":true,"jetpack_social_options":{"image_generator_settings":{"template":"highway","default_image_id":0,"font":"","enabled":false},"version":2}},"categories":[1],"tags":[],"class_list":{"0":"post-35745","1":"post","2":"type-post","3":"status-publish","4":"format-standard","5":"has-post-thumbnail","7":"category-sin-categoria"},"jetpack_publicize_connections":[],"jetpack_featured_media_url":"https:\/\/i0.wp.com\/larevistadigital.com.ar\/blog\/wp-content\/uploads\/2024_04_04_01_10_09_2353737.jpg?fit=600%2C400&ssl=1","jetpack_sharing_enabled":true,"jetpack_shortlink":"https:\/\/wp.me\/p8qtrQ-9ix","jetpack-related-posts":[{"id":42608,"url":"https:\/\/larevistadigital.com.ar\/blog\/chascomus-alcanzo-el-100-de-ocupacion-turistica-durante-el-fin-de-semana-largo\/","url_meta":{"origin":35745,"position":0},"title":"Chascom\u00fas alcanz\u00f3 el 100% de ocupaci\u00f3n tur\u00edstica durante el fin de semana largo","author":"Alejandro Sosa Ruda","date":"25 noviembre, 2025","format":false,"excerpt":"La Confederaci\u00f3n Argentina de la Mediana Empresa (CAME) destac\u00f3 que fue el destino con mayor ocupaci\u00f3n de la provincia de Buenos Aires, superando a ciudades de la costa atl\u00e1ntica. 25 de Noviembre de 2025 CHASCOM\u00daS -\u00a0 \u00a0La ocupaci\u00f3n tur\u00edstica fue plena en Chascom\u00fas durante el fin de semana largo de\u2026","rel":"","context":"En \u00abCHASCOM\u00daS\u00bb","block_context":{"text":"CHASCOM\u00daS","link":"https:\/\/larevistadigital.com.ar\/blog\/category\/chascomus\/"},"img":{"alt_text":"","src":"https:\/\/i0.wp.com\/larevistadigital.com.ar\/blog\/wp-content\/uploads\/6925e2c0e924b.png?fit=668%2C445&ssl=1&resize=350%2C200","width":350,"height":200,"srcset":"https:\/\/i0.wp.com\/larevistadigital.com.ar\/blog\/wp-content\/uploads\/6925e2c0e924b.png?fit=668%2C445&ssl=1&resize=350%2C200 1x, https:\/\/i0.wp.com\/larevistadigital.com.ar\/blog\/wp-content\/uploads\/6925e2c0e924b.png?fit=668%2C445&ssl=1&resize=525%2C300 1.5x"},"classes":[]},{"id":39645,"url":"https:\/\/larevistadigital.com.ar\/blog\/chascomus-impresionante-cantidad-de-turistas-el-pasado-fin-de-semana-largo\/","url_meta":{"origin":35745,"position":1},"title":"Chascom\u00fas: \u00a1Impresionante cantidad de turistas el pasado fin de semana largo!","author":"Alejandro Sosa Ruda","date":"5 mayo, 2025","format":false,"excerpt":"El \u00faltimo fin de semana largo se vivi\u00f3 con gran afluencia de visitantes en Chascom\u00fas, registr\u00e1ndose una ocupaci\u00f3n tur\u00edstica que alcanz\u00f3 el 85 % en las plazas habilitadas. 05 de Mayo de 2025 CHASCOM\u00daS -\u00a0 Seg\u00fan los datos ofrecidos por la subsecretar\u00eda de Turismo de la Municipalidad de Chascom\u00fas, los\u2026","rel":"","context":"En \u00abCHASCOM\u00daS\u00bb","block_context":{"text":"CHASCOM\u00daS","link":"https:\/\/larevistadigital.com.ar\/blog\/category\/chascomus\/"},"img":{"alt_text":"","src":"https:\/\/i0.wp.com\/larevistadigital.com.ar\/blog\/wp-content\/uploads\/6818f020cf27b.png?fit=668%2C445&ssl=1&resize=350%2C200","width":350,"height":200,"srcset":"https:\/\/i0.wp.com\/larevistadigital.com.ar\/blog\/wp-content\/uploads\/6818f020cf27b.png?fit=668%2C445&ssl=1&resize=350%2C200 1x, https:\/\/i0.wp.com\/larevistadigital.com.ar\/blog\/wp-content\/uploads\/6818f020cf27b.png?fit=668%2C445&ssl=1&resize=525%2C300 1.5x"},"classes":[]},{"id":44245,"url":"https:\/\/larevistadigital.com.ar\/blog\/turismo-educativo-un-servicio-gratuito-de-acompanamiento-a-los-docentes-y-estudiantes\/","url_meta":{"origin":35745,"position":2},"title":"Turismo Educativo: Un servicio gratuito de acompa\u00f1amiento a los docentes y estudiantes","author":"Alejandro Sosa Ruda","date":"3 marzo, 2026","format":false,"excerpt":"Durante el a\u00f1o 2025, m\u00e1s de 2200 estudiantes participaron de este programa, no s\u00f3lo de nuestra ciudad sino tambi\u00e9n de escuela p\u00fablicas de otras localidades. 03 de Marzo de 2029 CHASCOM\u00daS -\u00a0 \u00a0La propuesta es impulsada por la Municipalidad de Chascom\u00fas y se enmarca en el programa \u201cTurismo Educativo\u201d, que\u2026","rel":"","context":"En \u00abCHASCOM\u00daS\u00bb","block_context":{"text":"CHASCOM\u00daS","link":"https:\/\/larevistadigital.com.ar\/blog\/category\/chascomus\/"},"img":{"alt_text":"","src":"https:\/\/i0.wp.com\/larevistadigital.com.ar\/blog\/wp-content\/uploads\/69a5d26f34e9e.png?fit=668%2C445&ssl=1&resize=350%2C200","width":350,"height":200,"srcset":"https:\/\/i0.wp.com\/larevistadigital.com.ar\/blog\/wp-content\/uploads\/69a5d26f34e9e.png?fit=668%2C445&ssl=1&resize=350%2C200 1x, https:\/\/i0.wp.com\/larevistadigital.com.ar\/blog\/wp-content\/uploads\/69a5d26f34e9e.png?fit=668%2C445&ssl=1&resize=525%2C300 1.5x"},"classes":[]},{"id":37504,"url":"https:\/\/larevistadigital.com.ar\/blog\/100-de-ocupacion-turistica-excelente-fin-de-semana-largo-se-vivio-en-chascomus\/","url_meta":{"origin":35745,"position":3},"title":"100% de ocupaci\u00f3n tur\u00edstica: Excelente fin de semana largo se vivi\u00f3 en Chascom\u00fas","author":"Alejandro Sosa Ruda","date":"14 octubre, 2024","format":false,"excerpt":"Con gran afluencia de turistas, que colmaron las plazas disponibles en nuestra ciudad, Chascom\u00fas vibr\u00f3 al ritmo de una cartelera llena de actividades y espect\u00e1culos. 14 de octubre de 2024 CHASCOM\u00daS -\u00a0 Chascom\u00fas registr\u00f3 una ocupaci\u00f3n hotelera del 100% durante este fin de semana de octubre, lo que genera un\u2026","rel":"","context":"En \u00abDESTACADAS\u00bb","block_context":{"text":"DESTACADAS","link":"https:\/\/larevistadigital.com.ar\/blog\/category\/destacadas\/"},"img":{"alt_text":"","src":"https:\/\/i0.wp.com\/larevistadigital.com.ar\/blog\/wp-content\/uploads\/670d5748b6fca.png?fit=668%2C445&ssl=1&resize=350%2C200","width":350,"height":200,"srcset":"https:\/\/i0.wp.com\/larevistadigital.com.ar\/blog\/wp-content\/uploads\/670d5748b6fca.png?fit=668%2C445&ssl=1&resize=350%2C200 1x, https:\/\/i0.wp.com\/larevistadigital.com.ar\/blog\/wp-content\/uploads\/670d5748b6fca.png?fit=668%2C445&ssl=1&resize=525%2C300 1.5x"},"classes":[]},{"id":40704,"url":"https:\/\/larevistadigital.com.ar\/blog\/chascomus-avanza-en-acuerdos-con-trenes-argentinos\/","url_meta":{"origin":35745,"position":4},"title":"Chascom\u00fas avanza en acuerdos con Trenes Argentinos","author":"Alejandro Sosa Ruda","date":"1 agosto, 2025","format":false,"excerpt":"El gobierno municipal trabaja para incrementar los servicios ferroviarios a la ciudad. 01 de Agosto de 2025 CHASCOM\u00daS -\u00a0 \u00a0Las gestiones fueron realizadas por el secretario de Gobierno, Cipriano P\u00e9rez del Cerro; el subsecretario de Infancias y Juventudes, Lucio Alfons\u00edn, y la subsecretaria de Desarrollo Tur\u00edstico y Productivo, Jimena Arano,\u2026","rel":"","context":"En \u00abCHASCOM\u00daS\u00bb","block_context":{"text":"CHASCOM\u00daS","link":"https:\/\/larevistadigital.com.ar\/blog\/category\/chascomus\/"},"img":{"alt_text":"","src":"https:\/\/i0.wp.com\/larevistadigital.com.ar\/blog\/wp-content\/uploads\/688cf5d45e578.png?fit=668%2C445&ssl=1&resize=350%2C200","width":350,"height":200,"srcset":"https:\/\/i0.wp.com\/larevistadigital.com.ar\/blog\/wp-content\/uploads\/688cf5d45e578.png?fit=668%2C445&ssl=1&resize=350%2C200 1x, https:\/\/i0.wp.com\/larevistadigital.com.ar\/blog\/wp-content\/uploads\/688cf5d45e578.png?fit=668%2C445&ssl=1&resize=525%2C300 1.5x"},"classes":[]},{"id":37858,"url":"https:\/\/larevistadigital.com.ar\/blog\/los-comerciantes-de-la-calle-libres-del-sur-debatieron-los-posibles-beneficios-y-desafios-de-una-peatonal-en-la-zona-comercial-centrica-este-martes-al-mediodia-la-camara-de-comercio-de-chascomus-fue\/","url_meta":{"origin":35745,"position":5},"title":"Los comerciantes de la calle Libres del Sur debatieron los posibles beneficios y desaf\u00edos de una peatonal en la zona comercial","author":"Alejandro Sosa Ruda","date":"12 noviembre, 2024","format":false,"excerpt":"Los comerciantes de la calle Libres del Sur debatieron los posibles beneficios y desaf\u00edos de una peatonal en la zona comercial c\u00e9ntrica. 12 de Noviembre de 2024 CHASCOM\u00daS -\u00a0 Este martes al mediod\u00eda, la C\u00e1mara de Comercio de Chascom\u00fas fue el escenario de una reuni\u00f3n en la que participaron representantes\u2026","rel":"","context":"En \u00abINTERES GENERAL\u00bb","block_context":{"text":"INTERES GENERAL","link":"https:\/\/larevistadigital.com.ar\/blog\/category\/interes-general\/"},"img":{"alt_text":"","src":"https:\/\/i0.wp.com\/larevistadigital.com.ar\/blog\/wp-content\/uploads\/6733b2fbc4242.png?fit=668%2C445&ssl=1&resize=350%2C200","width":350,"height":200,"srcset":"https:\/\/i0.wp.com\/larevistadigital.com.ar\/blog\/wp-content\/uploads\/6733b2fbc4242.png?fit=668%2C445&ssl=1&resize=350%2C200 1x, https:\/\/i0.wp.com\/larevistadigital.com.ar\/blog\/wp-content\/uploads\/6733b2fbc4242.png?fit=668%2C445&ssl=1&resize=525%2C300 1.5x"},"classes":[]}],"_links":{"self":[{"href":"https:\/\/larevistadigital.com.ar\/blog\/wp-json\/wp\/v2\/posts\/35745","targetHints":{"allow":["GET"]}}],"collection":[{"href":"https:\/\/larevistadigital.com.ar\/blog\/wp-json\/wp\/v2\/posts"}],"about":[{"href":"https:\/\/larevistadigital.com.ar\/blog\/wp-json\/wp\/v2\/types\/post"}],"author":[{"embeddable":true,"href":"https:\/\/larevistadigital.com.ar\/blog\/wp-json\/wp\/v2\/users\/3"}],"replies":[{"embeddable":true,"href":"https:\/\/larevistadigital.com.ar\/blog\/wp-json\/wp\/v2\/comments?post=35745"}],"version-history":[{"count":1,"href":"https:\/\/larevistadigital.com.ar\/blog\/wp-json\/wp\/v2\/posts\/35745\/revisions"}],"predecessor-version":[{"id":35747,"href":"https:\/\/larevistadigital.com.ar\/blog\/wp-json\/wp\/v2\/posts\/35745\/revisions\/35747"}],"wp:featuredmedia":[{"embeddable":true,"href":"https:\/\/larevistadigital.com.ar\/blog\/wp-json\/wp\/v2\/media\/35746"}],"wp:attachment":[{"href":"https:\/\/larevistadigital.com.ar\/blog\/wp-json\/wp\/v2\/media?parent=35745"}],"wp:term":[{"taxonomy":"category","embeddable":true,"href":"https:\/\/larevistadigital.com.ar\/blog\/wp-json\/wp\/v2\/categories?post=35745"},{"taxonomy":"post_tag","embeddable":true,"href":"https:\/\/larevistadigital.com.ar\/blog\/wp-json\/wp\/v2\/tags?post=35745"}],"curies":[{"name":"wp","href":"https:\/\/api.w.org\/{rel}","templated":true}]}}