{"id":35811,"date":"2024-04-10T09:42:12","date_gmt":"2024-04-10T12:42:12","guid":{"rendered":"https:\/\/larevistadigital.com.ar\/blog\/?p=35811"},"modified":"2024-04-10T09:42:12","modified_gmt":"2024-04-10T12:42:12","slug":"reforma-laboral-el-gobierno-aceptaria-dar-de-baja-dos-puntos-objetados-por-la-cgt-para-lograr-la-sancion-de-la-ley-bases","status":"publish","type":"post","link":"https:\/\/larevistadigital.com.ar\/blog\/reforma-laboral-el-gobierno-aceptaria-dar-de-baja-dos-puntos-objetados-por-la-cgt-para-lograr-la-sancion-de-la-ley-bases\/","title":{"rendered":"REFORMA LABORAL: EL GOBIERNO ACEPTAR\u00cdA DAR DE BAJA DOS PUNTOS OBJETADOS POR LA CGT PARA LOGRAR LA SANCI\u00d3N DE LA LEY BASES"},"content":{"rendered":"<p>10 de abril de 2024<\/p>\n<p><strong>BUENOS AIRES &#8211;\u00a0<\/strong> El oficialismo apoyar\u00e1 un proyecto de reforma laboral de los diputados de la UCR, que contar\u00e1 con el aval del PRO y de Hacemos Coalici\u00f3n Federal, aunque resignar\u00edan algunos art\u00edculos incluidos en el DNU.<\/p>\n<p>Luego de que <strong>Milei<\/strong> gan\u00f3 el balotaje <strong>Francos<\/strong> les dio garant\u00edas a los l\u00edderes cegetistas de que los cambios laborales no pondr\u00edan en riesgo al poder sindical. Sin embargo, la \u00faltima revisi\u00f3n del DNU 70 estuvo a cargo del asesor gubernamental <strong>Federico Sturzenegger<\/strong>, que endureci\u00f3 su contenido con art\u00edculos que irritaron a los dirigentes gremiales.<\/p>\n<p>Por eso la CGT impugn\u00f3 el DNU ante la Justicia por considerarlo inconstitucional y se abri\u00f3 una etapa de fricciones con el Gobierno. Ahora se reanudaron los contactos libertarios con gremialistas y se podr\u00edan sacar dos puntos conflictivos: Uno es la limitaci\u00f3n de las cuotas solidarias, el recurso m\u00e1s eficaz para el financiamiento de los sindicatos a trav\u00e9s de los descuentos compulsivos de una suma pactada en los convenios colectivos de trabajo, que el Poder Ejecutivo propuso que deb\u00edan contar con el \u201cconsentimiento expl\u00edcito\u201d del trabajador para ser descontada. Otro punto del DNU que critica la CGT es el que diluye la ultraactividad de los convenios colectivos, principio que obliga a mantener su vigencia hasta no negociar uno nuevo, algo que los sindicalistas defienden a rajatabla como una forma de <em><strong>\u201cpreservar los derechos de los trabajadores\u201d<\/strong><\/em> y evitar una <strong><em>\u201cnegociaci\u00f3n a la baja\u201d<\/em><\/strong>.<\/p>\n","protected":false},"excerpt":{"rendered":"<div class=\"mh-excerpt\"><p>10 de abril de 2024 BUENOS AIRES &#8211;\u00a0 El oficialismo apoyar\u00e1 un proyecto de reforma laboral de los diputados de la UCR, que contar\u00e1 con el aval del PRO y de Hacemos Coalici\u00f3n Federal, aunque <a class=\"mh-excerpt-more\" href=\"https:\/\/larevistadigital.com.ar\/blog\/reforma-laboral-el-gobierno-aceptaria-dar-de-baja-dos-puntos-objetados-por-la-cgt-para-lograr-la-sancion-de-la-ley-bases\/\" title=\"REFORMA LABORAL: EL GOBIERNO ACEPTAR\u00cdA DAR DE BAJA DOS PUNTOS OBJETADOS POR LA CGT PARA LOGRAR LA SANCI\u00d3N DE LA LEY BASES\">[Leer M\u00e1s]<\/a><\/p>\n<\/div>","protected":false},"author":3,"featured_media":35812,"comment_status":"open","ping_status":"open","sticky":false,"template":"","format":"standard","meta":{"_jetpack_memberships_contains_paid_content":false,"footnotes":"","jetpack_publicize_message":"","jetpack_publicize_feature_enabled":true,"jetpack_social_post_already_shared":true,"jetpack_social_options":{"image_generator_settings":{"template":"highway","default_image_id":0,"font":"","enabled":false},"version":2}},"categories":[50,12],"tags":[],"class_list":{"0":"post-35811","1":"post","2":"type-post","3":"status-publish","4":"format-standard","5":"has-post-thumbnail","7":"category-interes-general","8":"category-politica"},"jetpack_publicize_connections":[],"jetpack_featured_media_url":"https:\/\/i0.wp.com\/larevistadigital.com.ar\/blog\/wp-content\/uploads\/javier-milei-1693314.jpg?fit=1280%2C720&ssl=1","jetpack_sharing_enabled":true,"jetpack_shortlink":"https:\/\/wp.me\/p8qtrQ-9jB","jetpack-related-posts":[{"id":43669,"url":"https:\/\/larevistadigital.com.ar\/blog\/nace-un-nuevo-espacio-gremial-contra-la-reforma-laboral\/","url_meta":{"origin":35811,"position":0},"title":"Nace un nuevo espacio gremial contra la reforma laboral","author":"Alejandro Sosa Ruda","date":"30 enero, 2026","format":false,"excerpt":"Gremios de la CGT y las CTA lanzaron el FreSU y anunciaron marchas contra la reforma laboral. C\u00f3rdoba, Santa Fe y final en el Congreso. Un nuevo frente sindical tom\u00f3 forma en las \u00faltimas horas con un objetivo claro: enfrentar la reforma laboral impulsada por el gobierno de Javier Milei.\u2026","rel":"","context":"En \u00abGREMIALES\u00bb","block_context":{"text":"GREMIALES","link":"https:\/\/larevistadigital.com.ar\/blog\/category\/gremiales\/"},"img":{"alt_text":"","src":"https:\/\/i0.wp.com\/larevistadigital.com.ar\/blog\/wp-content\/uploads\/Captura-de-pantalla-2026-01-30-015010.jpg?fit=802%2C430&ssl=1&resize=350%2C200","width":350,"height":200,"srcset":"https:\/\/i0.wp.com\/larevistadigital.com.ar\/blog\/wp-content\/uploads\/Captura-de-pantalla-2026-01-30-015010.jpg?fit=802%2C430&ssl=1&resize=350%2C200 1x, https:\/\/i0.wp.com\/larevistadigital.com.ar\/blog\/wp-content\/uploads\/Captura-de-pantalla-2026-01-30-015010.jpg?fit=802%2C430&ssl=1&resize=525%2C300 1.5x, https:\/\/i0.wp.com\/larevistadigital.com.ar\/blog\/wp-content\/uploads\/Captura-de-pantalla-2026-01-30-015010.jpg?fit=802%2C430&ssl=1&resize=700%2C400 2x"},"classes":[]},{"id":43949,"url":"https:\/\/larevistadigital.com.ar\/blog\/reforma-laboral-el-oficialismo-logro-la-media-sancion-en-general-y-abrio-una-nueva-batalla-politica\/","url_meta":{"origin":35811,"position":1},"title":"Reforma laboral: el oficialismo logr\u00f3 la media sanci\u00f3n en general y abri\u00f3 una nueva batalla pol\u00edtica","author":"Alejandro Sosa Ruda","date":"12 febrero, 2026","format":false,"excerpt":"Con 42 votos a favor y 30 en contra, el Gobierno consigui\u00f3 la media sanci\u00f3n en general de la reforma laboral en el Senado. El rechazo reuni\u00f3 28 votos del peronismo y dos de los santacruce\u00f1os Jos\u00e9 Mar\u00eda Carambia y Natalia Gadano. Para asegurar el respaldo mayoritario, Patricia Bullrich acept\u00f3\u2026","rel":"","context":"En \u00abDESTACADAS\u00bb","block_context":{"text":"DESTACADAS","link":"https:\/\/larevistadigital.com.ar\/blog\/category\/destacadas\/"},"img":{"alt_text":"","src":"https:\/\/i0.wp.com\/larevistadigital.com.ar\/blog\/wp-content\/uploads\/Captura-de-pantalla-2026-02-12-105532.jpg?fit=971%2C482&ssl=1&resize=350%2C200","width":350,"height":200,"srcset":"https:\/\/i0.wp.com\/larevistadigital.com.ar\/blog\/wp-content\/uploads\/Captura-de-pantalla-2026-02-12-105532.jpg?fit=971%2C482&ssl=1&resize=350%2C200 1x, https:\/\/i0.wp.com\/larevistadigital.com.ar\/blog\/wp-content\/uploads\/Captura-de-pantalla-2026-02-12-105532.jpg?fit=971%2C482&ssl=1&resize=525%2C300 1.5x, https:\/\/i0.wp.com\/larevistadigital.com.ar\/blog\/wp-content\/uploads\/Captura-de-pantalla-2026-02-12-105532.jpg?fit=971%2C482&ssl=1&resize=700%2C400 2x"},"classes":[]},{"id":44028,"url":"https:\/\/larevistadigital.com.ar\/blog\/reforma-laboral-la-cgt-ahora-evalua-la-posibilidad-de-un-paro-general\/","url_meta":{"origin":35811,"position":2},"title":"Reforma Laboral: la CGT ahora eval\u00faa la posibilidad de un paro general","author":"Alejandro Sosa Ruda","date":"15 febrero, 2026","format":false,"excerpt":"La medida de fuerza ser\u00eda el jueves, si el gobierno acelera y trata ese d\u00eda el proyecto en Diputados. El detonante del endurecimiento de la postura fueron los cambios en el r\u00e9gimen de licencia por enfermedad. 15 de febrero de 2026 Mientras el oficialismo intenta acelerar la votaci\u00f3n del proyecto\u2026","rel":"","context":"En \u00abGREMIALES\u00bb","block_context":{"text":"GREMIALES","link":"https:\/\/larevistadigital.com.ar\/blog\/category\/gremiales\/"},"img":{"alt_text":"","src":"https:\/\/i0.wp.com\/larevistadigital.com.ar\/blog\/wp-content\/uploads\/Captura-de-pantalla-2026-02-15-234131.jpg?fit=628%2C386&ssl=1&resize=350%2C200","width":350,"height":200,"srcset":"https:\/\/i0.wp.com\/larevistadigital.com.ar\/blog\/wp-content\/uploads\/Captura-de-pantalla-2026-02-15-234131.jpg?fit=628%2C386&ssl=1&resize=350%2C200 1x, https:\/\/i0.wp.com\/larevistadigital.com.ar\/blog\/wp-content\/uploads\/Captura-de-pantalla-2026-02-15-234131.jpg?fit=628%2C386&ssl=1&resize=525%2C300 1.5x"},"classes":[]},{"id":43507,"url":"https:\/\/larevistadigital.com.ar\/blog\/alerta-pyme-la-came-teme-mas-conflicto-con-la-reforma-laboral\/","url_meta":{"origin":35811,"position":3},"title":"Alerta pyme: la CAME teme m\u00e1s conflicto con la reforma laboral","author":"Alejandro Sosa Ruda","date":"20 enero, 2026","format":false,"excerpt":"La CAME respald\u00f3 la reforma laboral, pero pidi\u00f3 eliminar art\u00edculos que pueden disparar conflictos y afectar la seguridad jur\u00eddica de las pymes. 20 de enero de 2026 La Confederaci\u00f3n Argentina de la Mediana Empresa (CAME) fij\u00f3 posici\u00f3n frente a la reforma laboral impulsada por el Gobierno y reclam\u00f3 cambios sustanciales\u2026","rel":"","context":"En \u00abINTERES GENERAL\u00bb","block_context":{"text":"INTERES GENERAL","link":"https:\/\/larevistadigital.com.ar\/blog\/category\/interes-general\/"},"img":{"alt_text":"","src":"https:\/\/i0.wp.com\/larevistadigital.com.ar\/blog\/wp-content\/uploads\/Captura-de-pantalla-2026-01-19-111147-1.jpg?fit=766%2C479&ssl=1&resize=350%2C200","width":350,"height":200,"srcset":"https:\/\/i0.wp.com\/larevistadigital.com.ar\/blog\/wp-content\/uploads\/Captura-de-pantalla-2026-01-19-111147-1.jpg?fit=766%2C479&ssl=1&resize=350%2C200 1x, https:\/\/i0.wp.com\/larevistadigital.com.ar\/blog\/wp-content\/uploads\/Captura-de-pantalla-2026-01-19-111147-1.jpg?fit=766%2C479&ssl=1&resize=525%2C300 1.5x, https:\/\/i0.wp.com\/larevistadigital.com.ar\/blog\/wp-content\/uploads\/Captura-de-pantalla-2026-01-19-111147-1.jpg?fit=766%2C479&ssl=1&resize=700%2C400 2x"},"classes":[]},{"id":2947,"url":"https:\/\/larevistadigital.com.ar\/blog\/triaca-insiste-en-que-la-reforma-laboral-sera-por-consenso\/","url_meta":{"origin":35811,"position":4},"title":"Triaca insiste en que la reforma laboral ser\u00e1 \u201cpor consenso\u201d","author":"admin","date":"3 agosto, 2017","format":false,"excerpt":"El ministro de Trabajo, Jorge Triaca, asegur\u00f3 hoy que, en caso de que se impulse una reforma laboral, \u00e9sta se har\u00e1 \u201cpor consenso\u201d y no generar\u00e1 precarizaci\u00f3n en la situaci\u00f3n de los trabajadores. Adem\u00e1s le agradeci\u00f3 la colaboraci\u00f3n a la CGT. \u201cTenemos que descartar que haremos algo que no sea\u2026","rel":"","context":"En \u00abGREMIALES\u00bb","block_context":{"text":"GREMIALES","link":"https:\/\/larevistadigital.com.ar\/blog\/category\/gremiales\/"},"img":{"alt_text":"","src":"https:\/\/i0.wp.com\/larevistadigital.com.ar\/blog\/wp-content\/uploads\/2017\/08\/385554-644x340.jpg?fit=644%2C340&ssl=1&resize=350%2C200","width":350,"height":200,"srcset":"https:\/\/i0.wp.com\/larevistadigital.com.ar\/blog\/wp-content\/uploads\/2017\/08\/385554-644x340.jpg?fit=644%2C340&ssl=1&resize=350%2C200 1x, https:\/\/i0.wp.com\/larevistadigital.com.ar\/blog\/wp-content\/uploads\/2017\/08\/385554-644x340.jpg?fit=644%2C340&ssl=1&resize=525%2C300 1.5x"},"classes":[]},{"id":1289,"url":"https:\/\/larevistadigital.com.ar\/blog\/cta-se-suma-al-paro-de-la-cgt-del-6-de-abril-y-descartaria-el-que-habia-anunciado-para-el-30-de-marzo\/","url_meta":{"origin":35811,"position":5},"title":"CTA SE SUMA AL PARO DE LA CGT DEL 6 DE ABRIL, Y DESCARTAR\u00cdA  EL QUE HAB\u00cdA ANUNCIADO PARA EL 30 DE MARZO","author":"Alejandro Sosa Ruda","date":"17 marzo, 2017","format":false,"excerpt":"Hugo Yasky, secretario general de la CTA, inform\u00f3 que van a sumarse al paro decretado por la CGT para el pr\u00f3ximo 6 de abril, durante el d\u00eda de ayer. Yasky dijo que: \"Esta protesta tiene que ser un plebiscito inapelable y contundente contra la pol\u00edtica de ajuste del Gobierno\" Tambi\u00e9n\u2026","rel":"","context":"En \u00abDESTACADAS\u00bb","block_context":{"text":"DESTACADAS","link":"https:\/\/larevistadigital.com.ar\/blog\/category\/destacadas\/"},"img":{"alt_text":"","src":"https:\/\/i0.wp.com\/larevistadigital.com.ar\/blog\/wp-content\/uploads\/2017\/03\/Micheli-y-Yaski.jpg?fit=1200%2C800&ssl=1&resize=350%2C200","width":350,"height":200,"srcset":"https:\/\/i0.wp.com\/larevistadigital.com.ar\/blog\/wp-content\/uploads\/2017\/03\/Micheli-y-Yaski.jpg?fit=1200%2C800&ssl=1&resize=350%2C200 1x, https:\/\/i0.wp.com\/larevistadigital.com.ar\/blog\/wp-content\/uploads\/2017\/03\/Micheli-y-Yaski.jpg?fit=1200%2C800&ssl=1&resize=525%2C300 1.5x, https:\/\/i0.wp.com\/larevistadigital.com.ar\/blog\/wp-content\/uploads\/2017\/03\/Micheli-y-Yaski.jpg?fit=1200%2C800&ssl=1&resize=700%2C400 2x, https:\/\/i0.wp.com\/larevistadigital.com.ar\/blog\/wp-content\/uploads\/2017\/03\/Micheli-y-Yaski.jpg?fit=1200%2C800&ssl=1&resize=1050%2C600 3x"},"classes":[]}],"_links":{"self":[{"href":"https:\/\/larevistadigital.com.ar\/blog\/wp-json\/wp\/v2\/posts\/35811","targetHints":{"allow":["GET"]}}],"collection":[{"href":"https:\/\/larevistadigital.com.ar\/blog\/wp-json\/wp\/v2\/posts"}],"about":[{"href":"https:\/\/larevistadigital.com.ar\/blog\/wp-json\/wp\/v2\/types\/post"}],"author":[{"embeddable":true,"href":"https:\/\/larevistadigital.com.ar\/blog\/wp-json\/wp\/v2\/users\/3"}],"replies":[{"embeddable":true,"href":"https:\/\/larevistadigital.com.ar\/blog\/wp-json\/wp\/v2\/comments?post=35811"}],"version-history":[{"count":1,"href":"https:\/\/larevistadigital.com.ar\/blog\/wp-json\/wp\/v2\/posts\/35811\/revisions"}],"predecessor-version":[{"id":35813,"href":"https:\/\/larevistadigital.com.ar\/blog\/wp-json\/wp\/v2\/posts\/35811\/revisions\/35813"}],"wp:featuredmedia":[{"embeddable":true,"href":"https:\/\/larevistadigital.com.ar\/blog\/wp-json\/wp\/v2\/media\/35812"}],"wp:attachment":[{"href":"https:\/\/larevistadigital.com.ar\/blog\/wp-json\/wp\/v2\/media?parent=35811"}],"wp:term":[{"taxonomy":"category","embeddable":true,"href":"https:\/\/larevistadigital.com.ar\/blog\/wp-json\/wp\/v2\/categories?post=35811"},{"taxonomy":"post_tag","embeddable":true,"href":"https:\/\/larevistadigital.com.ar\/blog\/wp-json\/wp\/v2\/tags?post=35811"}],"curies":[{"name":"wp","href":"https:\/\/api.w.org\/{rel}","templated":true}]}}