{"id":35815,"date":"2024-04-12T17:48:56","date_gmt":"2024-04-12T20:48:56","guid":{"rendered":"https:\/\/larevistadigital.com.ar\/blog\/?p=35815"},"modified":"2024-04-12T17:48:56","modified_gmt":"2024-04-12T20:48:56","slug":"alerta-por-intensas-lluvias-y-fuertes-tormentas-para-los-proximos-dias","status":"publish","type":"post","link":"https:\/\/larevistadigital.com.ar\/blog\/alerta-por-intensas-lluvias-y-fuertes-tormentas-para-los-proximos-dias\/","title":{"rendered":"ALERTA POR INTENSAS LLUVIAS Y FUERTES TORMENTAS PARA LOS PR\u00d3XIMOS D\u00cdAS"},"content":{"rendered":"<h2 class=\"notaIntro\"><em>Ante esta situaci\u00f3n, desde la Municipalidad de Chascom\u00fas solicitamos a vecinos y vecinas extremar los cuidados y precauciones.<\/em><\/h2>\n<p>12 de abril de 2024<\/p>\n<p class=\"notaTexto\"><strong>CHASCOM\u00daS &#8211;<\/strong>\u00a0 El Servicio Meteorol\u00f3gico Nacional emiti\u00f3 una advertencia por fuertes tormentas originadas por un sistema de baja presi\u00f3n, denominado ciclog\u00e9nesis, que se formar\u00e1 en el centro del pa\u00eds y traer\u00e1 mucha nubosidad, lluvias persistentes y condiciones muy ventosas en gran parte del pa\u00eds.<\/p>\n<blockquote>\n<h3 class=\"notaTexto\">Esta condici\u00f3n se mantendr\u00e1 hasta el martes 16 y, en general, se esperan lluvias acumuladas entre 20 y 50 mm, con picos puntuales que podr\u00edan superar los 100 mm, sumado a r\u00e1fagas de viento de hasta 100 kil\u00f3metros por hora.<\/h3>\n<\/blockquote>\n<p class=\"notaTexto\">Ante este contexto, desde la Municipalidad de Chascom\u00fas recomendamos tomar las siguientes precauciones:<\/p>\n<p><em><strong>&#8211; Mantener zanjas y alcantarillas limpias y despejadas. Limpiar canaletas y desag\u00fces domiciliarios<\/strong><\/em><br \/>\n<em><strong>&#8211; No sacar la basura o elementos que obstruyan la circulaci\u00f3n del agua<\/strong><\/em><br \/>\n<em><strong>&#8211; Sacar de ventanas y balcones objetos que puedan volarse<\/strong><\/em><br \/>\n<em><strong>&#8211; Evitar circular por calles inundadas o afectadas por las tormentas<\/strong><\/em><br \/>\n<em><strong>&#8211; Permanecer en lugares seguros y construcciones cerradas como casas, escuelas o edificios p\u00fablicos y no realizar actividades al aire libre<\/strong><\/em><br \/>\n<em><strong>&#8211; Mantenerse alejado de artefactos el\u00e9ctricos y evitar el uso de tel\u00e9fonos con cable<\/strong><\/em><br \/>\n<em><strong>&#8211; Circular despacio, con luces de posici\u00f3n y cintur\u00f3n<\/strong><\/em><br \/>\n<em><strong>-Mantenerse alejado de los \u00e1rboles y postes<\/strong><\/em><br \/>\n<em><strong>&#8211; Mantener a las mascotas en lugares protegidos<\/strong><\/em><br \/>\n<em><strong>&#8211; Si hay riesgo de que el agua ingrese en la vivienda, cortar el suministro el\u00e9ctrico<\/strong><\/em><\/p>\n<p class=\"notaTexto\">Es importante recordar que la l\u00ednea 103 de la Secretar\u00eda de Seguridad Ciudadana estar\u00e1 disponible durante las 24 horas, al igual que la l\u00ednea 100 del cuartel de Bomberos Voluntarios y el 107 (Emergencias m\u00e9dicas).<\/p>\n","protected":false},"excerpt":{"rendered":"<div class=\"mh-excerpt\"><p>Ante esta situaci\u00f3n, desde la Municipalidad de Chascom\u00fas solicitamos a vecinos y vecinas extremar los cuidados y precauciones. 12 de abril de 2024 CHASCOM\u00daS &#8211;\u00a0 El Servicio Meteorol\u00f3gico Nacional emiti\u00f3 una advertencia por fuertes tormentas <a class=\"mh-excerpt-more\" href=\"https:\/\/larevistadigital.com.ar\/blog\/alerta-por-intensas-lluvias-y-fuertes-tormentas-para-los-proximos-dias\/\" title=\"ALERTA POR INTENSAS LLUVIAS Y FUERTES TORMENTAS PARA LOS PR\u00d3XIMOS D\u00cdAS\">[Leer M\u00e1s]<\/a><\/p>\n<\/div>","protected":false},"author":3,"featured_media":35816,"comment_status":"open","ping_status":"open","sticky":false,"template":"","format":"standard","meta":{"_jetpack_memberships_contains_paid_content":false,"footnotes":"","jetpack_publicize_message":"","jetpack_publicize_feature_enabled":true,"jetpack_social_post_already_shared":true,"jetpack_social_options":{"image_generator_settings":{"template":"highway","default_image_id":0,"font":"","enabled":false},"version":2}},"categories":[41],"tags":[],"class_list":{"0":"post-35815","1":"post","2":"type-post","3":"status-publish","4":"format-standard","5":"has-post-thumbnail","7":"category-destacadas"},"jetpack_publicize_connections":[],"jetpack_featured_media_url":"https:\/\/i0.wp.com\/larevistadigital.com.ar\/blog\/wp-content\/uploads\/2024_04_13_01_32_42_8989745.jpg?fit=600%2C380&ssl=1","jetpack_sharing_enabled":true,"jetpack_shortlink":"https:\/\/wp.me\/p8qtrQ-9jF","jetpack-related-posts":[{"id":8052,"url":"https:\/\/larevistadigital.com.ar\/blog\/chascomus-el-municipio-emite-alerta-por-tormentas-y-posible-granizo\/","url_meta":{"origin":35815,"position":0},"title":"CHASCOM\u00daS: EL MUNICIPIO EMITE ALERTA POR TORMENTAS Y POSIBLE GRANIZO","author":"Alejandro Sosa Ruda","date":"29 enero, 2019","format":false,"excerpt":"Desde el chat de Whatsapp de Prensa, el Municipio emiti\u00f3 una alerta meteorol\u00f3gica por probables tormentas y caida de granizo. Aqu\u00ed el comunicado: #ATENCI\u00d3N ALERTA METEOROL\u00d3GICO POR TORMENTAS, LLUVIAS INTENSAS Y OCASIONAL CA\u00cdDA DE GRANIZO. El Servicio Meteorol\u00f3gico Nacional emiti\u00f3 un ALERTA para nuestra regi\u00f3n por fuertes tormentas y abundantes\u2026","rel":"","context":"En \u00abCHASCOM\u00daS\u00bb","block_context":{"text":"CHASCOM\u00daS","link":"https:\/\/larevistadigital.com.ar\/blog\/category\/chascomus\/"},"img":{"alt_text":"","src":"https:\/\/i0.wp.com\/larevistadigital.com.ar\/blog\/wp-content\/uploads\/2018\/12\/WhatsApp-Image-2018-12-20-at-13.33.20.jpeg?fit=960%2C540&ssl=1&resize=350%2C200","width":350,"height":200,"srcset":"https:\/\/i0.wp.com\/larevistadigital.com.ar\/blog\/wp-content\/uploads\/2018\/12\/WhatsApp-Image-2018-12-20-at-13.33.20.jpeg?fit=960%2C540&ssl=1&resize=350%2C200 1x, https:\/\/i0.wp.com\/larevistadigital.com.ar\/blog\/wp-content\/uploads\/2018\/12\/WhatsApp-Image-2018-12-20-at-13.33.20.jpeg?fit=960%2C540&ssl=1&resize=525%2C300 1.5x, https:\/\/i0.wp.com\/larevistadigital.com.ar\/blog\/wp-content\/uploads\/2018\/12\/WhatsApp-Image-2018-12-20-at-13.33.20.jpeg?fit=960%2C540&ssl=1&resize=700%2C400 2x"},"classes":[]},{"id":44548,"url":"https:\/\/larevistadigital.com.ar\/blog\/chascomus-el-municipio-informo-de-alertas-por-tormentas-fuertes-rafagas-granizo-y-lluvias-intensas\/","url_meta":{"origin":35815,"position":1},"title":"Chascom\u00fas: El municipio inform\u00f3 de alertas por tormentas fuertes, r\u00e1fagas, granizo y lluvias intensas","author":"Alejandro Sosa Ruda","date":"16 marzo, 2026","format":false,"excerpt":"El SMN emiti\u00f3 una alerta amarilla para este martes 17. Se esperan tormentas con fuerte actividad el\u00e9ctrica, r\u00e1fagas de viento y abundante ca\u00edda de agua en cortos per\u00edodos. 17 de marzo de 2026 CHASCOM\u00daS -\u00a0 \u00a0El Servicio Meteorol\u00f3gico Nacional emiti\u00f3 una alerta amarilla por tormentas para Chascom\u00fas y la regi\u00f3n,\u2026","rel":"","context":"En \u00abDESTACADAS\u00bb","block_context":{"text":"DESTACADAS","link":"https:\/\/larevistadigital.com.ar\/blog\/category\/destacadas\/"},"img":{"alt_text":"","src":"https:\/\/i0.wp.com\/larevistadigital.com.ar\/blog\/wp-content\/uploads\/ALERTA-METEOROLOGICO.jpg?fit=1140%2C758&ssl=1&resize=350%2C200","width":350,"height":200,"srcset":"https:\/\/i0.wp.com\/larevistadigital.com.ar\/blog\/wp-content\/uploads\/ALERTA-METEOROLOGICO.jpg?fit=1140%2C758&ssl=1&resize=350%2C200 1x, https:\/\/i0.wp.com\/larevistadigital.com.ar\/blog\/wp-content\/uploads\/ALERTA-METEOROLOGICO.jpg?fit=1140%2C758&ssl=1&resize=525%2C300 1.5x, https:\/\/i0.wp.com\/larevistadigital.com.ar\/blog\/wp-content\/uploads\/ALERTA-METEOROLOGICO.jpg?fit=1140%2C758&ssl=1&resize=700%2C400 2x, https:\/\/i0.wp.com\/larevistadigital.com.ar\/blog\/wp-content\/uploads\/ALERTA-METEOROLOGICO.jpg?fit=1140%2C758&ssl=1&resize=1050%2C600 3x"},"classes":[]},{"id":38088,"url":"https:\/\/larevistadigital.com.ar\/blog\/chascomus-se-hizo-un-operativo-por-las-fuertes-lluvias-afortunadamente-sin-evacuados\/","url_meta":{"origin":35815,"position":2},"title":"Chascom\u00fas: Se hizo un operativo por las fuertes lluvias, afortunadamente sin evacuados.","author":"Alejandro Sosa Ruda","date":"1 diciembre, 2024","format":false,"excerpt":"El Centro de Monitoreo recibi\u00f3 alrededor de 30 llamados de vecinos al 103, por lo que se despleg\u00f3 un operativo desde diferentes \u00e1reas. Las lluvias sumaron alrededor de 62 mm hasta las 14 hs., no registr\u00e1ndose heridos ni evacuaciones. 01 de diciembre de 2024 CHASCOM\u00daS -\u00a0 Ante la alerta amarilla\u2026","rel":"","context":"En \u00abCHASCOM\u00daS\u00bb","block_context":{"text":"CHASCOM\u00daS","link":"https:\/\/larevistadigital.com.ar\/blog\/category\/chascomus\/"},"img":{"alt_text":"","src":"https:\/\/i0.wp.com\/larevistadigital.com.ar\/blog\/wp-content\/uploads\/674cdc36653dc.png?fit=668%2C445&ssl=1&resize=350%2C200","width":350,"height":200,"srcset":"https:\/\/i0.wp.com\/larevistadigital.com.ar\/blog\/wp-content\/uploads\/674cdc36653dc.png?fit=668%2C445&ssl=1&resize=350%2C200 1x, https:\/\/i0.wp.com\/larevistadigital.com.ar\/blog\/wp-content\/uploads\/674cdc36653dc.png?fit=668%2C445&ssl=1&resize=525%2C300 1.5x"},"classes":[]},{"id":7339,"url":"https:\/\/larevistadigital.com.ar\/blog\/chascomus-el-municipio-envio-una-alerta-por-tormentas-y-granizo\/","url_meta":{"origin":35815,"position":3},"title":"CHASCOM\u00daS: EL MUNICIPIO ENVI\u00d3 UNA ALERTA POR TORMENTAS Y GRANIZO","author":"Alejandro Sosa Ruda","date":"20 diciembre, 2018","format":false,"excerpt":"A trav\u00e9s del chat de prensa de Whatsapp la municipalidad de Chascom\u00fas di\u00f3 a conocer y pidi\u00f3 la difusi\u00f3n de un alerta meteorol\u00f3gica para toda la zona con posibles ca\u00eddas ocasionales de granizo. EL TEXTO #AHORA ALERTA METEOROL\u00d3GICO POR LLUVIAS INTENSAS Y OCASIONAL CA\u00cdDA DE GRANIZO El Servicio Meteorol\u00f3gico Nacional\u2026","rel":"","context":"En \u00abCHASCOM\u00daS\u00bb","block_context":{"text":"CHASCOM\u00daS","link":"https:\/\/larevistadigital.com.ar\/blog\/category\/chascomus\/"},"img":{"alt_text":"","src":"https:\/\/i0.wp.com\/larevistadigital.com.ar\/blog\/wp-content\/uploads\/2018\/12\/WhatsApp-Image-2018-12-20-at-13.33.20.jpeg?fit=960%2C540&ssl=1&resize=350%2C200","width":350,"height":200,"srcset":"https:\/\/i0.wp.com\/larevistadigital.com.ar\/blog\/wp-content\/uploads\/2018\/12\/WhatsApp-Image-2018-12-20-at-13.33.20.jpeg?fit=960%2C540&ssl=1&resize=350%2C200 1x, https:\/\/i0.wp.com\/larevistadigital.com.ar\/blog\/wp-content\/uploads\/2018\/12\/WhatsApp-Image-2018-12-20-at-13.33.20.jpeg?fit=960%2C540&ssl=1&resize=525%2C300 1.5x, https:\/\/i0.wp.com\/larevistadigital.com.ar\/blog\/wp-content\/uploads\/2018\/12\/WhatsApp-Image-2018-12-20-at-13.33.20.jpeg?fit=960%2C540&ssl=1&resize=700%2C400 2x"},"classes":[]},{"id":41164,"url":"https:\/\/larevistadigital.com.ar\/blog\/41164-2\/","url_meta":{"origin":35815,"position":4},"title":"SE VIENE \u00abSANTA ROSA\u00bb: ALERTA POR TORMENTASFUERTES","author":"Alejandro Sosa Ruda","date":"30 agosto, 2025","format":false,"excerpt":"Defensa Civil advirti\u00f3 que se esperan lluvias intensas, r\u00e1fagas y acumulaciones que podr\u00edan superar los 70 mil\u00edmetros. 30 de agosto de 2025 CHASCOM\u00daS -\u00a0 La Municipalidad de Chascom\u00fas activ\u00f3 los protocolos de prevenci\u00f3n ante el nuevo temporal pronosticado por el Servicio Meteorol\u00f3gico Nacional (SMN), que prev\u00e9 lluvias intensas, fuertes r\u00e1fagas\u2026","rel":"","context":"En \u00abDESTACADAS\u00bb","block_context":{"text":"DESTACADAS","link":"https:\/\/larevistadigital.com.ar\/blog\/category\/destacadas\/"},"img":{"alt_text":"","src":"https:\/\/i0.wp.com\/larevistadigital.com.ar\/blog\/wp-content\/uploads\/68b1db17a1a1e.png?fit=668%2C445&ssl=1&resize=350%2C200","width":350,"height":200,"srcset":"https:\/\/i0.wp.com\/larevistadigital.com.ar\/blog\/wp-content\/uploads\/68b1db17a1a1e.png?fit=668%2C445&ssl=1&resize=350%2C200 1x, https:\/\/i0.wp.com\/larevistadigital.com.ar\/blog\/wp-content\/uploads\/68b1db17a1a1e.png?fit=668%2C445&ssl=1&resize=525%2C300 1.5x"},"classes":[]},{"id":39200,"url":"https:\/\/larevistadigital.com.ar\/blog\/alertas-por-tormentas-y-vientos-en-toda-la-region-y-gran-parte-del-pais\/","url_meta":{"origin":35815,"position":5},"title":"Alertas por tormentas y vientos en toda la regi\u00f3n y gran parte del pa\u00eds","author":"Alejandro Sosa Ruda","date":"30 marzo, 2025","format":false,"excerpt":"Se recomienda no salir, y tomar precauciones. 30 de Marzo de 2025 BUENOS AIRES -\u00a0 El Servicio Meteorol\u00f3gico Nacional (SMN) ha emitido una alerta amarilla que afecta a varias localidades de la regi\u00f3n, incluyendo Tordillo, Dolores, Castelli, Lezama, Pila y Chascom\u00fas. Se prev\u00e9 la llegada de tormentas de variada intensidad,\u2026","rel":"","context":"En \u00abDESTACADAS\u00bb","block_context":{"text":"DESTACADAS","link":"https:\/\/larevistadigital.com.ar\/blog\/category\/destacadas\/"},"img":{"alt_text":"","src":"https:\/\/i0.wp.com\/larevistadigital.com.ar\/blog\/wp-content\/uploads\/ALERTA-METEOROLOGICO.jpg?fit=1140%2C758&ssl=1&resize=350%2C200","width":350,"height":200,"srcset":"https:\/\/i0.wp.com\/larevistadigital.com.ar\/blog\/wp-content\/uploads\/ALERTA-METEOROLOGICO.jpg?fit=1140%2C758&ssl=1&resize=350%2C200 1x, https:\/\/i0.wp.com\/larevistadigital.com.ar\/blog\/wp-content\/uploads\/ALERTA-METEOROLOGICO.jpg?fit=1140%2C758&ssl=1&resize=525%2C300 1.5x, https:\/\/i0.wp.com\/larevistadigital.com.ar\/blog\/wp-content\/uploads\/ALERTA-METEOROLOGICO.jpg?fit=1140%2C758&ssl=1&resize=700%2C400 2x, https:\/\/i0.wp.com\/larevistadigital.com.ar\/blog\/wp-content\/uploads\/ALERTA-METEOROLOGICO.jpg?fit=1140%2C758&ssl=1&resize=1050%2C600 3x"},"classes":[]}],"_links":{"self":[{"href":"https:\/\/larevistadigital.com.ar\/blog\/wp-json\/wp\/v2\/posts\/35815","targetHints":{"allow":["GET"]}}],"collection":[{"href":"https:\/\/larevistadigital.com.ar\/blog\/wp-json\/wp\/v2\/posts"}],"about":[{"href":"https:\/\/larevistadigital.com.ar\/blog\/wp-json\/wp\/v2\/types\/post"}],"author":[{"embeddable":true,"href":"https:\/\/larevistadigital.com.ar\/blog\/wp-json\/wp\/v2\/users\/3"}],"replies":[{"embeddable":true,"href":"https:\/\/larevistadigital.com.ar\/blog\/wp-json\/wp\/v2\/comments?post=35815"}],"version-history":[{"count":1,"href":"https:\/\/larevistadigital.com.ar\/blog\/wp-json\/wp\/v2\/posts\/35815\/revisions"}],"predecessor-version":[{"id":35817,"href":"https:\/\/larevistadigital.com.ar\/blog\/wp-json\/wp\/v2\/posts\/35815\/revisions\/35817"}],"wp:featuredmedia":[{"embeddable":true,"href":"https:\/\/larevistadigital.com.ar\/blog\/wp-json\/wp\/v2\/media\/35816"}],"wp:attachment":[{"href":"https:\/\/larevistadigital.com.ar\/blog\/wp-json\/wp\/v2\/media?parent=35815"}],"wp:term":[{"taxonomy":"category","embeddable":true,"href":"https:\/\/larevistadigital.com.ar\/blog\/wp-json\/wp\/v2\/categories?post=35815"},{"taxonomy":"post_tag","embeddable":true,"href":"https:\/\/larevistadigital.com.ar\/blog\/wp-json\/wp\/v2\/tags?post=35815"}],"curies":[{"name":"wp","href":"https:\/\/api.w.org\/{rel}","templated":true}]}}