{"id":35820,"date":"2024-04-13T12:38:50","date_gmt":"2024-04-13T15:38:50","guid":{"rendered":"https:\/\/larevistadigital.com.ar\/blog\/?p=35820"},"modified":"2024-04-13T12:38:50","modified_gmt":"2024-04-13T15:38:50","slug":"se-termino-milei-anuncio-su-separacion-de-fatima-flores","status":"publish","type":"post","link":"https:\/\/larevistadigital.com.ar\/blog\/se-termino-milei-anuncio-su-separacion-de-fatima-flores\/","title":{"rendered":"SE TERMINO&#8230; MILEI ANUNCI\u00d3 SU SEPARACI\u00d3N DE F\u00c1TIMA FLORES"},"content":{"rendered":"<div class=\"xdj266r x11i5rnm xat24cr x1mh8g0r x1vvkbs x126k92a\">\n<h2 dir=\"auto\">Lo anunci\u00f3 a trav\u00e9s de su cuenta oficial de X, y lo atribuy\u00f3 a incompatibilidad por los trabajos de cada uno.<\/h2>\n<\/div>\n<div dir=\"auto\">13 de abril de 2024<\/div>\n<div dir=\"auto\"><\/div>\n<div class=\"xdj266r x11i5rnm xat24cr x1mh8g0r x1vvkbs x126k92a\">\n<div dir=\"auto\">El presidente argentino <strong>Javier Milei<\/strong> comunic\u00f3 a trav\u00e9s de su cuenta oficial de X que se separ\u00f3 de su novia, <strong>F\u00e1tima Fl\u00f3rez<\/strong>. <em><strong>\u201cHemos decidido terminar nuestra relaci\u00f3n\u201d<\/strong><\/em>, escribi\u00f3 en un breve posteo, en medio de su gira internacional.<\/div>\n<div dir=\"auto\"><\/div>\n<\/div>\n<div class=\"x11i5rnm xat24cr x1mh8g0r x1vvkbs xtlvy1s x126k92a\">\n<blockquote>\n<h3 dir=\"auto\">El jefe de Estado, que hab\u00eda iniciado su relaci\u00f3n con la actriz a mediados de 2023, detall\u00f3 que el principal problema para continuar con el v\u00ednculo son los trabajos que ambos ejercen: \u00e9l como Presidente y ella como artista.<\/h3>\n<\/blockquote>\n<div dir=\"auto\"><em><strong>\u201cComo resultado del arrollador \u00e9xito profesional que est\u00e1 viviendo F\u00e1tima, de quien me siento sumamente orgulloso, ha recibido numerosas propuestas laborales para trabajar tanto en Estados Unidos como en Europa. Esto, sumado a la compleja tarea que hoy enfrento y que los argentinos me han encomendado, nos ha llevado a vivir separados, imposibilitando la relaci\u00f3n de pareja que nos gustar\u00eda tener, pese a cu\u00e1nto nos queremos\u201d<\/strong><\/em>, escribi\u00f3.<\/div>\n<div dir=\"auto\"><\/div>\n<\/div>\n<div class=\"x11i5rnm xat24cr x1mh8g0r x1vvkbs xtlvy1s x126k92a\">\n<div dir=\"auto\">En ese sentido, continu\u00f3: <strong><em>\u201cPor eso es que decidimos terminar nuestra relaci\u00f3n y mantener un v\u00ednculo de amistad dado lo que sentimos el uno por el otro y cuanto nos queremos, nos respetamos y admiramos mutuamente\u201d.<\/em><\/strong><\/div>\n<\/div>\n","protected":false},"excerpt":{"rendered":"<div class=\"mh-excerpt\"><p>Lo anunci\u00f3 a trav\u00e9s de su cuenta oficial de X, y lo atribuy\u00f3 a incompatibilidad por los trabajos de cada uno. 13 de abril de 2024 El presidente argentino Javier Milei comunic\u00f3 a trav\u00e9s de <a class=\"mh-excerpt-more\" href=\"https:\/\/larevistadigital.com.ar\/blog\/se-termino-milei-anuncio-su-separacion-de-fatima-flores\/\" title=\"SE TERMINO&#8230; MILEI ANUNCI\u00d3 SU SEPARACI\u00d3N DE F\u00c1TIMA FLORES\">[Leer M\u00e1s]<\/a><\/p>\n<\/div>","protected":false},"author":3,"featured_media":35821,"comment_status":"open","ping_status":"open","sticky":false,"template":"","format":"standard","meta":{"_jetpack_memberships_contains_paid_content":false,"footnotes":"","jetpack_publicize_message":"","jetpack_publicize_feature_enabled":true,"jetpack_social_post_already_shared":true,"jetpack_social_options":{"image_generator_settings":{"template":"highway","default_image_id":0,"font":"","enabled":false},"version":2}},"categories":[50],"tags":[],"class_list":{"0":"post-35820","1":"post","2":"type-post","3":"status-publish","4":"format-standard","5":"has-post-thumbnail","7":"category-interes-general"},"jetpack_publicize_connections":[],"jetpack_featured_media_url":"https:\/\/i0.wp.com\/larevistadigital.com.ar\/blog\/wp-content\/uploads\/mileijavierflorezfatima2024-5.jpg?fit=1600%2C900&ssl=1","jetpack_sharing_enabled":true,"jetpack_shortlink":"https:\/\/wp.me\/p8qtrQ-9jK","jetpack-related-posts":[{"id":35912,"url":"https:\/\/larevistadigital.com.ar\/blog\/cristina-anuncio-que-dara-una-charla-para-analizar-el-anarco-capitalismo\/","url_meta":{"origin":35820,"position":0},"title":"CRISTINA ANUNCI\u00d3 QUE DAR\u00c1 UNA CHARLA PARA ANALIZAR EL \u00abANARCO CAPITALISMO\u00bb","author":"Alejandro Sosa Ruda","date":"25 abril, 2024","format":false,"excerpt":"La ex vicepresidenta, se har\u00e1 presente en la inauguraci\u00f3n del microestadio N\u00e9stor Kirchner en Quilmes. 25 de abril de 2024 BUENOS AIRES -\u00a0 Cristina Fern\u00e1ndez de Kirchner acapar\u00f3 la atenci\u00f3n durante toda la jornada de manifestaci\u00f3n en repudio al desfinanciamiento del gobierno de Javier Milei hacia las universidades p\u00fablicas. Su\u2026","rel":"","context":"En \u00abDESTACADAS\u00bb","block_context":{"text":"DESTACADAS","link":"https:\/\/larevistadigital.com.ar\/blog\/category\/destacadas\/"},"img":{"alt_text":"","src":"https:\/\/i0.wp.com\/larevistadigital.com.ar\/blog\/wp-content\/uploads\/Captura-de-pantalla-2024-04-25-084816.png?fit=909%2C491&ssl=1&resize=350%2C200","width":350,"height":200,"srcset":"https:\/\/i0.wp.com\/larevistadigital.com.ar\/blog\/wp-content\/uploads\/Captura-de-pantalla-2024-04-25-084816.png?fit=909%2C491&ssl=1&resize=350%2C200 1x, https:\/\/i0.wp.com\/larevistadigital.com.ar\/blog\/wp-content\/uploads\/Captura-de-pantalla-2024-04-25-084816.png?fit=909%2C491&ssl=1&resize=525%2C300 1.5x, https:\/\/i0.wp.com\/larevistadigital.com.ar\/blog\/wp-content\/uploads\/Captura-de-pantalla-2024-04-25-084816.png?fit=909%2C491&ssl=1&resize=700%2C400 2x"},"classes":[]},{"id":42365,"url":"https:\/\/larevistadigital.com.ar\/blog\/diego-barreto-el-milei-rural-que-conquista-tiktok\/","url_meta":{"origin":35820,"position":1},"title":"Diego Barreto: el \u201cMilei rural\u201d que conquista TikTok","author":"Alejandro Sosa Ruda","date":"2 noviembre, 2025","format":false,"excerpt":"Diego Barreto, un joven de Gualeguay que comparte su vida rural en TikTok, se volvi\u00f3 viral por su asombroso parecido f\u00edsico con el presidente Javier Milei. Los usuarios no paran de comentar y bromear sobre su gesto, sonrisa y hasta el peinado. 02 de Noviembre de 2025 En tiempos donde\u2026","rel":"","context":"En \u00abCURIOSAS\u00bb","block_context":{"text":"CURIOSAS","link":"https:\/\/larevistadigital.com.ar\/blog\/category\/curiosas\/"},"img":{"alt_text":"","src":"https:\/\/i0.wp.com\/larevistadigital.com.ar\/blog\/wp-content\/uploads\/clon-de-milei.jpg?fit=516%2C500&ssl=1&resize=350%2C200","width":350,"height":200},"classes":[]},{"id":36200,"url":"https:\/\/larevistadigital.com.ar\/blog\/bukele-estuvo-con-milei-luego-de-su-asuncion-presidencial-en-ecuador\/","url_meta":{"origin":35820,"position":2},"title":"BUKELE ESTUVO CON MILEI, LUEGO DE SU ASUNCI\u00d3N PRESIDENCIAL EN ECUADOR","author":"Alejandro Sosa Ruda","date":"2 junio, 2024","format":false,"excerpt":"SAN SALVADOR, \u2013 El presidente de El Salvador, Nayib Bukele, se reuni\u00f3 con su hom\u00f3logo argentino, Javier Milei, tras la ceremonia de investidura para su segundo mandato consecutivo de cinco a\u00f1os (2024-2029). La Casa Presidencial salvadore\u00f1a inform\u00f3 sobre el encuentro y comparti\u00f3 en X un corto video en el que\u2026","rel":"","context":"En \u00abPOLITICA\u00bb","block_context":{"text":"POLITICA","link":"https:\/\/larevistadigital.com.ar\/blog\/category\/politica\/"},"img":{"alt_text":"","src":"https:\/\/i0.wp.com\/larevistadigital.com.ar\/blog\/wp-content\/uploads\/Captura-de-pantalla-2024-06-02-194902.png?fit=795%2C487&ssl=1&resize=350%2C200","width":350,"height":200,"srcset":"https:\/\/i0.wp.com\/larevistadigital.com.ar\/blog\/wp-content\/uploads\/Captura-de-pantalla-2024-06-02-194902.png?fit=795%2C487&ssl=1&resize=350%2C200 1x, https:\/\/i0.wp.com\/larevistadigital.com.ar\/blog\/wp-content\/uploads\/Captura-de-pantalla-2024-06-02-194902.png?fit=795%2C487&ssl=1&resize=525%2C300 1.5x, https:\/\/i0.wp.com\/larevistadigital.com.ar\/blog\/wp-content\/uploads\/Captura-de-pantalla-2024-06-02-194902.png?fit=795%2C487&ssl=1&resize=700%2C400 2x"},"classes":[]},{"id":34905,"url":"https:\/\/larevistadigital.com.ar\/blog\/chascomus-el-pj-local-conducido-por-alfreddo-machin-emitio-un-comunicado-repudiando-las-medidas-del-gobierno-de-milei\/","url_meta":{"origin":35820,"position":3},"title":"CHASCOM\u00daS: EL PJ LOCAL, CONDUCIDO POR ALFREDDO MACH\u00cdN, EMITI\u00d3 UN COMUNICADO REPUDIANDO LAS MEDIDAS DEL GOBIERNO DE MILEI","author":"Alejandro Sosa Ruda","date":"22 diciembre, 2023","format":false,"excerpt":"Lo hizo el d\u00eda de ayer, a trav\u00e9s de su cuenta de Facebook. El diputado (m\/c) Jos\u00e9 Ignacio Cote Rossi, hizo lo propio en su cuenta de la red social. 22 de diciembre de 2023 CHASCOM\u00daS\u00a0 -\u00a0\u00a0El Partido Justicialista de Chascom\u00fas, presidido por el dirigente Alfredo Machin, hizo llegar un\u2026","rel":"","context":"En \u00abDESTACADAS\u00bb","block_context":{"text":"DESTACADAS","link":"https:\/\/larevistadigital.com.ar\/blog\/category\/destacadas\/"},"img":{"alt_text":"","src":"https:\/\/i0.wp.com\/larevistadigital.com.ar\/blog\/wp-content\/uploads\/COMUNICADO-PJ-scaled.jpg?fit=1200%2C606&ssl=1&resize=350%2C200","width":350,"height":200,"srcset":"https:\/\/i0.wp.com\/larevistadigital.com.ar\/blog\/wp-content\/uploads\/COMUNICADO-PJ-scaled.jpg?fit=1200%2C606&ssl=1&resize=350%2C200 1x, https:\/\/i0.wp.com\/larevistadigital.com.ar\/blog\/wp-content\/uploads\/COMUNICADO-PJ-scaled.jpg?fit=1200%2C606&ssl=1&resize=525%2C300 1.5x, https:\/\/i0.wp.com\/larevistadigital.com.ar\/blog\/wp-content\/uploads\/COMUNICADO-PJ-scaled.jpg?fit=1200%2C606&ssl=1&resize=700%2C400 2x, https:\/\/i0.wp.com\/larevistadigital.com.ar\/blog\/wp-content\/uploads\/COMUNICADO-PJ-scaled.jpg?fit=1200%2C606&ssl=1&resize=1050%2C600 3x"},"classes":[]},{"id":34739,"url":"https:\/\/larevistadigital.com.ar\/blog\/luis-petri-sera-el-ministro-de-defensa-del-gobierno-de-milei\/","url_meta":{"origin":35820,"position":4},"title":"LUIS PETRI SER\u00c1 EL MINISTRO DE DEFENSA DEL GOBIERNO DE MILEI","author":"Alejandro Sosa Ruda","date":"4 diciembre, 2023","format":false,"excerpt":"El presidente electo confirm\u00f3 que el dirigente radical estar\u00e1 al frente de la cartera que hoy conduce Jorge Taiana. \u201cLa f\u00f3rmula completa de Juntos por el Cambio ha quedado integrada al gobierno\u201d, inform\u00f3 la oficina del presidente electo. 4 de Diciembre de 2023 La f\u00f3rmula presidencial de Juntos por el\u2026","rel":"","context":"En \u00abINTERES GENERAL\u00bb","block_context":{"text":"INTERES GENERAL","link":"https:\/\/larevistadigital.com.ar\/blog\/category\/interes-general\/"},"img":{"alt_text":"","src":"https:\/\/i0.wp.com\/larevistadigital.com.ar\/blog\/wp-content\/uploads\/Captura-de-pantalla-2023-12-04-170029.png?fit=800%2C511&ssl=1&resize=350%2C200","width":350,"height":200,"srcset":"https:\/\/i0.wp.com\/larevistadigital.com.ar\/blog\/wp-content\/uploads\/Captura-de-pantalla-2023-12-04-170029.png?fit=800%2C511&ssl=1&resize=350%2C200 1x, https:\/\/i0.wp.com\/larevistadigital.com.ar\/blog\/wp-content\/uploads\/Captura-de-pantalla-2023-12-04-170029.png?fit=800%2C511&ssl=1&resize=525%2C300 1.5x, https:\/\/i0.wp.com\/larevistadigital.com.ar\/blog\/wp-content\/uploads\/Captura-de-pantalla-2023-12-04-170029.png?fit=800%2C511&ssl=1&resize=700%2C400 2x"},"classes":[]},{"id":37721,"url":"https:\/\/larevistadigital.com.ar\/blog\/responsabilizan-a-milei-por-detener-las-obras-en-un-cruce-peligroso\/","url_meta":{"origin":35820,"position":5},"title":"Responsabilizan a Milei por detener las obras en un cruce peligroso","author":"Alejandro Sosa Ruda","date":"5 noviembre, 2024","format":false,"excerpt":"El choque entre una combi que trasladaba polic\u00edas hacia San Nicol\u00e1s y un cami\u00f3n cisterna result\u00f3 en la muerte de cuatro efectivos y dej\u00f3 19 heridos. El intendente de Carmen de Areco, Iv\u00e1n Villagr\u00e1n, culp\u00f3 al presidente Javier Milei, \u201cpor detener las obras en un cruce peligroso, como el de\u2026","rel":"","context":"En \u00abPOLICIALES\u00bb","block_context":{"text":"POLICIALES","link":"https:\/\/larevistadigital.com.ar\/blog\/category\/policiales\/"},"img":{"alt_text":"","src":"https:\/\/i0.wp.com\/larevistadigital.com.ar\/blog\/wp-content\/uploads\/20241104155730_accidente-carmen-de-areco-intendente-ivan-villagran-milei.jpg?fit=880%2C512&ssl=1&resize=350%2C200","width":350,"height":200,"srcset":"https:\/\/i0.wp.com\/larevistadigital.com.ar\/blog\/wp-content\/uploads\/20241104155730_accidente-carmen-de-areco-intendente-ivan-villagran-milei.jpg?fit=880%2C512&ssl=1&resize=350%2C200 1x, https:\/\/i0.wp.com\/larevistadigital.com.ar\/blog\/wp-content\/uploads\/20241104155730_accidente-carmen-de-areco-intendente-ivan-villagran-milei.jpg?fit=880%2C512&ssl=1&resize=525%2C300 1.5x, https:\/\/i0.wp.com\/larevistadigital.com.ar\/blog\/wp-content\/uploads\/20241104155730_accidente-carmen-de-areco-intendente-ivan-villagran-milei.jpg?fit=880%2C512&ssl=1&resize=700%2C400 2x"},"classes":[]}],"_links":{"self":[{"href":"https:\/\/larevistadigital.com.ar\/blog\/wp-json\/wp\/v2\/posts\/35820","targetHints":{"allow":["GET"]}}],"collection":[{"href":"https:\/\/larevistadigital.com.ar\/blog\/wp-json\/wp\/v2\/posts"}],"about":[{"href":"https:\/\/larevistadigital.com.ar\/blog\/wp-json\/wp\/v2\/types\/post"}],"author":[{"embeddable":true,"href":"https:\/\/larevistadigital.com.ar\/blog\/wp-json\/wp\/v2\/users\/3"}],"replies":[{"embeddable":true,"href":"https:\/\/larevistadigital.com.ar\/blog\/wp-json\/wp\/v2\/comments?post=35820"}],"version-history":[{"count":1,"href":"https:\/\/larevistadigital.com.ar\/blog\/wp-json\/wp\/v2\/posts\/35820\/revisions"}],"predecessor-version":[{"id":35822,"href":"https:\/\/larevistadigital.com.ar\/blog\/wp-json\/wp\/v2\/posts\/35820\/revisions\/35822"}],"wp:featuredmedia":[{"embeddable":true,"href":"https:\/\/larevistadigital.com.ar\/blog\/wp-json\/wp\/v2\/media\/35821"}],"wp:attachment":[{"href":"https:\/\/larevistadigital.com.ar\/blog\/wp-json\/wp\/v2\/media?parent=35820"}],"wp:term":[{"taxonomy":"category","embeddable":true,"href":"https:\/\/larevistadigital.com.ar\/blog\/wp-json\/wp\/v2\/categories?post=35820"},{"taxonomy":"post_tag","embeddable":true,"href":"https:\/\/larevistadigital.com.ar\/blog\/wp-json\/wp\/v2\/tags?post=35820"}],"curies":[{"name":"wp","href":"https:\/\/api.w.org\/{rel}","templated":true}]}}